{"id":5032,"date":"2020-03-15T07:38:14","date_gmt":"2020-03-15T10:38:14","guid":{"rendered":"http:\/\/verdadeon.com.br\/portal\/?p=5032"},"modified":"2020-03-15T07:38:14","modified_gmt":"2020-03-15T10:38:14","slug":"nossa-pasta-tem-58-servicos-sob-sua-responsabilidade","status":"publish","type":"post","link":"https:\/\/verdadeon.com.br\/portal\/2020\/03\/15\/nossa-pasta-tem-58-servicos-sob-sua-responsabilidade\/","title":{"rendered":"Nossa pasta tem 58 servi\u00e7os sob sua responsabilidade"},"content":{"rendered":"<p>Reportagem Fernando de Paula<\/p>\n<p>O Jornal Verdade bate-papo neste domingo (15), com o secret\u00e1rio de Servi\u00e7os e Meio Ambiente da Prefeitura de Franca, Adriano Rodrigues Moreira Tosta. Aos 44 anos, o secret\u00e1rio \u00e9 casado com Sheila Moro.<br \/>\nNa entrevista ele conta quais s\u00e3o os maiores desafios de chefiar uma pasta que tem sob a sua responsabilidade mais de 50 servi\u00e7os que variam desde a ilumina\u00e7\u00e3o p\u00fablica, at\u00e9 cuidados com os dois cemit\u00e9rios p\u00fablicos de Franca, o Santo Agostinho e o da Saudade.<br \/>\nO secret\u00e1rio revelou ainda como foi o seu caminho at\u00e9 a chegada ao cargo que ocupa hoje, al\u00e9m de projetos que eles pensam para a cidade nos pr\u00f3ximos meses.<br \/>\nDurante a conversa, Adriano disse que s\u00f3 consegue vencer todo o trabalho e cobran\u00e7a da pasta, com muito amor ao que faz e com uma equipe dedicada que enfrenta todos os dias a responsabilidade de conduzir os servi\u00e7os que s\u00e3o prestados em Franca.<\/p>\n<p>J.V.- Como e quando voc\u00ea entrou na Secretaria de Servi\u00e7os e Meio Ambiente?<\/p>\n<p>A.T.- Eu comecei na Prefeitura em 2017, trabalhando na \u00e1rea da sa\u00fade como advogado nas a\u00e7\u00f5es judiciais. Eu fiz um bom trabalho na parte de entrega de rem\u00e9dios e tive uma boa rela\u00e7\u00e3o com o Estado, a gente conseguiu melhorar o atendimento. Ali a gente quase zerou a parte de atendimento e entrega de fraldas e rem\u00e9dios. Tendo em vista o meu gosto pela parte de constru\u00e7\u00e3o, eu acabei sendo convidado pelo prefeito Gilson de Souza para ir at\u00e9 a Secretaria de Servi\u00e7o, onde comecei como gerente de servi\u00e7os. Eu fui melhorando o meu trabalho, passei a ser coordenador por um tempo, at\u00e9 chegar ao convite m\u00e1ximo do prefeito que foi ser secret\u00e1rio de Servi\u00e7o e Meio Ambiente. Foi um desafio muito grande, tendo em vista a responsabilidade enorme que \u00e9 uma pasta, que cuida de toda a cidade. N\u00f3s somos respons\u00e1veis pelas bocas de lobo; ilumina\u00e7\u00e3o; coleta de lixo; campos de futebol; galerias de \u00e1guas pluviais; ro\u00e7ada; lavagem de feira; estradas municipais; controle da frota do munic\u00edpio e abastecimento; temos tamb\u00e9m o cuidado de guias e reparos; compra de materiais; coleta seletiva; plantio de \u00e1rvores; os dois cemit\u00e9rios; o Jardins Zoobot\u00e2nico e mais servi\u00e7os. S\u00e3o mais de 58 servi\u00e7os sob minha responsabilidade.<\/p>\n<p>JV- Como \u00e9 o seu trabalho no dia a dia?<\/p>\n<p>A.T. \u00c9 um trabalho bem \u00e1rduo. Eu tenho uma equipe muito boa, tive baixas com a dispensa de alguns comissionados que eram importantes e que trabalhavam muito. Agora n\u00f3s estamos nos desdobrando para tentar manter a qualidade da mesma forma que a gente mantinha. \u00c9 uma equipe que eu confio e que sem eles a gente n\u00e3o conseguiria fazer esse trabalho t\u00e3o bem feito que n\u00f3s fazemos, esse \u00e9 um dos meus maiores agradecimentos. Eu n\u00e3o me trato como secret\u00e1rio, somos todos iguais, somos uma fam\u00edlia ali dentro que luta pelos mesmos objetivos. N\u00f3s trabalhamos pensando no cidad\u00e3o, olhando as dificuldades das outras pessoas e imaginando como se estiv\u00e9ssemos do outro lado. Meu hor\u00e1rio de trabalho geralmente \u00e9 at\u00e9 \u00e0s 16h, mas a gente n\u00e3o consegue sair antes das 18h30, \u00e9 um trabalho que consome muito. Sempre fazemos reuni\u00f5es aos finais de tarde tra\u00e7ando os objetivos a serem cumpridos. N\u00f3s temos o grupo de WhatsApp, ent\u00e3o todo trabalho que n\u00f3s fazemos \u00e9 fotografado, relacionado e todos os desafios que precisamos de cumprir. Todos cumprem um papel muito importante, desde o pessoal que est\u00e1 na rua, o pessoal do escrit\u00f3rio, o pessoal de compras, o pessoal de trabalho de campo, o administrativo, todos fazem um conjunto para a m\u00e1quina rodar. \u00c9 muita responsabilidade, ent\u00e3o voc\u00ea tem que ter um amor pelo que voc\u00ea faz n\u00e9?<\/p>\n<p>J.V.- Como \u00e9 a cobran\u00e7a na pasta?<\/p>\n<p>A.T.- A cidade de Franca hoje j\u00e1 tem um porte de quase uma mini capital, apesar de ser uma cidade considerada de porte interiorana, n\u00f3s j\u00e1 temos objetivos maiores. Realmente a gente tem uma cobran\u00e7a maior, o meu telefone \u00e9 p\u00fablico, ent\u00e3o desde \u00e0s seis horas da manh\u00e3 at\u00e9 a meia noite a gente acaba recebendo mensagens de WhatsApp, Facebook, pessoas pedindo as coisas. N\u00f3s publicamos o nosso trabalho no Facebook, para a pessoa que est\u00e1 do outro lado da cidade saber que a Prefeitura Municipal de Franca trabalha muito. Temos um trabalho muito, muito \u00e1rduo mesmo, de muita responsabilidade, ent\u00e3o n\u00f3s precisamos de melhorar cada dia mais, ajustar os detalhes para tentarmos cada dia melhorar o que oferecemos. Cada dia temos um objetivo diferente e sempre buscamos fazer com que o trabalho seja melhor ainda.<\/p>\n<p>J.V.- Como foi enfrentar aquela enchente que causou muita destrui\u00e7\u00e3o na cidade em fevereiro de 2019?<\/p>\n<p>A.T.- Fomos pegos de surpresa, apesar de n\u00f3s fazermos um trabalho no per\u00edodo de seca, como limpeza de boca de lobo, de conserva\u00e7\u00e3o do c\u00f3rrego, de procurar rachaduras, fizemos todo um trabalho de preven\u00e7\u00e3o. Em rela\u00e7\u00e3o aos c\u00f3rregos, n\u00f3s temos o povoamento e a retirada de todo os pisos drenantes que a gente tinha antigamente. Em todas as avenidas voc\u00ea n\u00e3o consegue mais ter nenhuma parte que seja de terra, ou seja, de piso drenante, de pedras ou alguma coisa para absorver a \u00e1gua. Franca \u00e9 a cidade das tr\u00eas colinas e toda a \u00e1gua acaba seguindo para os dois principais c\u00f3rregos. Existem tamb\u00e9m alguns detalhes de estrutura, tipo algumas pontes que estrangulam um pouco a passagem da \u00e1gua, isso dificulta o escoamento r\u00e1pido, s\u00e3o coisas a se pensar. Em mais alguns anos Franca vai crescer ainda mais. \u00c9 preciso ter alguma melhoria, ou o alargamento e afundamento do c\u00f3rrego que seria uma das prioridades a serem feitas, para tentar minimizar essa situa\u00e7\u00e3o e n\u00e3o termos nenhum tipo de problemas de baixas, como a gente teve uma morte aquela vez. O acidente com a v\u00edtima n\u00e3o foi perto do c\u00f3rrego, foi pr\u00f3ximo da avenida Presidente Vargas, ou seja, em um local alto. Isso quer dizer que temos que ter um cuidado maior nesse escoamento r\u00e1pido dessa \u00e1gua para que n\u00e3o tenhamos mais casos como esse.<\/p>\n<p>J.V.- Qual mensagem deixa para a popula\u00e7\u00e3o de Franca?<\/p>\n<p>A.T.- Eu agrade\u00e7o primeiramente ao prefeito Gilson de Souza, porque foi ele que viu um potencial na minha pessoa. Ele me deu uma responsabilidade muito grande e gra\u00e7as a Deus eu s\u00f3 recebo elogios em grupos de WhatsApp, em Facebook e em locais que a gente visita. Essas mensagens s\u00e3o de apoio, parabenizando o nosso trabalho, mas como eu disse tudo isso \u00e9 devido a minha equipe. A gente tem mais objetivos para cumprir, muitos projetos que n\u00f3s quer\u00edamos ter feito, tanto na \u00e1rea ambiental quanto na \u00e1rea de obras. Ent\u00e3o eu espero continuar esse projeto, trabalhar todos os dias para demonstrar que realmente temos o objetivo de manter e continuar recebendo esse carinho, \u00e9 muito gratificante as pessoas reconhecerem o tanto que voc\u00ea se doa. Por isso a gente acaba deixando as vezes os amigos de lado, as reuni\u00f5es de lado, as vezes at\u00e9 a fam\u00edlia fica um pouco comprometida, porque a gente tem que se doar muito, mas muito mesmo para poder manter a cidade sempre muito bem cuidada.<\/p>\n","protected":false},"excerpt":{"rendered":"<p>Reportagem Fernando de Paula O Jornal Verdade bate-papo neste domingo (15), com o secret\u00e1rio de Servi\u00e7os e Meio Ambiente da Prefeitura de Franca, Adriano Rodrigues Moreira<span class=\"excerpt-hellip\"> [\u2026]<\/span><\/p>\n","protected":false},"author":10,"featured_media":5038,"comment_status":"open","ping_status":"open","sticky":false,"template":"","format":"standard","meta":{"_jetpack_memberships_contains_paid_content":false,"footnotes":"","jetpack_publicize_message":"","jetpack_publicize_feature_enabled":true,"jetpack_social_post_already_shared":false,"jetpack_social_options":{"image_generator_settings":{"template":"highway","default_image_id":0,"enabled":false},"version":2}},"categories":[28,44],"tags":[],"class_list":["post-5032","post","type-post","status-publish","format-standard","has-post-thumbnail","hentry","category-cotidiano","category-noticias"],"yoast_head":"<!-- This site is optimized with the Yoast SEO plugin v25.6 - https:\/\/yoast.com\/wordpress\/plugins\/seo\/ -->\n<title>Nossa pasta tem 58 servi\u00e7os sob sua responsabilidade - VerdadeOn<\/title>\n<meta name=\"robots\" content=\"index, follow, max-snippet:-1, max-image-preview:large, max-video-preview:-1\" \/>\n<link rel=\"canonical\" href=\"https:\/\/verdadeon.com.br\/portal\/2020\/03\/15\/nossa-pasta-tem-58-servicos-sob-sua-responsabilidade\/\" \/>\n<meta property=\"og:locale\" content=\"pt_BR\" \/>\n<meta property=\"og:type\" content=\"article\" \/>\n<meta property=\"og:title\" content=\"Nossa pasta tem 58 servi\u00e7os sob sua responsabilidade - VerdadeOn\" \/>\n<meta property=\"og:description\" content=\"Reportagem Fernando de Paula O Jornal Verdade bate-papo neste domingo (15), com o secret\u00e1rio de Servi\u00e7os e Meio Ambiente da Prefeitura de Franca, Adriano Rodrigues Moreira [\u2026]\" \/>\n<meta property=\"og:url\" content=\"https:\/\/verdadeon.com.br\/portal\/2020\/03\/15\/nossa-pasta-tem-58-servicos-sob-sua-responsabilidade\/\" \/>\n<meta property=\"og:site_name\" content=\"VerdadeOn\" \/>\n<meta property=\"article:published_time\" content=\"2020-03-15T10:38:14+00:00\" \/>\n<meta property=\"og:image\" content=\"https:\/\/verdadeon.com.br\/portal\/wp-content\/uploads\/2020\/03\/secr-meio-ambiente-foto-guto-goncalves-3.jpg\" \/>\n\t<meta property=\"og:image:width\" content=\"1000\" \/>\n\t<meta property=\"og:image:height\" content=\"667\" \/>\n\t<meta property=\"og:image:type\" content=\"image\/jpeg\" \/>\n<meta name=\"author\" content=\"Redacao VerdadeOn\" \/>\n<meta name=\"twitter:card\" content=\"summary_large_image\" \/>\n<meta name=\"twitter:label1\" content=\"Escrito por\" \/>\n\t<meta name=\"twitter:data1\" content=\"Redacao VerdadeOn\" \/>\n\t<meta name=\"twitter:label2\" content=\"Est. tempo de leitura\" \/>\n\t<meta name=\"twitter:data2\" content=\"6 minutos\" \/>\n<script type=\"application\/ld+json\" class=\"yoast-schema-graph\">{\"@context\":\"https:\/\/schema.org\",\"@graph\":[{\"@type\":\"WebPage\",\"@id\":\"https:\/\/verdadeon.com.br\/portal\/2020\/03\/15\/nossa-pasta-tem-58-servicos-sob-sua-responsabilidade\/\",\"url\":\"https:\/\/verdadeon.com.br\/portal\/2020\/03\/15\/nossa-pasta-tem-58-servicos-sob-sua-responsabilidade\/\",\"name\":\"Nossa pasta tem 58 servi\u00e7os sob sua responsabilidade - VerdadeOn\",\"isPartOf\":{\"@id\":\"https:\/\/verdadeon.com.br\/portal\/#website\"},\"primaryImageOfPage\":{\"@id\":\"https:\/\/verdadeon.com.br\/portal\/2020\/03\/15\/nossa-pasta-tem-58-servicos-sob-sua-responsabilidade\/#primaryimage\"},\"image\":{\"@id\":\"https:\/\/verdadeon.com.br\/portal\/2020\/03\/15\/nossa-pasta-tem-58-servicos-sob-sua-responsabilidade\/#primaryimage\"},\"thumbnailUrl\":\"https:\/\/i0.wp.com\/verdadeon.com.br\/portal\/wp-content\/uploads\/2020\/03\/secr-meio-ambiente-foto-guto-goncalves-3.jpg?fit=1000%2C667&ssl=1\",\"datePublished\":\"2020-03-15T10:38:14+00:00\",\"author\":{\"@id\":\"https:\/\/verdadeon.com.br\/portal\/#\/schema\/person\/a5060ad1e9ea3df545188fc93ce43d2f\"},\"breadcrumb\":{\"@id\":\"https:\/\/verdadeon.com.br\/portal\/2020\/03\/15\/nossa-pasta-tem-58-servicos-sob-sua-responsabilidade\/#breadcrumb\"},\"inLanguage\":\"pt-BR\",\"potentialAction\":[{\"@type\":\"ReadAction\",\"target\":[\"https:\/\/verdadeon.com.br\/portal\/2020\/03\/15\/nossa-pasta-tem-58-servicos-sob-sua-responsabilidade\/\"]}]},{\"@type\":\"ImageObject\",\"inLanguage\":\"pt-BR\",\"@id\":\"https:\/\/verdadeon.com.br\/portal\/2020\/03\/15\/nossa-pasta-tem-58-servicos-sob-sua-responsabilidade\/#primaryimage\",\"url\":\"https:\/\/i0.wp.com\/verdadeon.com.br\/portal\/wp-content\/uploads\/2020\/03\/secr-meio-ambiente-foto-guto-goncalves-3.jpg?fit=1000%2C667&ssl=1\",\"contentUrl\":\"https:\/\/i0.wp.com\/verdadeon.com.br\/portal\/wp-content\/uploads\/2020\/03\/secr-meio-ambiente-foto-guto-goncalves-3.jpg?fit=1000%2C667&ssl=1\",\"width\":1000,\"height\":667},{\"@type\":\"BreadcrumbList\",\"@id\":\"https:\/\/verdadeon.com.br\/portal\/2020\/03\/15\/nossa-pasta-tem-58-servicos-sob-sua-responsabilidade\/#breadcrumb\",\"itemListElement\":[{\"@type\":\"ListItem\",\"position\":1,\"name\":\"In\u00edcio\",\"item\":\"https:\/\/verdadeon.com.br\/portal\/\"},{\"@type\":\"ListItem\",\"position\":2,\"name\":\"Nossa pasta tem 58 servi\u00e7os sob sua responsabilidade\"}]},{\"@type\":\"WebSite\",\"@id\":\"https:\/\/verdadeon.com.br\/portal\/#website\",\"url\":\"https:\/\/verdadeon.com.br\/portal\/\",\"name\":\"VerdadeOn\",\"description\":\"Not\u00edcias di\u00e1rias sobre Franca, Regi\u00e3o, Esporte, Cultura, Cotidiano, Colunas. Cobertura nos principais eventos da cidade \u00e9 aqui - Verdadeon Franca\",\"potentialAction\":[{\"@type\":\"SearchAction\",\"target\":{\"@type\":\"EntryPoint\",\"urlTemplate\":\"https:\/\/verdadeon.com.br\/portal\/?s={search_term_string}\"},\"query-input\":{\"@type\":\"PropertyValueSpecification\",\"valueRequired\":true,\"valueName\":\"search_term_string\"}}],\"inLanguage\":\"pt-BR\"},{\"@type\":\"Person\",\"@id\":\"https:\/\/verdadeon.com.br\/portal\/#\/schema\/person\/a5060ad1e9ea3df545188fc93ce43d2f\",\"name\":\"Redacao VerdadeOn\",\"image\":{\"@type\":\"ImageObject\",\"inLanguage\":\"pt-BR\",\"@id\":\"https:\/\/verdadeon.com.br\/portal\/#\/schema\/person\/image\/\",\"url\":\"https:\/\/secure.gravatar.com\/avatar\/459a9613caaaf07f582c3d0841eea68bdd66f533e465e6ba8b9cb45619572cf4?s=96&d=mm&r=g\",\"contentUrl\":\"https:\/\/secure.gravatar.com\/avatar\/459a9613caaaf07f582c3d0841eea68bdd66f533e465e6ba8b9cb45619572cf4?s=96&d=mm&r=g\",\"caption\":\"Redacao VerdadeOn\"},\"url\":\"https:\/\/verdadeon.com.br\/portal\/author\/redacao\/\"}]}<\/script>\n<!-- \/ Yoast SEO plugin. -->","yoast_head_json":{"title":"Nossa pasta tem 58 servi\u00e7os sob sua responsabilidade - VerdadeOn","robots":{"index":"index","follow":"follow","max-snippet":"max-snippet:-1","max-image-preview":"max-image-preview:large","max-video-preview":"max-video-preview:-1"},"canonical":"https:\/\/verdadeon.com.br\/portal\/2020\/03\/15\/nossa-pasta-tem-58-servicos-sob-sua-responsabilidade\/","og_locale":"pt_BR","og_type":"article","og_title":"Nossa pasta tem 58 servi\u00e7os sob sua responsabilidade - VerdadeOn","og_description":"Reportagem Fernando de Paula O Jornal Verdade bate-papo neste domingo (15), com o secret\u00e1rio de Servi\u00e7os e Meio Ambiente da Prefeitura de Franca, Adriano Rodrigues Moreira [\u2026]","og_url":"https:\/\/verdadeon.com.br\/portal\/2020\/03\/15\/nossa-pasta-tem-58-servicos-sob-sua-responsabilidade\/","og_site_name":"VerdadeOn","article_published_time":"2020-03-15T10:38:14+00:00","og_image":[{"width":1000,"height":667,"url":"https:\/\/verdadeon.com.br\/portal\/wp-content\/uploads\/2020\/03\/secr-meio-ambiente-foto-guto-goncalves-3.jpg","type":"image\/jpeg"}],"author":"Redacao VerdadeOn","twitter_card":"summary_large_image","twitter_misc":{"Escrito por":"Redacao VerdadeOn","Est. tempo de leitura":"6 minutos"},"schema":{"@context":"https:\/\/schema.org","@graph":[{"@type":"WebPage","@id":"https:\/\/verdadeon.com.br\/portal\/2020\/03\/15\/nossa-pasta-tem-58-servicos-sob-sua-responsabilidade\/","url":"https:\/\/verdadeon.com.br\/portal\/2020\/03\/15\/nossa-pasta-tem-58-servicos-sob-sua-responsabilidade\/","name":"Nossa pasta tem 58 servi\u00e7os sob sua responsabilidade - VerdadeOn","isPartOf":{"@id":"https:\/\/verdadeon.com.br\/portal\/#website"},"primaryImageOfPage":{"@id":"https:\/\/verdadeon.com.br\/portal\/2020\/03\/15\/nossa-pasta-tem-58-servicos-sob-sua-responsabilidade\/#primaryimage"},"image":{"@id":"https:\/\/verdadeon.com.br\/portal\/2020\/03\/15\/nossa-pasta-tem-58-servicos-sob-sua-responsabilidade\/#primaryimage"},"thumbnailUrl":"https:\/\/i0.wp.com\/verdadeon.com.br\/portal\/wp-content\/uploads\/2020\/03\/secr-meio-ambiente-foto-guto-goncalves-3.jpg?fit=1000%2C667&ssl=1","datePublished":"2020-03-15T10:38:14+00:00","author":{"@id":"https:\/\/verdadeon.com.br\/portal\/#\/schema\/person\/a5060ad1e9ea3df545188fc93ce43d2f"},"breadcrumb":{"@id":"https:\/\/verdadeon.com.br\/portal\/2020\/03\/15\/nossa-pasta-tem-58-servicos-sob-sua-responsabilidade\/#breadcrumb"},"inLanguage":"pt-BR","potentialAction":[{"@type":"ReadAction","target":["https:\/\/verdadeon.com.br\/portal\/2020\/03\/15\/nossa-pasta-tem-58-servicos-sob-sua-responsabilidade\/"]}]},{"@type":"ImageObject","inLanguage":"pt-BR","@id":"https:\/\/verdadeon.com.br\/portal\/2020\/03\/15\/nossa-pasta-tem-58-servicos-sob-sua-responsabilidade\/#primaryimage","url":"https:\/\/i0.wp.com\/verdadeon.com.br\/portal\/wp-content\/uploads\/2020\/03\/secr-meio-ambiente-foto-guto-goncalves-3.jpg?fit=1000%2C667&ssl=1","contentUrl":"https:\/\/i0.wp.com\/verdadeon.com.br\/portal\/wp-content\/uploads\/2020\/03\/secr-meio-ambiente-foto-guto-goncalves-3.jpg?fit=1000%2C667&ssl=1","width":1000,"height":667},{"@type":"BreadcrumbList","@id":"https:\/\/verdadeon.com.br\/portal\/2020\/03\/15\/nossa-pasta-tem-58-servicos-sob-sua-responsabilidade\/#breadcrumb","itemListElement":[{"@type":"ListItem","position":1,"name":"In\u00edcio","item":"https:\/\/verdadeon.com.br\/portal\/"},{"@type":"ListItem","position":2,"name":"Nossa pasta tem 58 servi\u00e7os sob sua responsabilidade"}]},{"@type":"WebSite","@id":"https:\/\/verdadeon.com.br\/portal\/#website","url":"https:\/\/verdadeon.com.br\/portal\/","name":"VerdadeOn","description":"Not\u00edcias di\u00e1rias sobre Franca, Regi\u00e3o, Esporte, Cultura, Cotidiano, Colunas. Cobertura nos principais eventos da cidade \u00e9 aqui - Verdadeon Franca","potentialAction":[{"@type":"SearchAction","target":{"@type":"EntryPoint","urlTemplate":"https:\/\/verdadeon.com.br\/portal\/?s={search_term_string}"},"query-input":{"@type":"PropertyValueSpecification","valueRequired":true,"valueName":"search_term_string"}}],"inLanguage":"pt-BR"},{"@type":"Person","@id":"https:\/\/verdadeon.com.br\/portal\/#\/schema\/person\/a5060ad1e9ea3df545188fc93ce43d2f","name":"Redacao VerdadeOn","image":{"@type":"ImageObject","inLanguage":"pt-BR","@id":"https:\/\/verdadeon.com.br\/portal\/#\/schema\/person\/image\/","url":"https:\/\/secure.gravatar.com\/avatar\/459a9613caaaf07f582c3d0841eea68bdd66f533e465e6ba8b9cb45619572cf4?s=96&d=mm&r=g","contentUrl":"https:\/\/secure.gravatar.com\/avatar\/459a9613caaaf07f582c3d0841eea68bdd66f533e465e6ba8b9cb45619572cf4?s=96&d=mm&r=g","caption":"Redacao VerdadeOn"},"url":"https:\/\/verdadeon.com.br\/portal\/author\/redacao\/"}]}},"jetpack_publicize_connections":[],"jetpack_featured_media_url":"https:\/\/i0.wp.com\/verdadeon.com.br\/portal\/wp-content\/uploads\/2020\/03\/secr-meio-ambiente-foto-guto-goncalves-3.jpg?fit=1000%2C667&ssl=1","jetpack_sharing_enabled":true,"_links":{"self":[{"href":"https:\/\/verdadeon.com.br\/portal\/wp-json\/wp\/v2\/posts\/5032","targetHints":{"allow":["GET"]}}],"collection":[{"href":"https:\/\/verdadeon.com.br\/portal\/wp-json\/wp\/v2\/posts"}],"about":[{"href":"https:\/\/verdadeon.com.br\/portal\/wp-json\/wp\/v2\/types\/post"}],"author":[{"embeddable":true,"href":"https:\/\/verdadeon.com.br\/portal\/wp-json\/wp\/v2\/users\/10"}],"replies":[{"embeddable":true,"href":"https:\/\/verdadeon.com.br\/portal\/wp-json\/wp\/v2\/comments?post=5032"}],"version-history":[{"count":0,"href":"https:\/\/verdadeon.com.br\/portal\/wp-json\/wp\/v2\/posts\/5032\/revisions"}],"wp:featuredmedia":[{"embeddable":true,"href":"https:\/\/verdadeon.com.br\/portal\/wp-json\/wp\/v2\/media\/5038"}],"wp:attachment":[{"href":"https:\/\/verdadeon.com.br\/portal\/wp-json\/wp\/v2\/media?parent=5032"}],"wp:term":[{"taxonomy":"category","embeddable":true,"href":"https:\/\/verdadeon.com.br\/portal\/wp-json\/wp\/v2\/categories?post=5032"},{"taxonomy":"post_tag","embeddable":true,"href":"https:\/\/verdadeon.com.br\/portal\/wp-json\/wp\/v2\/tags?post=5032"}],"curies":[{"name":"wp","href":"https:\/\/api.w.org\/{rel}","templated":true}]}}