{"id":50158,"date":"2024-09-30T12:32:49","date_gmt":"2024-09-30T15:32:49","guid":{"rendered":"https:\/\/verdadeon.com.br\/portal\/?p=50158"},"modified":"2024-09-30T12:32:49","modified_gmt":"2024-09-30T15:32:49","slug":"brasil-chega-a-oitava-onda-de-calor-em-2024-inmet-alerta-para-baixa-umidade-em-quase-todo-o-estado-de-sao-paulo","status":"publish","type":"post","link":"https:\/\/verdadeon.com.br\/portal\/2024\/09\/30\/brasil-chega-a-oitava-onda-de-calor-em-2024-inmet-alerta-para-baixa-umidade-em-quase-todo-o-estado-de-sao-paulo\/","title":{"rendered":"Brasil chega \u00e0 oitava onda de calor em 2024; Inmet alerta para baixa umidade em quase todo o Estado de S\u00e3o Paulo"},"content":{"rendered":"<h2>Umidade relativa do ar na regi\u00e3o deve variar entre 30% e 20%<\/h2>\n<p>O ar quente e seco vai voltar a ganhar for\u00e7a a partir deste domingo (29), dando in\u00edcio a mais uma configura\u00e7\u00e3o de onda de calor sobre o pa\u00eds. As temperaturas tendem a disparar novamente em parte do Sul, Sudeste e Centro-Oeste a partir desta \u00faltima segunda-feira do m\u00eas de setembro.<\/p>\n<p>Podemos ter novamente v\u00e1rios dias consecutivos com qualidade do ar comprometida, potencial ainda alto para queimadas no pa\u00eds e visibilidade prejudicada com c\u00e9u mais esbranqui\u00e7ado. A umidade do ar no decorrer desta semana pode ficar em alerta em v\u00e1rias capitais.<\/p>\n<p>&nbsp;<\/p>\n<div style=\"width: 684px\" class=\"wp-caption aligncenter\"><img data-recalc-dims=\"1\" loading=\"lazy\" decoding=\"async\" title=\"Imagem do WhatsApp de 2024-09-27 \u00e0(s) 15.23.34_065cbd60\" src=\"https:\/\/i0.wp.com\/imagens.climatempo.com.br\/climapress\/galeria\/2024\/09\/5f483aa9987489dfca92331d002bbbc6.jpg?resize=674%2C379&#038;ssl=1\" alt=\"Imagem do WhatsApp de 2024-09-27 \u00e0(s) 15.23.34_065cbd60\" width=\"674\" height=\"379\" \/><p class=\"wp-caption-text\">Onda de calor de 29\/09 a 08\/10\/2024<\/p><\/div>\n<ul id=\"List_ShareMessengers\" data-id=\"List_ShareMessengers\" data-va=\"iab\"><\/ul>\n<p><strong>A tend\u00eancia \u00e9 que esta onda de calor, dure pelo menos at\u00e9 o dia 08 de outubro em grande parte do Brasil<\/strong><\/p>\n<p>As temperaturas, especialmente no Centro-Oeste, no interior de SP, no Tocantins e interior do Nordeste voltam a ficar cerca de 3 a 5\u202f\u00b0C acima da m\u00e9dia e as m\u00e1ximas podem atingir novamente valores pr\u00f3ximos a 38\/39\u202f\u00b0C. Em\u00a0<a href=\"https:\/\/www.climatempo.com.br\/previsao-do-tempo\/cidade\/377\/cuiaba-mt\">Cuiab\u00e1<\/a>\u00a0e na cidade de Corumb\u00e1 &#8211; no oeste de MS, podemos ter uma semana com m\u00e1ximas previstas de 40\/42\u202f\u00b0C!<\/p>\n<p>Confira a tend\u00eancia de subida das temperaturas nos pr\u00f3ximos dias, at\u00e9 pelo menos o dia 4 de outubro:<\/p>\n<div style=\"width: 727px\" class=\"wp-caption aligncenter\"><img data-recalc-dims=\"1\" loading=\"lazy\" decoding=\"async\" title=\"Imagem do WhatsApp de 2024-09-27 \u00e0(s) 15.23.34_ba0b4c2c\" src=\"https:\/\/i0.wp.com\/imagens.climatempo.com.br\/climapress\/galeria\/2024\/09\/2678d9f3d1a9c3aa01fa3aaf7662dce7.jpg?resize=717%2C403&#038;ssl=1\" alt=\"Imagem do WhatsApp de 2024-09-27 \u00e0(s) 15.23.34_ba0b4c2c\" width=\"717\" height=\"403\" \/><p class=\"wp-caption-text\">Painel de temperaturas de 29\/09 a 04\/10\/2024<\/p><\/div>\n<p>A expectativa \u00e9 que na noite de quarta-feira (02), a chegada de uma frente fria comece a trazer novamente o retorno do ar frio entre a quinta e a sexta-feira (04), no Sul e em parte da Regi\u00e3o Sudeste, provocando uma ligeira queda nas temperaturas no leste e sul de SP no final desta pr\u00f3xima semana. Por\u00e9m, mesmo com a chegada deste sistema, \u00e1reas do Brasil central continuar\u00e3o muito quentes, com temperaturas acima da m\u00e9dia ainda entre Minas, Goi\u00e1s e parte do leste de Mato Grosso (Fonte: Instituto Climatempo).<\/p>\n<p><strong>Riscos Potenciais<\/strong><\/p>\n<p>O Inmet (Instituto Nacional de Meteorologia) emitiu um aviso nesta segunda-feira, 30, sobre a Umidade Relativa do Ar, que deve vair entre 30% e 20%. O Instituto anda alerta:<\/p>\n<ul>\n<li>Beba bastante l\u00edquido.<\/li>\n<li>Evite desgaste f\u00edsico nas horas mais secas.<\/li>\n<li>Evite exposi\u00e7\u00e3o ao sol nas horas mais quentes do dia.<\/li>\n<li>Obtenha mais informa\u00e7\u00f5es junto \u00e0 Defesa Civil (telefone 199) e ao Corpo de Bombeiros (telefone 193).<\/li>\n<\/ul>\n","protected":false},"excerpt":{"rendered":"<p>Umidade relativa do ar na regi\u00e3o deve variar entre 30% e 20% O ar quente e seco vai voltar a ganhar for\u00e7a a partir deste domingo<span class=\"excerpt-hellip\"> [\u2026]<\/span><\/p>\n","protected":false},"author":10,"featured_media":37849,"comment_status":"open","ping_status":"open","sticky":false,"template":"","format":"standard","meta":{"_jetpack_memberships_contains_paid_content":false,"footnotes":"","jetpack_publicize_message":"","jetpack_publicize_feature_enabled":true,"jetpack_social_post_already_shared":true,"jetpack_social_options":{"image_generator_settings":{"template":"highway","default_image_id":0,"enabled":false},"version":2}},"categories":[28,81],"tags":[],"class_list":["post-50158","post","type-post","status-publish","format-standard","has-post-thumbnail","hentry","category-cotidiano","category-manchete"],"yoast_head":"<!-- This site is optimized with the Yoast SEO plugin v25.6 - https:\/\/yoast.com\/wordpress\/plugins\/seo\/ -->\n<title>Brasil chega \u00e0 oitava onda de calor em 2024; Inmet alerta para baixa umidade em quase todo o Estado de S\u00e3o Paulo - VerdadeOn<\/title>\n<meta name=\"robots\" content=\"index, follow, max-snippet:-1, max-image-preview:large, max-video-preview:-1\" \/>\n<link rel=\"canonical\" href=\"https:\/\/verdadeon.com.br\/portal\/2024\/09\/30\/brasil-chega-a-oitava-onda-de-calor-em-2024-inmet-alerta-para-baixa-umidade-em-quase-todo-o-estado-de-sao-paulo\/\" \/>\n<meta property=\"og:locale\" content=\"pt_BR\" \/>\n<meta property=\"og:type\" content=\"article\" \/>\n<meta property=\"og:title\" content=\"Brasil chega \u00e0 oitava onda de calor em 2024; Inmet alerta para baixa umidade em quase todo o Estado de S\u00e3o Paulo - VerdadeOn\" \/>\n<meta property=\"og:description\" content=\"Umidade relativa do ar na regi\u00e3o deve variar entre 30% e 20% O ar quente e seco vai voltar a ganhar for\u00e7a a partir deste domingo [\u2026]\" \/>\n<meta property=\"og:url\" content=\"https:\/\/verdadeon.com.br\/portal\/2024\/09\/30\/brasil-chega-a-oitava-onda-de-calor-em-2024-inmet-alerta-para-baixa-umidade-em-quase-todo-o-estado-de-sao-paulo\/\" \/>\n<meta property=\"og:site_name\" content=\"VerdadeOn\" \/>\n<meta property=\"article:published_time\" content=\"2024-09-30T15:32:49+00:00\" \/>\n<meta property=\"og:image\" content=\"https:\/\/verdadeon.com.br\/portal\/wp-content\/uploads\/2023\/09\/horario_de_verao_vale_esta.jpg\" \/>\n\t<meta property=\"og:image:width\" content=\"1044\" \/>\n\t<meta property=\"og:image:height\" content=\"700\" \/>\n\t<meta property=\"og:image:type\" content=\"image\/jpeg\" \/>\n<meta name=\"author\" content=\"Redacao VerdadeOn\" \/>\n<meta name=\"twitter:card\" content=\"summary_large_image\" \/>\n<meta name=\"twitter:label1\" content=\"Escrito por\" \/>\n\t<meta name=\"twitter:data1\" content=\"Redacao VerdadeOn\" \/>\n\t<meta name=\"twitter:label2\" content=\"Est. tempo de leitura\" \/>\n\t<meta name=\"twitter:data2\" content=\"3 minutos\" \/>\n<script type=\"application\/ld+json\" class=\"yoast-schema-graph\">{\"@context\":\"https:\/\/schema.org\",\"@graph\":[{\"@type\":\"WebPage\",\"@id\":\"https:\/\/verdadeon.com.br\/portal\/2024\/09\/30\/brasil-chega-a-oitava-onda-de-calor-em-2024-inmet-alerta-para-baixa-umidade-em-quase-todo-o-estado-de-sao-paulo\/\",\"url\":\"https:\/\/verdadeon.com.br\/portal\/2024\/09\/30\/brasil-chega-a-oitava-onda-de-calor-em-2024-inmet-alerta-para-baixa-umidade-em-quase-todo-o-estado-de-sao-paulo\/\",\"name\":\"Brasil chega \u00e0 oitava onda de calor em 2024; Inmet alerta para baixa umidade em quase todo o Estado de S\u00e3o Paulo - VerdadeOn\",\"isPartOf\":{\"@id\":\"https:\/\/verdadeon.com.br\/portal\/#website\"},\"primaryImageOfPage\":{\"@id\":\"https:\/\/verdadeon.com.br\/portal\/2024\/09\/30\/brasil-chega-a-oitava-onda-de-calor-em-2024-inmet-alerta-para-baixa-umidade-em-quase-todo-o-estado-de-sao-paulo\/#primaryimage\"},\"image\":{\"@id\":\"https:\/\/verdadeon.com.br\/portal\/2024\/09\/30\/brasil-chega-a-oitava-onda-de-calor-em-2024-inmet-alerta-para-baixa-umidade-em-quase-todo-o-estado-de-sao-paulo\/#primaryimage\"},\"thumbnailUrl\":\"https:\/\/i0.wp.com\/verdadeon.com.br\/portal\/wp-content\/uploads\/2023\/09\/horario_de_verao_vale_esta.jpg?fit=1044%2C700&ssl=1\",\"datePublished\":\"2024-09-30T15:32:49+00:00\",\"author\":{\"@id\":\"https:\/\/verdadeon.com.br\/portal\/#\/schema\/person\/a5060ad1e9ea3df545188fc93ce43d2f\"},\"breadcrumb\":{\"@id\":\"https:\/\/verdadeon.com.br\/portal\/2024\/09\/30\/brasil-chega-a-oitava-onda-de-calor-em-2024-inmet-alerta-para-baixa-umidade-em-quase-todo-o-estado-de-sao-paulo\/#breadcrumb\"},\"inLanguage\":\"pt-BR\",\"potentialAction\":[{\"@type\":\"ReadAction\",\"target\":[\"https:\/\/verdadeon.com.br\/portal\/2024\/09\/30\/brasil-chega-a-oitava-onda-de-calor-em-2024-inmet-alerta-para-baixa-umidade-em-quase-todo-o-estado-de-sao-paulo\/\"]}]},{\"@type\":\"ImageObject\",\"inLanguage\":\"pt-BR\",\"@id\":\"https:\/\/verdadeon.com.br\/portal\/2024\/09\/30\/brasil-chega-a-oitava-onda-de-calor-em-2024-inmet-alerta-para-baixa-umidade-em-quase-todo-o-estado-de-sao-paulo\/#primaryimage\",\"url\":\"https:\/\/i0.wp.com\/verdadeon.com.br\/portal\/wp-content\/uploads\/2023\/09\/horario_de_verao_vale_esta.jpg?fit=1044%2C700&ssl=1\",\"contentUrl\":\"https:\/\/i0.wp.com\/verdadeon.com.br\/portal\/wp-content\/uploads\/2023\/09\/horario_de_verao_vale_esta.jpg?fit=1044%2C700&ssl=1\",\"width\":1044,\"height\":700,\"caption\":\"Calor pode ajudar na propaga\u00e7\u00e3o das doen\u00e7as de pele, como micose, ptir\u00edase e candid\u00edase (\u00a9Arquivo\/Ag\u00eancia Brasil)\"},{\"@type\":\"BreadcrumbList\",\"@id\":\"https:\/\/verdadeon.com.br\/portal\/2024\/09\/30\/brasil-chega-a-oitava-onda-de-calor-em-2024-inmet-alerta-para-baixa-umidade-em-quase-todo-o-estado-de-sao-paulo\/#breadcrumb\",\"itemListElement\":[{\"@type\":\"ListItem\",\"position\":1,\"name\":\"In\u00edcio\",\"item\":\"https:\/\/verdadeon.com.br\/portal\/\"},{\"@type\":\"ListItem\",\"position\":2,\"name\":\"Brasil chega \u00e0 oitava onda de calor em 2024; Inmet alerta para baixa umidade em quase todo o Estado de S\u00e3o Paulo\"}]},{\"@type\":\"WebSite\",\"@id\":\"https:\/\/verdadeon.com.br\/portal\/#website\",\"url\":\"https:\/\/verdadeon.com.br\/portal\/\",\"name\":\"VerdadeOn\",\"description\":\"Not\u00edcias di\u00e1rias sobre Franca, Regi\u00e3o, Esporte, Cultura, Cotidiano, Colunas. Cobertura nos principais eventos da cidade \u00e9 aqui - Verdadeon Franca\",\"potentialAction\":[{\"@type\":\"SearchAction\",\"target\":{\"@type\":\"EntryPoint\",\"urlTemplate\":\"https:\/\/verdadeon.com.br\/portal\/?s={search_term_string}\"},\"query-input\":{\"@type\":\"PropertyValueSpecification\",\"valueRequired\":true,\"valueName\":\"search_term_string\"}}],\"inLanguage\":\"pt-BR\"},{\"@type\":\"Person\",\"@id\":\"https:\/\/verdadeon.com.br\/portal\/#\/schema\/person\/a5060ad1e9ea3df545188fc93ce43d2f\",\"name\":\"Redacao VerdadeOn\",\"image\":{\"@type\":\"ImageObject\",\"inLanguage\":\"pt-BR\",\"@id\":\"https:\/\/verdadeon.com.br\/portal\/#\/schema\/person\/image\/\",\"url\":\"https:\/\/secure.gravatar.com\/avatar\/459a9613caaaf07f582c3d0841eea68bdd66f533e465e6ba8b9cb45619572cf4?s=96&d=mm&r=g\",\"contentUrl\":\"https:\/\/secure.gravatar.com\/avatar\/459a9613caaaf07f582c3d0841eea68bdd66f533e465e6ba8b9cb45619572cf4?s=96&d=mm&r=g\",\"caption\":\"Redacao VerdadeOn\"},\"url\":\"https:\/\/verdadeon.com.br\/portal\/author\/redacao\/\"}]}<\/script>\n<!-- \/ Yoast SEO plugin. -->","yoast_head_json":{"title":"Brasil chega \u00e0 oitava onda de calor em 2024; Inmet alerta para baixa umidade em quase todo o Estado de S\u00e3o Paulo - VerdadeOn","robots":{"index":"index","follow":"follow","max-snippet":"max-snippet:-1","max-image-preview":"max-image-preview:large","max-video-preview":"max-video-preview:-1"},"canonical":"https:\/\/verdadeon.com.br\/portal\/2024\/09\/30\/brasil-chega-a-oitava-onda-de-calor-em-2024-inmet-alerta-para-baixa-umidade-em-quase-todo-o-estado-de-sao-paulo\/","og_locale":"pt_BR","og_type":"article","og_title":"Brasil chega \u00e0 oitava onda de calor em 2024; Inmet alerta para baixa umidade em quase todo o Estado de S\u00e3o Paulo - VerdadeOn","og_description":"Umidade relativa do ar na regi\u00e3o deve variar entre 30% e 20% O ar quente e seco vai voltar a ganhar for\u00e7a a partir deste domingo [\u2026]","og_url":"https:\/\/verdadeon.com.br\/portal\/2024\/09\/30\/brasil-chega-a-oitava-onda-de-calor-em-2024-inmet-alerta-para-baixa-umidade-em-quase-todo-o-estado-de-sao-paulo\/","og_site_name":"VerdadeOn","article_published_time":"2024-09-30T15:32:49+00:00","og_image":[{"width":1044,"height":700,"url":"https:\/\/verdadeon.com.br\/portal\/wp-content\/uploads\/2023\/09\/horario_de_verao_vale_esta.jpg","type":"image\/jpeg"}],"author":"Redacao VerdadeOn","twitter_card":"summary_large_image","twitter_misc":{"Escrito por":"Redacao VerdadeOn","Est. tempo de leitura":"3 minutos"},"schema":{"@context":"https:\/\/schema.org","@graph":[{"@type":"WebPage","@id":"https:\/\/verdadeon.com.br\/portal\/2024\/09\/30\/brasil-chega-a-oitava-onda-de-calor-em-2024-inmet-alerta-para-baixa-umidade-em-quase-todo-o-estado-de-sao-paulo\/","url":"https:\/\/verdadeon.com.br\/portal\/2024\/09\/30\/brasil-chega-a-oitava-onda-de-calor-em-2024-inmet-alerta-para-baixa-umidade-em-quase-todo-o-estado-de-sao-paulo\/","name":"Brasil chega \u00e0 oitava onda de calor em 2024; Inmet alerta para baixa umidade em quase todo o Estado de S\u00e3o Paulo - VerdadeOn","isPartOf":{"@id":"https:\/\/verdadeon.com.br\/portal\/#website"},"primaryImageOfPage":{"@id":"https:\/\/verdadeon.com.br\/portal\/2024\/09\/30\/brasil-chega-a-oitava-onda-de-calor-em-2024-inmet-alerta-para-baixa-umidade-em-quase-todo-o-estado-de-sao-paulo\/#primaryimage"},"image":{"@id":"https:\/\/verdadeon.com.br\/portal\/2024\/09\/30\/brasil-chega-a-oitava-onda-de-calor-em-2024-inmet-alerta-para-baixa-umidade-em-quase-todo-o-estado-de-sao-paulo\/#primaryimage"},"thumbnailUrl":"https:\/\/i0.wp.com\/verdadeon.com.br\/portal\/wp-content\/uploads\/2023\/09\/horario_de_verao_vale_esta.jpg?fit=1044%2C700&ssl=1","datePublished":"2024-09-30T15:32:49+00:00","author":{"@id":"https:\/\/verdadeon.com.br\/portal\/#\/schema\/person\/a5060ad1e9ea3df545188fc93ce43d2f"},"breadcrumb":{"@id":"https:\/\/verdadeon.com.br\/portal\/2024\/09\/30\/brasil-chega-a-oitava-onda-de-calor-em-2024-inmet-alerta-para-baixa-umidade-em-quase-todo-o-estado-de-sao-paulo\/#breadcrumb"},"inLanguage":"pt-BR","potentialAction":[{"@type":"ReadAction","target":["https:\/\/verdadeon.com.br\/portal\/2024\/09\/30\/brasil-chega-a-oitava-onda-de-calor-em-2024-inmet-alerta-para-baixa-umidade-em-quase-todo-o-estado-de-sao-paulo\/"]}]},{"@type":"ImageObject","inLanguage":"pt-BR","@id":"https:\/\/verdadeon.com.br\/portal\/2024\/09\/30\/brasil-chega-a-oitava-onda-de-calor-em-2024-inmet-alerta-para-baixa-umidade-em-quase-todo-o-estado-de-sao-paulo\/#primaryimage","url":"https:\/\/i0.wp.com\/verdadeon.com.br\/portal\/wp-content\/uploads\/2023\/09\/horario_de_verao_vale_esta.jpg?fit=1044%2C700&ssl=1","contentUrl":"https:\/\/i0.wp.com\/verdadeon.com.br\/portal\/wp-content\/uploads\/2023\/09\/horario_de_verao_vale_esta.jpg?fit=1044%2C700&ssl=1","width":1044,"height":700,"caption":"Calor pode ajudar na propaga\u00e7\u00e3o das doen\u00e7as de pele, como micose, ptir\u00edase e candid\u00edase (\u00a9Arquivo\/Ag\u00eancia Brasil)"},{"@type":"BreadcrumbList","@id":"https:\/\/verdadeon.com.br\/portal\/2024\/09\/30\/brasil-chega-a-oitava-onda-de-calor-em-2024-inmet-alerta-para-baixa-umidade-em-quase-todo-o-estado-de-sao-paulo\/#breadcrumb","itemListElement":[{"@type":"ListItem","position":1,"name":"In\u00edcio","item":"https:\/\/verdadeon.com.br\/portal\/"},{"@type":"ListItem","position":2,"name":"Brasil chega \u00e0 oitava onda de calor em 2024; Inmet alerta para baixa umidade em quase todo o Estado de S\u00e3o Paulo"}]},{"@type":"WebSite","@id":"https:\/\/verdadeon.com.br\/portal\/#website","url":"https:\/\/verdadeon.com.br\/portal\/","name":"VerdadeOn","description":"Not\u00edcias di\u00e1rias sobre Franca, Regi\u00e3o, Esporte, Cultura, Cotidiano, Colunas. Cobertura nos principais eventos da cidade \u00e9 aqui - Verdadeon Franca","potentialAction":[{"@type":"SearchAction","target":{"@type":"EntryPoint","urlTemplate":"https:\/\/verdadeon.com.br\/portal\/?s={search_term_string}"},"query-input":{"@type":"PropertyValueSpecification","valueRequired":true,"valueName":"search_term_string"}}],"inLanguage":"pt-BR"},{"@type":"Person","@id":"https:\/\/verdadeon.com.br\/portal\/#\/schema\/person\/a5060ad1e9ea3df545188fc93ce43d2f","name":"Redacao VerdadeOn","image":{"@type":"ImageObject","inLanguage":"pt-BR","@id":"https:\/\/verdadeon.com.br\/portal\/#\/schema\/person\/image\/","url":"https:\/\/secure.gravatar.com\/avatar\/459a9613caaaf07f582c3d0841eea68bdd66f533e465e6ba8b9cb45619572cf4?s=96&d=mm&r=g","contentUrl":"https:\/\/secure.gravatar.com\/avatar\/459a9613caaaf07f582c3d0841eea68bdd66f533e465e6ba8b9cb45619572cf4?s=96&d=mm&r=g","caption":"Redacao VerdadeOn"},"url":"https:\/\/verdadeon.com.br\/portal\/author\/redacao\/"}]}},"jetpack_publicize_connections":[],"jetpack_featured_media_url":"https:\/\/i0.wp.com\/verdadeon.com.br\/portal\/wp-content\/uploads\/2023\/09\/horario_de_verao_vale_esta.jpg?fit=1044%2C700&ssl=1","jetpack_sharing_enabled":true,"_links":{"self":[{"href":"https:\/\/verdadeon.com.br\/portal\/wp-json\/wp\/v2\/posts\/50158","targetHints":{"allow":["GET"]}}],"collection":[{"href":"https:\/\/verdadeon.com.br\/portal\/wp-json\/wp\/v2\/posts"}],"about":[{"href":"https:\/\/verdadeon.com.br\/portal\/wp-json\/wp\/v2\/types\/post"}],"author":[{"embeddable":true,"href":"https:\/\/verdadeon.com.br\/portal\/wp-json\/wp\/v2\/users\/10"}],"replies":[{"embeddable":true,"href":"https:\/\/verdadeon.com.br\/portal\/wp-json\/wp\/v2\/comments?post=50158"}],"version-history":[{"count":1,"href":"https:\/\/verdadeon.com.br\/portal\/wp-json\/wp\/v2\/posts\/50158\/revisions"}],"predecessor-version":[{"id":50159,"href":"https:\/\/verdadeon.com.br\/portal\/wp-json\/wp\/v2\/posts\/50158\/revisions\/50159"}],"wp:featuredmedia":[{"embeddable":true,"href":"https:\/\/verdadeon.com.br\/portal\/wp-json\/wp\/v2\/media\/37849"}],"wp:attachment":[{"href":"https:\/\/verdadeon.com.br\/portal\/wp-json\/wp\/v2\/media?parent=50158"}],"wp:term":[{"taxonomy":"category","embeddable":true,"href":"https:\/\/verdadeon.com.br\/portal\/wp-json\/wp\/v2\/categories?post=50158"},{"taxonomy":"post_tag","embeddable":true,"href":"https:\/\/verdadeon.com.br\/portal\/wp-json\/wp\/v2\/tags?post=50158"}],"curies":[{"name":"wp","href":"https:\/\/api.w.org\/{rel}","templated":true}]}}