{"id":50148,"date":"2024-09-28T12:12:31","date_gmt":"2024-09-28T15:12:31","guid":{"rendered":"https:\/\/verdadeon.com.br\/portal\/?p=50148"},"modified":"2024-09-28T12:12:31","modified_gmt":"2024-09-28T15:12:31","slug":"outubro-tera-bandeira-tarifaria-mais-cara-do-sistema-nas-contas-de-luz","status":"publish","type":"post","link":"https:\/\/verdadeon.com.br\/portal\/2024\/09\/28\/outubro-tera-bandeira-tarifaria-mais-cara-do-sistema-nas-contas-de-luz\/","title":{"rendered":"Outubro ter\u00e1 bandeira tarif\u00e1ria mais cara do sistema nas contas de luz"},"content":{"rendered":"<div class=\"header-noticia full-width\">\n<h2 class=\"linha-fina-noticia\">Baixa previs\u00e3o de chuva motiva acionamento de bandeira de maior custo<\/h2>\n<\/div>\n<div class=\"subheader\">\n<div class=\"container-autoria\">\n<p>A bandeira tarif\u00e1ria para o m\u00eas de outubro ser\u00e1 vermelha patamar 2, com cobran\u00e7a extra de R$ 7,877 na conta de luz para cada 100 quilowatts-hora (kWh) de energia el\u00e9trica consumidos. Esta \u00e9 a primeira vez, desde agosto de 2021, que a bandeira mais cara do sistema criado pela Ag\u00eancia Nacional de Energia El\u00e9trica (Aneel) \u00e9 acionada.<img data-recalc-dims=\"1\" decoding=\"async\" src=\"https:\/\/i0.wp.com\/agenciabrasil.ebc.com.br\/ebc.png?w=1220&#038;ssl=1\" \/><img data-recalc-dims=\"1\" decoding=\"async\" src=\"https:\/\/i0.wp.com\/agenciabrasil.ebc.com.br\/ebc.gif?w=1220&#038;ssl=1\" \/><\/p>\n<p>Segundo a Aneel, um dos fatores que determinaram o acionamento da bandeira\u202fvermelha patamar 2 foi o risco hidrol\u00f3gico, ou seja, a baixa previs\u00e3o de chuva para os reservat\u00f3rios das hidrel\u00e9tricas. Tamb\u00e9m teve influ\u00eancia a eleva\u00e7\u00e3o do pre\u00e7o do mercado de energia el\u00e9trica em outubro.<\/p>\n<p>Uma sequ\u00eancia de bandeiras verdes foi iniciada em abril de 2022 e interrompida apenas em julho de 2024 com bandeira amarela, seguida da bandeira verde em agosto, e da vermelha, patamar 1, em setembro. No m\u00eas passado, a Aneel chegou a anunciar a\u00a0<a href=\"http:\/\/agenciabrasil.ebc.com.br\/economia\/noticia\/2024-09\/aneel-reduz-patamar-de-bandeira-vermelha-e-reajuste-pode-ser-menor\" target=\"_blank\" rel=\"noopener\">bandeira vermelha patamar 2 para setembro,<\/a>\u00a0mas corrigiu a informa\u00e7\u00e3o dias depois.<\/p>\n<p>Criado em 2015 pela Aneel, o sistema de bandeiras tarif\u00e1rias reflete os custos vari\u00e1veis da gera\u00e7\u00e3o de energia el\u00e9trica. Divididas em n\u00edveis, as bandeiras indicam quanto est\u00e1 custando para o Sistema Interligado Nacional gerar a energia usada nas casas, em estabelecimentos comerciais e nas ind\u00fastrias, considerando fatores como a disponibilidade de recursos h\u00eddricos, o avan\u00e7o das fontes renov\u00e1veis, bem como o acionamento de fontes de gera\u00e7\u00e3o mais caras como as termel\u00e9tricas.<\/p>\n<p>As cores verde, amarela ou vermelha (nos patamares 1 e 2) indicam se a energia custar\u00e1 mais ou menos em fun\u00e7\u00e3o das condi\u00e7\u00f5es de gera\u00e7\u00e3o, sendo a bandeira vermelha a que tem custo maior, e a verde, sem custo extra.<\/p>\n<p>Segundo a Aneel, as bandeiras permitem ao consumidor um papel mais ativo na defini\u00e7\u00e3o de sua conta de energia. \u201cAo saber, por exemplo, que a bandeira est\u00e1 vermelha, o consumidor pode adaptar seu consumo para ajudar a reduzir o valor da conta&#8221;, avalia a ag\u00eancia.<\/p>\n<p>Fonte: Ag\u00eancia Brasil<\/p>\n<\/div>\n<\/div>\n","protected":false},"excerpt":{"rendered":"<p>Baixa previs\u00e3o de chuva motiva acionamento de bandeira de maior custo A bandeira tarif\u00e1ria para o m\u00eas de outubro ser\u00e1 vermelha patamar 2, com cobran\u00e7a extra<span class=\"excerpt-hellip\"> [\u2026]<\/span><\/p>\n","protected":false},"author":10,"featured_media":49115,"comment_status":"open","ping_status":"open","sticky":false,"template":"","format":"standard","meta":{"_jetpack_memberships_contains_paid_content":false,"footnotes":"","jetpack_publicize_message":"","jetpack_publicize_feature_enabled":true,"jetpack_social_post_already_shared":true,"jetpack_social_options":{"image_generator_settings":{"template":"highway","default_image_id":0,"enabled":false},"version":2}},"categories":[28,81],"tags":[],"class_list":["post-50148","post","type-post","status-publish","format-standard","has-post-thumbnail","hentry","category-cotidiano","category-manchete"],"yoast_head":"<!-- This site is optimized with the Yoast SEO plugin v25.6 - https:\/\/yoast.com\/wordpress\/plugins\/seo\/ -->\n<title>Outubro ter\u00e1 bandeira tarif\u00e1ria mais cara do sistema nas contas de luz - VerdadeOn<\/title>\n<meta name=\"robots\" content=\"index, follow, max-snippet:-1, max-image-preview:large, max-video-preview:-1\" \/>\n<link rel=\"canonical\" href=\"https:\/\/verdadeon.com.br\/portal\/2024\/09\/28\/outubro-tera-bandeira-tarifaria-mais-cara-do-sistema-nas-contas-de-luz\/\" \/>\n<meta property=\"og:locale\" content=\"pt_BR\" \/>\n<meta property=\"og:type\" content=\"article\" \/>\n<meta property=\"og:title\" content=\"Outubro ter\u00e1 bandeira tarif\u00e1ria mais cara do sistema nas contas de luz - VerdadeOn\" \/>\n<meta property=\"og:description\" content=\"Baixa previs\u00e3o de chuva motiva acionamento de bandeira de maior custo A bandeira tarif\u00e1ria para o m\u00eas de outubro ser\u00e1 vermelha patamar 2, com cobran\u00e7a extra [\u2026]\" \/>\n<meta property=\"og:url\" content=\"https:\/\/verdadeon.com.br\/portal\/2024\/09\/28\/outubro-tera-bandeira-tarifaria-mais-cara-do-sistema-nas-contas-de-luz\/\" \/>\n<meta property=\"og:site_name\" content=\"VerdadeOn\" \/>\n<meta property=\"article:published_time\" content=\"2024-09-28T15:12:31+00:00\" \/>\n<meta property=\"og:image\" content=\"https:\/\/i0.wp.com\/verdadeon.com.br\/portal\/wp-content\/uploads\/2024\/08\/1016075-28042016-capa-img_1454a-1.webp?fit=1044%2C700&ssl=1\" \/>\n\t<meta property=\"og:image:width\" content=\"1044\" \/>\n\t<meta property=\"og:image:height\" content=\"700\" \/>\n\t<meta property=\"og:image:type\" content=\"image\/webp\" \/>\n<meta name=\"author\" content=\"Redacao VerdadeOn\" \/>\n<meta name=\"twitter:card\" content=\"summary_large_image\" \/>\n<meta name=\"twitter:label1\" content=\"Escrito por\" \/>\n\t<meta name=\"twitter:data1\" content=\"Redacao VerdadeOn\" \/>\n\t<meta name=\"twitter:label2\" content=\"Est. tempo de leitura\" \/>\n\t<meta name=\"twitter:data2\" content=\"3 minutos\" \/>\n<script type=\"application\/ld+json\" class=\"yoast-schema-graph\">{\"@context\":\"https:\/\/schema.org\",\"@graph\":[{\"@type\":\"WebPage\",\"@id\":\"https:\/\/verdadeon.com.br\/portal\/2024\/09\/28\/outubro-tera-bandeira-tarifaria-mais-cara-do-sistema-nas-contas-de-luz\/\",\"url\":\"https:\/\/verdadeon.com.br\/portal\/2024\/09\/28\/outubro-tera-bandeira-tarifaria-mais-cara-do-sistema-nas-contas-de-luz\/\",\"name\":\"Outubro ter\u00e1 bandeira tarif\u00e1ria mais cara do sistema nas contas de luz - VerdadeOn\",\"isPartOf\":{\"@id\":\"https:\/\/verdadeon.com.br\/portal\/#website\"},\"primaryImageOfPage\":{\"@id\":\"https:\/\/verdadeon.com.br\/portal\/2024\/09\/28\/outubro-tera-bandeira-tarifaria-mais-cara-do-sistema-nas-contas-de-luz\/#primaryimage\"},\"image\":{\"@id\":\"https:\/\/verdadeon.com.br\/portal\/2024\/09\/28\/outubro-tera-bandeira-tarifaria-mais-cara-do-sistema-nas-contas-de-luz\/#primaryimage\"},\"thumbnailUrl\":\"https:\/\/i0.wp.com\/verdadeon.com.br\/portal\/wp-content\/uploads\/2024\/08\/1016075-28042016-capa-img_1454a-1.webp?fit=1044%2C700&ssl=1\",\"datePublished\":\"2024-09-28T15:12:31+00:00\",\"author\":{\"@id\":\"https:\/\/verdadeon.com.br\/portal\/#\/schema\/person\/a5060ad1e9ea3df545188fc93ce43d2f\"},\"breadcrumb\":{\"@id\":\"https:\/\/verdadeon.com.br\/portal\/2024\/09\/28\/outubro-tera-bandeira-tarifaria-mais-cara-do-sistema-nas-contas-de-luz\/#breadcrumb\"},\"inLanguage\":\"pt-BR\",\"potentialAction\":[{\"@type\":\"ReadAction\",\"target\":[\"https:\/\/verdadeon.com.br\/portal\/2024\/09\/28\/outubro-tera-bandeira-tarifaria-mais-cara-do-sistema-nas-contas-de-luz\/\"]}]},{\"@type\":\"ImageObject\",\"inLanguage\":\"pt-BR\",\"@id\":\"https:\/\/verdadeon.com.br\/portal\/2024\/09\/28\/outubro-tera-bandeira-tarifaria-mais-cara-do-sistema-nas-contas-de-luz\/#primaryimage\",\"url\":\"https:\/\/i0.wp.com\/verdadeon.com.br\/portal\/wp-content\/uploads\/2024\/08\/1016075-28042016-capa-img_1454a-1.webp?fit=1044%2C700&ssl=1\",\"contentUrl\":\"https:\/\/i0.wp.com\/verdadeon.com.br\/portal\/wp-content\/uploads\/2024\/08\/1016075-28042016-capa-img_1454a-1.webp?fit=1044%2C700&ssl=1\",\"width\":1044,\"height\":700,\"caption\":\"Segundo a Aneel, as bandeiras permitem ao consumidor um papel mais ativo na defini\u00e7\u00e3o de sua conta de energia (\u00a9Marcelo Camargo\/Ag\u00eancia Brasil)\"},{\"@type\":\"BreadcrumbList\",\"@id\":\"https:\/\/verdadeon.com.br\/portal\/2024\/09\/28\/outubro-tera-bandeira-tarifaria-mais-cara-do-sistema-nas-contas-de-luz\/#breadcrumb\",\"itemListElement\":[{\"@type\":\"ListItem\",\"position\":1,\"name\":\"In\u00edcio\",\"item\":\"https:\/\/verdadeon.com.br\/portal\/\"},{\"@type\":\"ListItem\",\"position\":2,\"name\":\"Outubro ter\u00e1 bandeira tarif\u00e1ria mais cara do sistema nas contas de luz\"}]},{\"@type\":\"WebSite\",\"@id\":\"https:\/\/verdadeon.com.br\/portal\/#website\",\"url\":\"https:\/\/verdadeon.com.br\/portal\/\",\"name\":\"VerdadeOn\",\"description\":\"Not\u00edcias di\u00e1rias sobre Franca, Regi\u00e3o, Esporte, Cultura, Cotidiano, Colunas. Cobertura nos principais eventos da cidade \u00e9 aqui - Verdadeon Franca\",\"potentialAction\":[{\"@type\":\"SearchAction\",\"target\":{\"@type\":\"EntryPoint\",\"urlTemplate\":\"https:\/\/verdadeon.com.br\/portal\/?s={search_term_string}\"},\"query-input\":{\"@type\":\"PropertyValueSpecification\",\"valueRequired\":true,\"valueName\":\"search_term_string\"}}],\"inLanguage\":\"pt-BR\"},{\"@type\":\"Person\",\"@id\":\"https:\/\/verdadeon.com.br\/portal\/#\/schema\/person\/a5060ad1e9ea3df545188fc93ce43d2f\",\"name\":\"Redacao VerdadeOn\",\"image\":{\"@type\":\"ImageObject\",\"inLanguage\":\"pt-BR\",\"@id\":\"https:\/\/verdadeon.com.br\/portal\/#\/schema\/person\/image\/\",\"url\":\"https:\/\/secure.gravatar.com\/avatar\/459a9613caaaf07f582c3d0841eea68bdd66f533e465e6ba8b9cb45619572cf4?s=96&d=mm&r=g\",\"contentUrl\":\"https:\/\/secure.gravatar.com\/avatar\/459a9613caaaf07f582c3d0841eea68bdd66f533e465e6ba8b9cb45619572cf4?s=96&d=mm&r=g\",\"caption\":\"Redacao VerdadeOn\"},\"url\":\"https:\/\/verdadeon.com.br\/portal\/author\/redacao\/\"}]}<\/script>\n<!-- \/ Yoast SEO plugin. -->","yoast_head_json":{"title":"Outubro ter\u00e1 bandeira tarif\u00e1ria mais cara do sistema nas contas de luz - VerdadeOn","robots":{"index":"index","follow":"follow","max-snippet":"max-snippet:-1","max-image-preview":"max-image-preview:large","max-video-preview":"max-video-preview:-1"},"canonical":"https:\/\/verdadeon.com.br\/portal\/2024\/09\/28\/outubro-tera-bandeira-tarifaria-mais-cara-do-sistema-nas-contas-de-luz\/","og_locale":"pt_BR","og_type":"article","og_title":"Outubro ter\u00e1 bandeira tarif\u00e1ria mais cara do sistema nas contas de luz - VerdadeOn","og_description":"Baixa previs\u00e3o de chuva motiva acionamento de bandeira de maior custo A bandeira tarif\u00e1ria para o m\u00eas de outubro ser\u00e1 vermelha patamar 2, com cobran\u00e7a extra [\u2026]","og_url":"https:\/\/verdadeon.com.br\/portal\/2024\/09\/28\/outubro-tera-bandeira-tarifaria-mais-cara-do-sistema-nas-contas-de-luz\/","og_site_name":"VerdadeOn","article_published_time":"2024-09-28T15:12:31+00:00","og_image":[{"width":1044,"height":700,"url":"https:\/\/i0.wp.com\/verdadeon.com.br\/portal\/wp-content\/uploads\/2024\/08\/1016075-28042016-capa-img_1454a-1.webp?fit=1044%2C700&ssl=1","type":"image\/webp"}],"author":"Redacao VerdadeOn","twitter_card":"summary_large_image","twitter_misc":{"Escrito por":"Redacao VerdadeOn","Est. tempo de leitura":"3 minutos"},"schema":{"@context":"https:\/\/schema.org","@graph":[{"@type":"WebPage","@id":"https:\/\/verdadeon.com.br\/portal\/2024\/09\/28\/outubro-tera-bandeira-tarifaria-mais-cara-do-sistema-nas-contas-de-luz\/","url":"https:\/\/verdadeon.com.br\/portal\/2024\/09\/28\/outubro-tera-bandeira-tarifaria-mais-cara-do-sistema-nas-contas-de-luz\/","name":"Outubro ter\u00e1 bandeira tarif\u00e1ria mais cara do sistema nas contas de luz - VerdadeOn","isPartOf":{"@id":"https:\/\/verdadeon.com.br\/portal\/#website"},"primaryImageOfPage":{"@id":"https:\/\/verdadeon.com.br\/portal\/2024\/09\/28\/outubro-tera-bandeira-tarifaria-mais-cara-do-sistema-nas-contas-de-luz\/#primaryimage"},"image":{"@id":"https:\/\/verdadeon.com.br\/portal\/2024\/09\/28\/outubro-tera-bandeira-tarifaria-mais-cara-do-sistema-nas-contas-de-luz\/#primaryimage"},"thumbnailUrl":"https:\/\/i0.wp.com\/verdadeon.com.br\/portal\/wp-content\/uploads\/2024\/08\/1016075-28042016-capa-img_1454a-1.webp?fit=1044%2C700&ssl=1","datePublished":"2024-09-28T15:12:31+00:00","author":{"@id":"https:\/\/verdadeon.com.br\/portal\/#\/schema\/person\/a5060ad1e9ea3df545188fc93ce43d2f"},"breadcrumb":{"@id":"https:\/\/verdadeon.com.br\/portal\/2024\/09\/28\/outubro-tera-bandeira-tarifaria-mais-cara-do-sistema-nas-contas-de-luz\/#breadcrumb"},"inLanguage":"pt-BR","potentialAction":[{"@type":"ReadAction","target":["https:\/\/verdadeon.com.br\/portal\/2024\/09\/28\/outubro-tera-bandeira-tarifaria-mais-cara-do-sistema-nas-contas-de-luz\/"]}]},{"@type":"ImageObject","inLanguage":"pt-BR","@id":"https:\/\/verdadeon.com.br\/portal\/2024\/09\/28\/outubro-tera-bandeira-tarifaria-mais-cara-do-sistema-nas-contas-de-luz\/#primaryimage","url":"https:\/\/i0.wp.com\/verdadeon.com.br\/portal\/wp-content\/uploads\/2024\/08\/1016075-28042016-capa-img_1454a-1.webp?fit=1044%2C700&ssl=1","contentUrl":"https:\/\/i0.wp.com\/verdadeon.com.br\/portal\/wp-content\/uploads\/2024\/08\/1016075-28042016-capa-img_1454a-1.webp?fit=1044%2C700&ssl=1","width":1044,"height":700,"caption":"Segundo a Aneel, as bandeiras permitem ao consumidor um papel mais ativo na defini\u00e7\u00e3o de sua conta de energia (\u00a9Marcelo Camargo\/Ag\u00eancia Brasil)"},{"@type":"BreadcrumbList","@id":"https:\/\/verdadeon.com.br\/portal\/2024\/09\/28\/outubro-tera-bandeira-tarifaria-mais-cara-do-sistema-nas-contas-de-luz\/#breadcrumb","itemListElement":[{"@type":"ListItem","position":1,"name":"In\u00edcio","item":"https:\/\/verdadeon.com.br\/portal\/"},{"@type":"ListItem","position":2,"name":"Outubro ter\u00e1 bandeira tarif\u00e1ria mais cara do sistema nas contas de luz"}]},{"@type":"WebSite","@id":"https:\/\/verdadeon.com.br\/portal\/#website","url":"https:\/\/verdadeon.com.br\/portal\/","name":"VerdadeOn","description":"Not\u00edcias di\u00e1rias sobre Franca, Regi\u00e3o, Esporte, Cultura, Cotidiano, Colunas. Cobertura nos principais eventos da cidade \u00e9 aqui - Verdadeon Franca","potentialAction":[{"@type":"SearchAction","target":{"@type":"EntryPoint","urlTemplate":"https:\/\/verdadeon.com.br\/portal\/?s={search_term_string}"},"query-input":{"@type":"PropertyValueSpecification","valueRequired":true,"valueName":"search_term_string"}}],"inLanguage":"pt-BR"},{"@type":"Person","@id":"https:\/\/verdadeon.com.br\/portal\/#\/schema\/person\/a5060ad1e9ea3df545188fc93ce43d2f","name":"Redacao VerdadeOn","image":{"@type":"ImageObject","inLanguage":"pt-BR","@id":"https:\/\/verdadeon.com.br\/portal\/#\/schema\/person\/image\/","url":"https:\/\/secure.gravatar.com\/avatar\/459a9613caaaf07f582c3d0841eea68bdd66f533e465e6ba8b9cb45619572cf4?s=96&d=mm&r=g","contentUrl":"https:\/\/secure.gravatar.com\/avatar\/459a9613caaaf07f582c3d0841eea68bdd66f533e465e6ba8b9cb45619572cf4?s=96&d=mm&r=g","caption":"Redacao VerdadeOn"},"url":"https:\/\/verdadeon.com.br\/portal\/author\/redacao\/"}]}},"jetpack_publicize_connections":[],"jetpack_featured_media_url":"https:\/\/i0.wp.com\/verdadeon.com.br\/portal\/wp-content\/uploads\/2024\/08\/1016075-28042016-capa-img_1454a-1.webp?fit=1044%2C700&ssl=1","jetpack_sharing_enabled":true,"_links":{"self":[{"href":"https:\/\/verdadeon.com.br\/portal\/wp-json\/wp\/v2\/posts\/50148","targetHints":{"allow":["GET"]}}],"collection":[{"href":"https:\/\/verdadeon.com.br\/portal\/wp-json\/wp\/v2\/posts"}],"about":[{"href":"https:\/\/verdadeon.com.br\/portal\/wp-json\/wp\/v2\/types\/post"}],"author":[{"embeddable":true,"href":"https:\/\/verdadeon.com.br\/portal\/wp-json\/wp\/v2\/users\/10"}],"replies":[{"embeddable":true,"href":"https:\/\/verdadeon.com.br\/portal\/wp-json\/wp\/v2\/comments?post=50148"}],"version-history":[{"count":1,"href":"https:\/\/verdadeon.com.br\/portal\/wp-json\/wp\/v2\/posts\/50148\/revisions"}],"predecessor-version":[{"id":50149,"href":"https:\/\/verdadeon.com.br\/portal\/wp-json\/wp\/v2\/posts\/50148\/revisions\/50149"}],"wp:featuredmedia":[{"embeddable":true,"href":"https:\/\/verdadeon.com.br\/portal\/wp-json\/wp\/v2\/media\/49115"}],"wp:attachment":[{"href":"https:\/\/verdadeon.com.br\/portal\/wp-json\/wp\/v2\/media?parent=50148"}],"wp:term":[{"taxonomy":"category","embeddable":true,"href":"https:\/\/verdadeon.com.br\/portal\/wp-json\/wp\/v2\/categories?post=50148"},{"taxonomy":"post_tag","embeddable":true,"href":"https:\/\/verdadeon.com.br\/portal\/wp-json\/wp\/v2\/tags?post=50148"}],"curies":[{"name":"wp","href":"https:\/\/api.w.org\/{rel}","templated":true}]}}