{"id":50143,"date":"2024-09-28T12:03:02","date_gmt":"2024-09-28T15:03:02","guid":{"rendered":"https:\/\/verdadeon.com.br\/portal\/?p=50143"},"modified":"2024-09-28T12:07:22","modified_gmt":"2024-09-28T15:07:22","slug":"franca-pode-chegar-a-37c-no-meio-da-semana-chance-minima-de-chuva-na-sexta-feira","status":"publish","type":"post","link":"https:\/\/verdadeon.com.br\/portal\/2024\/09\/28\/franca-pode-chegar-a-37c-no-meio-da-semana-chance-minima-de-chuva-na-sexta-feira\/","title":{"rendered":"Franca pode chegar a 37\u00b0C no meio da semana; chance m\u00ednima de chuva na sexta-feira"},"content":{"rendered":"<h2>Calor deve se prolongar pelos pr\u00f3ximos dias<\/h2>\n<p>A cidade de Franca se prepara para os mais altos picos de calor nesta semana, segundo o que informa o Instituto Climatempo. Na \u00faltima quinta-feira, 26, o munic\u00edpio bateu recorde de calor, chegando a 35,8\u00baC, conforme informado pelo Instituto Nacional de Meteorologia (INMET). As possibilidades de chuva, entretanto, continuam baix\u00edssimas. Confira a previs\u00e3o:<\/p>\n<p>Neste domingo, 29 de setembro,\u00a0 m\u00ednimas de 20\u00b0C e m\u00e1ximas de de 33\u00b0C. Faz sol com algumas nuvens, mas n\u00e3o chove.<\/p>\n<p>Na segunda-feira, 30, as temperaturas praticamente se equivalem, subindo apenas 1\u00b0C na m\u00ednima do dia anterior. Sol e algumas nuvens no c\u00e9u; n\u00e3o chove.<\/p>\n<p>Na ter\u00e7a-feira, 1\u00b0 de outubro, o calor come\u00e7a a aumentar, e as m\u00e1ximas v\u00e3o a 34\u00b0C. Tamb\u00e9m, sol e algumas nuvens, sem chuvas.<\/p>\n<p>Na quarta-feira, 2, o munic\u00edpio francano pode atingir seu \u00e1pice. M\u00ednimas de 22\u00b0C e m\u00e1ximas de 37\u00b0C. Haver\u00e1 sol e muitas nuvens \u00e0 tarde. \u00c0 noite, o c\u00e9u continua com muita nebulosidade, por\u00e9m, sem precip\u00edta\u00e7\u00f5es.<\/p>\n<p>Na quinta-feira, 3, os term\u00f4metros permanecem da mesma forma. Sol com muitas nuvens durante o dia e per\u00edodos de c\u00e9u nublado. Noite com muitas nuvens, ainda sem incid\u00eancia de chuva.<\/p>\n<p>A coisa pode mudar um pouco na sexta-feira, 4, com pequena queda nas temperaturas: m\u00ednimas de 22\u00b0C e m\u00e1ximas de 33\u00b0C. Sol e aumento de nuvens de manh\u00e3. Pancadas de chuva de at\u00e9 0.2mm \u00e0 tarde. Noite de tempo aberto.<\/p>\n<p>No s\u00e1bado, 5, as m\u00ednimas caem para 21\u00b0C. As m\u00e1ximas sobem a 34\u00b0C. Faz sol com algumas nuvens e n\u00e3o chove.<\/p>\n<p>No domingo, 6, o clima se aquece um pouco mais, semelhante \u00e0 quarta-feira. M\u00ednimas de 22\u00b0C e m\u00e1ximas de 37\u00b0C. Faz tamb\u00e9m sol com algumas nuvens, mas n\u00e3o chove.<\/p>\n<p><strong>Inc\u00eandios impactam opini\u00e3o da popula\u00e7\u00e3o sobre o pa\u00eds na regi\u00e3o\u00a0<span class=\"il\">Sudeste<\/span><\/strong><\/p>\n<p>A onda de calor e de inc\u00eandios que assola o pa\u00eds parece n\u00e3o ter afetado a sensa\u00e7\u00e3o positiva de quem vive na regi\u00e3o\u00a0<span class=\"il\">Sudeste<\/span>. Essa \u00e9 uma das conclus\u00f5es da \u00faltima Pesquisa Bimestral RADAR FEBRABAN, que avalia a percep\u00e7\u00e3o e expectativa da sociedade sobre a vida, aspectos da economia e prioridades para o pa\u00eds.<\/p>\n<p>Ao serem perguntados se o Brasil estava melhor agora do que no ano passado, 48% dos moradores da regi\u00e3o responderam que o pa\u00eds se encontrava em melhor situa\u00e7\u00e3o. O resultado significa um crescimento de seis pontos percentuais em rela\u00e7\u00e3o \u00e0 vis\u00e3o de julho passado. Foi a \u00fanica regi\u00e3o em que houve aumento da avalia\u00e7\u00e3o positiva sobre o pa\u00eds em toda a pesquisa. Todas as demais registraram decr\u00e9scimo nessa avalia\u00e7\u00e3o: Norte teve 14 pontos percentuais a menos, seguido do Nordeste (-12), Sul (-7) e Centro-Oeste (-5).<\/p>\n<p>Ainda em rela\u00e7\u00e3o aos resultados do\u00a0<span class=\"il\">Sudeste<\/span>, 26% disseram que o pa\u00eds est\u00e1 igual em rela\u00e7\u00e3o ao ano passado; 26% acreditam que o pa\u00eds piorou, enquanto 1% n\u00e3o souberam ou n\u00e3o quiseram responder.<\/p>\n<p>Na m\u00e9dia nacional, 42% avaliaram que o pa\u00eds melhorou em rela\u00e7\u00e3o a 2023, quatro pontos a menos que o registrado em julho. \u00c9 praticamente est\u00e1vel o contingente que acha que o pa\u00eds est\u00e1 igual ao ano passado (32%, um ponto a mais que na onda anterior). Por sua vez, a percep\u00e7\u00e3o de piora sofreu varia\u00e7\u00e3o de mais dois pontos, indo de 23% em julho para 25% em setembro. Considerado o horizonte de 12 meses, o movimento tamb\u00e9m \u00e9 de recuo da percep\u00e7\u00e3o de melhoria.<\/p>\n<p>A an\u00e1lise da pesquisa destaca que o Brasil vive \u201ca pior seca dos \u00faltimos 70 anos, o que tem provocado ondas de calor, graves queimadas e ondas de fuma\u00e7a em grande parte do pa\u00eds, afetando a sa\u00fade da popula\u00e7\u00e3o, os pre\u00e7os dos alimentos, a economia dos munic\u00edpios, entre outros. Como os resultados do levantamento atual mostram, esse cen\u00e1rio afeta o humor da sociedade, a agenda de prioridades e a percep\u00e7\u00e3o sobre o pa\u00eds\u201d.<\/p>\n<p>Ainda segundo a pesquisa, a preocupa\u00e7\u00e3o em rela\u00e7\u00e3o ao pa\u00eds n\u00e3o impede o otimismo do brasileiro em rela\u00e7\u00e3o \u00e0 vida pessoal: 66% dos entrevistados na regi\u00e3o acreditam que at\u00e9 o final de 2024 a vida pessoal e de sua fam\u00edlia v\u00e3o melhorar, enquanto 30% disseram que essa situa\u00e7\u00e3o vai ficar igual ou piorar.<\/p>\n<p>\u201cO que explica o paradoxo, \u00e0 primeira vista, entre a percep\u00e7\u00e3o do pa\u00eds e os sentimentos quanto \u00e0 vida pessoal? A vis\u00e3o do pa\u00eds foi afetada pela repercuss\u00e3o da trag\u00e9dia natural \u2013 seca severa e queimadas generalizadas \u2013 ao passo que a din\u00e2mica da economia, com baixo desemprego e PIB em ascens\u00e3o, leva as pessoas a serem otimistas na dimens\u00e3o pessoal\u201d, aponta o soci\u00f3logo e cientista pol\u00edtico Antonio Lavareda, presidente do Conselho Cient\u00edfico\u00a0do\u00a0IPESPE.<\/p>\n<p><strong>Sobre a Pesquisa Radar Febraban<\/strong><br \/>\nRealizada entre os dias 9 e 15 de setembro com 2 mil pessoas nas cinco regi\u00f5es do pa\u00eds pelo Instituto de Pesquisas Sociais, Pol\u00edticas e Econ\u00f4micas (IPESPE), esta edi\u00e7\u00e3o do RADAR FEBRABAN mapeia v\u00e1rios aspectos, percep\u00e7\u00f5es e expectativas da popula\u00e7\u00e3o sobre itens que afetam a economia, como o endividamento, o uso do Pix e o Cr\u00e9dito Consignado, entre outros.<\/p>\n","protected":false},"excerpt":{"rendered":"<p>Calor deve se prolongar pelos pr\u00f3ximos dias A cidade de Franca se prepara para os mais altos picos de calor nesta semana, segundo o que informa<span class=\"excerpt-hellip\"> [\u2026]<\/span><\/p>\n","protected":false},"author":10,"featured_media":37036,"comment_status":"open","ping_status":"open","sticky":false,"template":"","format":"standard","meta":{"_jetpack_memberships_contains_paid_content":false,"footnotes":"","jetpack_publicize_message":"","jetpack_publicize_feature_enabled":true,"jetpack_social_post_already_shared":true,"jetpack_social_options":{"image_generator_settings":{"template":"highway","default_image_id":0,"enabled":false},"version":2}},"categories":[28,81],"tags":[],"class_list":["post-50143","post","type-post","status-publish","format-standard","has-post-thumbnail","hentry","category-cotidiano","category-manchete"],"yoast_head":"<!-- This site is optimized with the Yoast SEO plugin v25.6 - https:\/\/yoast.com\/wordpress\/plugins\/seo\/ -->\n<title>Franca pode chegar a 37\u00b0C no meio da semana; chance m\u00ednima de chuva na sexta-feira - VerdadeOn<\/title>\n<meta name=\"robots\" content=\"index, follow, max-snippet:-1, max-image-preview:large, max-video-preview:-1\" \/>\n<link rel=\"canonical\" href=\"https:\/\/verdadeon.com.br\/portal\/2024\/09\/28\/franca-pode-chegar-a-37c-no-meio-da-semana-chance-minima-de-chuva-na-sexta-feira\/\" \/>\n<meta property=\"og:locale\" content=\"pt_BR\" \/>\n<meta property=\"og:type\" content=\"article\" \/>\n<meta property=\"og:title\" content=\"Franca pode chegar a 37\u00b0C no meio da semana; chance m\u00ednima de chuva na sexta-feira - VerdadeOn\" \/>\n<meta property=\"og:description\" content=\"Calor deve se prolongar pelos pr\u00f3ximos dias A cidade de Franca se prepara para os mais altos picos de calor nesta semana, segundo o que informa [\u2026]\" \/>\n<meta property=\"og:url\" content=\"https:\/\/verdadeon.com.br\/portal\/2024\/09\/28\/franca-pode-chegar-a-37c-no-meio-da-semana-chance-minima-de-chuva-na-sexta-feira\/\" \/>\n<meta property=\"og:site_name\" content=\"VerdadeOn\" \/>\n<meta property=\"article:published_time\" content=\"2024-09-28T15:03:02+00:00\" \/>\n<meta property=\"article:modified_time\" content=\"2024-09-28T15:07:22+00:00\" \/>\n<meta property=\"og:image\" content=\"https:\/\/verdadeon.com.br\/portal\/wp-content\/uploads\/2023\/08\/por-do-sol-de-tirar-o-folego-a-noite-scaled.jpg\" \/>\n\t<meta property=\"og:image:width\" content=\"2560\" \/>\n\t<meta property=\"og:image:height\" content=\"1715\" \/>\n\t<meta property=\"og:image:type\" content=\"image\/jpeg\" \/>\n<meta name=\"author\" content=\"Redacao VerdadeOn\" \/>\n<meta name=\"twitter:card\" content=\"summary_large_image\" \/>\n<meta name=\"twitter:label1\" content=\"Escrito por\" \/>\n\t<meta name=\"twitter:data1\" content=\"Redacao VerdadeOn\" \/>\n\t<meta name=\"twitter:label2\" content=\"Est. tempo de leitura\" \/>\n\t<meta name=\"twitter:data2\" content=\"5 minutos\" \/>\n<script type=\"application\/ld+json\" class=\"yoast-schema-graph\">{\"@context\":\"https:\/\/schema.org\",\"@graph\":[{\"@type\":\"WebPage\",\"@id\":\"https:\/\/verdadeon.com.br\/portal\/2024\/09\/28\/franca-pode-chegar-a-37c-no-meio-da-semana-chance-minima-de-chuva-na-sexta-feira\/\",\"url\":\"https:\/\/verdadeon.com.br\/portal\/2024\/09\/28\/franca-pode-chegar-a-37c-no-meio-da-semana-chance-minima-de-chuva-na-sexta-feira\/\",\"name\":\"Franca pode chegar a 37\u00b0C no meio da semana; chance m\u00ednima de chuva na sexta-feira - VerdadeOn\",\"isPartOf\":{\"@id\":\"https:\/\/verdadeon.com.br\/portal\/#website\"},\"primaryImageOfPage\":{\"@id\":\"https:\/\/verdadeon.com.br\/portal\/2024\/09\/28\/franca-pode-chegar-a-37c-no-meio-da-semana-chance-minima-de-chuva-na-sexta-feira\/#primaryimage\"},\"image\":{\"@id\":\"https:\/\/verdadeon.com.br\/portal\/2024\/09\/28\/franca-pode-chegar-a-37c-no-meio-da-semana-chance-minima-de-chuva-na-sexta-feira\/#primaryimage\"},\"thumbnailUrl\":\"https:\/\/i0.wp.com\/verdadeon.com.br\/portal\/wp-content\/uploads\/2023\/08\/por-do-sol-de-tirar-o-folego-a-noite-scaled.jpg?fit=2560%2C1715&ssl=1\",\"datePublished\":\"2024-09-28T15:03:02+00:00\",\"dateModified\":\"2024-09-28T15:07:22+00:00\",\"author\":{\"@id\":\"https:\/\/verdadeon.com.br\/portal\/#\/schema\/person\/a5060ad1e9ea3df545188fc93ce43d2f\"},\"breadcrumb\":{\"@id\":\"https:\/\/verdadeon.com.br\/portal\/2024\/09\/28\/franca-pode-chegar-a-37c-no-meio-da-semana-chance-minima-de-chuva-na-sexta-feira\/#breadcrumb\"},\"inLanguage\":\"pt-BR\",\"potentialAction\":[{\"@type\":\"ReadAction\",\"target\":[\"https:\/\/verdadeon.com.br\/portal\/2024\/09\/28\/franca-pode-chegar-a-37c-no-meio-da-semana-chance-minima-de-chuva-na-sexta-feira\/\"]}]},{\"@type\":\"ImageObject\",\"inLanguage\":\"pt-BR\",\"@id\":\"https:\/\/verdadeon.com.br\/portal\/2024\/09\/28\/franca-pode-chegar-a-37c-no-meio-da-semana-chance-minima-de-chuva-na-sexta-feira\/#primaryimage\",\"url\":\"https:\/\/i0.wp.com\/verdadeon.com.br\/portal\/wp-content\/uploads\/2023\/08\/por-do-sol-de-tirar-o-folego-a-noite-scaled.jpg?fit=2560%2C1715&ssl=1\",\"contentUrl\":\"https:\/\/i0.wp.com\/verdadeon.com.br\/portal\/wp-content\/uploads\/2023\/08\/por-do-sol-de-tirar-o-folego-a-noite-scaled.jpg?fit=2560%2C1715&ssl=1\",\"width\":2560,\"height\":1715,\"caption\":\"Semana deve se manter na casa dos 30\u00b0C em Franca (\u00a9Freepik)\"},{\"@type\":\"BreadcrumbList\",\"@id\":\"https:\/\/verdadeon.com.br\/portal\/2024\/09\/28\/franca-pode-chegar-a-37c-no-meio-da-semana-chance-minima-de-chuva-na-sexta-feira\/#breadcrumb\",\"itemListElement\":[{\"@type\":\"ListItem\",\"position\":1,\"name\":\"In\u00edcio\",\"item\":\"https:\/\/verdadeon.com.br\/portal\/\"},{\"@type\":\"ListItem\",\"position\":2,\"name\":\"Franca pode chegar a 37\u00b0C no meio da semana; chance m\u00ednima de chuva na sexta-feira\"}]},{\"@type\":\"WebSite\",\"@id\":\"https:\/\/verdadeon.com.br\/portal\/#website\",\"url\":\"https:\/\/verdadeon.com.br\/portal\/\",\"name\":\"VerdadeOn\",\"description\":\"Not\u00edcias di\u00e1rias sobre Franca, Regi\u00e3o, Esporte, Cultura, Cotidiano, Colunas. Cobertura nos principais eventos da cidade \u00e9 aqui - Verdadeon Franca\",\"potentialAction\":[{\"@type\":\"SearchAction\",\"target\":{\"@type\":\"EntryPoint\",\"urlTemplate\":\"https:\/\/verdadeon.com.br\/portal\/?s={search_term_string}\"},\"query-input\":{\"@type\":\"PropertyValueSpecification\",\"valueRequired\":true,\"valueName\":\"search_term_string\"}}],\"inLanguage\":\"pt-BR\"},{\"@type\":\"Person\",\"@id\":\"https:\/\/verdadeon.com.br\/portal\/#\/schema\/person\/a5060ad1e9ea3df545188fc93ce43d2f\",\"name\":\"Redacao VerdadeOn\",\"image\":{\"@type\":\"ImageObject\",\"inLanguage\":\"pt-BR\",\"@id\":\"https:\/\/verdadeon.com.br\/portal\/#\/schema\/person\/image\/\",\"url\":\"https:\/\/secure.gravatar.com\/avatar\/459a9613caaaf07f582c3d0841eea68bdd66f533e465e6ba8b9cb45619572cf4?s=96&d=mm&r=g\",\"contentUrl\":\"https:\/\/secure.gravatar.com\/avatar\/459a9613caaaf07f582c3d0841eea68bdd66f533e465e6ba8b9cb45619572cf4?s=96&d=mm&r=g\",\"caption\":\"Redacao VerdadeOn\"},\"url\":\"https:\/\/verdadeon.com.br\/portal\/author\/redacao\/\"}]}<\/script>\n<!-- \/ Yoast SEO plugin. -->","yoast_head_json":{"title":"Franca pode chegar a 37\u00b0C no meio da semana; chance m\u00ednima de chuva na sexta-feira - VerdadeOn","robots":{"index":"index","follow":"follow","max-snippet":"max-snippet:-1","max-image-preview":"max-image-preview:large","max-video-preview":"max-video-preview:-1"},"canonical":"https:\/\/verdadeon.com.br\/portal\/2024\/09\/28\/franca-pode-chegar-a-37c-no-meio-da-semana-chance-minima-de-chuva-na-sexta-feira\/","og_locale":"pt_BR","og_type":"article","og_title":"Franca pode chegar a 37\u00b0C no meio da semana; chance m\u00ednima de chuva na sexta-feira - VerdadeOn","og_description":"Calor deve se prolongar pelos pr\u00f3ximos dias A cidade de Franca se prepara para os mais altos picos de calor nesta semana, segundo o que informa [\u2026]","og_url":"https:\/\/verdadeon.com.br\/portal\/2024\/09\/28\/franca-pode-chegar-a-37c-no-meio-da-semana-chance-minima-de-chuva-na-sexta-feira\/","og_site_name":"VerdadeOn","article_published_time":"2024-09-28T15:03:02+00:00","article_modified_time":"2024-09-28T15:07:22+00:00","og_image":[{"width":2560,"height":1715,"url":"https:\/\/verdadeon.com.br\/portal\/wp-content\/uploads\/2023\/08\/por-do-sol-de-tirar-o-folego-a-noite-scaled.jpg","type":"image\/jpeg"}],"author":"Redacao VerdadeOn","twitter_card":"summary_large_image","twitter_misc":{"Escrito por":"Redacao VerdadeOn","Est. tempo de leitura":"5 minutos"},"schema":{"@context":"https:\/\/schema.org","@graph":[{"@type":"WebPage","@id":"https:\/\/verdadeon.com.br\/portal\/2024\/09\/28\/franca-pode-chegar-a-37c-no-meio-da-semana-chance-minima-de-chuva-na-sexta-feira\/","url":"https:\/\/verdadeon.com.br\/portal\/2024\/09\/28\/franca-pode-chegar-a-37c-no-meio-da-semana-chance-minima-de-chuva-na-sexta-feira\/","name":"Franca pode chegar a 37\u00b0C no meio da semana; chance m\u00ednima de chuva na sexta-feira - VerdadeOn","isPartOf":{"@id":"https:\/\/verdadeon.com.br\/portal\/#website"},"primaryImageOfPage":{"@id":"https:\/\/verdadeon.com.br\/portal\/2024\/09\/28\/franca-pode-chegar-a-37c-no-meio-da-semana-chance-minima-de-chuva-na-sexta-feira\/#primaryimage"},"image":{"@id":"https:\/\/verdadeon.com.br\/portal\/2024\/09\/28\/franca-pode-chegar-a-37c-no-meio-da-semana-chance-minima-de-chuva-na-sexta-feira\/#primaryimage"},"thumbnailUrl":"https:\/\/i0.wp.com\/verdadeon.com.br\/portal\/wp-content\/uploads\/2023\/08\/por-do-sol-de-tirar-o-folego-a-noite-scaled.jpg?fit=2560%2C1715&ssl=1","datePublished":"2024-09-28T15:03:02+00:00","dateModified":"2024-09-28T15:07:22+00:00","author":{"@id":"https:\/\/verdadeon.com.br\/portal\/#\/schema\/person\/a5060ad1e9ea3df545188fc93ce43d2f"},"breadcrumb":{"@id":"https:\/\/verdadeon.com.br\/portal\/2024\/09\/28\/franca-pode-chegar-a-37c-no-meio-da-semana-chance-minima-de-chuva-na-sexta-feira\/#breadcrumb"},"inLanguage":"pt-BR","potentialAction":[{"@type":"ReadAction","target":["https:\/\/verdadeon.com.br\/portal\/2024\/09\/28\/franca-pode-chegar-a-37c-no-meio-da-semana-chance-minima-de-chuva-na-sexta-feira\/"]}]},{"@type":"ImageObject","inLanguage":"pt-BR","@id":"https:\/\/verdadeon.com.br\/portal\/2024\/09\/28\/franca-pode-chegar-a-37c-no-meio-da-semana-chance-minima-de-chuva-na-sexta-feira\/#primaryimage","url":"https:\/\/i0.wp.com\/verdadeon.com.br\/portal\/wp-content\/uploads\/2023\/08\/por-do-sol-de-tirar-o-folego-a-noite-scaled.jpg?fit=2560%2C1715&ssl=1","contentUrl":"https:\/\/i0.wp.com\/verdadeon.com.br\/portal\/wp-content\/uploads\/2023\/08\/por-do-sol-de-tirar-o-folego-a-noite-scaled.jpg?fit=2560%2C1715&ssl=1","width":2560,"height":1715,"caption":"Semana deve se manter na casa dos 30\u00b0C em Franca (\u00a9Freepik)"},{"@type":"BreadcrumbList","@id":"https:\/\/verdadeon.com.br\/portal\/2024\/09\/28\/franca-pode-chegar-a-37c-no-meio-da-semana-chance-minima-de-chuva-na-sexta-feira\/#breadcrumb","itemListElement":[{"@type":"ListItem","position":1,"name":"In\u00edcio","item":"https:\/\/verdadeon.com.br\/portal\/"},{"@type":"ListItem","position":2,"name":"Franca pode chegar a 37\u00b0C no meio da semana; chance m\u00ednima de chuva na sexta-feira"}]},{"@type":"WebSite","@id":"https:\/\/verdadeon.com.br\/portal\/#website","url":"https:\/\/verdadeon.com.br\/portal\/","name":"VerdadeOn","description":"Not\u00edcias di\u00e1rias sobre Franca, Regi\u00e3o, Esporte, Cultura, Cotidiano, Colunas. Cobertura nos principais eventos da cidade \u00e9 aqui - Verdadeon Franca","potentialAction":[{"@type":"SearchAction","target":{"@type":"EntryPoint","urlTemplate":"https:\/\/verdadeon.com.br\/portal\/?s={search_term_string}"},"query-input":{"@type":"PropertyValueSpecification","valueRequired":true,"valueName":"search_term_string"}}],"inLanguage":"pt-BR"},{"@type":"Person","@id":"https:\/\/verdadeon.com.br\/portal\/#\/schema\/person\/a5060ad1e9ea3df545188fc93ce43d2f","name":"Redacao VerdadeOn","image":{"@type":"ImageObject","inLanguage":"pt-BR","@id":"https:\/\/verdadeon.com.br\/portal\/#\/schema\/person\/image\/","url":"https:\/\/secure.gravatar.com\/avatar\/459a9613caaaf07f582c3d0841eea68bdd66f533e465e6ba8b9cb45619572cf4?s=96&d=mm&r=g","contentUrl":"https:\/\/secure.gravatar.com\/avatar\/459a9613caaaf07f582c3d0841eea68bdd66f533e465e6ba8b9cb45619572cf4?s=96&d=mm&r=g","caption":"Redacao VerdadeOn"},"url":"https:\/\/verdadeon.com.br\/portal\/author\/redacao\/"}]}},"jetpack_publicize_connections":[],"jetpack_featured_media_url":"https:\/\/i0.wp.com\/verdadeon.com.br\/portal\/wp-content\/uploads\/2023\/08\/por-do-sol-de-tirar-o-folego-a-noite-scaled.jpg?fit=2560%2C1715&ssl=1","jetpack_sharing_enabled":true,"_links":{"self":[{"href":"https:\/\/verdadeon.com.br\/portal\/wp-json\/wp\/v2\/posts\/50143","targetHints":{"allow":["GET"]}}],"collection":[{"href":"https:\/\/verdadeon.com.br\/portal\/wp-json\/wp\/v2\/posts"}],"about":[{"href":"https:\/\/verdadeon.com.br\/portal\/wp-json\/wp\/v2\/types\/post"}],"author":[{"embeddable":true,"href":"https:\/\/verdadeon.com.br\/portal\/wp-json\/wp\/v2\/users\/10"}],"replies":[{"embeddable":true,"href":"https:\/\/verdadeon.com.br\/portal\/wp-json\/wp\/v2\/comments?post=50143"}],"version-history":[{"count":2,"href":"https:\/\/verdadeon.com.br\/portal\/wp-json\/wp\/v2\/posts\/50143\/revisions"}],"predecessor-version":[{"id":50147,"href":"https:\/\/verdadeon.com.br\/portal\/wp-json\/wp\/v2\/posts\/50143\/revisions\/50147"}],"wp:featuredmedia":[{"embeddable":true,"href":"https:\/\/verdadeon.com.br\/portal\/wp-json\/wp\/v2\/media\/37036"}],"wp:attachment":[{"href":"https:\/\/verdadeon.com.br\/portal\/wp-json\/wp\/v2\/media?parent=50143"}],"wp:term":[{"taxonomy":"category","embeddable":true,"href":"https:\/\/verdadeon.com.br\/portal\/wp-json\/wp\/v2\/categories?post=50143"},{"taxonomy":"post_tag","embeddable":true,"href":"https:\/\/verdadeon.com.br\/portal\/wp-json\/wp\/v2\/tags?post=50143"}],"curies":[{"name":"wp","href":"https:\/\/api.w.org\/{rel}","templated":true}]}}