{"id":50138,"date":"2024-09-28T11:30:53","date_gmt":"2024-09-28T14:30:53","guid":{"rendered":"https:\/\/verdadeon.com.br\/portal\/?p=50138"},"modified":"2024-09-28T11:30:53","modified_gmt":"2024-09-28T14:30:53","slug":"camara-vota-projeto-que-institui-dia-municipal-de-conscientizacao-da-apraxia","status":"publish","type":"post","link":"https:\/\/verdadeon.com.br\/portal\/2024\/09\/28\/camara-vota-projeto-que-institui-dia-municipal-de-conscientizacao-da-apraxia\/","title":{"rendered":"C\u00e2mara vota projeto que institui Dia Municipal de Conscientiza\u00e7\u00e3o da Apraxia"},"content":{"rendered":"<h2>Pr\u00f3xima Sess\u00e3o Ordin\u00e1ria da C\u00e2mara Municipal acontece na ter\u00e7a-feira, 1\u00ba de outubro<\/h2>\n<p class=\"text-align-justify\">Os vereadores se re\u00fanem nesta ter\u00e7a-feira, 1\u00ba de outubro, para discuss\u00e3o e vota\u00e7\u00f5es de projetos na <a href=\"https:\/\/sapl.franca.sp.leg.br\/sessao\/pauta-sessao\/178\/?_ga=2.173654890.838618919.1727533668-725078081.1705758204\" rel=\"nofollow\">35\u00aa Sess\u00e3o Ordin\u00e1ria<\/a>.<\/p>\n<p class=\"text-align-justify\">No per\u00edodo da manh\u00e3 acontece o Expediente com as leituras dos documentos e of\u00edcios, al\u00e9m de uso da Tribuna tanto pelos mun\u00edcipes inscritos previamente e os pr\u00f3prios parlamentares, a partir das 9h.<\/p>\n<p class=\"text-align-justify\">\u00c0 tarde, a partir das 14h, ser\u00e3o debatidas propostas analisadas nas Comiss\u00f5es e aquelas inclu\u00eddas em regime de urg\u00eancia.<\/p>\n<p class=\"text-align-justify\">O pr\u00e9dio da Casa de Leis est\u00e1 em reformas e as sess\u00f5es oficiais do Legislativo continuam sendo realizadas no Audit\u00f3rio do Uni-Facef com entrada pela Avenida Ismael Alonso e Alonso, 2400, Bairro S\u00e3o Jos\u00e9.<\/p>\n<p><strong>Dia Municipal de Conscientiza\u00e7\u00e3o da Apraxia<\/strong><\/p>\n<p class=\"text-align-justify\">Ser\u00e1 votado o\u00a0<strong><a href=\"https:\/\/sapl.franca.sp.leg.br\/materia\/11186\" rel=\"nofollow\">Projeto de Lei n\u00ba 41\/2024<\/a><\/strong>\u00a0que institui e inclui no calend\u00e1rio oficial de eventos do munic\u00edpio de Franca o \u201cDia Municipal de Conscientiza\u00e7\u00e3o da Apraxia de fala na inf\u00e2ncia\u201d, e d\u00e1 outras provid\u00eancias.<\/p>\n<p class=\"text-align-justify\">No dia 14 de maio, \u00e9 celebrado o Dia da Conscientiza\u00e7\u00e3o pela Apraxia de Fala na Inf\u00e2ncia nos Estados Unidos, Canad\u00e1 e em diversos pa\u00edses do mundo.<\/p>\n<p class=\"text-align-justify\">Em 2016, inspirado nesse movimento, um grupo de pais de crian\u00e7as portadoras desse transtorno motor de fala fundaram a ASSOCIA\u00c7\u00c3O BRASILEIRA DE APRAXIA DE FALA NA INF\u00c2NCIA \u2013 ABRAPRAXIA, que tinha como miss\u00e3o a divulga\u00e7\u00e3o do diagn\u00f3stico de apraxia de fala na inf\u00e2ncia no Brasil.<\/p>\n<p class=\"text-align-justify\">A Apraxia de Fala na Inf\u00e2ncia (AFI) \u00e9 um tipo de transtorno motor de fala que afeta a habilidade para sequencializar os movimentos necess\u00e1rios para a produ\u00e7\u00e3o dos sons da fala, que atinge uma ou duas a cada mil crian\u00e7as. A crian\u00e7a tem ideia do que quer comunicar, mas parece \u201cn\u00e3o saber o que fazer\u201d com sua boca.<\/p>\n<p class=\"text-align-justify\">Seu c\u00e9rebro falha ao planejar e programar a sequ\u00eancia de movimentos\/gestos motores da mand\u00edbula, dos l\u00e1bios, da l\u00edngua e de outros articuladores, respons\u00e1veis por produzir os sons que formam s\u00edlabas, palavras e frases. Essas crian\u00e7as compreendem bem a linguagem, mas falar \u00e9 um grande desafio.<\/p>\n<p class=\"text-align-justify\">Os autores da proposta Daniel Bassi (PSD) e Donizete da Farm\u00e1cia (MDB) argumentam: &#8220;\u00c9 fundamental que os pais estejam cientes dos sinais precoces desse transtorno para que possam buscar o tratamento adequado o mais cedo poss\u00edvel&#8221;.<\/p>\n<p class=\"text-align-justify\">&#8220;A exist\u00eancia deste dia de conscientiza\u00e7\u00e3o proporcionar\u00e1 uma oportunidade para a divulga\u00e7\u00e3o das atividades da Abrapaxia, que desempenha um papel fundamental na dissemina\u00e7\u00e3o de informa\u00e7\u00f5es e no apoio \u00e0s fam\u00edlias afetadas por esse transtorno. Com a devida informa\u00e7\u00e3o e divulga\u00e7\u00e3o dos sintomas, a identifica\u00e7\u00e3o do diagn\u00f3stico acontece mais r\u00e1pido, e com isso o tratamento precoce ocorre. Vale ressaltar, que h\u00e1 uma diversidade de caracter\u00edsticas envolvidas nos quadros de Apraxia de fala na Inf\u00e2ncia, variando de crian\u00e7a para crian\u00e7a. Alguns desses aspectos, s\u00e3o observados em crian\u00e7as com outros tipos de transtornos que afetam a aquisi\u00e7\u00e3o dos sons, o que torna o diagn\u00f3stico da AFI diferente e desafiador&#8221;, defendem os parlamentares.<\/p>\n","protected":false},"excerpt":{"rendered":"<p>Pr\u00f3xima Sess\u00e3o Ordin\u00e1ria da C\u00e2mara Municipal acontece na ter\u00e7a-feira, 1\u00ba de outubro Os vereadores se re\u00fanem nesta ter\u00e7a-feira, 1\u00ba de outubro, para discuss\u00e3o e vota\u00e7\u00f5es de<span class=\"excerpt-hellip\"> [\u2026]<\/span><\/p>\n","protected":false},"author":10,"featured_media":44777,"comment_status":"open","ping_status":"open","sticky":false,"template":"","format":"standard","meta":{"_jetpack_memberships_contains_paid_content":false,"footnotes":"","jetpack_publicize_message":"","jetpack_publicize_feature_enabled":true,"jetpack_social_post_already_shared":true,"jetpack_social_options":{"image_generator_settings":{"template":"highway","default_image_id":0,"enabled":false},"version":2}},"categories":[28,44],"tags":[],"class_list":["post-50138","post","type-post","status-publish","format-standard","has-post-thumbnail","hentry","category-cotidiano","category-noticias"],"yoast_head":"<!-- This site is optimized with the Yoast SEO plugin v25.6 - https:\/\/yoast.com\/wordpress\/plugins\/seo\/ -->\n<title>C\u00e2mara vota projeto que institui Dia Municipal de Conscientiza\u00e7\u00e3o da Apraxia - VerdadeOn<\/title>\n<meta name=\"robots\" content=\"index, follow, max-snippet:-1, max-image-preview:large, max-video-preview:-1\" \/>\n<link rel=\"canonical\" href=\"https:\/\/verdadeon.com.br\/portal\/2024\/09\/28\/camara-vota-projeto-que-institui-dia-municipal-de-conscientizacao-da-apraxia\/\" \/>\n<meta property=\"og:locale\" content=\"pt_BR\" \/>\n<meta property=\"og:type\" content=\"article\" \/>\n<meta property=\"og:title\" content=\"C\u00e2mara vota projeto que institui Dia Municipal de Conscientiza\u00e7\u00e3o da Apraxia - VerdadeOn\" \/>\n<meta property=\"og:description\" content=\"Pr\u00f3xima Sess\u00e3o Ordin\u00e1ria da C\u00e2mara Municipal acontece na ter\u00e7a-feira, 1\u00ba de outubro Os vereadores se re\u00fanem nesta ter\u00e7a-feira, 1\u00ba de outubro, para discuss\u00e3o e vota\u00e7\u00f5es de [\u2026]\" \/>\n<meta property=\"og:url\" content=\"https:\/\/verdadeon.com.br\/portal\/2024\/09\/28\/camara-vota-projeto-que-institui-dia-municipal-de-conscientizacao-da-apraxia\/\" \/>\n<meta property=\"og:site_name\" content=\"VerdadeOn\" \/>\n<meta property=\"article:published_time\" content=\"2024-09-28T14:30:53+00:00\" \/>\n<meta property=\"og:image\" content=\"https:\/\/verdadeon.com.br\/portal\/wp-content\/uploads\/2024\/05\/auditoriounifacef-2-1.jpg\" \/>\n\t<meta property=\"og:image:width\" content=\"868\" \/>\n\t<meta property=\"og:image:height\" content=\"582\" \/>\n\t<meta property=\"og:image:type\" content=\"image\/jpeg\" \/>\n<meta name=\"author\" content=\"Redacao VerdadeOn\" \/>\n<meta name=\"twitter:card\" content=\"summary_large_image\" \/>\n<meta name=\"twitter:label1\" content=\"Escrito por\" \/>\n\t<meta name=\"twitter:data1\" content=\"Redacao VerdadeOn\" \/>\n\t<meta name=\"twitter:label2\" content=\"Est. tempo de leitura\" \/>\n\t<meta name=\"twitter:data2\" content=\"3 minutos\" \/>\n<script type=\"application\/ld+json\" class=\"yoast-schema-graph\">{\"@context\":\"https:\/\/schema.org\",\"@graph\":[{\"@type\":\"WebPage\",\"@id\":\"https:\/\/verdadeon.com.br\/portal\/2024\/09\/28\/camara-vota-projeto-que-institui-dia-municipal-de-conscientizacao-da-apraxia\/\",\"url\":\"https:\/\/verdadeon.com.br\/portal\/2024\/09\/28\/camara-vota-projeto-que-institui-dia-municipal-de-conscientizacao-da-apraxia\/\",\"name\":\"C\u00e2mara vota projeto que institui Dia Municipal de Conscientiza\u00e7\u00e3o da Apraxia - VerdadeOn\",\"isPartOf\":{\"@id\":\"https:\/\/verdadeon.com.br\/portal\/#website\"},\"primaryImageOfPage\":{\"@id\":\"https:\/\/verdadeon.com.br\/portal\/2024\/09\/28\/camara-vota-projeto-que-institui-dia-municipal-de-conscientizacao-da-apraxia\/#primaryimage\"},\"image\":{\"@id\":\"https:\/\/verdadeon.com.br\/portal\/2024\/09\/28\/camara-vota-projeto-que-institui-dia-municipal-de-conscientizacao-da-apraxia\/#primaryimage\"},\"thumbnailUrl\":\"https:\/\/i0.wp.com\/verdadeon.com.br\/portal\/wp-content\/uploads\/2024\/05\/auditoriounifacef-2-1.jpg?fit=868%2C582&ssl=1\",\"datePublished\":\"2024-09-28T14:30:53+00:00\",\"author\":{\"@id\":\"https:\/\/verdadeon.com.br\/portal\/#\/schema\/person\/a5060ad1e9ea3df545188fc93ce43d2f\"},\"breadcrumb\":{\"@id\":\"https:\/\/verdadeon.com.br\/portal\/2024\/09\/28\/camara-vota-projeto-que-institui-dia-municipal-de-conscientizacao-da-apraxia\/#breadcrumb\"},\"inLanguage\":\"pt-BR\",\"potentialAction\":[{\"@type\":\"ReadAction\",\"target\":[\"https:\/\/verdadeon.com.br\/portal\/2024\/09\/28\/camara-vota-projeto-que-institui-dia-municipal-de-conscientizacao-da-apraxia\/\"]}]},{\"@type\":\"ImageObject\",\"inLanguage\":\"pt-BR\",\"@id\":\"https:\/\/verdadeon.com.br\/portal\/2024\/09\/28\/camara-vota-projeto-que-institui-dia-municipal-de-conscientizacao-da-apraxia\/#primaryimage\",\"url\":\"https:\/\/i0.wp.com\/verdadeon.com.br\/portal\/wp-content\/uploads\/2024\/05\/auditoriounifacef-2-1.jpg?fit=868%2C582&ssl=1\",\"contentUrl\":\"https:\/\/i0.wp.com\/verdadeon.com.br\/portal\/wp-content\/uploads\/2024\/05\/auditoriounifacef-2-1.jpg?fit=868%2C582&ssl=1\",\"width\":868,\"height\":582,\"caption\":\"As sess\u00f5es oficiais do Legislativo continuar\u00e3o sendo realizadas no Audit\u00f3rio do Uni-Facef com entrada pela Avenida Ismael Alonso e Alonso, 2400, Bairro S\u00e3o Jos\u00e9, at\u00e9 o fim das obras na C\u00e2mara Municipal (\u00a9Divulga\u00e7\u00e3o)\"},{\"@type\":\"BreadcrumbList\",\"@id\":\"https:\/\/verdadeon.com.br\/portal\/2024\/09\/28\/camara-vota-projeto-que-institui-dia-municipal-de-conscientizacao-da-apraxia\/#breadcrumb\",\"itemListElement\":[{\"@type\":\"ListItem\",\"position\":1,\"name\":\"In\u00edcio\",\"item\":\"https:\/\/verdadeon.com.br\/portal\/\"},{\"@type\":\"ListItem\",\"position\":2,\"name\":\"C\u00e2mara vota projeto que institui Dia Municipal de Conscientiza\u00e7\u00e3o da Apraxia\"}]},{\"@type\":\"WebSite\",\"@id\":\"https:\/\/verdadeon.com.br\/portal\/#website\",\"url\":\"https:\/\/verdadeon.com.br\/portal\/\",\"name\":\"VerdadeOn\",\"description\":\"Not\u00edcias di\u00e1rias sobre Franca, Regi\u00e3o, Esporte, Cultura, Cotidiano, Colunas. Cobertura nos principais eventos da cidade \u00e9 aqui - Verdadeon Franca\",\"potentialAction\":[{\"@type\":\"SearchAction\",\"target\":{\"@type\":\"EntryPoint\",\"urlTemplate\":\"https:\/\/verdadeon.com.br\/portal\/?s={search_term_string}\"},\"query-input\":{\"@type\":\"PropertyValueSpecification\",\"valueRequired\":true,\"valueName\":\"search_term_string\"}}],\"inLanguage\":\"pt-BR\"},{\"@type\":\"Person\",\"@id\":\"https:\/\/verdadeon.com.br\/portal\/#\/schema\/person\/a5060ad1e9ea3df545188fc93ce43d2f\",\"name\":\"Redacao VerdadeOn\",\"image\":{\"@type\":\"ImageObject\",\"inLanguage\":\"pt-BR\",\"@id\":\"https:\/\/verdadeon.com.br\/portal\/#\/schema\/person\/image\/\",\"url\":\"https:\/\/secure.gravatar.com\/avatar\/459a9613caaaf07f582c3d0841eea68bdd66f533e465e6ba8b9cb45619572cf4?s=96&d=mm&r=g\",\"contentUrl\":\"https:\/\/secure.gravatar.com\/avatar\/459a9613caaaf07f582c3d0841eea68bdd66f533e465e6ba8b9cb45619572cf4?s=96&d=mm&r=g\",\"caption\":\"Redacao VerdadeOn\"},\"url\":\"https:\/\/verdadeon.com.br\/portal\/author\/redacao\/\"}]}<\/script>\n<!-- \/ Yoast SEO plugin. -->","yoast_head_json":{"title":"C\u00e2mara vota projeto que institui Dia Municipal de Conscientiza\u00e7\u00e3o da Apraxia - VerdadeOn","robots":{"index":"index","follow":"follow","max-snippet":"max-snippet:-1","max-image-preview":"max-image-preview:large","max-video-preview":"max-video-preview:-1"},"canonical":"https:\/\/verdadeon.com.br\/portal\/2024\/09\/28\/camara-vota-projeto-que-institui-dia-municipal-de-conscientizacao-da-apraxia\/","og_locale":"pt_BR","og_type":"article","og_title":"C\u00e2mara vota projeto que institui Dia Municipal de Conscientiza\u00e7\u00e3o da Apraxia - VerdadeOn","og_description":"Pr\u00f3xima Sess\u00e3o Ordin\u00e1ria da C\u00e2mara Municipal acontece na ter\u00e7a-feira, 1\u00ba de outubro Os vereadores se re\u00fanem nesta ter\u00e7a-feira, 1\u00ba de outubro, para discuss\u00e3o e vota\u00e7\u00f5es de [\u2026]","og_url":"https:\/\/verdadeon.com.br\/portal\/2024\/09\/28\/camara-vota-projeto-que-institui-dia-municipal-de-conscientizacao-da-apraxia\/","og_site_name":"VerdadeOn","article_published_time":"2024-09-28T14:30:53+00:00","og_image":[{"width":868,"height":582,"url":"https:\/\/verdadeon.com.br\/portal\/wp-content\/uploads\/2024\/05\/auditoriounifacef-2-1.jpg","type":"image\/jpeg"}],"author":"Redacao VerdadeOn","twitter_card":"summary_large_image","twitter_misc":{"Escrito por":"Redacao VerdadeOn","Est. tempo de leitura":"3 minutos"},"schema":{"@context":"https:\/\/schema.org","@graph":[{"@type":"WebPage","@id":"https:\/\/verdadeon.com.br\/portal\/2024\/09\/28\/camara-vota-projeto-que-institui-dia-municipal-de-conscientizacao-da-apraxia\/","url":"https:\/\/verdadeon.com.br\/portal\/2024\/09\/28\/camara-vota-projeto-que-institui-dia-municipal-de-conscientizacao-da-apraxia\/","name":"C\u00e2mara vota projeto que institui Dia Municipal de Conscientiza\u00e7\u00e3o da Apraxia - VerdadeOn","isPartOf":{"@id":"https:\/\/verdadeon.com.br\/portal\/#website"},"primaryImageOfPage":{"@id":"https:\/\/verdadeon.com.br\/portal\/2024\/09\/28\/camara-vota-projeto-que-institui-dia-municipal-de-conscientizacao-da-apraxia\/#primaryimage"},"image":{"@id":"https:\/\/verdadeon.com.br\/portal\/2024\/09\/28\/camara-vota-projeto-que-institui-dia-municipal-de-conscientizacao-da-apraxia\/#primaryimage"},"thumbnailUrl":"https:\/\/i0.wp.com\/verdadeon.com.br\/portal\/wp-content\/uploads\/2024\/05\/auditoriounifacef-2-1.jpg?fit=868%2C582&ssl=1","datePublished":"2024-09-28T14:30:53+00:00","author":{"@id":"https:\/\/verdadeon.com.br\/portal\/#\/schema\/person\/a5060ad1e9ea3df545188fc93ce43d2f"},"breadcrumb":{"@id":"https:\/\/verdadeon.com.br\/portal\/2024\/09\/28\/camara-vota-projeto-que-institui-dia-municipal-de-conscientizacao-da-apraxia\/#breadcrumb"},"inLanguage":"pt-BR","potentialAction":[{"@type":"ReadAction","target":["https:\/\/verdadeon.com.br\/portal\/2024\/09\/28\/camara-vota-projeto-que-institui-dia-municipal-de-conscientizacao-da-apraxia\/"]}]},{"@type":"ImageObject","inLanguage":"pt-BR","@id":"https:\/\/verdadeon.com.br\/portal\/2024\/09\/28\/camara-vota-projeto-que-institui-dia-municipal-de-conscientizacao-da-apraxia\/#primaryimage","url":"https:\/\/i0.wp.com\/verdadeon.com.br\/portal\/wp-content\/uploads\/2024\/05\/auditoriounifacef-2-1.jpg?fit=868%2C582&ssl=1","contentUrl":"https:\/\/i0.wp.com\/verdadeon.com.br\/portal\/wp-content\/uploads\/2024\/05\/auditoriounifacef-2-1.jpg?fit=868%2C582&ssl=1","width":868,"height":582,"caption":"As sess\u00f5es oficiais do Legislativo continuar\u00e3o sendo realizadas no Audit\u00f3rio do Uni-Facef com entrada pela Avenida Ismael Alonso e Alonso, 2400, Bairro S\u00e3o Jos\u00e9, at\u00e9 o fim das obras na C\u00e2mara Municipal (\u00a9Divulga\u00e7\u00e3o)"},{"@type":"BreadcrumbList","@id":"https:\/\/verdadeon.com.br\/portal\/2024\/09\/28\/camara-vota-projeto-que-institui-dia-municipal-de-conscientizacao-da-apraxia\/#breadcrumb","itemListElement":[{"@type":"ListItem","position":1,"name":"In\u00edcio","item":"https:\/\/verdadeon.com.br\/portal\/"},{"@type":"ListItem","position":2,"name":"C\u00e2mara vota projeto que institui Dia Municipal de Conscientiza\u00e7\u00e3o da Apraxia"}]},{"@type":"WebSite","@id":"https:\/\/verdadeon.com.br\/portal\/#website","url":"https:\/\/verdadeon.com.br\/portal\/","name":"VerdadeOn","description":"Not\u00edcias di\u00e1rias sobre Franca, Regi\u00e3o, Esporte, Cultura, Cotidiano, Colunas. Cobertura nos principais eventos da cidade \u00e9 aqui - Verdadeon Franca","potentialAction":[{"@type":"SearchAction","target":{"@type":"EntryPoint","urlTemplate":"https:\/\/verdadeon.com.br\/portal\/?s={search_term_string}"},"query-input":{"@type":"PropertyValueSpecification","valueRequired":true,"valueName":"search_term_string"}}],"inLanguage":"pt-BR"},{"@type":"Person","@id":"https:\/\/verdadeon.com.br\/portal\/#\/schema\/person\/a5060ad1e9ea3df545188fc93ce43d2f","name":"Redacao VerdadeOn","image":{"@type":"ImageObject","inLanguage":"pt-BR","@id":"https:\/\/verdadeon.com.br\/portal\/#\/schema\/person\/image\/","url":"https:\/\/secure.gravatar.com\/avatar\/459a9613caaaf07f582c3d0841eea68bdd66f533e465e6ba8b9cb45619572cf4?s=96&d=mm&r=g","contentUrl":"https:\/\/secure.gravatar.com\/avatar\/459a9613caaaf07f582c3d0841eea68bdd66f533e465e6ba8b9cb45619572cf4?s=96&d=mm&r=g","caption":"Redacao VerdadeOn"},"url":"https:\/\/verdadeon.com.br\/portal\/author\/redacao\/"}]}},"jetpack_publicize_connections":[],"jetpack_featured_media_url":"https:\/\/i0.wp.com\/verdadeon.com.br\/portal\/wp-content\/uploads\/2024\/05\/auditoriounifacef-2-1.jpg?fit=868%2C582&ssl=1","jetpack_sharing_enabled":true,"_links":{"self":[{"href":"https:\/\/verdadeon.com.br\/portal\/wp-json\/wp\/v2\/posts\/50138","targetHints":{"allow":["GET"]}}],"collection":[{"href":"https:\/\/verdadeon.com.br\/portal\/wp-json\/wp\/v2\/posts"}],"about":[{"href":"https:\/\/verdadeon.com.br\/portal\/wp-json\/wp\/v2\/types\/post"}],"author":[{"embeddable":true,"href":"https:\/\/verdadeon.com.br\/portal\/wp-json\/wp\/v2\/users\/10"}],"replies":[{"embeddable":true,"href":"https:\/\/verdadeon.com.br\/portal\/wp-json\/wp\/v2\/comments?post=50138"}],"version-history":[{"count":1,"href":"https:\/\/verdadeon.com.br\/portal\/wp-json\/wp\/v2\/posts\/50138\/revisions"}],"predecessor-version":[{"id":50139,"href":"https:\/\/verdadeon.com.br\/portal\/wp-json\/wp\/v2\/posts\/50138\/revisions\/50139"}],"wp:featuredmedia":[{"embeddable":true,"href":"https:\/\/verdadeon.com.br\/portal\/wp-json\/wp\/v2\/media\/44777"}],"wp:attachment":[{"href":"https:\/\/verdadeon.com.br\/portal\/wp-json\/wp\/v2\/media?parent=50138"}],"wp:term":[{"taxonomy":"category","embeddable":true,"href":"https:\/\/verdadeon.com.br\/portal\/wp-json\/wp\/v2\/categories?post=50138"},{"taxonomy":"post_tag","embeddable":true,"href":"https:\/\/verdadeon.com.br\/portal\/wp-json\/wp\/v2\/tags?post=50138"}],"curies":[{"name":"wp","href":"https:\/\/api.w.org\/{rel}","templated":true}]}}