{"id":50133,"date":"2024-09-28T11:22:00","date_gmt":"2024-09-28T14:22:00","guid":{"rendered":"https:\/\/verdadeon.com.br\/portal\/?p=50133"},"modified":"2024-09-28T11:22:00","modified_gmt":"2024-09-28T14:22:00","slug":"educacao-inicia-matriculas-para-o-1o-ano-do-ensino-fundamental","status":"publish","type":"post","link":"https:\/\/verdadeon.com.br\/portal\/2024\/09\/28\/educacao-inicia-matriculas-para-o-1o-ano-do-ensino-fundamental\/","title":{"rendered":"Educa\u00e7\u00e3o inicia matr\u00edculas para o 1\u00ba ano do Ensino Fundamental"},"content":{"rendered":"<h2>Cadastros devem ser feitos nas pr\u00f3prias escolas municipais at\u00e9 o dia 4 de outubro<\/h2>\n<p>Tem in\u00edcio na pr\u00f3xima segunda-feira, 30, o prazo para as matr\u00edculas antecipadas das crian\u00e7as que ir\u00e3o frequentar o 1\u00ba Ano do Ensino Fundamental em 2025, que far\u00e3o 6 anos at\u00e9 31\/03\/2025 (nascidos de 01\/04\/2018 a 31\/03\/2019).<\/p>\n<p>Os cadastros devem ser feitos nas pr\u00f3prias escolas municipais at\u00e9 o dia 4 de outubro, onde os pais ou respons\u00e1veis ter\u00e3o que apresentar c\u00f3pias da Certid\u00e3o de Nascimento do aluno e CPF, CPF e do RG do respons\u00e1vel, comprovante de endere\u00e7o do respons\u00e1vel e carteira de vacina\u00e7\u00e3o atualizada da crian\u00e7a. O atendimento est\u00e1 sendo prestado de segunda a sexta-feira, das 8 \u00e0s 16 horas.<\/p>\n<p>Durante esta semana, a Secretaria de Educa\u00e7\u00e3o recebeu as matr\u00edculas das crian\u00e7as que ir\u00e3o ingressar na Pr\u00e9-Escola (Fases I e II) no pr\u00f3ximo ano. Os pais que n\u00e3o tiveram a oportunidade de fazer a inscri\u00e7\u00e3o dos filhos, poder\u00e3o ir at\u00e9 as escolas mais pr\u00f3ximas de suas casas para efetivarem a matr\u00edcula, apresentando os mesmos documentos. Para a Pr\u00e9-Escola, devem ser inscritas para a Fase I, as pessoas que far\u00e3o 4 anos at\u00e9 31\/03\/2025 (nascidos de 01\/04\/2020 a 31\/03\/2021) e para a Fase II \u2013 Pr\u00e9-Escola, as que completar\u00e3o 5 anos at\u00e9 31\/03\/2025 (nascidos de 01\/04\/2019 a 31\/03\/2020).<\/p>\n<p>M\u00e1rcia Gatti, secret\u00e1ria de Educa\u00e7\u00e3o, informou que a movimenta\u00e7\u00e3o est\u00e1 sendo intensa nas escolas e orientou que os pais providenciem o cadastro antecipado dos filhos para que a secretaria tenha melhores condi\u00e7\u00f5es de organiza\u00e7\u00e3o das unidades escolares e o n\u00famero m\u00e9dio de alunos por classe, visando assegurar um funcionamento mais adequado e efetiva melhoria da oferta e qualidade de ensino.<\/p>\n<p>As rematr\u00edculas para os alunos que frequentar\u00e3o do 2\u00ba ao 5\u00ba anos do Ensino Fundamental, ocorrer\u00e3o nas escolas municipais at\u00e9 o dia 18 de outubro, apenas para os alunos que j\u00e1 est\u00e3o matriculados. J\u00e1 as transfer\u00eancias ser\u00e3o feitas somente a partir de janeiro de 2025.<\/p>\n<p>Confira a rela\u00e7\u00e3o das escolas municipais, por regi\u00f5es:<\/p>\n<div><\/div>\n<div><b>REGI\u00c3O NORTE<\/b><\/div>\n<div><\/div>\n<div>EMEB Prof. Aldo Prata<\/div>\n<div>Av. S\u00e3o Pedro, 601 \u2013 City Petr\u00f3polis \u2013 3706-7881 \/ 3706-7884<\/div>\n<div><\/div>\n<div>EMEB Prof\u00aa. Ana Rosa de Lima Barbosa<\/div>\n<div>R. Waldomiro Gon\u00e7alves, 191 \u2013 Parque do Horto \u2013 3706-7977 \/ 3706-7978<\/div>\n<div><\/div>\n<div>EMEB Prof. Florestan Fernandes<\/div>\n<div>R. Raquel Jacintho Mesquita, 900 \u2013 Jd. Vera Cruz \u2013 3706-7690 \/ 3706-7696<\/div>\n<div><\/div>\n<div>EMEB Prof\u00aa. Maria \u00c2ngela David Henrique dos Santos<\/div>\n<div>Av. Paulo Duarte, 425 \u2013 Pq. Vicente Leporace I \u2013 3706-8271 \/ 3706-8270<\/div>\n<div>\u2981\u2002\u2002\u2002\u2002\u2002EMEI Prof\u00aa. Izaura Cunha Nunes (escola anexa)<\/div>\n<div><\/div>\n<div>EMEB Prof\u00aa. Maria Brizabela Bruxellas Zinader<\/div>\n<div>R. Wilson David, 2640 \u2013 Jd. Luiza I \u2013 3706-7840 \/ 3706-7841<\/div>\n<div><\/div>\n<div>EMEB Prof. Mitermair Alves Barbosa<\/div>\n<div>R. Maria de F\u00e1tima C\u00e1ceres Mercuri, 3185 \u2013 Jd. Luiza II \u2013 3706-7780 \/ 3706-7781<\/div>\n<div><\/div>\n<div>EMEB Rev. Prof. Nicanor Xavier da Cunha<\/div>\n<div>R. Ana Aguilar, 1601 \u2013 Nova Franca \u2013 3706-8240 \/ 3706-8241<\/div>\n<div>\u2981\u2002\u2002\u2002\u2002\u2002EMEI Prof. Sabino Loureiro (escola anexa)<\/div>\n<div><\/div>\n<div>EMEI Prof. Walter Costa<\/div>\n<div>R. Em\u00edlio Bruxelas, 3556 \u2013 Parque S\u00e3o Jorge \u20133706-8230 \/ 3706-8232<\/div>\n<div>\u2981\u2002\u2002\u2002\u2002\u2002EMEB Prof\u00aa. Odette do Nascimento (escola anexa)<\/div>\n<div>\u2981\u2002\u2002\u2002\u2002\u2002EMEI Prof. Agnelo Morato J\u00fanior (escola anexa)<\/div>\n<div><\/div>\n<div>EMEB Prof\u00aa. Ol\u00edvia Corr\u00eaa Costa<\/div>\n<div>R. Ant\u00f4nio Miras Molina, 4790 \u2013 Jd. Paineiras \u2013 3706-7891 \/ 3706-7892<\/div>\n<div><\/div>\n<div>EMEB Prof\u00aa. Sueli Contini Marques<\/div>\n<div>R. Mamede Silva, 2771 \u2013 Jd. Tropical \u2013 3706-7905 \/ 3706-7906<\/div>\n<div>\u2981\u2002\u2002\u2002\u2002\u2002EMEI Prof. Jo\u00e3o Lu\u00eds Garcia (escola anexa)<\/div>\n<div><\/div>\n<div>EMEB Prof\u00aa. Val\u00e9ria Teresa Spessoto Figueiredo Penna<\/div>\n<div>R. Erothildes Teodoro Pereira, 1060 \u2013 Pq. Vicente Leporace III \u2013 3704-6388 \/ 3706-8262<\/div>\n<div>\u2981\u2002\u2002\u2002\u2002\u2002EMEI Prof\u00aa. Haid\u00eae Marquiafave (escola anexa)<\/div>\n<div><\/div>\n<div>EMEB Dr. Valeriano Gomes do Nascimento CAIC<\/div>\n<div>R. Jos\u00e9 Gianesella, 581 \u2013 City Petr\u00f3polis \u2013 3706-7955 \/ 3706-7956<\/div>\n<div><\/div>\n<div><b>REGI\u00c3O SUL<\/b><\/div>\n<div><\/div>\n<div>EMEB Prof. Ant\u00f4nio Manoel de Paula<\/div>\n<div>Av. Gabriela Almeida de Piraj\u00e1, 671\u2013Aeroporto II \u2013 3706-7825 \/ 3706-7826<\/div>\n<div>\u2981\u2002\u2002\u2002\u2002\u2002EMEI Prof\u00aa. Maria de Lourdes Lima Pelizaro (escola anexa)<\/div>\n<div><\/div>\n<div>EMEB Prof\u00aa. Christianne Dezuani Dias de Oliveira<\/div>\n<div>R. Maria de Lourdes Magrin do Val, 6100 \u2013 Vila Real \u2013 3706-7645 \/ 3706-7646<\/div>\n<div><\/div>\n<div>EMEB Prof. Fausto Alexandre Souza Teodoro<\/div>\n<div>R. Carlos Maranha, 2021 \u2013 Jd. Santa Barbara \u2013 3706-7750 \/ 3706-7751<\/div>\n<div><\/div>\n<div>EMEB Frei Germano de Annecy<\/div>\n<div>R. Fued Zacarias Cury, 1230 \u2013 Parque Progresso \u2013 3706-8202 \/ 3706-8203<\/div>\n<div>\u2981\u2002\u2002\u2002\u2002\u2002EMEI Prof\u00aa. Elenita Mazzota de Oliveira (escola anexa)<\/div>\n<div><\/div>\n<div>EMEB Prof. H\u00e9lio Paulino Pinto<\/div>\n<div>R. Urias Alves Taveira, 6309 \u2013 Res. Ana Dorot\u00e9ia \u2013 3706-7855 \/ 3706-7856<\/div>\n<div><\/div>\n<div>EMEB Prof. Jos\u00e9 M\u00e1rio Faleiros<\/div>\n<div>R. Leandro Fernandes Martins, 1971 \u2013 Aeroporto III \u2013 3701-8299 \/ 3706-7812<\/div>\n<div><\/div>\n<div>EMEB Prof\u00aa. Maria Ant\u00f4nia Stevanato Reis<\/div>\n<div>R. Amaury Rangel, 5880 \u2013 Jd. Paraty \u2013 3706-7660 \/ 3706-7661<\/div>\n<div><\/div>\n<div>EMEB Prof. Paulo Freire<\/div>\n<div>R. Joaquim Emerenciano Souza, 1102 \u2013 Jd. Avia\u00e7\u00e3o \u2013 3706-7911 \/ 3706-7912<\/div>\n<div>\u2981\u2002\u2002\u2002\u2002\u2002EMEI Aparecida Maria Barbosa Souza (escola anexa)<\/div>\n<div>\u2981\u2002\u2002\u2002\u2002\u2002EMEI Prof. Ant\u00f4nio Reginald Bove (escola anexa)<\/div>\n<div><\/div>\n<div>EMEB Prof\u00aa. Vanda Thereza de Senne Badar\u00f3<\/div>\n<div>R. Alfonso Sanches Simon, 301 \u2013 Recanto Elimar II \u2013 3706-7887 \/ 3706-7889<\/div>\n<div><\/div>\n<div><b>REGI\u00c3O LESTE<\/b><\/div>\n<div><\/div>\n<div>EMEB Prof. C\u00e9sar Augusto de Oliveira<\/div>\n<div>Av. Major Elias Motta, 1830 \u2013 Jd. Brasil\u00e2ndia \u2013 3706-7630 \/ 3706-7631<\/div>\n<div><\/div>\n<div>EMEB Frei Lauro de Carvalho Borges<\/div>\n<div>R. C\u00e2ndido Carlos de Mello, 2860 \u2013 Jd. do \u00c9den \u2013 3706-7675 \/ 3706-7676<\/div>\n<div><\/div>\n<div>EMEB Prof\u00aa. Luzinete Cortez Balieiro<\/div>\n<div>R. Eunice Carmem G. Rodrigues, 2555\u2013J. Palestina\u2013 3706-7945 \/ 3706-7946<\/div>\n<div><\/div>\n<div>EMEB Prof\u00aa. Marilourdes Figueiredo Iara<\/div>\n<div>R. Hor\u00e1cio Saturi, 350 \u2013 Jd. Panorama \u2013 3704-0974 \/ 3706-8314<\/div>\n<div>\u2981\u2002\u2002\u2002\u2002\u2002EMEB Prof. Milton Alves Gama (escola anexa)<\/div>\n<div><\/div>\n<div>EMEB Prof. Dr. Rubens Zumstein<\/div>\n<div>R. Paulo Vieira da Silva, 2321 \u2013 Jd. Piratininga \u2013 3706-7615 \/ 3706-7616<\/div>\n<div><\/div>\n<div><b>REGI\u00c3O OESTE<\/b><\/div>\n<div><\/div>\n<div>EMEB Anor Ravagnani<\/div>\n<div>R. Geraldino Augusto Machado, 181 \u2013 Pq. das Esmeraldas \u2013 3706-7600 \/ 3706-7601<\/div>\n<div><\/div>\n<div>EMEB Prof. Augusto Marques<\/div>\n<div>R. \u00c1gua Santa, 500 \u2013 Vila Nova \u2013 3706-7870 \/ 3706-7871<\/div>\n<div>\u2981\u2002\u2002\u2002\u2002\u2002EMEI Prof\u00aa. Maria Helena Teixeira (escola anexa)<\/div>\n<div><\/div>\n<div>EMEB Prof. Dom\u00eanico Pugliesi<\/div>\n<div>R. Santa Luzia, 3421 \u2013 Santa Maria \u2013 3706-7705 \/ 3706-7706<\/div>\n<div><\/div>\n<div>EMEB Prof\u00aa. Dorotea Paulino Ferro<\/div>\n<div>R. Joaquim Machado, 580 \u2013 Jd. Paulo Archetti \u2013 3706-7816 \/ 3706-7817<\/div>\n<div><\/div>\n<div>EMEB Prof\u00aa. Etelgina de F\u00e1tima Viveiros<\/div>\n<div>R. Pedro Silveira, 2915 \u2013 Res. J\u00falio D\u2019Elia \u2013 3706-7767 \/ 3706-7768<\/div>\n<div>\u2981\u2002\u2002\u2002\u2002\u2002EMEB Prof\u00aa. Guiomar Ferreira Silva (escola anexa)<\/div>\n<div><\/div>\n<div>EMEB Prof\u00aa. Nair Martins Rocha<\/div>\n<div>R. Padre Conrado, 1900 \u2013 Vila Santos Dumont \u2013 3706-7720 \/ 3706-7721<\/div>\n<div><\/div>\n<div>EMEB Prof. e Escritor Nelson dos Santos Damasceno<\/div>\n<div>R. C\u00e2ndido Francisco Pires, 4000\u2013Jd. Bonsucesso \u2013 3706-7901 \/ 3706-7902<\/div>\n<div><\/div>\n<div>EMEB Prof\u00aa. Rita de C\u00e1ssia Calixto Xavier<\/div>\n<div>R. Ota\u00eddes Eur\u00edpedes Eleut\u00e9rio, 2505 \u2013 Jd. Pulicano \u2013 3706-7965 \/ 3706-7966<\/div>\n<div><\/div>\n<div><b>REGI\u00c3O CENTRO<\/b><\/div>\n<div><\/div>\n<div>EMEB Prof\u00aa. Em\u00edlia de Paula Tarantelli<\/div>\n<div>R. Prudente de Morais, 450 \u2013 Cidade Nova \u2013 3706-7735 \/ 3706-7736<\/div>\n<div>\u2981\u2002\u2002\u2002\u2002\u2002EMEI Prof\u00aa. Izanild Paludetto Silva (escola anexa)<\/div>\n<div>\u2981\u2002\u2002\u2002\u2002\u2002EMEI Prof\u00aa. Maria Pia Silva Castro (escola anexa)<\/div>\n<div>\u2981\u2002\u2002\u2002\u2002\u2002EMEI Prof. Ot\u00e1vio Martins de Souza J\u00fanior (escola anexa)<\/div>\n","protected":false},"excerpt":{"rendered":"<p>Cadastros devem ser feitos nas pr\u00f3prias escolas municipais at\u00e9 o dia 4 de outubro Tem in\u00edcio na pr\u00f3xima segunda-feira, 30, o prazo para as matr\u00edculas antecipadas<span class=\"excerpt-hellip\"> [\u2026]<\/span><\/p>\n","protected":false},"author":10,"featured_media":49819,"comment_status":"open","ping_status":"open","sticky":false,"template":"","format":"standard","meta":{"_jetpack_memberships_contains_paid_content":false,"footnotes":"","jetpack_publicize_message":"","jetpack_publicize_feature_enabled":true,"jetpack_social_post_already_shared":true,"jetpack_social_options":{"image_generator_settings":{"template":"highway","default_image_id":0,"enabled":false},"version":2}},"categories":[28,81],"tags":[],"class_list":["post-50133","post","type-post","status-publish","format-standard","has-post-thumbnail","hentry","category-cotidiano","category-manchete"],"yoast_head":"<!-- This site is optimized with the Yoast SEO plugin v25.6 - https:\/\/yoast.com\/wordpress\/plugins\/seo\/ -->\n<title>Educa\u00e7\u00e3o inicia matr\u00edculas para o 1\u00ba ano do Ensino Fundamental - VerdadeOn<\/title>\n<meta name=\"robots\" content=\"index, follow, max-snippet:-1, max-image-preview:large, max-video-preview:-1\" \/>\n<link rel=\"canonical\" href=\"https:\/\/verdadeon.com.br\/portal\/2024\/09\/28\/educacao-inicia-matriculas-para-o-1o-ano-do-ensino-fundamental\/\" \/>\n<meta property=\"og:locale\" content=\"pt_BR\" \/>\n<meta property=\"og:type\" content=\"article\" \/>\n<meta property=\"og:title\" content=\"Educa\u00e7\u00e3o inicia matr\u00edculas para o 1\u00ba ano do Ensino Fundamental - VerdadeOn\" \/>\n<meta property=\"og:description\" content=\"Cadastros devem ser feitos nas pr\u00f3prias escolas municipais at\u00e9 o dia 4 de outubro Tem in\u00edcio na pr\u00f3xima segunda-feira, 30, o prazo para as matr\u00edculas antecipadas [\u2026]\" \/>\n<meta property=\"og:url\" content=\"https:\/\/verdadeon.com.br\/portal\/2024\/09\/28\/educacao-inicia-matriculas-para-o-1o-ano-do-ensino-fundamental\/\" \/>\n<meta property=\"og:site_name\" content=\"VerdadeOn\" \/>\n<meta property=\"article:published_time\" content=\"2024-09-28T14:22:00+00:00\" \/>\n<meta property=\"og:image\" content=\"https:\/\/verdadeon.com.br\/portal\/wp-content\/uploads\/2024\/09\/AnyConv.com__matriculas-1.jpeg\" \/>\n\t<meta property=\"og:image:width\" content=\"1600\" \/>\n\t<meta property=\"og:image:height\" content=\"1072\" \/>\n\t<meta property=\"og:image:type\" content=\"image\/jpeg\" \/>\n<meta name=\"author\" content=\"Redacao VerdadeOn\" \/>\n<meta name=\"twitter:card\" content=\"summary_large_image\" \/>\n<meta name=\"twitter:label1\" content=\"Escrito por\" \/>\n\t<meta name=\"twitter:data1\" content=\"Redacao VerdadeOn\" \/>\n\t<meta name=\"twitter:label2\" content=\"Est. tempo de leitura\" \/>\n\t<meta name=\"twitter:data2\" content=\"6 minutos\" \/>\n<script type=\"application\/ld+json\" class=\"yoast-schema-graph\">{\"@context\":\"https:\/\/schema.org\",\"@graph\":[{\"@type\":\"WebPage\",\"@id\":\"https:\/\/verdadeon.com.br\/portal\/2024\/09\/28\/educacao-inicia-matriculas-para-o-1o-ano-do-ensino-fundamental\/\",\"url\":\"https:\/\/verdadeon.com.br\/portal\/2024\/09\/28\/educacao-inicia-matriculas-para-o-1o-ano-do-ensino-fundamental\/\",\"name\":\"Educa\u00e7\u00e3o inicia matr\u00edculas para o 1\u00ba ano do Ensino Fundamental - VerdadeOn\",\"isPartOf\":{\"@id\":\"https:\/\/verdadeon.com.br\/portal\/#website\"},\"primaryImageOfPage\":{\"@id\":\"https:\/\/verdadeon.com.br\/portal\/2024\/09\/28\/educacao-inicia-matriculas-para-o-1o-ano-do-ensino-fundamental\/#primaryimage\"},\"image\":{\"@id\":\"https:\/\/verdadeon.com.br\/portal\/2024\/09\/28\/educacao-inicia-matriculas-para-o-1o-ano-do-ensino-fundamental\/#primaryimage\"},\"thumbnailUrl\":\"https:\/\/i0.wp.com\/verdadeon.com.br\/portal\/wp-content\/uploads\/2024\/09\/AnyConv.com__matriculas-1.jpeg?fit=1600%2C1072&ssl=1\",\"datePublished\":\"2024-09-28T14:22:00+00:00\",\"author\":{\"@id\":\"https:\/\/verdadeon.com.br\/portal\/#\/schema\/person\/a5060ad1e9ea3df545188fc93ce43d2f\"},\"breadcrumb\":{\"@id\":\"https:\/\/verdadeon.com.br\/portal\/2024\/09\/28\/educacao-inicia-matriculas-para-o-1o-ano-do-ensino-fundamental\/#breadcrumb\"},\"inLanguage\":\"pt-BR\",\"potentialAction\":[{\"@type\":\"ReadAction\",\"target\":[\"https:\/\/verdadeon.com.br\/portal\/2024\/09\/28\/educacao-inicia-matriculas-para-o-1o-ano-do-ensino-fundamental\/\"]}]},{\"@type\":\"ImageObject\",\"inLanguage\":\"pt-BR\",\"@id\":\"https:\/\/verdadeon.com.br\/portal\/2024\/09\/28\/educacao-inicia-matriculas-para-o-1o-ano-do-ensino-fundamental\/#primaryimage\",\"url\":\"https:\/\/i0.wp.com\/verdadeon.com.br\/portal\/wp-content\/uploads\/2024\/09\/AnyConv.com__matriculas-1.jpeg?fit=1600%2C1072&ssl=1\",\"contentUrl\":\"https:\/\/i0.wp.com\/verdadeon.com.br\/portal\/wp-content\/uploads\/2024\/09\/AnyConv.com__matriculas-1.jpeg?fit=1600%2C1072&ssl=1\",\"width\":1600,\"height\":1072,\"caption\":\"Fachada da EMEB Prof. Dr. Rubens Zumstein, no Jardim Piratininga (\u00a9Divulga\u00e7\u00e3o)\"},{\"@type\":\"BreadcrumbList\",\"@id\":\"https:\/\/verdadeon.com.br\/portal\/2024\/09\/28\/educacao-inicia-matriculas-para-o-1o-ano-do-ensino-fundamental\/#breadcrumb\",\"itemListElement\":[{\"@type\":\"ListItem\",\"position\":1,\"name\":\"In\u00edcio\",\"item\":\"https:\/\/verdadeon.com.br\/portal\/\"},{\"@type\":\"ListItem\",\"position\":2,\"name\":\"Educa\u00e7\u00e3o inicia matr\u00edculas para o 1\u00ba ano do Ensino Fundamental\"}]},{\"@type\":\"WebSite\",\"@id\":\"https:\/\/verdadeon.com.br\/portal\/#website\",\"url\":\"https:\/\/verdadeon.com.br\/portal\/\",\"name\":\"VerdadeOn\",\"description\":\"Not\u00edcias di\u00e1rias sobre Franca, Regi\u00e3o, Esporte, Cultura, Cotidiano, Colunas. Cobertura nos principais eventos da cidade \u00e9 aqui - Verdadeon Franca\",\"potentialAction\":[{\"@type\":\"SearchAction\",\"target\":{\"@type\":\"EntryPoint\",\"urlTemplate\":\"https:\/\/verdadeon.com.br\/portal\/?s={search_term_string}\"},\"query-input\":{\"@type\":\"PropertyValueSpecification\",\"valueRequired\":true,\"valueName\":\"search_term_string\"}}],\"inLanguage\":\"pt-BR\"},{\"@type\":\"Person\",\"@id\":\"https:\/\/verdadeon.com.br\/portal\/#\/schema\/person\/a5060ad1e9ea3df545188fc93ce43d2f\",\"name\":\"Redacao VerdadeOn\",\"image\":{\"@type\":\"ImageObject\",\"inLanguage\":\"pt-BR\",\"@id\":\"https:\/\/verdadeon.com.br\/portal\/#\/schema\/person\/image\/\",\"url\":\"https:\/\/secure.gravatar.com\/avatar\/459a9613caaaf07f582c3d0841eea68bdd66f533e465e6ba8b9cb45619572cf4?s=96&d=mm&r=g\",\"contentUrl\":\"https:\/\/secure.gravatar.com\/avatar\/459a9613caaaf07f582c3d0841eea68bdd66f533e465e6ba8b9cb45619572cf4?s=96&d=mm&r=g\",\"caption\":\"Redacao VerdadeOn\"},\"url\":\"https:\/\/verdadeon.com.br\/portal\/author\/redacao\/\"}]}<\/script>\n<!-- \/ Yoast SEO plugin. -->","yoast_head_json":{"title":"Educa\u00e7\u00e3o inicia matr\u00edculas para o 1\u00ba ano do Ensino Fundamental - VerdadeOn","robots":{"index":"index","follow":"follow","max-snippet":"max-snippet:-1","max-image-preview":"max-image-preview:large","max-video-preview":"max-video-preview:-1"},"canonical":"https:\/\/verdadeon.com.br\/portal\/2024\/09\/28\/educacao-inicia-matriculas-para-o-1o-ano-do-ensino-fundamental\/","og_locale":"pt_BR","og_type":"article","og_title":"Educa\u00e7\u00e3o inicia matr\u00edculas para o 1\u00ba ano do Ensino Fundamental - VerdadeOn","og_description":"Cadastros devem ser feitos nas pr\u00f3prias escolas municipais at\u00e9 o dia 4 de outubro Tem in\u00edcio na pr\u00f3xima segunda-feira, 30, o prazo para as matr\u00edculas antecipadas [\u2026]","og_url":"https:\/\/verdadeon.com.br\/portal\/2024\/09\/28\/educacao-inicia-matriculas-para-o-1o-ano-do-ensino-fundamental\/","og_site_name":"VerdadeOn","article_published_time":"2024-09-28T14:22:00+00:00","og_image":[{"width":1600,"height":1072,"url":"https:\/\/verdadeon.com.br\/portal\/wp-content\/uploads\/2024\/09\/AnyConv.com__matriculas-1.jpeg","type":"image\/jpeg"}],"author":"Redacao VerdadeOn","twitter_card":"summary_large_image","twitter_misc":{"Escrito por":"Redacao VerdadeOn","Est. tempo de leitura":"6 minutos"},"schema":{"@context":"https:\/\/schema.org","@graph":[{"@type":"WebPage","@id":"https:\/\/verdadeon.com.br\/portal\/2024\/09\/28\/educacao-inicia-matriculas-para-o-1o-ano-do-ensino-fundamental\/","url":"https:\/\/verdadeon.com.br\/portal\/2024\/09\/28\/educacao-inicia-matriculas-para-o-1o-ano-do-ensino-fundamental\/","name":"Educa\u00e7\u00e3o inicia matr\u00edculas para o 1\u00ba ano do Ensino Fundamental - VerdadeOn","isPartOf":{"@id":"https:\/\/verdadeon.com.br\/portal\/#website"},"primaryImageOfPage":{"@id":"https:\/\/verdadeon.com.br\/portal\/2024\/09\/28\/educacao-inicia-matriculas-para-o-1o-ano-do-ensino-fundamental\/#primaryimage"},"image":{"@id":"https:\/\/verdadeon.com.br\/portal\/2024\/09\/28\/educacao-inicia-matriculas-para-o-1o-ano-do-ensino-fundamental\/#primaryimage"},"thumbnailUrl":"https:\/\/i0.wp.com\/verdadeon.com.br\/portal\/wp-content\/uploads\/2024\/09\/AnyConv.com__matriculas-1.jpeg?fit=1600%2C1072&ssl=1","datePublished":"2024-09-28T14:22:00+00:00","author":{"@id":"https:\/\/verdadeon.com.br\/portal\/#\/schema\/person\/a5060ad1e9ea3df545188fc93ce43d2f"},"breadcrumb":{"@id":"https:\/\/verdadeon.com.br\/portal\/2024\/09\/28\/educacao-inicia-matriculas-para-o-1o-ano-do-ensino-fundamental\/#breadcrumb"},"inLanguage":"pt-BR","potentialAction":[{"@type":"ReadAction","target":["https:\/\/verdadeon.com.br\/portal\/2024\/09\/28\/educacao-inicia-matriculas-para-o-1o-ano-do-ensino-fundamental\/"]}]},{"@type":"ImageObject","inLanguage":"pt-BR","@id":"https:\/\/verdadeon.com.br\/portal\/2024\/09\/28\/educacao-inicia-matriculas-para-o-1o-ano-do-ensino-fundamental\/#primaryimage","url":"https:\/\/i0.wp.com\/verdadeon.com.br\/portal\/wp-content\/uploads\/2024\/09\/AnyConv.com__matriculas-1.jpeg?fit=1600%2C1072&ssl=1","contentUrl":"https:\/\/i0.wp.com\/verdadeon.com.br\/portal\/wp-content\/uploads\/2024\/09\/AnyConv.com__matriculas-1.jpeg?fit=1600%2C1072&ssl=1","width":1600,"height":1072,"caption":"Fachada da EMEB Prof. Dr. Rubens Zumstein, no Jardim Piratininga (\u00a9Divulga\u00e7\u00e3o)"},{"@type":"BreadcrumbList","@id":"https:\/\/verdadeon.com.br\/portal\/2024\/09\/28\/educacao-inicia-matriculas-para-o-1o-ano-do-ensino-fundamental\/#breadcrumb","itemListElement":[{"@type":"ListItem","position":1,"name":"In\u00edcio","item":"https:\/\/verdadeon.com.br\/portal\/"},{"@type":"ListItem","position":2,"name":"Educa\u00e7\u00e3o inicia matr\u00edculas para o 1\u00ba ano do Ensino Fundamental"}]},{"@type":"WebSite","@id":"https:\/\/verdadeon.com.br\/portal\/#website","url":"https:\/\/verdadeon.com.br\/portal\/","name":"VerdadeOn","description":"Not\u00edcias di\u00e1rias sobre Franca, Regi\u00e3o, Esporte, Cultura, Cotidiano, Colunas. Cobertura nos principais eventos da cidade \u00e9 aqui - Verdadeon Franca","potentialAction":[{"@type":"SearchAction","target":{"@type":"EntryPoint","urlTemplate":"https:\/\/verdadeon.com.br\/portal\/?s={search_term_string}"},"query-input":{"@type":"PropertyValueSpecification","valueRequired":true,"valueName":"search_term_string"}}],"inLanguage":"pt-BR"},{"@type":"Person","@id":"https:\/\/verdadeon.com.br\/portal\/#\/schema\/person\/a5060ad1e9ea3df545188fc93ce43d2f","name":"Redacao VerdadeOn","image":{"@type":"ImageObject","inLanguage":"pt-BR","@id":"https:\/\/verdadeon.com.br\/portal\/#\/schema\/person\/image\/","url":"https:\/\/secure.gravatar.com\/avatar\/459a9613caaaf07f582c3d0841eea68bdd66f533e465e6ba8b9cb45619572cf4?s=96&d=mm&r=g","contentUrl":"https:\/\/secure.gravatar.com\/avatar\/459a9613caaaf07f582c3d0841eea68bdd66f533e465e6ba8b9cb45619572cf4?s=96&d=mm&r=g","caption":"Redacao VerdadeOn"},"url":"https:\/\/verdadeon.com.br\/portal\/author\/redacao\/"}]}},"jetpack_publicize_connections":[],"jetpack_featured_media_url":"https:\/\/i0.wp.com\/verdadeon.com.br\/portal\/wp-content\/uploads\/2024\/09\/AnyConv.com__matriculas-1.jpeg?fit=1600%2C1072&ssl=1","jetpack_sharing_enabled":true,"_links":{"self":[{"href":"https:\/\/verdadeon.com.br\/portal\/wp-json\/wp\/v2\/posts\/50133","targetHints":{"allow":["GET"]}}],"collection":[{"href":"https:\/\/verdadeon.com.br\/portal\/wp-json\/wp\/v2\/posts"}],"about":[{"href":"https:\/\/verdadeon.com.br\/portal\/wp-json\/wp\/v2\/types\/post"}],"author":[{"embeddable":true,"href":"https:\/\/verdadeon.com.br\/portal\/wp-json\/wp\/v2\/users\/10"}],"replies":[{"embeddable":true,"href":"https:\/\/verdadeon.com.br\/portal\/wp-json\/wp\/v2\/comments?post=50133"}],"version-history":[{"count":1,"href":"https:\/\/verdadeon.com.br\/portal\/wp-json\/wp\/v2\/posts\/50133\/revisions"}],"predecessor-version":[{"id":50134,"href":"https:\/\/verdadeon.com.br\/portal\/wp-json\/wp\/v2\/posts\/50133\/revisions\/50134"}],"wp:featuredmedia":[{"embeddable":true,"href":"https:\/\/verdadeon.com.br\/portal\/wp-json\/wp\/v2\/media\/49819"}],"wp:attachment":[{"href":"https:\/\/verdadeon.com.br\/portal\/wp-json\/wp\/v2\/media?parent=50133"}],"wp:term":[{"taxonomy":"category","embeddable":true,"href":"https:\/\/verdadeon.com.br\/portal\/wp-json\/wp\/v2\/categories?post=50133"},{"taxonomy":"post_tag","embeddable":true,"href":"https:\/\/verdadeon.com.br\/portal\/wp-json\/wp\/v2\/tags?post=50133"}],"curies":[{"name":"wp","href":"https:\/\/api.w.org\/{rel}","templated":true}]}}