{"id":4989,"date":"2020-03-14T07:20:10","date_gmt":"2020-03-14T10:20:10","guid":{"rendered":"http:\/\/verdadeon.com.br\/portal\/?p=4989"},"modified":"2020-03-13T20:48:13","modified_gmt":"2020-03-13T23:48:13","slug":"sales-oliveira-inicia-servicos-de-recapeamento","status":"publish","type":"post","link":"https:\/\/verdadeon.com.br\/portal\/2020\/03\/14\/sales-oliveira-inicia-servicos-de-recapeamento\/","title":{"rendered":"Sales Oliveira inicia servi\u00e7os de recapeamento"},"content":{"rendered":"<h2>Ser\u00e3o investidos R$ 600 mil nas obras que come\u00e7aram na \u00faltima ter\u00e7a<\/h2>\n<p>&nbsp;<\/p>\n<p>Reportagem Gustavo Rodrigues<\/p>\n<p>Com a presen\u00e7a do prefeito Edmar Gomiero, o setor de Obras de Sales Oliveira deu in\u00edcio na \u00faltima ter\u00e7a-feira (10) \u00e0s obras de recapeamento das ruas do munic\u00edpio. Os servi\u00e7os come\u00e7aram na rua Volunt\u00e1rio N\u00e9lio Guimar\u00e3es e ser\u00e1 executado em mais sete ruas da cidade, totalizando 21,7 mil metros quadrados de asfalto.<br \/>\nOs outros locais que ainda ser\u00e3o benefiados com os servi\u00e7os s\u00e3o as ruas Ant\u00f4nia Mantazoli Balan; Jos\u00e9 Vilela Nunes Sobrinho; Roberto Orsi; Volunt\u00e1rio N\u00e9lio Guimar\u00e3es; Jo\u00e3o Tizziotti; Avenida Dr. Jo\u00e3o Tosta Carneiro e Avenida Marginal.<br \/>\nDe acordo com as informa\u00e7\u00f5es divulgadas pela Prefeitura de Sales, Gomiero fez um pedido para o governador em exerc\u00edcio Marcio Fran\u00e7a. A solicita\u00e7\u00e3o realizada no valor de R$ 600 mil agora est\u00e1 sendo investida na cidade. As a\u00e7\u00f5es aconteram em algumas fases. O processo iniciou ainda em junho de 2018, quando foi protocolado com toda documenta\u00e7\u00e3o necess\u00e1rioa juntamente com a subsecret\u00e1ria de Conv\u00eanios com Munic\u00edpios, Ivani Vicentin.<br \/>\nNo ano passado foi feita novamente a solicita\u00e7\u00e3o da verba, desta vez destinada ao governador Jo\u00e3o Doria. O pedido contou com a colabora\u00e7\u00e3o do secret\u00e1rio de Desenvolvimento Regional do Estado Marcos Vinholi.<br \/>\n\u201cVale ressaltar que, na \u00e9poca [que foi feito o pedido] essas eram as ruas que apresentavam maior necessidade de recape, e hoje, n\u00e3o \u00e9 poss\u00edvel alter\u00e1-las. Sabemos de todos os outros trechos que precisam ser recapeados, por isso, existem outros pedidos em andamento\u201d, afirmou o prefeito Edmar.<br \/>\nA prefeitura n\u00e3o informou a data de finaliza\u00e7\u00e3o dos trabalhos. Por\u00e9m, isso deve acontecer em breve. Em seguida outras ruas devem ser beneficiadas.<\/p>\n","protected":false},"excerpt":{"rendered":"<p>Ser\u00e3o investidos R$ 600 mil nas obras que come\u00e7aram na \u00faltima ter\u00e7a &nbsp; Reportagem Gustavo Rodrigues Com a presen\u00e7a do prefeito Edmar Gomiero, o setor de<span class=\"excerpt-hellip\"> [\u2026]<\/span><\/p>\n","protected":false},"author":10,"featured_media":4995,"comment_status":"open","ping_status":"open","sticky":false,"template":"","format":"standard","meta":{"_jetpack_memberships_contains_paid_content":false,"footnotes":"","jetpack_publicize_message":"","jetpack_publicize_feature_enabled":true,"jetpack_social_post_already_shared":false,"jetpack_social_options":{"image_generator_settings":{"template":"highway","default_image_id":0,"enabled":false},"version":2}},"categories":[44,58],"tags":[],"class_list":["post-4989","post","type-post","status-publish","format-standard","has-post-thumbnail","hentry","category-noticias","category-regiao"],"yoast_head":"<!-- This site is optimized with the Yoast SEO plugin v25.6 - https:\/\/yoast.com\/wordpress\/plugins\/seo\/ -->\n<title>Sales Oliveira inicia servi\u00e7os de recapeamento - VerdadeOn<\/title>\n<meta name=\"robots\" content=\"index, follow, max-snippet:-1, max-image-preview:large, max-video-preview:-1\" \/>\n<link rel=\"canonical\" href=\"https:\/\/verdadeon.com.br\/portal\/2020\/03\/14\/sales-oliveira-inicia-servicos-de-recapeamento\/\" \/>\n<meta property=\"og:locale\" content=\"pt_BR\" \/>\n<meta property=\"og:type\" content=\"article\" \/>\n<meta property=\"og:title\" content=\"Sales Oliveira inicia servi\u00e7os de recapeamento - VerdadeOn\" \/>\n<meta property=\"og:description\" content=\"Ser\u00e3o investidos R$ 600 mil nas obras que come\u00e7aram na \u00faltima ter\u00e7a &nbsp; Reportagem Gustavo Rodrigues Com a presen\u00e7a do prefeito Edmar Gomiero, o setor de [\u2026]\" \/>\n<meta property=\"og:url\" content=\"https:\/\/verdadeon.com.br\/portal\/2020\/03\/14\/sales-oliveira-inicia-servicos-de-recapeamento\/\" \/>\n<meta property=\"og:site_name\" content=\"VerdadeOn\" \/>\n<meta property=\"article:published_time\" content=\"2020-03-14T10:20:10+00:00\" \/>\n<meta property=\"og:image\" content=\"https:\/\/verdadeon.com.br\/portal\/wp-content\/uploads\/2020\/03\/Abre-6.jpg\" \/>\n\t<meta property=\"og:image:width\" content=\"1000\" \/>\n\t<meta property=\"og:image:height\" content=\"667\" \/>\n\t<meta property=\"og:image:type\" content=\"image\/jpeg\" \/>\n<meta name=\"author\" content=\"Redacao VerdadeOn\" \/>\n<meta name=\"twitter:card\" content=\"summary_large_image\" \/>\n<meta name=\"twitter:label1\" content=\"Escrito por\" \/>\n\t<meta name=\"twitter:data1\" content=\"Redacao VerdadeOn\" \/>\n\t<meta name=\"twitter:label2\" content=\"Est. tempo de leitura\" \/>\n\t<meta name=\"twitter:data2\" content=\"2 minutos\" \/>\n<script type=\"application\/ld+json\" class=\"yoast-schema-graph\">{\"@context\":\"https:\/\/schema.org\",\"@graph\":[{\"@type\":\"WebPage\",\"@id\":\"https:\/\/verdadeon.com.br\/portal\/2020\/03\/14\/sales-oliveira-inicia-servicos-de-recapeamento\/\",\"url\":\"https:\/\/verdadeon.com.br\/portal\/2020\/03\/14\/sales-oliveira-inicia-servicos-de-recapeamento\/\",\"name\":\"Sales Oliveira inicia servi\u00e7os de recapeamento - VerdadeOn\",\"isPartOf\":{\"@id\":\"https:\/\/verdadeon.com.br\/portal\/#website\"},\"primaryImageOfPage\":{\"@id\":\"https:\/\/verdadeon.com.br\/portal\/2020\/03\/14\/sales-oliveira-inicia-servicos-de-recapeamento\/#primaryimage\"},\"image\":{\"@id\":\"https:\/\/verdadeon.com.br\/portal\/2020\/03\/14\/sales-oliveira-inicia-servicos-de-recapeamento\/#primaryimage\"},\"thumbnailUrl\":\"https:\/\/i0.wp.com\/verdadeon.com.br\/portal\/wp-content\/uploads\/2020\/03\/Abre-6.jpg?fit=1000%2C667&ssl=1\",\"datePublished\":\"2020-03-14T10:20:10+00:00\",\"author\":{\"@id\":\"https:\/\/verdadeon.com.br\/portal\/#\/schema\/person\/a5060ad1e9ea3df545188fc93ce43d2f\"},\"breadcrumb\":{\"@id\":\"https:\/\/verdadeon.com.br\/portal\/2020\/03\/14\/sales-oliveira-inicia-servicos-de-recapeamento\/#breadcrumb\"},\"inLanguage\":\"pt-BR\",\"potentialAction\":[{\"@type\":\"ReadAction\",\"target\":[\"https:\/\/verdadeon.com.br\/portal\/2020\/03\/14\/sales-oliveira-inicia-servicos-de-recapeamento\/\"]}]},{\"@type\":\"ImageObject\",\"inLanguage\":\"pt-BR\",\"@id\":\"https:\/\/verdadeon.com.br\/portal\/2020\/03\/14\/sales-oliveira-inicia-servicos-de-recapeamento\/#primaryimage\",\"url\":\"https:\/\/i0.wp.com\/verdadeon.com.br\/portal\/wp-content\/uploads\/2020\/03\/Abre-6.jpg?fit=1000%2C667&ssl=1\",\"contentUrl\":\"https:\/\/i0.wp.com\/verdadeon.com.br\/portal\/wp-content\/uploads\/2020\/03\/Abre-6.jpg?fit=1000%2C667&ssl=1\",\"width\":1000,\"height\":667,\"caption\":\"novas obras - Funcion\u00e1rios trabalham nas obras de recapes nas ruas de Sales Oliveira. Servi\u00e7os come\u00e7aram na ter\u00e7a | Foto: Prefeitura\/Divulga\u00e7\u00e3o\"},{\"@type\":\"BreadcrumbList\",\"@id\":\"https:\/\/verdadeon.com.br\/portal\/2020\/03\/14\/sales-oliveira-inicia-servicos-de-recapeamento\/#breadcrumb\",\"itemListElement\":[{\"@type\":\"ListItem\",\"position\":1,\"name\":\"In\u00edcio\",\"item\":\"https:\/\/verdadeon.com.br\/portal\/\"},{\"@type\":\"ListItem\",\"position\":2,\"name\":\"Sales Oliveira inicia servi\u00e7os de recapeamento\"}]},{\"@type\":\"WebSite\",\"@id\":\"https:\/\/verdadeon.com.br\/portal\/#website\",\"url\":\"https:\/\/verdadeon.com.br\/portal\/\",\"name\":\"VerdadeOn\",\"description\":\"Not\u00edcias di\u00e1rias sobre Franca, Regi\u00e3o, Esporte, Cultura, Cotidiano, Colunas. Cobertura nos principais eventos da cidade \u00e9 aqui - Verdadeon Franca\",\"potentialAction\":[{\"@type\":\"SearchAction\",\"target\":{\"@type\":\"EntryPoint\",\"urlTemplate\":\"https:\/\/verdadeon.com.br\/portal\/?s={search_term_string}\"},\"query-input\":{\"@type\":\"PropertyValueSpecification\",\"valueRequired\":true,\"valueName\":\"search_term_string\"}}],\"inLanguage\":\"pt-BR\"},{\"@type\":\"Person\",\"@id\":\"https:\/\/verdadeon.com.br\/portal\/#\/schema\/person\/a5060ad1e9ea3df545188fc93ce43d2f\",\"name\":\"Redacao VerdadeOn\",\"image\":{\"@type\":\"ImageObject\",\"inLanguage\":\"pt-BR\",\"@id\":\"https:\/\/verdadeon.com.br\/portal\/#\/schema\/person\/image\/\",\"url\":\"https:\/\/secure.gravatar.com\/avatar\/459a9613caaaf07f582c3d0841eea68bdd66f533e465e6ba8b9cb45619572cf4?s=96&d=mm&r=g\",\"contentUrl\":\"https:\/\/secure.gravatar.com\/avatar\/459a9613caaaf07f582c3d0841eea68bdd66f533e465e6ba8b9cb45619572cf4?s=96&d=mm&r=g\",\"caption\":\"Redacao VerdadeOn\"},\"url\":\"https:\/\/verdadeon.com.br\/portal\/author\/redacao\/\"}]}<\/script>\n<!-- \/ Yoast SEO plugin. -->","yoast_head_json":{"title":"Sales Oliveira inicia servi\u00e7os de recapeamento - VerdadeOn","robots":{"index":"index","follow":"follow","max-snippet":"max-snippet:-1","max-image-preview":"max-image-preview:large","max-video-preview":"max-video-preview:-1"},"canonical":"https:\/\/verdadeon.com.br\/portal\/2020\/03\/14\/sales-oliveira-inicia-servicos-de-recapeamento\/","og_locale":"pt_BR","og_type":"article","og_title":"Sales Oliveira inicia servi\u00e7os de recapeamento - VerdadeOn","og_description":"Ser\u00e3o investidos R$ 600 mil nas obras que come\u00e7aram na \u00faltima ter\u00e7a &nbsp; Reportagem Gustavo Rodrigues Com a presen\u00e7a do prefeito Edmar Gomiero, o setor de [\u2026]","og_url":"https:\/\/verdadeon.com.br\/portal\/2020\/03\/14\/sales-oliveira-inicia-servicos-de-recapeamento\/","og_site_name":"VerdadeOn","article_published_time":"2020-03-14T10:20:10+00:00","og_image":[{"width":1000,"height":667,"url":"https:\/\/verdadeon.com.br\/portal\/wp-content\/uploads\/2020\/03\/Abre-6.jpg","type":"image\/jpeg"}],"author":"Redacao VerdadeOn","twitter_card":"summary_large_image","twitter_misc":{"Escrito por":"Redacao VerdadeOn","Est. tempo de leitura":"2 minutos"},"schema":{"@context":"https:\/\/schema.org","@graph":[{"@type":"WebPage","@id":"https:\/\/verdadeon.com.br\/portal\/2020\/03\/14\/sales-oliveira-inicia-servicos-de-recapeamento\/","url":"https:\/\/verdadeon.com.br\/portal\/2020\/03\/14\/sales-oliveira-inicia-servicos-de-recapeamento\/","name":"Sales Oliveira inicia servi\u00e7os de recapeamento - VerdadeOn","isPartOf":{"@id":"https:\/\/verdadeon.com.br\/portal\/#website"},"primaryImageOfPage":{"@id":"https:\/\/verdadeon.com.br\/portal\/2020\/03\/14\/sales-oliveira-inicia-servicos-de-recapeamento\/#primaryimage"},"image":{"@id":"https:\/\/verdadeon.com.br\/portal\/2020\/03\/14\/sales-oliveira-inicia-servicos-de-recapeamento\/#primaryimage"},"thumbnailUrl":"https:\/\/i0.wp.com\/verdadeon.com.br\/portal\/wp-content\/uploads\/2020\/03\/Abre-6.jpg?fit=1000%2C667&ssl=1","datePublished":"2020-03-14T10:20:10+00:00","author":{"@id":"https:\/\/verdadeon.com.br\/portal\/#\/schema\/person\/a5060ad1e9ea3df545188fc93ce43d2f"},"breadcrumb":{"@id":"https:\/\/verdadeon.com.br\/portal\/2020\/03\/14\/sales-oliveira-inicia-servicos-de-recapeamento\/#breadcrumb"},"inLanguage":"pt-BR","potentialAction":[{"@type":"ReadAction","target":["https:\/\/verdadeon.com.br\/portal\/2020\/03\/14\/sales-oliveira-inicia-servicos-de-recapeamento\/"]}]},{"@type":"ImageObject","inLanguage":"pt-BR","@id":"https:\/\/verdadeon.com.br\/portal\/2020\/03\/14\/sales-oliveira-inicia-servicos-de-recapeamento\/#primaryimage","url":"https:\/\/i0.wp.com\/verdadeon.com.br\/portal\/wp-content\/uploads\/2020\/03\/Abre-6.jpg?fit=1000%2C667&ssl=1","contentUrl":"https:\/\/i0.wp.com\/verdadeon.com.br\/portal\/wp-content\/uploads\/2020\/03\/Abre-6.jpg?fit=1000%2C667&ssl=1","width":1000,"height":667,"caption":"novas obras - Funcion\u00e1rios trabalham nas obras de recapes nas ruas de Sales Oliveira. Servi\u00e7os come\u00e7aram na ter\u00e7a | Foto: Prefeitura\/Divulga\u00e7\u00e3o"},{"@type":"BreadcrumbList","@id":"https:\/\/verdadeon.com.br\/portal\/2020\/03\/14\/sales-oliveira-inicia-servicos-de-recapeamento\/#breadcrumb","itemListElement":[{"@type":"ListItem","position":1,"name":"In\u00edcio","item":"https:\/\/verdadeon.com.br\/portal\/"},{"@type":"ListItem","position":2,"name":"Sales Oliveira inicia servi\u00e7os de recapeamento"}]},{"@type":"WebSite","@id":"https:\/\/verdadeon.com.br\/portal\/#website","url":"https:\/\/verdadeon.com.br\/portal\/","name":"VerdadeOn","description":"Not\u00edcias di\u00e1rias sobre Franca, Regi\u00e3o, Esporte, Cultura, Cotidiano, Colunas. Cobertura nos principais eventos da cidade \u00e9 aqui - Verdadeon Franca","potentialAction":[{"@type":"SearchAction","target":{"@type":"EntryPoint","urlTemplate":"https:\/\/verdadeon.com.br\/portal\/?s={search_term_string}"},"query-input":{"@type":"PropertyValueSpecification","valueRequired":true,"valueName":"search_term_string"}}],"inLanguage":"pt-BR"},{"@type":"Person","@id":"https:\/\/verdadeon.com.br\/portal\/#\/schema\/person\/a5060ad1e9ea3df545188fc93ce43d2f","name":"Redacao VerdadeOn","image":{"@type":"ImageObject","inLanguage":"pt-BR","@id":"https:\/\/verdadeon.com.br\/portal\/#\/schema\/person\/image\/","url":"https:\/\/secure.gravatar.com\/avatar\/459a9613caaaf07f582c3d0841eea68bdd66f533e465e6ba8b9cb45619572cf4?s=96&d=mm&r=g","contentUrl":"https:\/\/secure.gravatar.com\/avatar\/459a9613caaaf07f582c3d0841eea68bdd66f533e465e6ba8b9cb45619572cf4?s=96&d=mm&r=g","caption":"Redacao VerdadeOn"},"url":"https:\/\/verdadeon.com.br\/portal\/author\/redacao\/"}]}},"jetpack_publicize_connections":[],"jetpack_featured_media_url":"https:\/\/i0.wp.com\/verdadeon.com.br\/portal\/wp-content\/uploads\/2020\/03\/Abre-6.jpg?fit=1000%2C667&ssl=1","jetpack_sharing_enabled":true,"_links":{"self":[{"href":"https:\/\/verdadeon.com.br\/portal\/wp-json\/wp\/v2\/posts\/4989","targetHints":{"allow":["GET"]}}],"collection":[{"href":"https:\/\/verdadeon.com.br\/portal\/wp-json\/wp\/v2\/posts"}],"about":[{"href":"https:\/\/verdadeon.com.br\/portal\/wp-json\/wp\/v2\/types\/post"}],"author":[{"embeddable":true,"href":"https:\/\/verdadeon.com.br\/portal\/wp-json\/wp\/v2\/users\/10"}],"replies":[{"embeddable":true,"href":"https:\/\/verdadeon.com.br\/portal\/wp-json\/wp\/v2\/comments?post=4989"}],"version-history":[{"count":0,"href":"https:\/\/verdadeon.com.br\/portal\/wp-json\/wp\/v2\/posts\/4989\/revisions"}],"wp:featuredmedia":[{"embeddable":true,"href":"https:\/\/verdadeon.com.br\/portal\/wp-json\/wp\/v2\/media\/4995"}],"wp:attachment":[{"href":"https:\/\/verdadeon.com.br\/portal\/wp-json\/wp\/v2\/media?parent=4989"}],"wp:term":[{"taxonomy":"category","embeddable":true,"href":"https:\/\/verdadeon.com.br\/portal\/wp-json\/wp\/v2\/categories?post=4989"},{"taxonomy":"post_tag","embeddable":true,"href":"https:\/\/verdadeon.com.br\/portal\/wp-json\/wp\/v2\/tags?post=4989"}],"curies":[{"name":"wp","href":"https:\/\/api.w.org\/{rel}","templated":true}]}}