{"id":49824,"date":"2024-09-19T08:00:28","date_gmt":"2024-09-19T11:00:28","guid":{"rendered":"https:\/\/verdadeon.com.br\/portal\/?p=49824"},"modified":"2024-09-19T12:20:35","modified_gmt":"2024-09-19T15:20:35","slug":"sesi-franca-conhece-datas-e-horarios-das-quartas-de-final-do-campeonato-paulista","status":"publish","type":"post","link":"https:\/\/verdadeon.com.br\/portal\/2024\/09\/19\/sesi-franca-conhece-datas-e-horarios-das-quartas-de-final-do-campeonato-paulista\/","title":{"rendered":"Sesi Franca conhece datas e hor\u00e1rios das quartas de final do Campeonato Paulista"},"content":{"rendered":"<h2>Primeira partida acontece neste domingo (22\/09), \u00e0s 11h, no Gin\u00e1sio Geodesico<\/h2>\n<p>O Sesi Franca Basquete conheceu as datas e hor\u00e1rios das quartas de final do Campeonato Paulista. A equipe enfrenta o Basket Osasco em uma s\u00e9rie melhor de tr\u00eas e, por se classificar em primeiro lugar, o time francano faz todos os jogos decisivos em casa.<\/p>\n<p>A primeira partida da s\u00e9rie acontece neste domingo (22\/09), \u00e0s 11h, no Gin\u00e1sio Geodesico, em Osasco.<\/p>\n<p>O segundo confronto ser\u00e1 na quarta-feira (25\/09), \u00e0s 20h, no Gin\u00e1sio Pedroc\u00e3o. Se necess\u00e1rio, o terceiro e \u00faltimo jogo da s\u00e9rie ser\u00e1 na quinta-feira (26\/09), \u00e0s 20h, no Gin\u00e1sio Pedroc\u00e3o.<\/p>\n<p>Helinho Garcia, t\u00e9cnico do Sesi Franca, fez a sua an\u00e1lise do advers\u00e1rio: \u201cO Osasco vem numa crescente, tem feito um bom Campeonato Paulista e merece o nosso respeito. Mas agora \u00e9 a hora de virar a chavinha, principalmente defensivamente, para que a gente possa trazer o volume que \u00e9 necess\u00e1rio e chegarmos mais fortes nesta fase de playoffs\u201d, disse.<\/p>\n<p><strong>Confira a tabela completa do Sesi Franca nos playoffs:<\/strong><\/p>\n<p>Basket Osasco x Sesi Franca &#8211; 22\/09 &#8211; 11h &#8211; Gin\u00e1sio Geodesico<\/p>\n<p>Sesi Franca x Basket Osasco &#8211; 25\/09 &#8211; 20h &#8211; Gin\u00e1sio Pedroc\u00e3o<\/p>\n<p>*Sesi Franca x Basket Osasco &#8211; 26\/09 &#8211; 20h &#8211; Gin\u00e1sio Pedroc\u00e3o &#8211; se necess\u00e1rio<\/p>\n","protected":false},"excerpt":{"rendered":"<p>Primeira partida acontece neste domingo (22\/09), \u00e0s 11h, no Gin\u00e1sio Geodesico O Sesi Franca Basquete conheceu as datas e hor\u00e1rios das quartas de final do Campeonato<span class=\"excerpt-hellip\"> [\u2026]<\/span><\/p>\n","protected":false},"author":10,"featured_media":49825,"comment_status":"open","ping_status":"open","sticky":false,"template":"","format":"standard","meta":{"_jetpack_memberships_contains_paid_content":false,"footnotes":"","jetpack_publicize_message":"","jetpack_publicize_feature_enabled":true,"jetpack_social_post_already_shared":true,"jetpack_social_options":{"image_generator_settings":{"template":"highway","default_image_id":0,"enabled":false},"version":2}},"categories":[28,81],"tags":[],"class_list":["post-49824","post","type-post","status-publish","format-standard","has-post-thumbnail","hentry","category-cotidiano","category-manchete"],"yoast_head":"<!-- This site is optimized with the Yoast SEO plugin v25.6 - https:\/\/yoast.com\/wordpress\/plugins\/seo\/ -->\n<title>Sesi Franca conhece datas e hor\u00e1rios das quartas de final do Campeonato Paulista - VerdadeOn<\/title>\n<meta name=\"robots\" content=\"index, follow, max-snippet:-1, max-image-preview:large, max-video-preview:-1\" \/>\n<link rel=\"canonical\" href=\"https:\/\/verdadeon.com.br\/portal\/2024\/09\/19\/sesi-franca-conhece-datas-e-horarios-das-quartas-de-final-do-campeonato-paulista\/\" \/>\n<meta property=\"og:locale\" content=\"pt_BR\" \/>\n<meta property=\"og:type\" content=\"article\" \/>\n<meta property=\"og:title\" content=\"Sesi Franca conhece datas e hor\u00e1rios das quartas de final do Campeonato Paulista - VerdadeOn\" \/>\n<meta property=\"og:description\" content=\"Primeira partida acontece neste domingo (22\/09), \u00e0s 11h, no Gin\u00e1sio Geodesico O Sesi Franca Basquete conheceu as datas e hor\u00e1rios das quartas de final do Campeonato [\u2026]\" \/>\n<meta property=\"og:url\" content=\"https:\/\/verdadeon.com.br\/portal\/2024\/09\/19\/sesi-franca-conhece-datas-e-horarios-das-quartas-de-final-do-campeonato-paulista\/\" \/>\n<meta property=\"og:site_name\" content=\"VerdadeOn\" \/>\n<meta property=\"article:published_time\" content=\"2024-09-19T11:00:28+00:00\" \/>\n<meta property=\"article:modified_time\" content=\"2024-09-19T15:20:35+00:00\" \/>\n<meta property=\"og:image\" content=\"https:\/\/verdadeon.com.br\/portal\/wp-content\/uploads\/2024\/09\/b6b11-53915162764-a96e41aa23-k.jpg\" \/>\n\t<meta property=\"og:image:width\" content=\"2037\" \/>\n\t<meta property=\"og:image:height\" content=\"1365\" \/>\n\t<meta property=\"og:image:type\" content=\"image\/jpeg\" \/>\n<meta name=\"author\" content=\"Redacao VerdadeOn\" \/>\n<meta name=\"twitter:card\" content=\"summary_large_image\" \/>\n<meta name=\"twitter:label1\" content=\"Escrito por\" \/>\n\t<meta name=\"twitter:data1\" content=\"Redacao VerdadeOn\" \/>\n\t<meta name=\"twitter:label2\" content=\"Est. tempo de leitura\" \/>\n\t<meta name=\"twitter:data2\" content=\"1 minuto\" \/>\n<script type=\"application\/ld+json\" class=\"yoast-schema-graph\">{\"@context\":\"https:\/\/schema.org\",\"@graph\":[{\"@type\":\"WebPage\",\"@id\":\"https:\/\/verdadeon.com.br\/portal\/2024\/09\/19\/sesi-franca-conhece-datas-e-horarios-das-quartas-de-final-do-campeonato-paulista\/\",\"url\":\"https:\/\/verdadeon.com.br\/portal\/2024\/09\/19\/sesi-franca-conhece-datas-e-horarios-das-quartas-de-final-do-campeonato-paulista\/\",\"name\":\"Sesi Franca conhece datas e hor\u00e1rios das quartas de final do Campeonato Paulista - VerdadeOn\",\"isPartOf\":{\"@id\":\"https:\/\/verdadeon.com.br\/portal\/#website\"},\"primaryImageOfPage\":{\"@id\":\"https:\/\/verdadeon.com.br\/portal\/2024\/09\/19\/sesi-franca-conhece-datas-e-horarios-das-quartas-de-final-do-campeonato-paulista\/#primaryimage\"},\"image\":{\"@id\":\"https:\/\/verdadeon.com.br\/portal\/2024\/09\/19\/sesi-franca-conhece-datas-e-horarios-das-quartas-de-final-do-campeonato-paulista\/#primaryimage\"},\"thumbnailUrl\":\"https:\/\/i0.wp.com\/verdadeon.com.br\/portal\/wp-content\/uploads\/2024\/09\/b6b11-53915162764-a96e41aa23-k.jpg?fit=2037%2C1365&ssl=1\",\"datePublished\":\"2024-09-19T11:00:28+00:00\",\"dateModified\":\"2024-09-19T15:20:35+00:00\",\"author\":{\"@id\":\"https:\/\/verdadeon.com.br\/portal\/#\/schema\/person\/a5060ad1e9ea3df545188fc93ce43d2f\"},\"breadcrumb\":{\"@id\":\"https:\/\/verdadeon.com.br\/portal\/2024\/09\/19\/sesi-franca-conhece-datas-e-horarios-das-quartas-de-final-do-campeonato-paulista\/#breadcrumb\"},\"inLanguage\":\"pt-BR\",\"potentialAction\":[{\"@type\":\"ReadAction\",\"target\":[\"https:\/\/verdadeon.com.br\/portal\/2024\/09\/19\/sesi-franca-conhece-datas-e-horarios-das-quartas-de-final-do-campeonato-paulista\/\"]}]},{\"@type\":\"ImageObject\",\"inLanguage\":\"pt-BR\",\"@id\":\"https:\/\/verdadeon.com.br\/portal\/2024\/09\/19\/sesi-franca-conhece-datas-e-horarios-das-quartas-de-final-do-campeonato-paulista\/#primaryimage\",\"url\":\"https:\/\/i0.wp.com\/verdadeon.com.br\/portal\/wp-content\/uploads\/2024\/09\/b6b11-53915162764-a96e41aa23-k.jpg?fit=2037%2C1365&ssl=1\",\"contentUrl\":\"https:\/\/i0.wp.com\/verdadeon.com.br\/portal\/wp-content\/uploads\/2024\/09\/b6b11-53915162764-a96e41aa23-k.jpg?fit=2037%2C1365&ssl=1\",\"width\":2037,\"height\":1365,\"caption\":\"Sesi Franca enfrenta o Basket Osasco em uma \\\"melhor de tr\u00eas\\\"(\u00a9Marcos Limonti\/SFB)\"},{\"@type\":\"BreadcrumbList\",\"@id\":\"https:\/\/verdadeon.com.br\/portal\/2024\/09\/19\/sesi-franca-conhece-datas-e-horarios-das-quartas-de-final-do-campeonato-paulista\/#breadcrumb\",\"itemListElement\":[{\"@type\":\"ListItem\",\"position\":1,\"name\":\"In\u00edcio\",\"item\":\"https:\/\/verdadeon.com.br\/portal\/\"},{\"@type\":\"ListItem\",\"position\":2,\"name\":\"Sesi Franca conhece datas e hor\u00e1rios das quartas de final do Campeonato Paulista\"}]},{\"@type\":\"WebSite\",\"@id\":\"https:\/\/verdadeon.com.br\/portal\/#website\",\"url\":\"https:\/\/verdadeon.com.br\/portal\/\",\"name\":\"VerdadeOn\",\"description\":\"Not\u00edcias di\u00e1rias sobre Franca, Regi\u00e3o, Esporte, Cultura, Cotidiano, Colunas. Cobertura nos principais eventos da cidade \u00e9 aqui - Verdadeon Franca\",\"potentialAction\":[{\"@type\":\"SearchAction\",\"target\":{\"@type\":\"EntryPoint\",\"urlTemplate\":\"https:\/\/verdadeon.com.br\/portal\/?s={search_term_string}\"},\"query-input\":{\"@type\":\"PropertyValueSpecification\",\"valueRequired\":true,\"valueName\":\"search_term_string\"}}],\"inLanguage\":\"pt-BR\"},{\"@type\":\"Person\",\"@id\":\"https:\/\/verdadeon.com.br\/portal\/#\/schema\/person\/a5060ad1e9ea3df545188fc93ce43d2f\",\"name\":\"Redacao VerdadeOn\",\"image\":{\"@type\":\"ImageObject\",\"inLanguage\":\"pt-BR\",\"@id\":\"https:\/\/verdadeon.com.br\/portal\/#\/schema\/person\/image\/\",\"url\":\"https:\/\/secure.gravatar.com\/avatar\/459a9613caaaf07f582c3d0841eea68bdd66f533e465e6ba8b9cb45619572cf4?s=96&d=mm&r=g\",\"contentUrl\":\"https:\/\/secure.gravatar.com\/avatar\/459a9613caaaf07f582c3d0841eea68bdd66f533e465e6ba8b9cb45619572cf4?s=96&d=mm&r=g\",\"caption\":\"Redacao VerdadeOn\"},\"url\":\"https:\/\/verdadeon.com.br\/portal\/author\/redacao\/\"}]}<\/script>\n<!-- \/ Yoast SEO plugin. -->","yoast_head_json":{"title":"Sesi Franca conhece datas e hor\u00e1rios das quartas de final do Campeonato Paulista - VerdadeOn","robots":{"index":"index","follow":"follow","max-snippet":"max-snippet:-1","max-image-preview":"max-image-preview:large","max-video-preview":"max-video-preview:-1"},"canonical":"https:\/\/verdadeon.com.br\/portal\/2024\/09\/19\/sesi-franca-conhece-datas-e-horarios-das-quartas-de-final-do-campeonato-paulista\/","og_locale":"pt_BR","og_type":"article","og_title":"Sesi Franca conhece datas e hor\u00e1rios das quartas de final do Campeonato Paulista - VerdadeOn","og_description":"Primeira partida acontece neste domingo (22\/09), \u00e0s 11h, no Gin\u00e1sio Geodesico O Sesi Franca Basquete conheceu as datas e hor\u00e1rios das quartas de final do Campeonato [\u2026]","og_url":"https:\/\/verdadeon.com.br\/portal\/2024\/09\/19\/sesi-franca-conhece-datas-e-horarios-das-quartas-de-final-do-campeonato-paulista\/","og_site_name":"VerdadeOn","article_published_time":"2024-09-19T11:00:28+00:00","article_modified_time":"2024-09-19T15:20:35+00:00","og_image":[{"width":2037,"height":1365,"url":"https:\/\/verdadeon.com.br\/portal\/wp-content\/uploads\/2024\/09\/b6b11-53915162764-a96e41aa23-k.jpg","type":"image\/jpeg"}],"author":"Redacao VerdadeOn","twitter_card":"summary_large_image","twitter_misc":{"Escrito por":"Redacao VerdadeOn","Est. tempo de leitura":"1 minuto"},"schema":{"@context":"https:\/\/schema.org","@graph":[{"@type":"WebPage","@id":"https:\/\/verdadeon.com.br\/portal\/2024\/09\/19\/sesi-franca-conhece-datas-e-horarios-das-quartas-de-final-do-campeonato-paulista\/","url":"https:\/\/verdadeon.com.br\/portal\/2024\/09\/19\/sesi-franca-conhece-datas-e-horarios-das-quartas-de-final-do-campeonato-paulista\/","name":"Sesi Franca conhece datas e hor\u00e1rios das quartas de final do Campeonato Paulista - VerdadeOn","isPartOf":{"@id":"https:\/\/verdadeon.com.br\/portal\/#website"},"primaryImageOfPage":{"@id":"https:\/\/verdadeon.com.br\/portal\/2024\/09\/19\/sesi-franca-conhece-datas-e-horarios-das-quartas-de-final-do-campeonato-paulista\/#primaryimage"},"image":{"@id":"https:\/\/verdadeon.com.br\/portal\/2024\/09\/19\/sesi-franca-conhece-datas-e-horarios-das-quartas-de-final-do-campeonato-paulista\/#primaryimage"},"thumbnailUrl":"https:\/\/i0.wp.com\/verdadeon.com.br\/portal\/wp-content\/uploads\/2024\/09\/b6b11-53915162764-a96e41aa23-k.jpg?fit=2037%2C1365&ssl=1","datePublished":"2024-09-19T11:00:28+00:00","dateModified":"2024-09-19T15:20:35+00:00","author":{"@id":"https:\/\/verdadeon.com.br\/portal\/#\/schema\/person\/a5060ad1e9ea3df545188fc93ce43d2f"},"breadcrumb":{"@id":"https:\/\/verdadeon.com.br\/portal\/2024\/09\/19\/sesi-franca-conhece-datas-e-horarios-das-quartas-de-final-do-campeonato-paulista\/#breadcrumb"},"inLanguage":"pt-BR","potentialAction":[{"@type":"ReadAction","target":["https:\/\/verdadeon.com.br\/portal\/2024\/09\/19\/sesi-franca-conhece-datas-e-horarios-das-quartas-de-final-do-campeonato-paulista\/"]}]},{"@type":"ImageObject","inLanguage":"pt-BR","@id":"https:\/\/verdadeon.com.br\/portal\/2024\/09\/19\/sesi-franca-conhece-datas-e-horarios-das-quartas-de-final-do-campeonato-paulista\/#primaryimage","url":"https:\/\/i0.wp.com\/verdadeon.com.br\/portal\/wp-content\/uploads\/2024\/09\/b6b11-53915162764-a96e41aa23-k.jpg?fit=2037%2C1365&ssl=1","contentUrl":"https:\/\/i0.wp.com\/verdadeon.com.br\/portal\/wp-content\/uploads\/2024\/09\/b6b11-53915162764-a96e41aa23-k.jpg?fit=2037%2C1365&ssl=1","width":2037,"height":1365,"caption":"Sesi Franca enfrenta o Basket Osasco em uma \"melhor de tr\u00eas\"(\u00a9Marcos Limonti\/SFB)"},{"@type":"BreadcrumbList","@id":"https:\/\/verdadeon.com.br\/portal\/2024\/09\/19\/sesi-franca-conhece-datas-e-horarios-das-quartas-de-final-do-campeonato-paulista\/#breadcrumb","itemListElement":[{"@type":"ListItem","position":1,"name":"In\u00edcio","item":"https:\/\/verdadeon.com.br\/portal\/"},{"@type":"ListItem","position":2,"name":"Sesi Franca conhece datas e hor\u00e1rios das quartas de final do Campeonato Paulista"}]},{"@type":"WebSite","@id":"https:\/\/verdadeon.com.br\/portal\/#website","url":"https:\/\/verdadeon.com.br\/portal\/","name":"VerdadeOn","description":"Not\u00edcias di\u00e1rias sobre Franca, Regi\u00e3o, Esporte, Cultura, Cotidiano, Colunas. Cobertura nos principais eventos da cidade \u00e9 aqui - Verdadeon Franca","potentialAction":[{"@type":"SearchAction","target":{"@type":"EntryPoint","urlTemplate":"https:\/\/verdadeon.com.br\/portal\/?s={search_term_string}"},"query-input":{"@type":"PropertyValueSpecification","valueRequired":true,"valueName":"search_term_string"}}],"inLanguage":"pt-BR"},{"@type":"Person","@id":"https:\/\/verdadeon.com.br\/portal\/#\/schema\/person\/a5060ad1e9ea3df545188fc93ce43d2f","name":"Redacao VerdadeOn","image":{"@type":"ImageObject","inLanguage":"pt-BR","@id":"https:\/\/verdadeon.com.br\/portal\/#\/schema\/person\/image\/","url":"https:\/\/secure.gravatar.com\/avatar\/459a9613caaaf07f582c3d0841eea68bdd66f533e465e6ba8b9cb45619572cf4?s=96&d=mm&r=g","contentUrl":"https:\/\/secure.gravatar.com\/avatar\/459a9613caaaf07f582c3d0841eea68bdd66f533e465e6ba8b9cb45619572cf4?s=96&d=mm&r=g","caption":"Redacao VerdadeOn"},"url":"https:\/\/verdadeon.com.br\/portal\/author\/redacao\/"}]}},"jetpack_publicize_connections":[],"jetpack_featured_media_url":"https:\/\/i0.wp.com\/verdadeon.com.br\/portal\/wp-content\/uploads\/2024\/09\/b6b11-53915162764-a96e41aa23-k.jpg?fit=2037%2C1365&ssl=1","jetpack_sharing_enabled":true,"_links":{"self":[{"href":"https:\/\/verdadeon.com.br\/portal\/wp-json\/wp\/v2\/posts\/49824","targetHints":{"allow":["GET"]}}],"collection":[{"href":"https:\/\/verdadeon.com.br\/portal\/wp-json\/wp\/v2\/posts"}],"about":[{"href":"https:\/\/verdadeon.com.br\/portal\/wp-json\/wp\/v2\/types\/post"}],"author":[{"embeddable":true,"href":"https:\/\/verdadeon.com.br\/portal\/wp-json\/wp\/v2\/users\/10"}],"replies":[{"embeddable":true,"href":"https:\/\/verdadeon.com.br\/portal\/wp-json\/wp\/v2\/comments?post=49824"}],"version-history":[{"count":1,"href":"https:\/\/verdadeon.com.br\/portal\/wp-json\/wp\/v2\/posts\/49824\/revisions"}],"predecessor-version":[{"id":49826,"href":"https:\/\/verdadeon.com.br\/portal\/wp-json\/wp\/v2\/posts\/49824\/revisions\/49826"}],"wp:featuredmedia":[{"embeddable":true,"href":"https:\/\/verdadeon.com.br\/portal\/wp-json\/wp\/v2\/media\/49825"}],"wp:attachment":[{"href":"https:\/\/verdadeon.com.br\/portal\/wp-json\/wp\/v2\/media?parent=49824"}],"wp:term":[{"taxonomy":"category","embeddable":true,"href":"https:\/\/verdadeon.com.br\/portal\/wp-json\/wp\/v2\/categories?post=49824"},{"taxonomy":"post_tag","embeddable":true,"href":"https:\/\/verdadeon.com.br\/portal\/wp-json\/wp\/v2\/tags?post=49824"}],"curies":[{"name":"wp","href":"https:\/\/api.w.org\/{rel}","templated":true}]}}