{"id":49812,"date":"2024-09-19T11:11:07","date_gmt":"2024-09-19T14:11:07","guid":{"rendered":"https:\/\/verdadeon.com.br\/portal\/?p=49812"},"modified":"2024-09-19T11:11:07","modified_gmt":"2024-09-19T14:11:07","slug":"adolescente-de-17-anos-e-apreendido-pela-dise-por-trafico-de-drogas","status":"publish","type":"post","link":"https:\/\/verdadeon.com.br\/portal\/2024\/09\/19\/adolescente-de-17-anos-e-apreendido-pela-dise-por-trafico-de-drogas\/","title":{"rendered":"Adolescente de 17 anos \u00e9 apreendido pela DISE por tr\u00e1fico de drogas"},"content":{"rendered":"<h2>Investiga\u00e7\u00e3o acompanhou por dias os atos rotineiros do menor<\/h2>\n<p>A DISE (Delegacia de Investiga\u00e7\u00f5es Sobre Entorpecentes), sob comando do delegado Dr. Alan Bazalha Lopes, da Delegacia Seccional de Franca \/ DEINTER 3, apreendeu nessa quarta-feira, 18, um adolescente praticando ato infracional relacionado a tr\u00e1fico de drogas na via p\u00fablica no bairro Jardim Portinari, em Franca-SP.<\/p>\n<p>Em data pret\u00e9rita, investigadores de pol\u00edcia desta especializada notaram movimenta\u00e7\u00e3o t\u00edpica de tr\u00e1fico de drogas pelo local dos fatos, motivo pelo qual passaram a realizar campanas, em dias e hor\u00e1rios alternados, para levantamento da autoria e da materialidade, onde foi poss\u00edvel reconhecer indiv\u00edduo at\u00e9 ent\u00e3o n\u00e3o identificado, que recebia o contato de pessoas com caracter\u00edsticas de usu\u00e1rios de drogas e realizavam troca de objetos.<\/p>\n<p>Durante as investiga\u00e7\u00f5es, os agentes puderam visualizar que o indiv\u00edduo guardava algo dentro de uma estaca de madeira, em uma cerca existente nas proximidades, e ia at\u00e9 o local de tempo em tempo, aparentando que se tratava do local onde guardava as subst\u00e2ncias que estava comercializando, sendo realizadas, inclusive, grava\u00e7\u00f5es da movimenta\u00e7\u00e3o do suspeito. Isto feito, os investigadores desta vez com apoio de outros policiais desta especializada, se posicionaram pr\u00f3ximos \u00e0 esquina onde o suspeito permanecia e em momento oportuno realizaram abordagem.<\/p>\n<p>Verificou-se que o suspeito tratava-se de adolescente infrator conhecido, que j\u00e1 possui diversas passagens policiais, inclusive recentes, por pr\u00e1tica an\u00e1loga ao crime de tr\u00e1fico de drogas. Em sua posse, foi localizado quantia monet\u00e1ria, em diversas notas de pequeno valor e moedas. Ato cont\u00ednuo, realizaram busca na cerca de madeira em que o adolescente escondia as drogas e localizaram, dentro de uma estaca, oito pedras de crack, individualmente embaladas em pl\u00e1stico, da forma que s\u00e3o comercializadas. Questionado, o adolescente espontaneamente confessou a pr\u00e1tica delitiva, sendo dada a devida voz de apreens\u00e3o, sendo apresentado para tomada das medidas de pol\u00edcia judici\u00e1rias cab\u00edveis.<\/p>\n<p>A av\u00f3 do adolescente foi acionada e compareceu nesta especializada, onde de tudo foi informada e acompanhou oitiva do adolescente, que confessou que estava comercializando \u2018crack\u2019, vendendo cada pedra pelo valor de R$ 10,00. Tendo em vista os graves fatos narrados pelos investigadores, a apreens\u00e3o de subst\u00e2ncias entorpecentes e tamb\u00e9m de dinheiro em pequenas notas, as quais &#8211; com toda a certeza &#8211; s\u00e3o oriundas da venda de drogas, somados ao fato do adolescente ter sido conduzido recentemente por policiais militares e ter voltado \u00e0 delinquir, tratando-se de crime grave, equiparado \u00e0 hediondo, esta Autoridade Policial resolveu pela apreens\u00e3o do adolescente infrator, nos termos dos artigos 106, 173 e 175 do Estatuto da Crian\u00e7a e do Adolescente, sendo formalizado Auto de Apreens\u00e3o de Adolescente Infrator.<\/p>\n","protected":false},"excerpt":{"rendered":"<p>Investiga\u00e7\u00e3o acompanhou por dias os atos rotineiros do menor A DISE (Delegacia de Investiga\u00e7\u00f5es Sobre Entorpecentes), sob comando do delegado Dr. Alan Bazalha Lopes, da Delegacia<span class=\"excerpt-hellip\"> [\u2026]<\/span><\/p>\n","protected":false},"author":10,"featured_media":49813,"comment_status":"open","ping_status":"open","sticky":false,"template":"","format":"standard","meta":{"_jetpack_memberships_contains_paid_content":false,"footnotes":"","jetpack_publicize_message":"","jetpack_publicize_feature_enabled":true,"jetpack_social_post_already_shared":true,"jetpack_social_options":{"image_generator_settings":{"template":"highway","default_image_id":0,"enabled":false},"version":2}},"categories":[28,81],"tags":[],"class_list":["post-49812","post","type-post","status-publish","format-standard","has-post-thumbnail","hentry","category-cotidiano","category-manchete"],"yoast_head":"<!-- This site is optimized with the Yoast SEO plugin v25.6 - https:\/\/yoast.com\/wordpress\/plugins\/seo\/ -->\n<title>Adolescente de 17 anos \u00e9 apreendido pela DISE por tr\u00e1fico de drogas - VerdadeOn<\/title>\n<meta name=\"robots\" content=\"index, follow, max-snippet:-1, max-image-preview:large, max-video-preview:-1\" \/>\n<link rel=\"canonical\" href=\"https:\/\/verdadeon.com.br\/portal\/2024\/09\/19\/adolescente-de-17-anos-e-apreendido-pela-dise-por-trafico-de-drogas\/\" \/>\n<meta property=\"og:locale\" content=\"pt_BR\" \/>\n<meta property=\"og:type\" content=\"article\" \/>\n<meta property=\"og:title\" content=\"Adolescente de 17 anos \u00e9 apreendido pela DISE por tr\u00e1fico de drogas - VerdadeOn\" \/>\n<meta property=\"og:description\" content=\"Investiga\u00e7\u00e3o acompanhou por dias os atos rotineiros do menor A DISE (Delegacia de Investiga\u00e7\u00f5es Sobre Entorpecentes), sob comando do delegado Dr. Alan Bazalha Lopes, da Delegacia [\u2026]\" \/>\n<meta property=\"og:url\" content=\"https:\/\/verdadeon.com.br\/portal\/2024\/09\/19\/adolescente-de-17-anos-e-apreendido-pela-dise-por-trafico-de-drogas\/\" \/>\n<meta property=\"og:site_name\" content=\"VerdadeOn\" \/>\n<meta property=\"article:published_time\" content=\"2024-09-19T14:11:07+00:00\" \/>\n<meta property=\"og:image\" content=\"https:\/\/verdadeon.com.br\/portal\/wp-content\/uploads\/2024\/09\/AnyConv.com__WhatsApp-Image-2024-09-19-at-10.58.36.jpg\" \/>\n\t<meta property=\"og:image:width\" content=\"1342\" \/>\n\t<meta property=\"og:image:height\" content=\"899\" \/>\n\t<meta property=\"og:image:type\" content=\"image\/jpeg\" \/>\n<meta name=\"author\" content=\"Redacao VerdadeOn\" \/>\n<meta name=\"twitter:card\" content=\"summary_large_image\" \/>\n<meta name=\"twitter:label1\" content=\"Escrito por\" \/>\n\t<meta name=\"twitter:data1\" content=\"Redacao VerdadeOn\" \/>\n\t<meta name=\"twitter:label2\" content=\"Est. tempo de leitura\" \/>\n\t<meta name=\"twitter:data2\" content=\"2 minutos\" \/>\n<script type=\"application\/ld+json\" class=\"yoast-schema-graph\">{\"@context\":\"https:\/\/schema.org\",\"@graph\":[{\"@type\":\"WebPage\",\"@id\":\"https:\/\/verdadeon.com.br\/portal\/2024\/09\/19\/adolescente-de-17-anos-e-apreendido-pela-dise-por-trafico-de-drogas\/\",\"url\":\"https:\/\/verdadeon.com.br\/portal\/2024\/09\/19\/adolescente-de-17-anos-e-apreendido-pela-dise-por-trafico-de-drogas\/\",\"name\":\"Adolescente de 17 anos \u00e9 apreendido pela DISE por tr\u00e1fico de drogas - VerdadeOn\",\"isPartOf\":{\"@id\":\"https:\/\/verdadeon.com.br\/portal\/#website\"},\"primaryImageOfPage\":{\"@id\":\"https:\/\/verdadeon.com.br\/portal\/2024\/09\/19\/adolescente-de-17-anos-e-apreendido-pela-dise-por-trafico-de-drogas\/#primaryimage\"},\"image\":{\"@id\":\"https:\/\/verdadeon.com.br\/portal\/2024\/09\/19\/adolescente-de-17-anos-e-apreendido-pela-dise-por-trafico-de-drogas\/#primaryimage\"},\"thumbnailUrl\":\"https:\/\/i0.wp.com\/verdadeon.com.br\/portal\/wp-content\/uploads\/2024\/09\/AnyConv.com__WhatsApp-Image-2024-09-19-at-10.58.36.jpg?fit=1342%2C899&ssl=1\",\"datePublished\":\"2024-09-19T14:11:07+00:00\",\"author\":{\"@id\":\"https:\/\/verdadeon.com.br\/portal\/#\/schema\/person\/a5060ad1e9ea3df545188fc93ce43d2f\"},\"breadcrumb\":{\"@id\":\"https:\/\/verdadeon.com.br\/portal\/2024\/09\/19\/adolescente-de-17-anos-e-apreendido-pela-dise-por-trafico-de-drogas\/#breadcrumb\"},\"inLanguage\":\"pt-BR\",\"potentialAction\":[{\"@type\":\"ReadAction\",\"target\":[\"https:\/\/verdadeon.com.br\/portal\/2024\/09\/19\/adolescente-de-17-anos-e-apreendido-pela-dise-por-trafico-de-drogas\/\"]}]},{\"@type\":\"ImageObject\",\"inLanguage\":\"pt-BR\",\"@id\":\"https:\/\/verdadeon.com.br\/portal\/2024\/09\/19\/adolescente-de-17-anos-e-apreendido-pela-dise-por-trafico-de-drogas\/#primaryimage\",\"url\":\"https:\/\/i0.wp.com\/verdadeon.com.br\/portal\/wp-content\/uploads\/2024\/09\/AnyConv.com__WhatsApp-Image-2024-09-19-at-10.58.36.jpg?fit=1342%2C899&ssl=1\",\"contentUrl\":\"https:\/\/i0.wp.com\/verdadeon.com.br\/portal\/wp-content\/uploads\/2024\/09\/AnyConv.com__WhatsApp-Image-2024-09-19-at-10.58.36.jpg?fit=1342%2C899&ssl=1\",\"width\":1342,\"height\":899,\"caption\":\"Menor infrator j\u00e1 havia registrado passagem pela pol\u00edcia h\u00e1 poucos dias (\u00a9Divulga\u00e7\u00e3o)\"},{\"@type\":\"BreadcrumbList\",\"@id\":\"https:\/\/verdadeon.com.br\/portal\/2024\/09\/19\/adolescente-de-17-anos-e-apreendido-pela-dise-por-trafico-de-drogas\/#breadcrumb\",\"itemListElement\":[{\"@type\":\"ListItem\",\"position\":1,\"name\":\"In\u00edcio\",\"item\":\"https:\/\/verdadeon.com.br\/portal\/\"},{\"@type\":\"ListItem\",\"position\":2,\"name\":\"Adolescente de 17 anos \u00e9 apreendido pela DISE por tr\u00e1fico de drogas\"}]},{\"@type\":\"WebSite\",\"@id\":\"https:\/\/verdadeon.com.br\/portal\/#website\",\"url\":\"https:\/\/verdadeon.com.br\/portal\/\",\"name\":\"VerdadeOn\",\"description\":\"Not\u00edcias di\u00e1rias sobre Franca, Regi\u00e3o, Esporte, Cultura, Cotidiano, Colunas. Cobertura nos principais eventos da cidade \u00e9 aqui - Verdadeon Franca\",\"potentialAction\":[{\"@type\":\"SearchAction\",\"target\":{\"@type\":\"EntryPoint\",\"urlTemplate\":\"https:\/\/verdadeon.com.br\/portal\/?s={search_term_string}\"},\"query-input\":{\"@type\":\"PropertyValueSpecification\",\"valueRequired\":true,\"valueName\":\"search_term_string\"}}],\"inLanguage\":\"pt-BR\"},{\"@type\":\"Person\",\"@id\":\"https:\/\/verdadeon.com.br\/portal\/#\/schema\/person\/a5060ad1e9ea3df545188fc93ce43d2f\",\"name\":\"Redacao VerdadeOn\",\"image\":{\"@type\":\"ImageObject\",\"inLanguage\":\"pt-BR\",\"@id\":\"https:\/\/verdadeon.com.br\/portal\/#\/schema\/person\/image\/\",\"url\":\"https:\/\/secure.gravatar.com\/avatar\/459a9613caaaf07f582c3d0841eea68bdd66f533e465e6ba8b9cb45619572cf4?s=96&d=mm&r=g\",\"contentUrl\":\"https:\/\/secure.gravatar.com\/avatar\/459a9613caaaf07f582c3d0841eea68bdd66f533e465e6ba8b9cb45619572cf4?s=96&d=mm&r=g\",\"caption\":\"Redacao VerdadeOn\"},\"url\":\"https:\/\/verdadeon.com.br\/portal\/author\/redacao\/\"}]}<\/script>\n<!-- \/ Yoast SEO plugin. -->","yoast_head_json":{"title":"Adolescente de 17 anos \u00e9 apreendido pela DISE por tr\u00e1fico de drogas - VerdadeOn","robots":{"index":"index","follow":"follow","max-snippet":"max-snippet:-1","max-image-preview":"max-image-preview:large","max-video-preview":"max-video-preview:-1"},"canonical":"https:\/\/verdadeon.com.br\/portal\/2024\/09\/19\/adolescente-de-17-anos-e-apreendido-pela-dise-por-trafico-de-drogas\/","og_locale":"pt_BR","og_type":"article","og_title":"Adolescente de 17 anos \u00e9 apreendido pela DISE por tr\u00e1fico de drogas - VerdadeOn","og_description":"Investiga\u00e7\u00e3o acompanhou por dias os atos rotineiros do menor A DISE (Delegacia de Investiga\u00e7\u00f5es Sobre Entorpecentes), sob comando do delegado Dr. Alan Bazalha Lopes, da Delegacia [\u2026]","og_url":"https:\/\/verdadeon.com.br\/portal\/2024\/09\/19\/adolescente-de-17-anos-e-apreendido-pela-dise-por-trafico-de-drogas\/","og_site_name":"VerdadeOn","article_published_time":"2024-09-19T14:11:07+00:00","og_image":[{"width":1342,"height":899,"url":"https:\/\/verdadeon.com.br\/portal\/wp-content\/uploads\/2024\/09\/AnyConv.com__WhatsApp-Image-2024-09-19-at-10.58.36.jpg","type":"image\/jpeg"}],"author":"Redacao VerdadeOn","twitter_card":"summary_large_image","twitter_misc":{"Escrito por":"Redacao VerdadeOn","Est. tempo de leitura":"2 minutos"},"schema":{"@context":"https:\/\/schema.org","@graph":[{"@type":"WebPage","@id":"https:\/\/verdadeon.com.br\/portal\/2024\/09\/19\/adolescente-de-17-anos-e-apreendido-pela-dise-por-trafico-de-drogas\/","url":"https:\/\/verdadeon.com.br\/portal\/2024\/09\/19\/adolescente-de-17-anos-e-apreendido-pela-dise-por-trafico-de-drogas\/","name":"Adolescente de 17 anos \u00e9 apreendido pela DISE por tr\u00e1fico de drogas - VerdadeOn","isPartOf":{"@id":"https:\/\/verdadeon.com.br\/portal\/#website"},"primaryImageOfPage":{"@id":"https:\/\/verdadeon.com.br\/portal\/2024\/09\/19\/adolescente-de-17-anos-e-apreendido-pela-dise-por-trafico-de-drogas\/#primaryimage"},"image":{"@id":"https:\/\/verdadeon.com.br\/portal\/2024\/09\/19\/adolescente-de-17-anos-e-apreendido-pela-dise-por-trafico-de-drogas\/#primaryimage"},"thumbnailUrl":"https:\/\/i0.wp.com\/verdadeon.com.br\/portal\/wp-content\/uploads\/2024\/09\/AnyConv.com__WhatsApp-Image-2024-09-19-at-10.58.36.jpg?fit=1342%2C899&ssl=1","datePublished":"2024-09-19T14:11:07+00:00","author":{"@id":"https:\/\/verdadeon.com.br\/portal\/#\/schema\/person\/a5060ad1e9ea3df545188fc93ce43d2f"},"breadcrumb":{"@id":"https:\/\/verdadeon.com.br\/portal\/2024\/09\/19\/adolescente-de-17-anos-e-apreendido-pela-dise-por-trafico-de-drogas\/#breadcrumb"},"inLanguage":"pt-BR","potentialAction":[{"@type":"ReadAction","target":["https:\/\/verdadeon.com.br\/portal\/2024\/09\/19\/adolescente-de-17-anos-e-apreendido-pela-dise-por-trafico-de-drogas\/"]}]},{"@type":"ImageObject","inLanguage":"pt-BR","@id":"https:\/\/verdadeon.com.br\/portal\/2024\/09\/19\/adolescente-de-17-anos-e-apreendido-pela-dise-por-trafico-de-drogas\/#primaryimage","url":"https:\/\/i0.wp.com\/verdadeon.com.br\/portal\/wp-content\/uploads\/2024\/09\/AnyConv.com__WhatsApp-Image-2024-09-19-at-10.58.36.jpg?fit=1342%2C899&ssl=1","contentUrl":"https:\/\/i0.wp.com\/verdadeon.com.br\/portal\/wp-content\/uploads\/2024\/09\/AnyConv.com__WhatsApp-Image-2024-09-19-at-10.58.36.jpg?fit=1342%2C899&ssl=1","width":1342,"height":899,"caption":"Menor infrator j\u00e1 havia registrado passagem pela pol\u00edcia h\u00e1 poucos dias (\u00a9Divulga\u00e7\u00e3o)"},{"@type":"BreadcrumbList","@id":"https:\/\/verdadeon.com.br\/portal\/2024\/09\/19\/adolescente-de-17-anos-e-apreendido-pela-dise-por-trafico-de-drogas\/#breadcrumb","itemListElement":[{"@type":"ListItem","position":1,"name":"In\u00edcio","item":"https:\/\/verdadeon.com.br\/portal\/"},{"@type":"ListItem","position":2,"name":"Adolescente de 17 anos \u00e9 apreendido pela DISE por tr\u00e1fico de drogas"}]},{"@type":"WebSite","@id":"https:\/\/verdadeon.com.br\/portal\/#website","url":"https:\/\/verdadeon.com.br\/portal\/","name":"VerdadeOn","description":"Not\u00edcias di\u00e1rias sobre Franca, Regi\u00e3o, Esporte, Cultura, Cotidiano, Colunas. Cobertura nos principais eventos da cidade \u00e9 aqui - Verdadeon Franca","potentialAction":[{"@type":"SearchAction","target":{"@type":"EntryPoint","urlTemplate":"https:\/\/verdadeon.com.br\/portal\/?s={search_term_string}"},"query-input":{"@type":"PropertyValueSpecification","valueRequired":true,"valueName":"search_term_string"}}],"inLanguage":"pt-BR"},{"@type":"Person","@id":"https:\/\/verdadeon.com.br\/portal\/#\/schema\/person\/a5060ad1e9ea3df545188fc93ce43d2f","name":"Redacao VerdadeOn","image":{"@type":"ImageObject","inLanguage":"pt-BR","@id":"https:\/\/verdadeon.com.br\/portal\/#\/schema\/person\/image\/","url":"https:\/\/secure.gravatar.com\/avatar\/459a9613caaaf07f582c3d0841eea68bdd66f533e465e6ba8b9cb45619572cf4?s=96&d=mm&r=g","contentUrl":"https:\/\/secure.gravatar.com\/avatar\/459a9613caaaf07f582c3d0841eea68bdd66f533e465e6ba8b9cb45619572cf4?s=96&d=mm&r=g","caption":"Redacao VerdadeOn"},"url":"https:\/\/verdadeon.com.br\/portal\/author\/redacao\/"}]}},"jetpack_publicize_connections":[],"jetpack_featured_media_url":"https:\/\/i0.wp.com\/verdadeon.com.br\/portal\/wp-content\/uploads\/2024\/09\/AnyConv.com__WhatsApp-Image-2024-09-19-at-10.58.36.jpg?fit=1342%2C899&ssl=1","jetpack_sharing_enabled":true,"_links":{"self":[{"href":"https:\/\/verdadeon.com.br\/portal\/wp-json\/wp\/v2\/posts\/49812","targetHints":{"allow":["GET"]}}],"collection":[{"href":"https:\/\/verdadeon.com.br\/portal\/wp-json\/wp\/v2\/posts"}],"about":[{"href":"https:\/\/verdadeon.com.br\/portal\/wp-json\/wp\/v2\/types\/post"}],"author":[{"embeddable":true,"href":"https:\/\/verdadeon.com.br\/portal\/wp-json\/wp\/v2\/users\/10"}],"replies":[{"embeddable":true,"href":"https:\/\/verdadeon.com.br\/portal\/wp-json\/wp\/v2\/comments?post=49812"}],"version-history":[{"count":1,"href":"https:\/\/verdadeon.com.br\/portal\/wp-json\/wp\/v2\/posts\/49812\/revisions"}],"predecessor-version":[{"id":49814,"href":"https:\/\/verdadeon.com.br\/portal\/wp-json\/wp\/v2\/posts\/49812\/revisions\/49814"}],"wp:featuredmedia":[{"embeddable":true,"href":"https:\/\/verdadeon.com.br\/portal\/wp-json\/wp\/v2\/media\/49813"}],"wp:attachment":[{"href":"https:\/\/verdadeon.com.br\/portal\/wp-json\/wp\/v2\/media?parent=49812"}],"wp:term":[{"taxonomy":"category","embeddable":true,"href":"https:\/\/verdadeon.com.br\/portal\/wp-json\/wp\/v2\/categories?post=49812"},{"taxonomy":"post_tag","embeddable":true,"href":"https:\/\/verdadeon.com.br\/portal\/wp-json\/wp\/v2\/tags?post=49812"}],"curies":[{"name":"wp","href":"https:\/\/api.w.org\/{rel}","templated":true}]}}