{"id":4981,"date":"2020-03-14T07:20:52","date_gmt":"2020-03-14T10:20:52","guid":{"rendered":"http:\/\/verdadeon.com.br\/portal\/?p=4981"},"modified":"2020-03-18T16:32:26","modified_gmt":"2020-03-18T19:32:26","slug":"franca-se-prepara-para-enfrentar-coronavirus","status":"publish","type":"post","link":"https:\/\/verdadeon.com.br\/portal\/2020\/03\/14\/franca-se-prepara-para-enfrentar-coronavirus\/","title":{"rendered":"Franca se prepara para enfrentar coronav\u00edrus"},"content":{"rendered":"<h2>Escolas e Universidades monitoram situa\u00e7\u00e3o e podem suspender aulas<\/h2>\n<p>Mesmo sem nenhum caso confirmado da doen\u00e7a &#8211; a cidade monitora atualmente dois casos suspeitos e outros quatro j\u00e1 foram descartados &#8211; Franca se prepara para enfrentar poss\u00edveis casos de coronav\u00edrus. Enquanto em algumas cidades aulas foram canceladas, inicialmente as escolas municipais e as quatro principais universidades (Unifran, Faculdade de Direito de Franca, Centro Universit\u00e1rio Facef e Unesp) monitoram a situa\u00e7\u00e3o e mant\u00e9m as aulas normalmente.<br \/>\n\u201cEstamos monitorando diariamente a situa\u00e7\u00e3o, mas por enquanto n\u00e3o faremos nenhuma medida de conting\u00eancia e as aulas seguem normalmente\u201d, explicou o secret\u00e1rio Municipal de Educa\u00e7\u00e3o, Edgar Ajax.<br \/>\nO mesmo acontece nas escolas estaduais cuja Secretaria de Estado da Educa\u00e7\u00e3o de S\u00e3o Paulo informou que a orienta\u00e7\u00e3o \u00e9 para que todas as unidades sigam as recomenda\u00e7\u00f5es dos \u00f3rg\u00e3os oficiais de sa\u00fade para a preven\u00e7\u00e3o da transmiss\u00e3o do coronav\u00edrus. \u201cQualquer eventual medida sobre suspens\u00e3o de aulas ser\u00e1 tomada sob a orienta\u00e7\u00e3o da Secretaria de Sa\u00fade do Estado, com a qual \u00e9 mantida interlocu\u00e7\u00e3o permanente.\u201d<br \/>\nA Unifran, que recebe milhares de alunos todos os dias, informou, atrav\u00e9s de nota, \u201cque n\u00e3o tem nenhum caso confirmado de Covid 19 em sua comunidade acad\u00eamica e que est\u00e1 seguindo todas as orienta\u00e7\u00f5es do MEC e da Secretaria da Sa\u00fade, com atividades educativas e de higiene. Al\u00e9m disso, segue acompanhando de perto as diretrizes oficiais. At\u00e9 o momento as aulas seguem normalmente.\u201d<br \/>\nJ\u00e1 a Unesp informou que \u201cas atividades administrativas e acad\u00eamicas nas unidades dever\u00e3o ser mantidas&#8230; Todas as reuni\u00f5es presenciais devem ser evitadas, priorizando-se os encontros por sistemas de videoconfer\u00eancia e outras ferramentas para comunica\u00e7\u00e3o a dist\u00e2ncia\u201d, al\u00e9m de indicar que os estudantes, intercambistas e trabalhadores (professores, pesquisadores e t\u00e9cnico-administrativos) vindos do exterior n\u00e3o devem frequentar os ambientes universit\u00e1rios, guardando quarentena por um per\u00edodo de 14 dias. Aulas de um projeto de idosos foram suspensas.<br \/>\n\u201cEstamos fazendo avalia\u00e7\u00f5es constantes sobre a situa\u00e7\u00e3o. N\u00e3o temos nenhum caso confirmado em Franca ou regi\u00e3o, por isso acho muito precoce tomarmos a decis\u00e3o de suspender as aulas. A suspens\u00e3o poderia comprometer o calend\u00e1rio acad\u00eamico que j\u00e1 \u00e9 apertado e prejudica o andamento de todo o planejamento \u201d, disse o reitor do Uni-Facef Jos\u00e9 Alfredo de P\u00e1dua Guerra.<br \/>\nApesar disso, o reitor n\u00e3o descarta a suspens\u00e3o caso seja necess\u00e1rio ou indicado por \u00f3rg\u00e3os superiores. A disponibiliza\u00e7\u00e3o de \u00e1lcool em gel e sabonetes tamb\u00e9m foi refor\u00e7ada nos campus do Centro Universit\u00e1rio, assim como as a\u00e7\u00f5es educativas com a participa\u00e7\u00e3o de professores e estudantes. \u201cEstamos refor\u00e7ando a fase de instru\u00e7\u00e3o, mas se necess\u00e1rio n\u00e3o est\u00e1 descartada a suspens\u00e3o das aulas\u201d, completou o reitor. O posicionamento do Uni-Facef est\u00e1 alinhado com o da Faculdade de Direito de Franca. Representantes de ambas as institui\u00e7\u00f5es est\u00e3o tomando as decis\u00f5es juntos.<\/p>\n<p>Mais cuidados<br \/>\nPara apoiar as institui\u00e7\u00f5es de sa\u00fade na dissemina\u00e7\u00e3o de informa\u00e7\u00f5es sobre os cuidados na preven\u00e7\u00e3o do novo coronav\u00edrus, o Franca Shopping est\u00e1 implementando uma comunica\u00e7\u00e3o especial para clientes e lojistas. Cartazes e adesivos destacam as orienta\u00e7\u00f5es do Minist\u00e9rio da Sa\u00fade para a popula\u00e7\u00e3o. A administra\u00e7\u00e3o tamb\u00e9m intensificou a rotina de limpeza e higieniza\u00e7\u00e3o dos espa\u00e7os e refor\u00e7ou os pontos de uso de \u00e1lcool em gel nas pra\u00e7as de alimenta\u00e7\u00e3o e pr\u00f3ximo aos banheiros. O empreendimento segue acompanhando as diretrizes dos \u00f3rg\u00e3os competentes.<br \/>\nO bispo da Diocese de Franca, Dom Paulo Roberto Beloto, divulgou um direcionamento para a pastoral diante da pandemia nesta sexta-feira (13). A orienta\u00e7\u00e3o \u00e9 para que os fi\u00e9is evitem apertos de m\u00e3os, abra\u00e7os ou qualquer contato f\u00edsico em momentos de ora\u00e7\u00f5es, assim como evitar a comunh\u00e3o diretamente na boca. Idosos ou pessoas com sintomas do novo coronav\u00edrus (como febre alta, tosse, dificuldades para respirar, dores musculares) ou mesmo outras vulnerabilidades de sa\u00fade est\u00e3o liberados de participar das missas aos s\u00e1bados e domingos, quando a aglomera\u00e7\u00e3o de fi\u00e9is \u00e9 maior.<\/p>\n","protected":false},"excerpt":{"rendered":"<p>Escolas e Universidades monitoram situa\u00e7\u00e3o e podem suspender aulas Mesmo sem nenhum caso confirmado da doen\u00e7a &#8211; a cidade monitora atualmente dois casos suspeitos e outros<span class=\"excerpt-hellip\"> [\u2026]<\/span><\/p>\n","protected":false},"author":10,"featured_media":4984,"comment_status":"open","ping_status":"open","sticky":false,"template":"","format":"standard","meta":{"_jetpack_memberships_contains_paid_content":false,"footnotes":"","jetpack_publicize_message":"","jetpack_publicize_feature_enabled":true,"jetpack_social_post_already_shared":false,"jetpack_social_options":{"image_generator_settings":{"template":"highway","default_image_id":0,"enabled":false},"version":2}},"categories":[104,28,81],"tags":[],"class_list":["post-4981","post","type-post","status-publish","format-standard","has-post-thumbnail","hentry","category-coronavirus","category-cotidiano","category-manchete"],"yoast_head":"<!-- This site is optimized with the Yoast SEO plugin v25.6 - https:\/\/yoast.com\/wordpress\/plugins\/seo\/ -->\n<title>Franca se prepara para enfrentar coronav\u00edrus - VerdadeOn<\/title>\n<meta name=\"robots\" content=\"index, follow, max-snippet:-1, max-image-preview:large, max-video-preview:-1\" \/>\n<link rel=\"canonical\" href=\"https:\/\/verdadeon.com.br\/portal\/2020\/03\/14\/franca-se-prepara-para-enfrentar-coronavirus\/\" \/>\n<meta property=\"og:locale\" content=\"pt_BR\" \/>\n<meta property=\"og:type\" content=\"article\" \/>\n<meta property=\"og:title\" content=\"Franca se prepara para enfrentar coronav\u00edrus - VerdadeOn\" \/>\n<meta property=\"og:description\" content=\"Escolas e Universidades monitoram situa\u00e7\u00e3o e podem suspender aulas Mesmo sem nenhum caso confirmado da doen\u00e7a &#8211; a cidade monitora atualmente dois casos suspeitos e outros [\u2026]\" \/>\n<meta property=\"og:url\" content=\"https:\/\/verdadeon.com.br\/portal\/2020\/03\/14\/franca-se-prepara-para-enfrentar-coronavirus\/\" \/>\n<meta property=\"og:site_name\" content=\"VerdadeOn\" \/>\n<meta property=\"article:published_time\" content=\"2020-03-14T10:20:52+00:00\" \/>\n<meta property=\"article:modified_time\" content=\"2020-03-18T19:32:26+00:00\" \/>\n<meta property=\"og:image\" content=\"https:\/\/verdadeon.com.br\/portal\/wp-content\/uploads\/2020\/03\/FACEF-Fachada-foto-Lindomar-Cailton-12.jpg\" \/>\n\t<meta property=\"og:image:width\" content=\"1000\" \/>\n\t<meta property=\"og:image:height\" content=\"668\" \/>\n\t<meta property=\"og:image:type\" content=\"image\/jpeg\" \/>\n<meta name=\"author\" content=\"Redacao VerdadeOn\" \/>\n<meta name=\"twitter:card\" content=\"summary_large_image\" \/>\n<meta name=\"twitter:label1\" content=\"Escrito por\" \/>\n\t<meta name=\"twitter:data1\" content=\"Redacao VerdadeOn\" \/>\n\t<meta name=\"twitter:label2\" content=\"Est. tempo de leitura\" \/>\n\t<meta name=\"twitter:data2\" content=\"4 minutos\" \/>\n<script type=\"application\/ld+json\" class=\"yoast-schema-graph\">{\"@context\":\"https:\/\/schema.org\",\"@graph\":[{\"@type\":\"WebPage\",\"@id\":\"https:\/\/verdadeon.com.br\/portal\/2020\/03\/14\/franca-se-prepara-para-enfrentar-coronavirus\/\",\"url\":\"https:\/\/verdadeon.com.br\/portal\/2020\/03\/14\/franca-se-prepara-para-enfrentar-coronavirus\/\",\"name\":\"Franca se prepara para enfrentar coronav\u00edrus - VerdadeOn\",\"isPartOf\":{\"@id\":\"https:\/\/verdadeon.com.br\/portal\/#website\"},\"primaryImageOfPage\":{\"@id\":\"https:\/\/verdadeon.com.br\/portal\/2020\/03\/14\/franca-se-prepara-para-enfrentar-coronavirus\/#primaryimage\"},\"image\":{\"@id\":\"https:\/\/verdadeon.com.br\/portal\/2020\/03\/14\/franca-se-prepara-para-enfrentar-coronavirus\/#primaryimage\"},\"thumbnailUrl\":\"https:\/\/i0.wp.com\/verdadeon.com.br\/portal\/wp-content\/uploads\/2020\/03\/FACEF-Fachada-foto-Lindomar-Cailton-12.jpg?fit=1000%2C668&ssl=1\",\"datePublished\":\"2020-03-14T10:20:52+00:00\",\"dateModified\":\"2020-03-18T19:32:26+00:00\",\"author\":{\"@id\":\"https:\/\/verdadeon.com.br\/portal\/#\/schema\/person\/a5060ad1e9ea3df545188fc93ce43d2f\"},\"breadcrumb\":{\"@id\":\"https:\/\/verdadeon.com.br\/portal\/2020\/03\/14\/franca-se-prepara-para-enfrentar-coronavirus\/#breadcrumb\"},\"inLanguage\":\"pt-BR\",\"potentialAction\":[{\"@type\":\"ReadAction\",\"target\":[\"https:\/\/verdadeon.com.br\/portal\/2020\/03\/14\/franca-se-prepara-para-enfrentar-coronavirus\/\"]}]},{\"@type\":\"ImageObject\",\"inLanguage\":\"pt-BR\",\"@id\":\"https:\/\/verdadeon.com.br\/portal\/2020\/03\/14\/franca-se-prepara-para-enfrentar-coronavirus\/#primaryimage\",\"url\":\"https:\/\/i0.wp.com\/verdadeon.com.br\/portal\/wp-content\/uploads\/2020\/03\/FACEF-Fachada-foto-Lindomar-Cailton-12.jpg?fit=1000%2C668&ssl=1\",\"contentUrl\":\"https:\/\/i0.wp.com\/verdadeon.com.br\/portal\/wp-content\/uploads\/2020\/03\/FACEF-Fachada-foto-Lindomar-Cailton-12.jpg?fit=1000%2C668&ssl=1\",\"width\":1000,\"height\":668,\"caption\":\"Com apoio do Centro Universit\u00e1rio Uni-Facef, de Franca, estudantes do curso de Medicina realizar\u00e3o o I International Integrative Medical Congress | Foto: Arquivo Verdade\"},{\"@type\":\"BreadcrumbList\",\"@id\":\"https:\/\/verdadeon.com.br\/portal\/2020\/03\/14\/franca-se-prepara-para-enfrentar-coronavirus\/#breadcrumb\",\"itemListElement\":[{\"@type\":\"ListItem\",\"position\":1,\"name\":\"In\u00edcio\",\"item\":\"https:\/\/verdadeon.com.br\/portal\/\"},{\"@type\":\"ListItem\",\"position\":2,\"name\":\"Franca se prepara para enfrentar coronav\u00edrus\"}]},{\"@type\":\"WebSite\",\"@id\":\"https:\/\/verdadeon.com.br\/portal\/#website\",\"url\":\"https:\/\/verdadeon.com.br\/portal\/\",\"name\":\"VerdadeOn\",\"description\":\"Not\u00edcias di\u00e1rias sobre Franca, Regi\u00e3o, Esporte, Cultura, Cotidiano, Colunas. Cobertura nos principais eventos da cidade \u00e9 aqui - Verdadeon Franca\",\"potentialAction\":[{\"@type\":\"SearchAction\",\"target\":{\"@type\":\"EntryPoint\",\"urlTemplate\":\"https:\/\/verdadeon.com.br\/portal\/?s={search_term_string}\"},\"query-input\":{\"@type\":\"PropertyValueSpecification\",\"valueRequired\":true,\"valueName\":\"search_term_string\"}}],\"inLanguage\":\"pt-BR\"},{\"@type\":\"Person\",\"@id\":\"https:\/\/verdadeon.com.br\/portal\/#\/schema\/person\/a5060ad1e9ea3df545188fc93ce43d2f\",\"name\":\"Redacao VerdadeOn\",\"image\":{\"@type\":\"ImageObject\",\"inLanguage\":\"pt-BR\",\"@id\":\"https:\/\/verdadeon.com.br\/portal\/#\/schema\/person\/image\/\",\"url\":\"https:\/\/secure.gravatar.com\/avatar\/459a9613caaaf07f582c3d0841eea68bdd66f533e465e6ba8b9cb45619572cf4?s=96&d=mm&r=g\",\"contentUrl\":\"https:\/\/secure.gravatar.com\/avatar\/459a9613caaaf07f582c3d0841eea68bdd66f533e465e6ba8b9cb45619572cf4?s=96&d=mm&r=g\",\"caption\":\"Redacao VerdadeOn\"},\"url\":\"https:\/\/verdadeon.com.br\/portal\/author\/redacao\/\"}]}<\/script>\n<!-- \/ Yoast SEO plugin. -->","yoast_head_json":{"title":"Franca se prepara para enfrentar coronav\u00edrus - VerdadeOn","robots":{"index":"index","follow":"follow","max-snippet":"max-snippet:-1","max-image-preview":"max-image-preview:large","max-video-preview":"max-video-preview:-1"},"canonical":"https:\/\/verdadeon.com.br\/portal\/2020\/03\/14\/franca-se-prepara-para-enfrentar-coronavirus\/","og_locale":"pt_BR","og_type":"article","og_title":"Franca se prepara para enfrentar coronav\u00edrus - VerdadeOn","og_description":"Escolas e Universidades monitoram situa\u00e7\u00e3o e podem suspender aulas Mesmo sem nenhum caso confirmado da doen\u00e7a &#8211; a cidade monitora atualmente dois casos suspeitos e outros [\u2026]","og_url":"https:\/\/verdadeon.com.br\/portal\/2020\/03\/14\/franca-se-prepara-para-enfrentar-coronavirus\/","og_site_name":"VerdadeOn","article_published_time":"2020-03-14T10:20:52+00:00","article_modified_time":"2020-03-18T19:32:26+00:00","og_image":[{"width":1000,"height":668,"url":"https:\/\/verdadeon.com.br\/portal\/wp-content\/uploads\/2020\/03\/FACEF-Fachada-foto-Lindomar-Cailton-12.jpg","type":"image\/jpeg"}],"author":"Redacao VerdadeOn","twitter_card":"summary_large_image","twitter_misc":{"Escrito por":"Redacao VerdadeOn","Est. tempo de leitura":"4 minutos"},"schema":{"@context":"https:\/\/schema.org","@graph":[{"@type":"WebPage","@id":"https:\/\/verdadeon.com.br\/portal\/2020\/03\/14\/franca-se-prepara-para-enfrentar-coronavirus\/","url":"https:\/\/verdadeon.com.br\/portal\/2020\/03\/14\/franca-se-prepara-para-enfrentar-coronavirus\/","name":"Franca se prepara para enfrentar coronav\u00edrus - VerdadeOn","isPartOf":{"@id":"https:\/\/verdadeon.com.br\/portal\/#website"},"primaryImageOfPage":{"@id":"https:\/\/verdadeon.com.br\/portal\/2020\/03\/14\/franca-se-prepara-para-enfrentar-coronavirus\/#primaryimage"},"image":{"@id":"https:\/\/verdadeon.com.br\/portal\/2020\/03\/14\/franca-se-prepara-para-enfrentar-coronavirus\/#primaryimage"},"thumbnailUrl":"https:\/\/i0.wp.com\/verdadeon.com.br\/portal\/wp-content\/uploads\/2020\/03\/FACEF-Fachada-foto-Lindomar-Cailton-12.jpg?fit=1000%2C668&ssl=1","datePublished":"2020-03-14T10:20:52+00:00","dateModified":"2020-03-18T19:32:26+00:00","author":{"@id":"https:\/\/verdadeon.com.br\/portal\/#\/schema\/person\/a5060ad1e9ea3df545188fc93ce43d2f"},"breadcrumb":{"@id":"https:\/\/verdadeon.com.br\/portal\/2020\/03\/14\/franca-se-prepara-para-enfrentar-coronavirus\/#breadcrumb"},"inLanguage":"pt-BR","potentialAction":[{"@type":"ReadAction","target":["https:\/\/verdadeon.com.br\/portal\/2020\/03\/14\/franca-se-prepara-para-enfrentar-coronavirus\/"]}]},{"@type":"ImageObject","inLanguage":"pt-BR","@id":"https:\/\/verdadeon.com.br\/portal\/2020\/03\/14\/franca-se-prepara-para-enfrentar-coronavirus\/#primaryimage","url":"https:\/\/i0.wp.com\/verdadeon.com.br\/portal\/wp-content\/uploads\/2020\/03\/FACEF-Fachada-foto-Lindomar-Cailton-12.jpg?fit=1000%2C668&ssl=1","contentUrl":"https:\/\/i0.wp.com\/verdadeon.com.br\/portal\/wp-content\/uploads\/2020\/03\/FACEF-Fachada-foto-Lindomar-Cailton-12.jpg?fit=1000%2C668&ssl=1","width":1000,"height":668,"caption":"Com apoio do Centro Universit\u00e1rio Uni-Facef, de Franca, estudantes do curso de Medicina realizar\u00e3o o I International Integrative Medical Congress | Foto: Arquivo Verdade"},{"@type":"BreadcrumbList","@id":"https:\/\/verdadeon.com.br\/portal\/2020\/03\/14\/franca-se-prepara-para-enfrentar-coronavirus\/#breadcrumb","itemListElement":[{"@type":"ListItem","position":1,"name":"In\u00edcio","item":"https:\/\/verdadeon.com.br\/portal\/"},{"@type":"ListItem","position":2,"name":"Franca se prepara para enfrentar coronav\u00edrus"}]},{"@type":"WebSite","@id":"https:\/\/verdadeon.com.br\/portal\/#website","url":"https:\/\/verdadeon.com.br\/portal\/","name":"VerdadeOn","description":"Not\u00edcias di\u00e1rias sobre Franca, Regi\u00e3o, Esporte, Cultura, Cotidiano, Colunas. Cobertura nos principais eventos da cidade \u00e9 aqui - Verdadeon Franca","potentialAction":[{"@type":"SearchAction","target":{"@type":"EntryPoint","urlTemplate":"https:\/\/verdadeon.com.br\/portal\/?s={search_term_string}"},"query-input":{"@type":"PropertyValueSpecification","valueRequired":true,"valueName":"search_term_string"}}],"inLanguage":"pt-BR"},{"@type":"Person","@id":"https:\/\/verdadeon.com.br\/portal\/#\/schema\/person\/a5060ad1e9ea3df545188fc93ce43d2f","name":"Redacao VerdadeOn","image":{"@type":"ImageObject","inLanguage":"pt-BR","@id":"https:\/\/verdadeon.com.br\/portal\/#\/schema\/person\/image\/","url":"https:\/\/secure.gravatar.com\/avatar\/459a9613caaaf07f582c3d0841eea68bdd66f533e465e6ba8b9cb45619572cf4?s=96&d=mm&r=g","contentUrl":"https:\/\/secure.gravatar.com\/avatar\/459a9613caaaf07f582c3d0841eea68bdd66f533e465e6ba8b9cb45619572cf4?s=96&d=mm&r=g","caption":"Redacao VerdadeOn"},"url":"https:\/\/verdadeon.com.br\/portal\/author\/redacao\/"}]}},"jetpack_publicize_connections":[],"jetpack_featured_media_url":"https:\/\/i0.wp.com\/verdadeon.com.br\/portal\/wp-content\/uploads\/2020\/03\/FACEF-Fachada-foto-Lindomar-Cailton-12.jpg?fit=1000%2C668&ssl=1","jetpack_sharing_enabled":true,"_links":{"self":[{"href":"https:\/\/verdadeon.com.br\/portal\/wp-json\/wp\/v2\/posts\/4981","targetHints":{"allow":["GET"]}}],"collection":[{"href":"https:\/\/verdadeon.com.br\/portal\/wp-json\/wp\/v2\/posts"}],"about":[{"href":"https:\/\/verdadeon.com.br\/portal\/wp-json\/wp\/v2\/types\/post"}],"author":[{"embeddable":true,"href":"https:\/\/verdadeon.com.br\/portal\/wp-json\/wp\/v2\/users\/10"}],"replies":[{"embeddable":true,"href":"https:\/\/verdadeon.com.br\/portal\/wp-json\/wp\/v2\/comments?post=4981"}],"version-history":[{"count":0,"href":"https:\/\/verdadeon.com.br\/portal\/wp-json\/wp\/v2\/posts\/4981\/revisions"}],"wp:featuredmedia":[{"embeddable":true,"href":"https:\/\/verdadeon.com.br\/portal\/wp-json\/wp\/v2\/media\/4984"}],"wp:attachment":[{"href":"https:\/\/verdadeon.com.br\/portal\/wp-json\/wp\/v2\/media?parent=4981"}],"wp:term":[{"taxonomy":"category","embeddable":true,"href":"https:\/\/verdadeon.com.br\/portal\/wp-json\/wp\/v2\/categories?post=4981"},{"taxonomy":"post_tag","embeddable":true,"href":"https:\/\/verdadeon.com.br\/portal\/wp-json\/wp\/v2\/tags?post=4981"}],"curies":[{"name":"wp","href":"https:\/\/api.w.org\/{rel}","templated":true}]}}