{"id":4978,"date":"2020-03-14T07:30:56","date_gmt":"2020-03-14T10:30:56","guid":{"rendered":"http:\/\/verdadeon.com.br\/portal\/?p=4978"},"modified":"2020-03-13T20:35:04","modified_gmt":"2020-03-13T23:35:04","slug":"dig-identifica-agressor-de-mulher-transexual","status":"publish","type":"post","link":"https:\/\/verdadeon.com.br\/portal\/2020\/03\/14\/dig-identifica-agressor-de-mulher-transexual\/","title":{"rendered":"DIG identifica agressor de mulher transexual"},"content":{"rendered":"<h2>Agressor de 26 anos negou o crime de transfobia. Ele foi ouvido e liberado<\/h2>\n<p>&nbsp;<\/p>\n<p>Reportagem Fernando de Paula<br \/>\nFoi identificado pela DIG de Franca, o suspeito de agredir a jovem transexual Eva Alves Maria, de 19 anos. O homem de 26 se apresentou na delegacia na manh\u00e3 de ontem(13), onde foi reconhecido, prestou depoimento e foi liberado.<br \/>\nDe acordo com o delegado M\u00e1rcio Murari, o suspeito confessou que agrediu Eva, mas negou que foi por homofobia. Ele declarou ainda que foi agredido primeiro. Inicialmente ele foi indiciado por les\u00e3o corporal dolosa de natureza grave. O inqu\u00e9rito prossegue para apurar por completo os fatos e a participa\u00e7\u00e3o de outras pessoas.<br \/>\nA estudante Eva Alves Maria esteve na sede do Verdade, acompanhada de seu advogado, Hugo Soares. Ela negou que tenha agredido primeiro.\u201cO que aconteceu \u00e9 que n\u00f3s discutimos, depois disso ele saiu e voltou com ripas de madeira. Sa\u00ed de uma festa e fomos at\u00e9 a Esta\u00e7\u00e3o e ficamos no coreto. Um grupo de meninas estava nos bancos, quando uns homens chegaram e come\u00e7aram a brigar com elas. O homem que me agrediu estava gritando com uma dessas meninas, eles n\u00e3o s\u00e3o um casal, ele apontava o dedo pra ela e falava muito alto. Eu cheguei at\u00e9 l\u00e1 e mandei ele se afastar e come\u00e7amos a discutir. Eu n\u00e3o encostei nele, enquanto isso fui agredida verbalmente com palavras transf\u00f3bicas. Se isso n\u00e3o \u00e9 transfobia eu n\u00e3o sei o que \u00e9\u201d, relatou.<br \/>\nEva contou ainda que v\u00e1rias pessoas defenderam a menina, mas que o agressor e os amigos j\u00e1 tinham ela como alvo. &#8220;Eles fizeram um c\u00edrculo em torno de mim e dele para que ningu\u00e9m apartasse. Ele veio com o peda\u00e7o de madeira e eu coloquei o meu bra\u00e7o na frente, que acabou quebrando. Ele ainda acertou a minha cabe\u00e7a. O agressor queria me matar&#8221;.<br \/>\nPara o advogado de defesa, Eva foi v\u00edtima de crime de racismo e de tentativa de homic\u00eddio. Ele explicou ainda que a mulher foi ferida nas esferas criminal, civil e administrativa. \u201cA principal agora \u00e9 a criminal, ele precisa ser punido, ressocializado e isso precisa de servir de exemplo\u201d.<br \/>\nO advogado finalizou explicando que a expectativa de vida de uma pessoa trans no Brasil \u00e9 de 35 anos, e destacou os direitos conquistados. \u201cA lei 10.948 \u00e9 fundamental. Se uma pessoa sofre uma transfobia dentro de um estabelecimento, este local pode ser multado e at\u00e9 fechado. Outra quest\u00e3o muito importante de ser destacada \u00e9 em rela\u00e7\u00e3o ao pedido de registro civil. Todas as pessoas trans com mais de 18 anos podem fazer a retifica\u00e7\u00e3o de registro do nome social e realizar a mudan\u00e7a no pr\u00f3prio cart\u00f3rio, apenas levando as certid\u00f5es, ela tem esse direito\u201d.<br \/>\nEva finalizou afirmando que a situa\u00e7\u00e3o afetou drasticamente a forma com que ela vive. \u201cHoje eu fiquei muito aliviada, porque v\u00e1rias mulheres trans j\u00e1 sofreram agress\u00f5es como essa e muitas passaram em branco. Algumas foram mortas. Apesar de tudo acredito que tive sorte porque meu caso tomou repercuss\u00e3o e eu tive muito apoio. Eu tenho medo sim de sair na rua, por que junto ao agressor tinham mais pessoas que n\u00e3o foram encontradas. Ele ainda tem muitas prote\u00e7\u00f5es sociais. Ele \u00e9 homem, h\u00e9tero, branco, ent\u00e3o a palavra dele muita das vezes \u00e9 mais aceit\u00e1vel do que a minha. Sinto que as coisas s\u00e3o diferentes\u201d desabafou.<\/p>\n","protected":false},"excerpt":{"rendered":"<p>Agressor de 26 anos negou o crime de transfobia. Ele foi ouvido e liberado &nbsp; Reportagem Fernando de Paula Foi identificado pela DIG de Franca, o<span class=\"excerpt-hellip\"> [\u2026]<\/span><\/p>\n","protected":false},"author":10,"featured_media":4979,"comment_status":"open","ping_status":"open","sticky":false,"template":"","format":"standard","meta":{"_jetpack_memberships_contains_paid_content":false,"footnotes":"","jetpack_publicize_message":"","jetpack_publicize_feature_enabled":true,"jetpack_social_post_already_shared":false,"jetpack_social_options":{"image_generator_settings":{"template":"highway","default_image_id":0,"enabled":false},"version":2}},"categories":[28,81],"tags":[],"class_list":["post-4978","post","type-post","status-publish","format-standard","has-post-thumbnail","hentry","category-cotidiano","category-manchete"],"yoast_head":"<!-- This site is optimized with the Yoast SEO plugin v25.6 - https:\/\/yoast.com\/wordpress\/plugins\/seo\/ -->\n<title>DIG identifica agressor de mulher transexual - VerdadeOn<\/title>\n<meta name=\"robots\" content=\"index, follow, max-snippet:-1, max-image-preview:large, max-video-preview:-1\" \/>\n<link rel=\"canonical\" href=\"https:\/\/verdadeon.com.br\/portal\/2020\/03\/14\/dig-identifica-agressor-de-mulher-transexual\/\" \/>\n<meta property=\"og:locale\" content=\"pt_BR\" \/>\n<meta property=\"og:type\" content=\"article\" \/>\n<meta property=\"og:title\" content=\"DIG identifica agressor de mulher transexual - VerdadeOn\" \/>\n<meta property=\"og:description\" content=\"Agressor de 26 anos negou o crime de transfobia. Ele foi ouvido e liberado &nbsp; Reportagem Fernando de Paula Foi identificado pela DIG de Franca, o [\u2026]\" \/>\n<meta property=\"og:url\" content=\"https:\/\/verdadeon.com.br\/portal\/2020\/03\/14\/dig-identifica-agressor-de-mulher-transexual\/\" \/>\n<meta property=\"og:site_name\" content=\"VerdadeOn\" \/>\n<meta property=\"article:published_time\" content=\"2020-03-14T10:30:56+00:00\" \/>\n<meta name=\"author\" content=\"Redacao VerdadeOn\" \/>\n<meta name=\"twitter:card\" content=\"summary_large_image\" \/>\n<meta name=\"twitter:label1\" content=\"Escrito por\" \/>\n\t<meta name=\"twitter:data1\" content=\"Redacao VerdadeOn\" \/>\n\t<meta name=\"twitter:label2\" content=\"Est. tempo de leitura\" \/>\n\t<meta name=\"twitter:data2\" content=\"3 minutos\" \/>\n<script type=\"application\/ld+json\" class=\"yoast-schema-graph\">{\"@context\":\"https:\/\/schema.org\",\"@graph\":[{\"@type\":\"WebPage\",\"@id\":\"https:\/\/verdadeon.com.br\/portal\/2020\/03\/14\/dig-identifica-agressor-de-mulher-transexual\/\",\"url\":\"https:\/\/verdadeon.com.br\/portal\/2020\/03\/14\/dig-identifica-agressor-de-mulher-transexual\/\",\"name\":\"DIG identifica agressor de mulher transexual - VerdadeOn\",\"isPartOf\":{\"@id\":\"https:\/\/verdadeon.com.br\/portal\/#website\"},\"primaryImageOfPage\":{\"@id\":\"https:\/\/verdadeon.com.br\/portal\/2020\/03\/14\/dig-identifica-agressor-de-mulher-transexual\/#primaryimage\"},\"image\":{\"@id\":\"https:\/\/verdadeon.com.br\/portal\/2020\/03\/14\/dig-identifica-agressor-de-mulher-transexual\/#primaryimage\"},\"thumbnailUrl\":\"https:\/\/i0.wp.com\/verdadeon.com.br\/portal\/wp-content\/uploads\/2020\/03\/Eva-trans-agredida-na-esta%C3%A7%C3%A3o-foto-Lindomar-cailton-5.jpg?fit=1000%2C668&ssl=1\",\"datePublished\":\"2020-03-14T10:30:56+00:00\",\"author\":{\"@id\":\"https:\/\/verdadeon.com.br\/portal\/#\/schema\/person\/a5060ad1e9ea3df545188fc93ce43d2f\"},\"breadcrumb\":{\"@id\":\"https:\/\/verdadeon.com.br\/portal\/2020\/03\/14\/dig-identifica-agressor-de-mulher-transexual\/#breadcrumb\"},\"inLanguage\":\"pt-BR\",\"potentialAction\":[{\"@type\":\"ReadAction\",\"target\":[\"https:\/\/verdadeon.com.br\/portal\/2020\/03\/14\/dig-identifica-agressor-de-mulher-transexual\/\"]}]},{\"@type\":\"ImageObject\",\"inLanguage\":\"pt-BR\",\"@id\":\"https:\/\/verdadeon.com.br\/portal\/2020\/03\/14\/dig-identifica-agressor-de-mulher-transexual\/#primaryimage\",\"url\":\"https:\/\/i0.wp.com\/verdadeon.com.br\/portal\/wp-content\/uploads\/2020\/03\/Eva-trans-agredida-na-esta%C3%A7%C3%A3o-foto-Lindomar-cailton-5.jpg?fit=1000%2C668&ssl=1\",\"contentUrl\":\"https:\/\/i0.wp.com\/verdadeon.com.br\/portal\/wp-content\/uploads\/2020\/03\/Eva-trans-agredida-na-esta%C3%A7%C3%A3o-foto-Lindomar-cailton-5.jpg?fit=1000%2C668&ssl=1\",\"width\":1000,\"height\":668,\"caption\":\"IDENTIFICADO - Agressor de Eva Maria foi identificado pela DIG de Franca. Ele tem 26 anos e negou que tenha sido homof\u00f3bico. V\u00edtima reconheceu o agressor e contou que tem medo de sair na rua | Foto: Lindomar Cailton\"},{\"@type\":\"BreadcrumbList\",\"@id\":\"https:\/\/verdadeon.com.br\/portal\/2020\/03\/14\/dig-identifica-agressor-de-mulher-transexual\/#breadcrumb\",\"itemListElement\":[{\"@type\":\"ListItem\",\"position\":1,\"name\":\"In\u00edcio\",\"item\":\"https:\/\/verdadeon.com.br\/portal\/\"},{\"@type\":\"ListItem\",\"position\":2,\"name\":\"DIG identifica agressor de mulher transexual\"}]},{\"@type\":\"WebSite\",\"@id\":\"https:\/\/verdadeon.com.br\/portal\/#website\",\"url\":\"https:\/\/verdadeon.com.br\/portal\/\",\"name\":\"VerdadeOn\",\"description\":\"Not\u00edcias di\u00e1rias sobre Franca, Regi\u00e3o, Esporte, Cultura, Cotidiano, Colunas. Cobertura nos principais eventos da cidade \u00e9 aqui - Verdadeon Franca\",\"potentialAction\":[{\"@type\":\"SearchAction\",\"target\":{\"@type\":\"EntryPoint\",\"urlTemplate\":\"https:\/\/verdadeon.com.br\/portal\/?s={search_term_string}\"},\"query-input\":{\"@type\":\"PropertyValueSpecification\",\"valueRequired\":true,\"valueName\":\"search_term_string\"}}],\"inLanguage\":\"pt-BR\"},{\"@type\":\"Person\",\"@id\":\"https:\/\/verdadeon.com.br\/portal\/#\/schema\/person\/a5060ad1e9ea3df545188fc93ce43d2f\",\"name\":\"Redacao VerdadeOn\",\"image\":{\"@type\":\"ImageObject\",\"inLanguage\":\"pt-BR\",\"@id\":\"https:\/\/verdadeon.com.br\/portal\/#\/schema\/person\/image\/\",\"url\":\"https:\/\/secure.gravatar.com\/avatar\/459a9613caaaf07f582c3d0841eea68bdd66f533e465e6ba8b9cb45619572cf4?s=96&d=mm&r=g\",\"contentUrl\":\"https:\/\/secure.gravatar.com\/avatar\/459a9613caaaf07f582c3d0841eea68bdd66f533e465e6ba8b9cb45619572cf4?s=96&d=mm&r=g\",\"caption\":\"Redacao VerdadeOn\"},\"url\":\"https:\/\/verdadeon.com.br\/portal\/author\/redacao\/\"}]}<\/script>\n<!-- \/ Yoast SEO plugin. -->","yoast_head_json":{"title":"DIG identifica agressor de mulher transexual - VerdadeOn","robots":{"index":"index","follow":"follow","max-snippet":"max-snippet:-1","max-image-preview":"max-image-preview:large","max-video-preview":"max-video-preview:-1"},"canonical":"https:\/\/verdadeon.com.br\/portal\/2020\/03\/14\/dig-identifica-agressor-de-mulher-transexual\/","og_locale":"pt_BR","og_type":"article","og_title":"DIG identifica agressor de mulher transexual - VerdadeOn","og_description":"Agressor de 26 anos negou o crime de transfobia. Ele foi ouvido e liberado &nbsp; Reportagem Fernando de Paula Foi identificado pela DIG de Franca, o [\u2026]","og_url":"https:\/\/verdadeon.com.br\/portal\/2020\/03\/14\/dig-identifica-agressor-de-mulher-transexual\/","og_site_name":"VerdadeOn","article_published_time":"2020-03-14T10:30:56+00:00","author":"Redacao VerdadeOn","twitter_card":"summary_large_image","twitter_misc":{"Escrito por":"Redacao VerdadeOn","Est. tempo de leitura":"3 minutos"},"schema":{"@context":"https:\/\/schema.org","@graph":[{"@type":"WebPage","@id":"https:\/\/verdadeon.com.br\/portal\/2020\/03\/14\/dig-identifica-agressor-de-mulher-transexual\/","url":"https:\/\/verdadeon.com.br\/portal\/2020\/03\/14\/dig-identifica-agressor-de-mulher-transexual\/","name":"DIG identifica agressor de mulher transexual - VerdadeOn","isPartOf":{"@id":"https:\/\/verdadeon.com.br\/portal\/#website"},"primaryImageOfPage":{"@id":"https:\/\/verdadeon.com.br\/portal\/2020\/03\/14\/dig-identifica-agressor-de-mulher-transexual\/#primaryimage"},"image":{"@id":"https:\/\/verdadeon.com.br\/portal\/2020\/03\/14\/dig-identifica-agressor-de-mulher-transexual\/#primaryimage"},"thumbnailUrl":"https:\/\/i0.wp.com\/verdadeon.com.br\/portal\/wp-content\/uploads\/2020\/03\/Eva-trans-agredida-na-esta%C3%A7%C3%A3o-foto-Lindomar-cailton-5.jpg?fit=1000%2C668&ssl=1","datePublished":"2020-03-14T10:30:56+00:00","author":{"@id":"https:\/\/verdadeon.com.br\/portal\/#\/schema\/person\/a5060ad1e9ea3df545188fc93ce43d2f"},"breadcrumb":{"@id":"https:\/\/verdadeon.com.br\/portal\/2020\/03\/14\/dig-identifica-agressor-de-mulher-transexual\/#breadcrumb"},"inLanguage":"pt-BR","potentialAction":[{"@type":"ReadAction","target":["https:\/\/verdadeon.com.br\/portal\/2020\/03\/14\/dig-identifica-agressor-de-mulher-transexual\/"]}]},{"@type":"ImageObject","inLanguage":"pt-BR","@id":"https:\/\/verdadeon.com.br\/portal\/2020\/03\/14\/dig-identifica-agressor-de-mulher-transexual\/#primaryimage","url":"https:\/\/i0.wp.com\/verdadeon.com.br\/portal\/wp-content\/uploads\/2020\/03\/Eva-trans-agredida-na-esta%C3%A7%C3%A3o-foto-Lindomar-cailton-5.jpg?fit=1000%2C668&ssl=1","contentUrl":"https:\/\/i0.wp.com\/verdadeon.com.br\/portal\/wp-content\/uploads\/2020\/03\/Eva-trans-agredida-na-esta%C3%A7%C3%A3o-foto-Lindomar-cailton-5.jpg?fit=1000%2C668&ssl=1","width":1000,"height":668,"caption":"IDENTIFICADO - Agressor de Eva Maria foi identificado pela DIG de Franca. Ele tem 26 anos e negou que tenha sido homof\u00f3bico. V\u00edtima reconheceu o agressor e contou que tem medo de sair na rua | Foto: Lindomar Cailton"},{"@type":"BreadcrumbList","@id":"https:\/\/verdadeon.com.br\/portal\/2020\/03\/14\/dig-identifica-agressor-de-mulher-transexual\/#breadcrumb","itemListElement":[{"@type":"ListItem","position":1,"name":"In\u00edcio","item":"https:\/\/verdadeon.com.br\/portal\/"},{"@type":"ListItem","position":2,"name":"DIG identifica agressor de mulher transexual"}]},{"@type":"WebSite","@id":"https:\/\/verdadeon.com.br\/portal\/#website","url":"https:\/\/verdadeon.com.br\/portal\/","name":"VerdadeOn","description":"Not\u00edcias di\u00e1rias sobre Franca, Regi\u00e3o, Esporte, Cultura, Cotidiano, Colunas. Cobertura nos principais eventos da cidade \u00e9 aqui - Verdadeon Franca","potentialAction":[{"@type":"SearchAction","target":{"@type":"EntryPoint","urlTemplate":"https:\/\/verdadeon.com.br\/portal\/?s={search_term_string}"},"query-input":{"@type":"PropertyValueSpecification","valueRequired":true,"valueName":"search_term_string"}}],"inLanguage":"pt-BR"},{"@type":"Person","@id":"https:\/\/verdadeon.com.br\/portal\/#\/schema\/person\/a5060ad1e9ea3df545188fc93ce43d2f","name":"Redacao VerdadeOn","image":{"@type":"ImageObject","inLanguage":"pt-BR","@id":"https:\/\/verdadeon.com.br\/portal\/#\/schema\/person\/image\/","url":"https:\/\/secure.gravatar.com\/avatar\/459a9613caaaf07f582c3d0841eea68bdd66f533e465e6ba8b9cb45619572cf4?s=96&d=mm&r=g","contentUrl":"https:\/\/secure.gravatar.com\/avatar\/459a9613caaaf07f582c3d0841eea68bdd66f533e465e6ba8b9cb45619572cf4?s=96&d=mm&r=g","caption":"Redacao VerdadeOn"},"url":"https:\/\/verdadeon.com.br\/portal\/author\/redacao\/"}]}},"jetpack_publicize_connections":[],"jetpack_featured_media_url":"https:\/\/i0.wp.com\/verdadeon.com.br\/portal\/wp-content\/uploads\/2020\/03\/Eva-trans-agredida-na-esta%C3%A7%C3%A3o-foto-Lindomar-cailton-5.jpg?fit=1000%2C668&ssl=1","jetpack_sharing_enabled":true,"_links":{"self":[{"href":"https:\/\/verdadeon.com.br\/portal\/wp-json\/wp\/v2\/posts\/4978","targetHints":{"allow":["GET"]}}],"collection":[{"href":"https:\/\/verdadeon.com.br\/portal\/wp-json\/wp\/v2\/posts"}],"about":[{"href":"https:\/\/verdadeon.com.br\/portal\/wp-json\/wp\/v2\/types\/post"}],"author":[{"embeddable":true,"href":"https:\/\/verdadeon.com.br\/portal\/wp-json\/wp\/v2\/users\/10"}],"replies":[{"embeddable":true,"href":"https:\/\/verdadeon.com.br\/portal\/wp-json\/wp\/v2\/comments?post=4978"}],"version-history":[{"count":0,"href":"https:\/\/verdadeon.com.br\/portal\/wp-json\/wp\/v2\/posts\/4978\/revisions"}],"wp:featuredmedia":[{"embeddable":true,"href":"https:\/\/verdadeon.com.br\/portal\/wp-json\/wp\/v2\/media\/4979"}],"wp:attachment":[{"href":"https:\/\/verdadeon.com.br\/portal\/wp-json\/wp\/v2\/media?parent=4978"}],"wp:term":[{"taxonomy":"category","embeddable":true,"href":"https:\/\/verdadeon.com.br\/portal\/wp-json\/wp\/v2\/categories?post=4978"},{"taxonomy":"post_tag","embeddable":true,"href":"https:\/\/verdadeon.com.br\/portal\/wp-json\/wp\/v2\/tags?post=4978"}],"curies":[{"name":"wp","href":"https:\/\/api.w.org\/{rel}","templated":true}]}}