{"id":4974,"date":"2020-03-13T15:11:10","date_gmt":"2020-03-13T18:11:10","guid":{"rendered":"http:\/\/verdadeon.com.br\/portal\/?p=4974"},"modified":"2020-03-13T15:12:33","modified_gmt":"2020-03-13T18:12:33","slug":"dig-identifica-um-dos-agressores-de-transexual","status":"publish","type":"post","link":"https:\/\/verdadeon.com.br\/portal\/2020\/03\/13\/dig-identifica-um-dos-agressores-de-transexual\/","title":{"rendered":"DIG identifica um dos agressores de transexual"},"content":{"rendered":"<h2>Suspeito tem 26 anos<\/h2>\n<p>Foi identificado pela Delegacia de Investiga\u00e7\u00f5es Gerais (DIG) de Franca, um dos agressores da transexual Eva Alves Maria, de 19 anos no \u00faltimo dia primeiro deste m\u00eas. De acordo com o delegado M\u00e1rcio Murari, um dos agressores \u00e9 um jovem de 26 anos. Ele se apresentou na manh\u00e3 desta sexta-feira (13), foi ouvido e liberado.<br \/>\nEm depoimento o suspeito afirmou que foi agredido primeiro e que apenas se defendeu. Ainda de acordo com a DIG ele negou que tenha agredido a jovem por ela ser transexual.<br \/>\nO jovem que n\u00e3o tem passagens pela pol\u00edcia, vai responder por les\u00e3o corporal dolosa de natureza leve. Ele foi ouvido e ap\u00f3s foi liberado.<\/p>\n<p>O crime<br \/>\nFoi no dia primeiro de mar\u00e7o que Eva foi agredida com peda\u00e7os de madeira na pra\u00e7a Sabino Loureiro, conhecida como a pra\u00e7a da Esta\u00e7\u00e3o. A v\u00edtima repreendeu um homem que discutia com uma mulher. Ele n\u00e3o gostou e passou a agredir verbalmente a transexual. O agressor saiu em um ve\u00edculo e voltou cerca de meia hora depois, com amigos armados com peda\u00e7os de madeira. Ela reagiu e entrou em luta corporal com um dos agressores. Testemunhas separaram a briga. Eva teve ferimentos nos bra\u00e7os e na cabe\u00e7a.<\/p>\n<p>&nbsp;<\/p>\n<p><iframe loading=\"lazy\" src=\"https:\/\/www.youtube.com\/embed\/Au-LmDnlbXs\" width=\"1189\" height=\"686\" frameborder=\"0\" allowfullscreen=\"allowfullscreen\"><\/iframe><\/p>\n","protected":false},"excerpt":{"rendered":"<p>Suspeito tem 26 anos Foi identificado pela Delegacia de Investiga\u00e7\u00f5es Gerais (DIG) de Franca, um dos agressores da transexual Eva Alves Maria, de 19 anos no<span class=\"excerpt-hellip\"> [\u2026]<\/span><\/p>\n","protected":false},"author":10,"featured_media":4975,"comment_status":"open","ping_status":"open","sticky":false,"template":"","format":"standard","meta":{"_jetpack_memberships_contains_paid_content":false,"footnotes":"","jetpack_publicize_message":"","jetpack_publicize_feature_enabled":true,"jetpack_social_post_already_shared":false,"jetpack_social_options":{"image_generator_settings":{"template":"highway","default_image_id":0,"enabled":false},"version":2}},"categories":[28,81],"tags":[],"class_list":["post-4974","post","type-post","status-publish","format-standard","has-post-thumbnail","hentry","category-cotidiano","category-manchete"],"yoast_head":"<!-- This site is optimized with the Yoast SEO plugin v25.6 - https:\/\/yoast.com\/wordpress\/plugins\/seo\/ -->\n<title>DIG identifica um dos agressores de transexual - VerdadeOn<\/title>\n<meta name=\"robots\" content=\"index, follow, max-snippet:-1, max-image-preview:large, max-video-preview:-1\" \/>\n<link rel=\"canonical\" href=\"https:\/\/verdadeon.com.br\/portal\/2020\/03\/13\/dig-identifica-um-dos-agressores-de-transexual\/\" \/>\n<meta property=\"og:locale\" content=\"pt_BR\" \/>\n<meta property=\"og:type\" content=\"article\" \/>\n<meta property=\"og:title\" content=\"DIG identifica um dos agressores de transexual - VerdadeOn\" \/>\n<meta property=\"og:description\" content=\"Suspeito tem 26 anos Foi identificado pela Delegacia de Investiga\u00e7\u00f5es Gerais (DIG) de Franca, um dos agressores da transexual Eva Alves Maria, de 19 anos no [\u2026]\" \/>\n<meta property=\"og:url\" content=\"https:\/\/verdadeon.com.br\/portal\/2020\/03\/13\/dig-identifica-um-dos-agressores-de-transexual\/\" \/>\n<meta property=\"og:site_name\" content=\"VerdadeOn\" \/>\n<meta property=\"article:published_time\" content=\"2020-03-13T18:11:10+00:00\" \/>\n<meta property=\"article:modified_time\" content=\"2020-03-13T18:12:33+00:00\" \/>\n<meta property=\"og:image\" content=\"https:\/\/verdadeon.com.br\/portal\/wp-content\/uploads\/2020\/03\/plantao-scaled.jpeg\" \/>\n\t<meta property=\"og:image:width\" content=\"1000\" \/>\n\t<meta property=\"og:image:height\" content=\"667\" \/>\n\t<meta property=\"og:image:type\" content=\"image\/jpeg\" \/>\n<meta name=\"author\" content=\"Redacao VerdadeOn\" \/>\n<meta name=\"twitter:card\" content=\"summary_large_image\" \/>\n<meta name=\"twitter:label1\" content=\"Escrito por\" \/>\n\t<meta name=\"twitter:data1\" content=\"Redacao VerdadeOn\" \/>\n\t<meta name=\"twitter:label2\" content=\"Est. tempo de leitura\" \/>\n\t<meta name=\"twitter:data2\" content=\"1 minuto\" \/>\n<script type=\"application\/ld+json\" class=\"yoast-schema-graph\">{\"@context\":\"https:\/\/schema.org\",\"@graph\":[{\"@type\":\"WebPage\",\"@id\":\"https:\/\/verdadeon.com.br\/portal\/2020\/03\/13\/dig-identifica-um-dos-agressores-de-transexual\/\",\"url\":\"https:\/\/verdadeon.com.br\/portal\/2020\/03\/13\/dig-identifica-um-dos-agressores-de-transexual\/\",\"name\":\"DIG identifica um dos agressores de transexual - VerdadeOn\",\"isPartOf\":{\"@id\":\"https:\/\/verdadeon.com.br\/portal\/#website\"},\"primaryImageOfPage\":{\"@id\":\"https:\/\/verdadeon.com.br\/portal\/2020\/03\/13\/dig-identifica-um-dos-agressores-de-transexual\/#primaryimage\"},\"image\":{\"@id\":\"https:\/\/verdadeon.com.br\/portal\/2020\/03\/13\/dig-identifica-um-dos-agressores-de-transexual\/#primaryimage\"},\"thumbnailUrl\":\"https:\/\/i0.wp.com\/verdadeon.com.br\/portal\/wp-content\/uploads\/2020\/03\/plantao-scaled.jpeg?fit=1000%2C667&ssl=1\",\"datePublished\":\"2020-03-13T18:11:10+00:00\",\"dateModified\":\"2020-03-13T18:12:33+00:00\",\"author\":{\"@id\":\"https:\/\/verdadeon.com.br\/portal\/#\/schema\/person\/a5060ad1e9ea3df545188fc93ce43d2f\"},\"breadcrumb\":{\"@id\":\"https:\/\/verdadeon.com.br\/portal\/2020\/03\/13\/dig-identifica-um-dos-agressores-de-transexual\/#breadcrumb\"},\"inLanguage\":\"pt-BR\",\"potentialAction\":[{\"@type\":\"ReadAction\",\"target\":[\"https:\/\/verdadeon.com.br\/portal\/2020\/03\/13\/dig-identifica-um-dos-agressores-de-transexual\/\"]}]},{\"@type\":\"ImageObject\",\"inLanguage\":\"pt-BR\",\"@id\":\"https:\/\/verdadeon.com.br\/portal\/2020\/03\/13\/dig-identifica-um-dos-agressores-de-transexual\/#primaryimage\",\"url\":\"https:\/\/i0.wp.com\/verdadeon.com.br\/portal\/wp-content\/uploads\/2020\/03\/plantao-scaled.jpeg?fit=1000%2C667&ssl=1\",\"contentUrl\":\"https:\/\/i0.wp.com\/verdadeon.com.br\/portal\/wp-content\/uploads\/2020\/03\/plantao-scaled.jpeg?fit=1000%2C667&ssl=1\",\"width\":1000,\"height\":667,\"caption\":\"De acordo com a DIG, o jovem foi ouvido e liberado. Ele afirmou que foi agredido primeiro e que se defendeu\"},{\"@type\":\"BreadcrumbList\",\"@id\":\"https:\/\/verdadeon.com.br\/portal\/2020\/03\/13\/dig-identifica-um-dos-agressores-de-transexual\/#breadcrumb\",\"itemListElement\":[{\"@type\":\"ListItem\",\"position\":1,\"name\":\"In\u00edcio\",\"item\":\"https:\/\/verdadeon.com.br\/portal\/\"},{\"@type\":\"ListItem\",\"position\":2,\"name\":\"DIG identifica um dos agressores de transexual\"}]},{\"@type\":\"WebSite\",\"@id\":\"https:\/\/verdadeon.com.br\/portal\/#website\",\"url\":\"https:\/\/verdadeon.com.br\/portal\/\",\"name\":\"VerdadeOn\",\"description\":\"Not\u00edcias di\u00e1rias sobre Franca, Regi\u00e3o, Esporte, Cultura, Cotidiano, Colunas. Cobertura nos principais eventos da cidade \u00e9 aqui - Verdadeon Franca\",\"potentialAction\":[{\"@type\":\"SearchAction\",\"target\":{\"@type\":\"EntryPoint\",\"urlTemplate\":\"https:\/\/verdadeon.com.br\/portal\/?s={search_term_string}\"},\"query-input\":{\"@type\":\"PropertyValueSpecification\",\"valueRequired\":true,\"valueName\":\"search_term_string\"}}],\"inLanguage\":\"pt-BR\"},{\"@type\":\"Person\",\"@id\":\"https:\/\/verdadeon.com.br\/portal\/#\/schema\/person\/a5060ad1e9ea3df545188fc93ce43d2f\",\"name\":\"Redacao VerdadeOn\",\"image\":{\"@type\":\"ImageObject\",\"inLanguage\":\"pt-BR\",\"@id\":\"https:\/\/verdadeon.com.br\/portal\/#\/schema\/person\/image\/\",\"url\":\"https:\/\/secure.gravatar.com\/avatar\/459a9613caaaf07f582c3d0841eea68bdd66f533e465e6ba8b9cb45619572cf4?s=96&d=mm&r=g\",\"contentUrl\":\"https:\/\/secure.gravatar.com\/avatar\/459a9613caaaf07f582c3d0841eea68bdd66f533e465e6ba8b9cb45619572cf4?s=96&d=mm&r=g\",\"caption\":\"Redacao VerdadeOn\"},\"url\":\"https:\/\/verdadeon.com.br\/portal\/author\/redacao\/\"}]}<\/script>\n<!-- \/ Yoast SEO plugin. -->","yoast_head_json":{"title":"DIG identifica um dos agressores de transexual - VerdadeOn","robots":{"index":"index","follow":"follow","max-snippet":"max-snippet:-1","max-image-preview":"max-image-preview:large","max-video-preview":"max-video-preview:-1"},"canonical":"https:\/\/verdadeon.com.br\/portal\/2020\/03\/13\/dig-identifica-um-dos-agressores-de-transexual\/","og_locale":"pt_BR","og_type":"article","og_title":"DIG identifica um dos agressores de transexual - VerdadeOn","og_description":"Suspeito tem 26 anos Foi identificado pela Delegacia de Investiga\u00e7\u00f5es Gerais (DIG) de Franca, um dos agressores da transexual Eva Alves Maria, de 19 anos no [\u2026]","og_url":"https:\/\/verdadeon.com.br\/portal\/2020\/03\/13\/dig-identifica-um-dos-agressores-de-transexual\/","og_site_name":"VerdadeOn","article_published_time":"2020-03-13T18:11:10+00:00","article_modified_time":"2020-03-13T18:12:33+00:00","og_image":[{"width":1000,"height":667,"url":"https:\/\/verdadeon.com.br\/portal\/wp-content\/uploads\/2020\/03\/plantao-scaled.jpeg","type":"image\/jpeg"}],"author":"Redacao VerdadeOn","twitter_card":"summary_large_image","twitter_misc":{"Escrito por":"Redacao VerdadeOn","Est. tempo de leitura":"1 minuto"},"schema":{"@context":"https:\/\/schema.org","@graph":[{"@type":"WebPage","@id":"https:\/\/verdadeon.com.br\/portal\/2020\/03\/13\/dig-identifica-um-dos-agressores-de-transexual\/","url":"https:\/\/verdadeon.com.br\/portal\/2020\/03\/13\/dig-identifica-um-dos-agressores-de-transexual\/","name":"DIG identifica um dos agressores de transexual - VerdadeOn","isPartOf":{"@id":"https:\/\/verdadeon.com.br\/portal\/#website"},"primaryImageOfPage":{"@id":"https:\/\/verdadeon.com.br\/portal\/2020\/03\/13\/dig-identifica-um-dos-agressores-de-transexual\/#primaryimage"},"image":{"@id":"https:\/\/verdadeon.com.br\/portal\/2020\/03\/13\/dig-identifica-um-dos-agressores-de-transexual\/#primaryimage"},"thumbnailUrl":"https:\/\/i0.wp.com\/verdadeon.com.br\/portal\/wp-content\/uploads\/2020\/03\/plantao-scaled.jpeg?fit=1000%2C667&ssl=1","datePublished":"2020-03-13T18:11:10+00:00","dateModified":"2020-03-13T18:12:33+00:00","author":{"@id":"https:\/\/verdadeon.com.br\/portal\/#\/schema\/person\/a5060ad1e9ea3df545188fc93ce43d2f"},"breadcrumb":{"@id":"https:\/\/verdadeon.com.br\/portal\/2020\/03\/13\/dig-identifica-um-dos-agressores-de-transexual\/#breadcrumb"},"inLanguage":"pt-BR","potentialAction":[{"@type":"ReadAction","target":["https:\/\/verdadeon.com.br\/portal\/2020\/03\/13\/dig-identifica-um-dos-agressores-de-transexual\/"]}]},{"@type":"ImageObject","inLanguage":"pt-BR","@id":"https:\/\/verdadeon.com.br\/portal\/2020\/03\/13\/dig-identifica-um-dos-agressores-de-transexual\/#primaryimage","url":"https:\/\/i0.wp.com\/verdadeon.com.br\/portal\/wp-content\/uploads\/2020\/03\/plantao-scaled.jpeg?fit=1000%2C667&ssl=1","contentUrl":"https:\/\/i0.wp.com\/verdadeon.com.br\/portal\/wp-content\/uploads\/2020\/03\/plantao-scaled.jpeg?fit=1000%2C667&ssl=1","width":1000,"height":667,"caption":"De acordo com a DIG, o jovem foi ouvido e liberado. Ele afirmou que foi agredido primeiro e que se defendeu"},{"@type":"BreadcrumbList","@id":"https:\/\/verdadeon.com.br\/portal\/2020\/03\/13\/dig-identifica-um-dos-agressores-de-transexual\/#breadcrumb","itemListElement":[{"@type":"ListItem","position":1,"name":"In\u00edcio","item":"https:\/\/verdadeon.com.br\/portal\/"},{"@type":"ListItem","position":2,"name":"DIG identifica um dos agressores de transexual"}]},{"@type":"WebSite","@id":"https:\/\/verdadeon.com.br\/portal\/#website","url":"https:\/\/verdadeon.com.br\/portal\/","name":"VerdadeOn","description":"Not\u00edcias di\u00e1rias sobre Franca, Regi\u00e3o, Esporte, Cultura, Cotidiano, Colunas. Cobertura nos principais eventos da cidade \u00e9 aqui - Verdadeon Franca","potentialAction":[{"@type":"SearchAction","target":{"@type":"EntryPoint","urlTemplate":"https:\/\/verdadeon.com.br\/portal\/?s={search_term_string}"},"query-input":{"@type":"PropertyValueSpecification","valueRequired":true,"valueName":"search_term_string"}}],"inLanguage":"pt-BR"},{"@type":"Person","@id":"https:\/\/verdadeon.com.br\/portal\/#\/schema\/person\/a5060ad1e9ea3df545188fc93ce43d2f","name":"Redacao VerdadeOn","image":{"@type":"ImageObject","inLanguage":"pt-BR","@id":"https:\/\/verdadeon.com.br\/portal\/#\/schema\/person\/image\/","url":"https:\/\/secure.gravatar.com\/avatar\/459a9613caaaf07f582c3d0841eea68bdd66f533e465e6ba8b9cb45619572cf4?s=96&d=mm&r=g","contentUrl":"https:\/\/secure.gravatar.com\/avatar\/459a9613caaaf07f582c3d0841eea68bdd66f533e465e6ba8b9cb45619572cf4?s=96&d=mm&r=g","caption":"Redacao VerdadeOn"},"url":"https:\/\/verdadeon.com.br\/portal\/author\/redacao\/"}]}},"jetpack_publicize_connections":[],"jetpack_featured_media_url":"https:\/\/i0.wp.com\/verdadeon.com.br\/portal\/wp-content\/uploads\/2020\/03\/plantao-scaled.jpeg?fit=1000%2C667&ssl=1","jetpack_sharing_enabled":true,"_links":{"self":[{"href":"https:\/\/verdadeon.com.br\/portal\/wp-json\/wp\/v2\/posts\/4974","targetHints":{"allow":["GET"]}}],"collection":[{"href":"https:\/\/verdadeon.com.br\/portal\/wp-json\/wp\/v2\/posts"}],"about":[{"href":"https:\/\/verdadeon.com.br\/portal\/wp-json\/wp\/v2\/types\/post"}],"author":[{"embeddable":true,"href":"https:\/\/verdadeon.com.br\/portal\/wp-json\/wp\/v2\/users\/10"}],"replies":[{"embeddable":true,"href":"https:\/\/verdadeon.com.br\/portal\/wp-json\/wp\/v2\/comments?post=4974"}],"version-history":[{"count":0,"href":"https:\/\/verdadeon.com.br\/portal\/wp-json\/wp\/v2\/posts\/4974\/revisions"}],"wp:featuredmedia":[{"embeddable":true,"href":"https:\/\/verdadeon.com.br\/portal\/wp-json\/wp\/v2\/media\/4975"}],"wp:attachment":[{"href":"https:\/\/verdadeon.com.br\/portal\/wp-json\/wp\/v2\/media?parent=4974"}],"wp:term":[{"taxonomy":"category","embeddable":true,"href":"https:\/\/verdadeon.com.br\/portal\/wp-json\/wp\/v2\/categories?post=4974"},{"taxonomy":"post_tag","embeddable":true,"href":"https:\/\/verdadeon.com.br\/portal\/wp-json\/wp\/v2\/tags?post=4974"}],"curies":[{"name":"wp","href":"https:\/\/api.w.org\/{rel}","templated":true}]}}