{"id":4970,"date":"2020-03-13T11:11:52","date_gmt":"2020-03-13T14:11:52","guid":{"rendered":"http:\/\/verdadeon.com.br\/portal\/?p=4970"},"modified":"2020-03-13T11:13:11","modified_gmt":"2020-03-13T14:13:11","slug":"microsoft-nomeia-eric-horvitz-como-seu-primeiro-diretor-cientifico","status":"publish","type":"post","link":"https:\/\/verdadeon.com.br\/portal\/2020\/03\/13\/microsoft-nomeia-eric-horvitz-como-seu-primeiro-diretor-cientifico\/","title":{"rendered":"Microsoft nomeia Eric Horvitz como seu primeiro diretor cient\u00edfico"},"content":{"rendered":"<p>A\u00a0<a class=\"linkagem\" title=\"Ir para tudo sobre Microsoft\" href=\"https:\/\/canaltech.com.br\/empresa\/microsoft\/\">Microsoft<\/a>\u00a0fez um importante an\u00fancio na \u00faltima quarta-feira (11): pela primeira vez na hist\u00f3ria, a gigante de Redmond criou um cargo voltado para o campo cient\u00edfico e nomeou o diretor-executivo para essa fun\u00e7\u00e3o. Trata-se de Eric Horvitz, que antes comandava o Research Labs e que est\u00e1 na empresa desde 1993. Ele tamb\u00e9m \u00e9 copresidente do comit\u00ea AETHER (<em>Artificial Intelligence and Ethics in Engineering and Researc<\/em>\u00a0ou Intelig\u00eancia Artificial e \u00c9tica em Engenharia e Pesquisa, na tradu\u00e7\u00e3o-livre).<\/p>\n<div class=\"continua-apos-publicidade\"><\/div>\n<p>Segundo a Microsoft, Horvitz &#8220;fornecer\u00e1 lideran\u00e7a entre empresas em avan\u00e7os e tend\u00eancias em quest\u00f5es cient\u00edficas e oportunidades surgidas no cruzamento de tecnologia, pessoas e sociedade&#8221;. Apesar dessa descri\u00e7\u00e3o, o fato mais importante que essa nova posi\u00e7\u00e3o pode trazer \u00e9 que sua equipe aconselhar\u00e1 a empresa em suas &#8220;dire\u00e7\u00f5es e capacidades cient\u00edficas, incluindo levantar novas iniciativas, fornecer orienta\u00e7\u00f5es sobre as prioridades da empresa e avaliar \u00e1reas importantes para investimento em ci\u00eancia e tecnologia&#8221;.<\/p>\n<div id=\"attachment_4971\" style=\"width: 310px\" class=\"wp-caption alignleft\"><img data-recalc-dims=\"1\" loading=\"lazy\" decoding=\"async\" aria-describedby=\"caption-attachment-4971\" class=\"wp-image-4971 size-medium\" src=\"https:\/\/i0.wp.com\/verdadeon.com.br\/portal\/wp-content\/uploads\/2020\/03\/291599.542568-Eric-Horvitz-300x188.jpg?resize=300%2C188\" alt=\"\" width=\"300\" height=\"188\" srcset=\"https:\/\/i0.wp.com\/verdadeon.com.br\/portal\/wp-content\/uploads\/2020\/03\/291599.542568-Eric-Horvitz.jpg?resize=300%2C188&amp;ssl=1 300w, https:\/\/i0.wp.com\/verdadeon.com.br\/portal\/wp-content\/uploads\/2020\/03\/291599.542568-Eric-Horvitz.jpg?resize=234%2C146&amp;ssl=1 234w, https:\/\/i0.wp.com\/verdadeon.com.br\/portal\/wp-content\/uploads\/2020\/03\/291599.542568-Eric-Horvitz.jpg?resize=50%2C31&amp;ssl=1 50w, https:\/\/i0.wp.com\/verdadeon.com.br\/portal\/wp-content\/uploads\/2020\/03\/291599.542568-Eric-Horvitz.jpg?resize=120%2C75&amp;ssl=1 120w, https:\/\/i0.wp.com\/verdadeon.com.br\/portal\/wp-content\/uploads\/2020\/03\/291599.542568-Eric-Horvitz.jpg?w=640&amp;ssl=1 640w\" sizes=\"auto, (max-width: 300px) 100vw, 300px\" \/><p id=\"caption-attachment-4971\" class=\"wp-caption-text\"><strong><em>Eric Horvitz, em apresenta\u00e7\u00e3o pela Microsoft\/ Imagem: Microsoft<\/em><\/strong><\/p><\/div>\n<p>No LinkedIn, Horvitz explica com mais detalhes o que ele far\u00e1 na fun\u00e7\u00e3o de diretor cient\u00edfico. Ele descreve que concentrar\u00e1 seus esfor\u00e7os em pesquisas relacionadas \u00e0 biologia, inform\u00e1tica m\u00e9dica, f\u00edsica, sustentabilidade, economia e ci\u00eancias sociais e comportamentais. Ele tamb\u00e9m diz que far\u00e1 um grande esfor\u00e7o relacionado aos princ\u00edpios, aplicativos e orienta\u00e7\u00f5es de intelig\u00eancia artificial.<\/p>\n<h4>Quem assume o Research Labs?<\/h4>\n<p>Para o lugar de Horvitz, a Microsoft deslocou Peter Lee para ser o principal pesquisador e liderar o Research Labs. Lee recentemente foi vice-presidente corporativo da Microsoft Healthcare e tamb\u00e9m liderou o amplo grupo Healthcare NExT, que faz parte desse bra\u00e7o da gigante de Redmond.<\/p>\n<p>&nbsp;<\/p>\n<p>&nbsp;<\/p>\n<h6><em>Fonte: Canaltech |\u00a0<a class=\"MSI_ext_nofollow\" href=\"https:\/\/www.engadget.com\/2020\/03\/11\/microsoft-appoints-chief-scientific-officer-eric-horvitz\/\" target=\"_blank\" rel=\"nofollow noopener noreferrer\">Engadget<\/a>, com informa\u00e7\u00f5es\u00a0<\/em><a class=\"MSI_ext_nofollow\" href=\"https:\/\/www.cnbc.com\/2020\/03\/11\/microsoft-unifies-research-groups-as-it-appoints-a-science-chief.html\" target=\"_blank\" rel=\"nofollow noopener noreferrer\"><em>CNBC<\/em><\/a><\/h6>\n","protected":false},"excerpt":{"rendered":"<p>A\u00a0Microsoft\u00a0fez um importante an\u00fancio na \u00faltima quarta-feira (11): pela primeira vez na hist\u00f3ria, a gigante de Redmond criou um cargo voltado para o campo cient\u00edfico e<span class=\"excerpt-hellip\"> [\u2026]<\/span><\/p>\n","protected":false},"author":10,"featured_media":4973,"comment_status":"open","ping_status":"open","sticky":false,"template":"","format":"standard","meta":{"_jetpack_memberships_contains_paid_content":false,"footnotes":"","jetpack_publicize_message":"","jetpack_publicize_feature_enabled":true,"jetpack_social_post_already_shared":false,"jetpack_social_options":{"image_generator_settings":{"template":"highway","default_image_id":0,"enabled":false},"version":2}},"categories":[51,30],"tags":[52],"class_list":["post-4970","post","type-post","status-publish","format-standard","has-post-thumbnail","hentry","category-ciencia-e-tecnologia","category-variedades","tag-ciencia-tecnologia"],"yoast_head":"<!-- This site is optimized with the Yoast SEO plugin v25.6 - https:\/\/yoast.com\/wordpress\/plugins\/seo\/ -->\n<title>Microsoft nomeia Eric Horvitz como seu primeiro diretor cient\u00edfico - VerdadeOn<\/title>\n<meta name=\"robots\" content=\"index, follow, max-snippet:-1, max-image-preview:large, max-video-preview:-1\" \/>\n<link rel=\"canonical\" href=\"https:\/\/verdadeon.com.br\/portal\/2020\/03\/13\/microsoft-nomeia-eric-horvitz-como-seu-primeiro-diretor-cientifico\/\" \/>\n<meta property=\"og:locale\" content=\"pt_BR\" \/>\n<meta property=\"og:type\" content=\"article\" \/>\n<meta property=\"og:title\" content=\"Microsoft nomeia Eric Horvitz como seu primeiro diretor cient\u00edfico - VerdadeOn\" \/>\n<meta property=\"og:description\" content=\"A\u00a0Microsoft\u00a0fez um importante an\u00fancio na \u00faltima quarta-feira (11): pela primeira vez na hist\u00f3ria, a gigante de Redmond criou um cargo voltado para o campo cient\u00edfico e [\u2026]\" \/>\n<meta property=\"og:url\" content=\"https:\/\/verdadeon.com.br\/portal\/2020\/03\/13\/microsoft-nomeia-eric-horvitz-como-seu-primeiro-diretor-cientifico\/\" \/>\n<meta property=\"og:site_name\" content=\"VerdadeOn\" \/>\n<meta property=\"article:published_time\" content=\"2020-03-13T14:11:52+00:00\" \/>\n<meta property=\"article:modified_time\" content=\"2020-03-13T14:13:11+00:00\" \/>\n<meta property=\"og:image\" content=\"https:\/\/verdadeon.com.br\/portal\/wp-content\/uploads\/2020\/03\/microsoft-nomeia-eric-horvitz-como-seu-primeiro-diretor-cientifico-scaled.jpg\" \/>\n\t<meta property=\"og:image:width\" content=\"1000\" \/>\n\t<meta property=\"og:image:height\" content=\"563\" \/>\n\t<meta property=\"og:image:type\" content=\"image\/jpeg\" \/>\n<meta name=\"author\" content=\"Redacao VerdadeOn\" \/>\n<meta name=\"twitter:card\" content=\"summary_large_image\" \/>\n<meta name=\"twitter:label1\" content=\"Escrito por\" \/>\n\t<meta name=\"twitter:data1\" content=\"Redacao VerdadeOn\" \/>\n\t<meta name=\"twitter:label2\" content=\"Est. tempo de leitura\" \/>\n\t<meta name=\"twitter:data2\" content=\"2 minutos\" \/>\n<script type=\"application\/ld+json\" class=\"yoast-schema-graph\">{\"@context\":\"https:\/\/schema.org\",\"@graph\":[{\"@type\":\"WebPage\",\"@id\":\"https:\/\/verdadeon.com.br\/portal\/2020\/03\/13\/microsoft-nomeia-eric-horvitz-como-seu-primeiro-diretor-cientifico\/\",\"url\":\"https:\/\/verdadeon.com.br\/portal\/2020\/03\/13\/microsoft-nomeia-eric-horvitz-como-seu-primeiro-diretor-cientifico\/\",\"name\":\"Microsoft nomeia Eric Horvitz como seu primeiro diretor cient\u00edfico - VerdadeOn\",\"isPartOf\":{\"@id\":\"https:\/\/verdadeon.com.br\/portal\/#website\"},\"primaryImageOfPage\":{\"@id\":\"https:\/\/verdadeon.com.br\/portal\/2020\/03\/13\/microsoft-nomeia-eric-horvitz-como-seu-primeiro-diretor-cientifico\/#primaryimage\"},\"image\":{\"@id\":\"https:\/\/verdadeon.com.br\/portal\/2020\/03\/13\/microsoft-nomeia-eric-horvitz-como-seu-primeiro-diretor-cientifico\/#primaryimage\"},\"thumbnailUrl\":\"https:\/\/i0.wp.com\/verdadeon.com.br\/portal\/wp-content\/uploads\/2020\/03\/microsoft-nomeia-eric-horvitz-como-seu-primeiro-diretor-cientifico-scaled.jpg?fit=1000%2C563&ssl=1\",\"datePublished\":\"2020-03-13T14:11:52+00:00\",\"dateModified\":\"2020-03-13T14:13:11+00:00\",\"author\":{\"@id\":\"https:\/\/verdadeon.com.br\/portal\/#\/schema\/person\/a5060ad1e9ea3df545188fc93ce43d2f\"},\"breadcrumb\":{\"@id\":\"https:\/\/verdadeon.com.br\/portal\/2020\/03\/13\/microsoft-nomeia-eric-horvitz-como-seu-primeiro-diretor-cientifico\/#breadcrumb\"},\"inLanguage\":\"pt-BR\",\"potentialAction\":[{\"@type\":\"ReadAction\",\"target\":[\"https:\/\/verdadeon.com.br\/portal\/2020\/03\/13\/microsoft-nomeia-eric-horvitz-como-seu-primeiro-diretor-cientifico\/\"]}]},{\"@type\":\"ImageObject\",\"inLanguage\":\"pt-BR\",\"@id\":\"https:\/\/verdadeon.com.br\/portal\/2020\/03\/13\/microsoft-nomeia-eric-horvitz-como-seu-primeiro-diretor-cientifico\/#primaryimage\",\"url\":\"https:\/\/i0.wp.com\/verdadeon.com.br\/portal\/wp-content\/uploads\/2020\/03\/microsoft-nomeia-eric-horvitz-como-seu-primeiro-diretor-cientifico-scaled.jpg?fit=1000%2C563&ssl=1\",\"contentUrl\":\"https:\/\/i0.wp.com\/verdadeon.com.br\/portal\/wp-content\/uploads\/2020\/03\/microsoft-nomeia-eric-horvitz-como-seu-primeiro-diretor-cientifico-scaled.jpg?fit=1000%2C563&ssl=1\",\"width\":1000,\"height\":563,\"caption\":\"Eric Horvitz como seu primeiro diretor cient\u00edfico\"},{\"@type\":\"BreadcrumbList\",\"@id\":\"https:\/\/verdadeon.com.br\/portal\/2020\/03\/13\/microsoft-nomeia-eric-horvitz-como-seu-primeiro-diretor-cientifico\/#breadcrumb\",\"itemListElement\":[{\"@type\":\"ListItem\",\"position\":1,\"name\":\"In\u00edcio\",\"item\":\"https:\/\/verdadeon.com.br\/portal\/\"},{\"@type\":\"ListItem\",\"position\":2,\"name\":\"Microsoft nomeia Eric Horvitz como seu primeiro diretor cient\u00edfico\"}]},{\"@type\":\"WebSite\",\"@id\":\"https:\/\/verdadeon.com.br\/portal\/#website\",\"url\":\"https:\/\/verdadeon.com.br\/portal\/\",\"name\":\"VerdadeOn\",\"description\":\"Not\u00edcias di\u00e1rias sobre Franca, Regi\u00e3o, Esporte, Cultura, Cotidiano, Colunas. Cobertura nos principais eventos da cidade \u00e9 aqui - Verdadeon Franca\",\"potentialAction\":[{\"@type\":\"SearchAction\",\"target\":{\"@type\":\"EntryPoint\",\"urlTemplate\":\"https:\/\/verdadeon.com.br\/portal\/?s={search_term_string}\"},\"query-input\":{\"@type\":\"PropertyValueSpecification\",\"valueRequired\":true,\"valueName\":\"search_term_string\"}}],\"inLanguage\":\"pt-BR\"},{\"@type\":\"Person\",\"@id\":\"https:\/\/verdadeon.com.br\/portal\/#\/schema\/person\/a5060ad1e9ea3df545188fc93ce43d2f\",\"name\":\"Redacao VerdadeOn\",\"image\":{\"@type\":\"ImageObject\",\"inLanguage\":\"pt-BR\",\"@id\":\"https:\/\/verdadeon.com.br\/portal\/#\/schema\/person\/image\/\",\"url\":\"https:\/\/secure.gravatar.com\/avatar\/459a9613caaaf07f582c3d0841eea68bdd66f533e465e6ba8b9cb45619572cf4?s=96&d=mm&r=g\",\"contentUrl\":\"https:\/\/secure.gravatar.com\/avatar\/459a9613caaaf07f582c3d0841eea68bdd66f533e465e6ba8b9cb45619572cf4?s=96&d=mm&r=g\",\"caption\":\"Redacao VerdadeOn\"},\"url\":\"https:\/\/verdadeon.com.br\/portal\/author\/redacao\/\"}]}<\/script>\n<!-- \/ Yoast SEO plugin. -->","yoast_head_json":{"title":"Microsoft nomeia Eric Horvitz como seu primeiro diretor cient\u00edfico - VerdadeOn","robots":{"index":"index","follow":"follow","max-snippet":"max-snippet:-1","max-image-preview":"max-image-preview:large","max-video-preview":"max-video-preview:-1"},"canonical":"https:\/\/verdadeon.com.br\/portal\/2020\/03\/13\/microsoft-nomeia-eric-horvitz-como-seu-primeiro-diretor-cientifico\/","og_locale":"pt_BR","og_type":"article","og_title":"Microsoft nomeia Eric Horvitz como seu primeiro diretor cient\u00edfico - VerdadeOn","og_description":"A\u00a0Microsoft\u00a0fez um importante an\u00fancio na \u00faltima quarta-feira (11): pela primeira vez na hist\u00f3ria, a gigante de Redmond criou um cargo voltado para o campo cient\u00edfico e [\u2026]","og_url":"https:\/\/verdadeon.com.br\/portal\/2020\/03\/13\/microsoft-nomeia-eric-horvitz-como-seu-primeiro-diretor-cientifico\/","og_site_name":"VerdadeOn","article_published_time":"2020-03-13T14:11:52+00:00","article_modified_time":"2020-03-13T14:13:11+00:00","og_image":[{"width":1000,"height":563,"url":"https:\/\/verdadeon.com.br\/portal\/wp-content\/uploads\/2020\/03\/microsoft-nomeia-eric-horvitz-como-seu-primeiro-diretor-cientifico-scaled.jpg","type":"image\/jpeg"}],"author":"Redacao VerdadeOn","twitter_card":"summary_large_image","twitter_misc":{"Escrito por":"Redacao VerdadeOn","Est. tempo de leitura":"2 minutos"},"schema":{"@context":"https:\/\/schema.org","@graph":[{"@type":"WebPage","@id":"https:\/\/verdadeon.com.br\/portal\/2020\/03\/13\/microsoft-nomeia-eric-horvitz-como-seu-primeiro-diretor-cientifico\/","url":"https:\/\/verdadeon.com.br\/portal\/2020\/03\/13\/microsoft-nomeia-eric-horvitz-como-seu-primeiro-diretor-cientifico\/","name":"Microsoft nomeia Eric Horvitz como seu primeiro diretor cient\u00edfico - VerdadeOn","isPartOf":{"@id":"https:\/\/verdadeon.com.br\/portal\/#website"},"primaryImageOfPage":{"@id":"https:\/\/verdadeon.com.br\/portal\/2020\/03\/13\/microsoft-nomeia-eric-horvitz-como-seu-primeiro-diretor-cientifico\/#primaryimage"},"image":{"@id":"https:\/\/verdadeon.com.br\/portal\/2020\/03\/13\/microsoft-nomeia-eric-horvitz-como-seu-primeiro-diretor-cientifico\/#primaryimage"},"thumbnailUrl":"https:\/\/i0.wp.com\/verdadeon.com.br\/portal\/wp-content\/uploads\/2020\/03\/microsoft-nomeia-eric-horvitz-como-seu-primeiro-diretor-cientifico-scaled.jpg?fit=1000%2C563&ssl=1","datePublished":"2020-03-13T14:11:52+00:00","dateModified":"2020-03-13T14:13:11+00:00","author":{"@id":"https:\/\/verdadeon.com.br\/portal\/#\/schema\/person\/a5060ad1e9ea3df545188fc93ce43d2f"},"breadcrumb":{"@id":"https:\/\/verdadeon.com.br\/portal\/2020\/03\/13\/microsoft-nomeia-eric-horvitz-como-seu-primeiro-diretor-cientifico\/#breadcrumb"},"inLanguage":"pt-BR","potentialAction":[{"@type":"ReadAction","target":["https:\/\/verdadeon.com.br\/portal\/2020\/03\/13\/microsoft-nomeia-eric-horvitz-como-seu-primeiro-diretor-cientifico\/"]}]},{"@type":"ImageObject","inLanguage":"pt-BR","@id":"https:\/\/verdadeon.com.br\/portal\/2020\/03\/13\/microsoft-nomeia-eric-horvitz-como-seu-primeiro-diretor-cientifico\/#primaryimage","url":"https:\/\/i0.wp.com\/verdadeon.com.br\/portal\/wp-content\/uploads\/2020\/03\/microsoft-nomeia-eric-horvitz-como-seu-primeiro-diretor-cientifico-scaled.jpg?fit=1000%2C563&ssl=1","contentUrl":"https:\/\/i0.wp.com\/verdadeon.com.br\/portal\/wp-content\/uploads\/2020\/03\/microsoft-nomeia-eric-horvitz-como-seu-primeiro-diretor-cientifico-scaled.jpg?fit=1000%2C563&ssl=1","width":1000,"height":563,"caption":"Eric Horvitz como seu primeiro diretor cient\u00edfico"},{"@type":"BreadcrumbList","@id":"https:\/\/verdadeon.com.br\/portal\/2020\/03\/13\/microsoft-nomeia-eric-horvitz-como-seu-primeiro-diretor-cientifico\/#breadcrumb","itemListElement":[{"@type":"ListItem","position":1,"name":"In\u00edcio","item":"https:\/\/verdadeon.com.br\/portal\/"},{"@type":"ListItem","position":2,"name":"Microsoft nomeia Eric Horvitz como seu primeiro diretor cient\u00edfico"}]},{"@type":"WebSite","@id":"https:\/\/verdadeon.com.br\/portal\/#website","url":"https:\/\/verdadeon.com.br\/portal\/","name":"VerdadeOn","description":"Not\u00edcias di\u00e1rias sobre Franca, Regi\u00e3o, Esporte, Cultura, Cotidiano, Colunas. Cobertura nos principais eventos da cidade \u00e9 aqui - Verdadeon Franca","potentialAction":[{"@type":"SearchAction","target":{"@type":"EntryPoint","urlTemplate":"https:\/\/verdadeon.com.br\/portal\/?s={search_term_string}"},"query-input":{"@type":"PropertyValueSpecification","valueRequired":true,"valueName":"search_term_string"}}],"inLanguage":"pt-BR"},{"@type":"Person","@id":"https:\/\/verdadeon.com.br\/portal\/#\/schema\/person\/a5060ad1e9ea3df545188fc93ce43d2f","name":"Redacao VerdadeOn","image":{"@type":"ImageObject","inLanguage":"pt-BR","@id":"https:\/\/verdadeon.com.br\/portal\/#\/schema\/person\/image\/","url":"https:\/\/secure.gravatar.com\/avatar\/459a9613caaaf07f582c3d0841eea68bdd66f533e465e6ba8b9cb45619572cf4?s=96&d=mm&r=g","contentUrl":"https:\/\/secure.gravatar.com\/avatar\/459a9613caaaf07f582c3d0841eea68bdd66f533e465e6ba8b9cb45619572cf4?s=96&d=mm&r=g","caption":"Redacao VerdadeOn"},"url":"https:\/\/verdadeon.com.br\/portal\/author\/redacao\/"}]}},"jetpack_publicize_connections":[],"jetpack_featured_media_url":"https:\/\/i0.wp.com\/verdadeon.com.br\/portal\/wp-content\/uploads\/2020\/03\/microsoft-nomeia-eric-horvitz-como-seu-primeiro-diretor-cientifico-scaled.jpg?fit=1000%2C563&ssl=1","jetpack_sharing_enabled":true,"_links":{"self":[{"href":"https:\/\/verdadeon.com.br\/portal\/wp-json\/wp\/v2\/posts\/4970","targetHints":{"allow":["GET"]}}],"collection":[{"href":"https:\/\/verdadeon.com.br\/portal\/wp-json\/wp\/v2\/posts"}],"about":[{"href":"https:\/\/verdadeon.com.br\/portal\/wp-json\/wp\/v2\/types\/post"}],"author":[{"embeddable":true,"href":"https:\/\/verdadeon.com.br\/portal\/wp-json\/wp\/v2\/users\/10"}],"replies":[{"embeddable":true,"href":"https:\/\/verdadeon.com.br\/portal\/wp-json\/wp\/v2\/comments?post=4970"}],"version-history":[{"count":0,"href":"https:\/\/verdadeon.com.br\/portal\/wp-json\/wp\/v2\/posts\/4970\/revisions"}],"wp:featuredmedia":[{"embeddable":true,"href":"https:\/\/verdadeon.com.br\/portal\/wp-json\/wp\/v2\/media\/4973"}],"wp:attachment":[{"href":"https:\/\/verdadeon.com.br\/portal\/wp-json\/wp\/v2\/media?parent=4970"}],"wp:term":[{"taxonomy":"category","embeddable":true,"href":"https:\/\/verdadeon.com.br\/portal\/wp-json\/wp\/v2\/categories?post=4970"},{"taxonomy":"post_tag","embeddable":true,"href":"https:\/\/verdadeon.com.br\/portal\/wp-json\/wp\/v2\/tags?post=4970"}],"curies":[{"name":"wp","href":"https:\/\/api.w.org\/{rel}","templated":true}]}}