{"id":4966,"date":"2020-03-13T11:07:36","date_gmt":"2020-03-13T14:07:36","guid":{"rendered":"http:\/\/verdadeon.com.br\/portal\/?p=4966"},"modified":"2020-03-18T16:32:32","modified_gmt":"2020-03-18T19:32:32","slug":"sesi-franca-e-bauru-nao-tera-torcida-por-conta-do-coronavirus","status":"publish","type":"post","link":"https:\/\/verdadeon.com.br\/portal\/2020\/03\/13\/sesi-franca-e-bauru-nao-tera-torcida-por-conta-do-coronavirus\/","title":{"rendered":"Sesi Franca e Bauru n\u00e3o ter\u00e1 torcida por conta do coronav\u00edrus"},"content":{"rendered":"<h2>Liga de basquete tamb\u00e9m decidiu adiar o Jogo das Estrelas<\/h2>\n<p>&nbsp;<\/p>\n<p>O cl\u00e1ssico entre Sesi Franca e Bauru que prometia ter casa cheia n\u00e3o contar\u00e1 com a presen\u00e7a dos torcedores. A decis\u00e3o foi anunciada na manh\u00e3 desta sexta-feira (13) em nota oficial pela LNB (Liga Nacional de Basquete). Segundo a organiza\u00e7\u00e3o do NBB, os motivos para a altera\u00e7\u00e3o foram as circunst\u00e2ncias e incertezas em rela\u00e7\u00e3o aos casos suspeitos de coronav\u00edrus.<\/p>\n<p>A mudan\u00e7a \u00e9 v\u00e1lida n\u00e3o apenas para a partida de hoje, ela tamb\u00e9m ser\u00e1 colocada em pr\u00e1tica em outros confrontos da temporada. \u201cOs Clubes associados \u00e0 Liga Nacional de Basquete definiram que as partidas do NBB CAIXA desta sexta-feira (13\/03) at\u00e9 quarta-feira da semana que vem (18\/03) ser\u00e3o realizadas com port\u00f5es fechados. Na pr\u00f3xima semana, os membros do Conselho de Administra\u00e7\u00e3o da entidade se reunir\u00e3o novamente para reavaliar a situa\u00e7\u00e3o e podendo tomar novas medidas preventivas\u201d, afirmou a liga.<\/p>\n<p>A assessoria de comunica\u00e7\u00e3o do Sesi Franca Basquete informou que a diretoria divulgar\u00e1 em breve as a\u00e7\u00f5es que devem ser tomadas em rela\u00e7\u00e3o aos torcedores que j\u00e1 adquiriam os ingressos para o duelo diante de Bauru, marcado para \u00e0s 21h10. Outra partida de Franca que j\u00e1 est\u00e1 definida que n\u00e3o contar\u00e1 com p\u00fablico \u00e9 contra S\u00e3o Jos\u00e9, na pr\u00f3xima quarta-feira (18), fora de casa.<\/p>\n<p>Outra decis\u00e3o importante tomada pela Liga em conjunto com as equipes que disputam o Novo Basquete Brasil foi o adiamento do Jogo das Estrelas, marcado inicialmente para os dias 20 e 21 de mar\u00e7o. \u201cA decis\u00e3o da entidade foi baseada em diversos fatores. Dentre eles est\u00e1 o grande fluxo de f\u00e3s, atletas, t\u00e9cnicos e demais profissionais envolvidos com o evento, que viriam de v\u00e1rias partes do pa\u00eds a S\u00e3o Paulo, assim como a vinda da equipe Sub-20 da Argentina, que disputaria o Desafio Novas Estrelas na sexta-feira (20\/03). Por tratar-se de um evento festivo, o adiamento do Jogo das Estrelas n\u00e3o impacta no calend\u00e1rio da competi\u00e7\u00e3o\u201d, disse a nota.<\/p>\n<p>A Liga Nacional de Basquete ainda informou que continuar\u00e1 monitorando as condi\u00e7\u00f5es do assunto e os desdobramentos dos casos do v\u00edrus. Dessa forma, ser\u00e3o feitas novas avalia\u00e7\u00f5es com o objetivo de marcar nova data para o Jogo das Estrelas e definir a forma da sequ\u00eancia da temporada do NBB.<\/p>\n<p>Vale ressaltar que outros torneios de basquete pelo mundo j\u00e1 foram paralisados por conta do coronav\u00edrus. A NBA, maior liga do mundo e a Euroliga est\u00e3o suspensas desde o \u00faltimo domingo, ap\u00f3s o in\u00edcio das confirma\u00e7\u00f5es dos primeiros casos. Outros grandes eventos esportivos como Liga dos Campe\u00f5es da Europa e Copa Libertadores da Am\u00e9rica tamb\u00e9m foram afetados com o problema. Nos pr\u00f3ximos dias, mais competi\u00e7\u00f5es devem sofrer altera\u00e7\u00f5es.<\/p>\n","protected":false},"excerpt":{"rendered":"<p>Liga de basquete tamb\u00e9m decidiu adiar o Jogo das Estrelas &nbsp; O cl\u00e1ssico entre Sesi Franca e Bauru que prometia ter casa cheia n\u00e3o contar\u00e1 com<span class=\"excerpt-hellip\"> [\u2026]<\/span><\/p>\n","protected":false},"author":10,"featured_media":4967,"comment_status":"open","ping_status":"open","sticky":false,"template":"","format":"standard","meta":{"_jetpack_memberships_contains_paid_content":false,"footnotes":"","jetpack_publicize_message":"","jetpack_publicize_feature_enabled":true,"jetpack_social_post_already_shared":false,"jetpack_social_options":{"image_generator_settings":{"template":"highway","default_image_id":0,"enabled":false},"version":2}},"categories":[104,29,81],"tags":[31],"class_list":["post-4966","post","type-post","status-publish","format-standard","has-post-thumbnail","hentry","category-coronavirus","category-esportes","category-manchete","tag-esportes"],"yoast_head":"<!-- This site is optimized with the Yoast SEO plugin v25.6 - https:\/\/yoast.com\/wordpress\/plugins\/seo\/ -->\n<title>Sesi Franca e Bauru n\u00e3o ter\u00e1 torcida por conta do coronav\u00edrus - VerdadeOn<\/title>\n<meta name=\"robots\" content=\"index, follow, max-snippet:-1, max-image-preview:large, max-video-preview:-1\" \/>\n<link rel=\"canonical\" href=\"https:\/\/verdadeon.com.br\/portal\/2020\/03\/13\/sesi-franca-e-bauru-nao-tera-torcida-por-conta-do-coronavirus\/\" \/>\n<meta property=\"og:locale\" content=\"pt_BR\" \/>\n<meta property=\"og:type\" content=\"article\" \/>\n<meta property=\"og:title\" content=\"Sesi Franca e Bauru n\u00e3o ter\u00e1 torcida por conta do coronav\u00edrus - VerdadeOn\" \/>\n<meta property=\"og:description\" content=\"Liga de basquete tamb\u00e9m decidiu adiar o Jogo das Estrelas &nbsp; O cl\u00e1ssico entre Sesi Franca e Bauru que prometia ter casa cheia n\u00e3o contar\u00e1 com [\u2026]\" \/>\n<meta property=\"og:url\" content=\"https:\/\/verdadeon.com.br\/portal\/2020\/03\/13\/sesi-franca-e-bauru-nao-tera-torcida-por-conta-do-coronavirus\/\" \/>\n<meta property=\"og:site_name\" content=\"VerdadeOn\" \/>\n<meta property=\"article:published_time\" content=\"2020-03-13T14:07:36+00:00\" \/>\n<meta property=\"article:modified_time\" content=\"2020-03-18T19:32:32+00:00\" \/>\n<meta property=\"og:image\" content=\"https:\/\/verdadeon.com.br\/portal\/wp-content\/uploads\/2020\/03\/WhatsApp-Image-2020-03-13-at-11.02.47-scaled.jpeg\" \/>\n\t<meta property=\"og:image:width\" content=\"1000\" \/>\n\t<meta property=\"og:image:height\" content=\"667\" \/>\n\t<meta property=\"og:image:type\" content=\"image\/jpeg\" \/>\n<meta name=\"author\" content=\"Redacao VerdadeOn\" \/>\n<meta name=\"twitter:card\" content=\"summary_large_image\" \/>\n<meta name=\"twitter:label1\" content=\"Escrito por\" \/>\n\t<meta name=\"twitter:data1\" content=\"Redacao VerdadeOn\" \/>\n\t<meta name=\"twitter:label2\" content=\"Est. tempo de leitura\" \/>\n\t<meta name=\"twitter:data2\" content=\"2 minutos\" \/>\n<script type=\"application\/ld+json\" class=\"yoast-schema-graph\">{\"@context\":\"https:\/\/schema.org\",\"@graph\":[{\"@type\":\"WebPage\",\"@id\":\"https:\/\/verdadeon.com.br\/portal\/2020\/03\/13\/sesi-franca-e-bauru-nao-tera-torcida-por-conta-do-coronavirus\/\",\"url\":\"https:\/\/verdadeon.com.br\/portal\/2020\/03\/13\/sesi-franca-e-bauru-nao-tera-torcida-por-conta-do-coronavirus\/\",\"name\":\"Sesi Franca e Bauru n\u00e3o ter\u00e1 torcida por conta do coronav\u00edrus - VerdadeOn\",\"isPartOf\":{\"@id\":\"https:\/\/verdadeon.com.br\/portal\/#website\"},\"primaryImageOfPage\":{\"@id\":\"https:\/\/verdadeon.com.br\/portal\/2020\/03\/13\/sesi-franca-e-bauru-nao-tera-torcida-por-conta-do-coronavirus\/#primaryimage\"},\"image\":{\"@id\":\"https:\/\/verdadeon.com.br\/portal\/2020\/03\/13\/sesi-franca-e-bauru-nao-tera-torcida-por-conta-do-coronavirus\/#primaryimage\"},\"thumbnailUrl\":\"https:\/\/i0.wp.com\/verdadeon.com.br\/portal\/wp-content\/uploads\/2020\/03\/WhatsApp-Image-2020-03-13-at-11.02.47-scaled.jpeg?fit=1000%2C667&ssl=1\",\"datePublished\":\"2020-03-13T14:07:36+00:00\",\"dateModified\":\"2020-03-18T19:32:32+00:00\",\"author\":{\"@id\":\"https:\/\/verdadeon.com.br\/portal\/#\/schema\/person\/a5060ad1e9ea3df545188fc93ce43d2f\"},\"breadcrumb\":{\"@id\":\"https:\/\/verdadeon.com.br\/portal\/2020\/03\/13\/sesi-franca-e-bauru-nao-tera-torcida-por-conta-do-coronavirus\/#breadcrumb\"},\"inLanguage\":\"pt-BR\",\"potentialAction\":[{\"@type\":\"ReadAction\",\"target\":[\"https:\/\/verdadeon.com.br\/portal\/2020\/03\/13\/sesi-franca-e-bauru-nao-tera-torcida-por-conta-do-coronavirus\/\"]}]},{\"@type\":\"ImageObject\",\"inLanguage\":\"pt-BR\",\"@id\":\"https:\/\/verdadeon.com.br\/portal\/2020\/03\/13\/sesi-franca-e-bauru-nao-tera-torcida-por-conta-do-coronavirus\/#primaryimage\",\"url\":\"https:\/\/i0.wp.com\/verdadeon.com.br\/portal\/wp-content\/uploads\/2020\/03\/WhatsApp-Image-2020-03-13-at-11.02.47-scaled.jpeg?fit=1000%2C667&ssl=1\",\"contentUrl\":\"https:\/\/i0.wp.com\/verdadeon.com.br\/portal\/wp-content\/uploads\/2020\/03\/WhatsApp-Image-2020-03-13-at-11.02.47-scaled.jpeg?fit=1000%2C667&ssl=1\",\"width\":1000,\"height\":667,\"caption\":\"Gin\u00e1sio Pedroc\u00e3o, em Franca. Local estar\u00e1 sem torcida na noite desta sexta-feira (13) | Foto: Lindomar Cailton\"},{\"@type\":\"BreadcrumbList\",\"@id\":\"https:\/\/verdadeon.com.br\/portal\/2020\/03\/13\/sesi-franca-e-bauru-nao-tera-torcida-por-conta-do-coronavirus\/#breadcrumb\",\"itemListElement\":[{\"@type\":\"ListItem\",\"position\":1,\"name\":\"In\u00edcio\",\"item\":\"https:\/\/verdadeon.com.br\/portal\/\"},{\"@type\":\"ListItem\",\"position\":2,\"name\":\"Sesi Franca e Bauru n\u00e3o ter\u00e1 torcida por conta do coronav\u00edrus\"}]},{\"@type\":\"WebSite\",\"@id\":\"https:\/\/verdadeon.com.br\/portal\/#website\",\"url\":\"https:\/\/verdadeon.com.br\/portal\/\",\"name\":\"VerdadeOn\",\"description\":\"Not\u00edcias di\u00e1rias sobre Franca, Regi\u00e3o, Esporte, Cultura, Cotidiano, Colunas. Cobertura nos principais eventos da cidade \u00e9 aqui - Verdadeon Franca\",\"potentialAction\":[{\"@type\":\"SearchAction\",\"target\":{\"@type\":\"EntryPoint\",\"urlTemplate\":\"https:\/\/verdadeon.com.br\/portal\/?s={search_term_string}\"},\"query-input\":{\"@type\":\"PropertyValueSpecification\",\"valueRequired\":true,\"valueName\":\"search_term_string\"}}],\"inLanguage\":\"pt-BR\"},{\"@type\":\"Person\",\"@id\":\"https:\/\/verdadeon.com.br\/portal\/#\/schema\/person\/a5060ad1e9ea3df545188fc93ce43d2f\",\"name\":\"Redacao VerdadeOn\",\"image\":{\"@type\":\"ImageObject\",\"inLanguage\":\"pt-BR\",\"@id\":\"https:\/\/verdadeon.com.br\/portal\/#\/schema\/person\/image\/\",\"url\":\"https:\/\/secure.gravatar.com\/avatar\/459a9613caaaf07f582c3d0841eea68bdd66f533e465e6ba8b9cb45619572cf4?s=96&d=mm&r=g\",\"contentUrl\":\"https:\/\/secure.gravatar.com\/avatar\/459a9613caaaf07f582c3d0841eea68bdd66f533e465e6ba8b9cb45619572cf4?s=96&d=mm&r=g\",\"caption\":\"Redacao VerdadeOn\"},\"url\":\"https:\/\/verdadeon.com.br\/portal\/author\/redacao\/\"}]}<\/script>\n<!-- \/ Yoast SEO plugin. -->","yoast_head_json":{"title":"Sesi Franca e Bauru n\u00e3o ter\u00e1 torcida por conta do coronav\u00edrus - VerdadeOn","robots":{"index":"index","follow":"follow","max-snippet":"max-snippet:-1","max-image-preview":"max-image-preview:large","max-video-preview":"max-video-preview:-1"},"canonical":"https:\/\/verdadeon.com.br\/portal\/2020\/03\/13\/sesi-franca-e-bauru-nao-tera-torcida-por-conta-do-coronavirus\/","og_locale":"pt_BR","og_type":"article","og_title":"Sesi Franca e Bauru n\u00e3o ter\u00e1 torcida por conta do coronav\u00edrus - VerdadeOn","og_description":"Liga de basquete tamb\u00e9m decidiu adiar o Jogo das Estrelas &nbsp; O cl\u00e1ssico entre Sesi Franca e Bauru que prometia ter casa cheia n\u00e3o contar\u00e1 com [\u2026]","og_url":"https:\/\/verdadeon.com.br\/portal\/2020\/03\/13\/sesi-franca-e-bauru-nao-tera-torcida-por-conta-do-coronavirus\/","og_site_name":"VerdadeOn","article_published_time":"2020-03-13T14:07:36+00:00","article_modified_time":"2020-03-18T19:32:32+00:00","og_image":[{"width":1000,"height":667,"url":"https:\/\/verdadeon.com.br\/portal\/wp-content\/uploads\/2020\/03\/WhatsApp-Image-2020-03-13-at-11.02.47-scaled.jpeg","type":"image\/jpeg"}],"author":"Redacao VerdadeOn","twitter_card":"summary_large_image","twitter_misc":{"Escrito por":"Redacao VerdadeOn","Est. tempo de leitura":"2 minutos"},"schema":{"@context":"https:\/\/schema.org","@graph":[{"@type":"WebPage","@id":"https:\/\/verdadeon.com.br\/portal\/2020\/03\/13\/sesi-franca-e-bauru-nao-tera-torcida-por-conta-do-coronavirus\/","url":"https:\/\/verdadeon.com.br\/portal\/2020\/03\/13\/sesi-franca-e-bauru-nao-tera-torcida-por-conta-do-coronavirus\/","name":"Sesi Franca e Bauru n\u00e3o ter\u00e1 torcida por conta do coronav\u00edrus - VerdadeOn","isPartOf":{"@id":"https:\/\/verdadeon.com.br\/portal\/#website"},"primaryImageOfPage":{"@id":"https:\/\/verdadeon.com.br\/portal\/2020\/03\/13\/sesi-franca-e-bauru-nao-tera-torcida-por-conta-do-coronavirus\/#primaryimage"},"image":{"@id":"https:\/\/verdadeon.com.br\/portal\/2020\/03\/13\/sesi-franca-e-bauru-nao-tera-torcida-por-conta-do-coronavirus\/#primaryimage"},"thumbnailUrl":"https:\/\/i0.wp.com\/verdadeon.com.br\/portal\/wp-content\/uploads\/2020\/03\/WhatsApp-Image-2020-03-13-at-11.02.47-scaled.jpeg?fit=1000%2C667&ssl=1","datePublished":"2020-03-13T14:07:36+00:00","dateModified":"2020-03-18T19:32:32+00:00","author":{"@id":"https:\/\/verdadeon.com.br\/portal\/#\/schema\/person\/a5060ad1e9ea3df545188fc93ce43d2f"},"breadcrumb":{"@id":"https:\/\/verdadeon.com.br\/portal\/2020\/03\/13\/sesi-franca-e-bauru-nao-tera-torcida-por-conta-do-coronavirus\/#breadcrumb"},"inLanguage":"pt-BR","potentialAction":[{"@type":"ReadAction","target":["https:\/\/verdadeon.com.br\/portal\/2020\/03\/13\/sesi-franca-e-bauru-nao-tera-torcida-por-conta-do-coronavirus\/"]}]},{"@type":"ImageObject","inLanguage":"pt-BR","@id":"https:\/\/verdadeon.com.br\/portal\/2020\/03\/13\/sesi-franca-e-bauru-nao-tera-torcida-por-conta-do-coronavirus\/#primaryimage","url":"https:\/\/i0.wp.com\/verdadeon.com.br\/portal\/wp-content\/uploads\/2020\/03\/WhatsApp-Image-2020-03-13-at-11.02.47-scaled.jpeg?fit=1000%2C667&ssl=1","contentUrl":"https:\/\/i0.wp.com\/verdadeon.com.br\/portal\/wp-content\/uploads\/2020\/03\/WhatsApp-Image-2020-03-13-at-11.02.47-scaled.jpeg?fit=1000%2C667&ssl=1","width":1000,"height":667,"caption":"Gin\u00e1sio Pedroc\u00e3o, em Franca. Local estar\u00e1 sem torcida na noite desta sexta-feira (13) | Foto: Lindomar Cailton"},{"@type":"BreadcrumbList","@id":"https:\/\/verdadeon.com.br\/portal\/2020\/03\/13\/sesi-franca-e-bauru-nao-tera-torcida-por-conta-do-coronavirus\/#breadcrumb","itemListElement":[{"@type":"ListItem","position":1,"name":"In\u00edcio","item":"https:\/\/verdadeon.com.br\/portal\/"},{"@type":"ListItem","position":2,"name":"Sesi Franca e Bauru n\u00e3o ter\u00e1 torcida por conta do coronav\u00edrus"}]},{"@type":"WebSite","@id":"https:\/\/verdadeon.com.br\/portal\/#website","url":"https:\/\/verdadeon.com.br\/portal\/","name":"VerdadeOn","description":"Not\u00edcias di\u00e1rias sobre Franca, Regi\u00e3o, Esporte, Cultura, Cotidiano, Colunas. Cobertura nos principais eventos da cidade \u00e9 aqui - Verdadeon Franca","potentialAction":[{"@type":"SearchAction","target":{"@type":"EntryPoint","urlTemplate":"https:\/\/verdadeon.com.br\/portal\/?s={search_term_string}"},"query-input":{"@type":"PropertyValueSpecification","valueRequired":true,"valueName":"search_term_string"}}],"inLanguage":"pt-BR"},{"@type":"Person","@id":"https:\/\/verdadeon.com.br\/portal\/#\/schema\/person\/a5060ad1e9ea3df545188fc93ce43d2f","name":"Redacao VerdadeOn","image":{"@type":"ImageObject","inLanguage":"pt-BR","@id":"https:\/\/verdadeon.com.br\/portal\/#\/schema\/person\/image\/","url":"https:\/\/secure.gravatar.com\/avatar\/459a9613caaaf07f582c3d0841eea68bdd66f533e465e6ba8b9cb45619572cf4?s=96&d=mm&r=g","contentUrl":"https:\/\/secure.gravatar.com\/avatar\/459a9613caaaf07f582c3d0841eea68bdd66f533e465e6ba8b9cb45619572cf4?s=96&d=mm&r=g","caption":"Redacao VerdadeOn"},"url":"https:\/\/verdadeon.com.br\/portal\/author\/redacao\/"}]}},"jetpack_publicize_connections":[],"jetpack_featured_media_url":"https:\/\/i0.wp.com\/verdadeon.com.br\/portal\/wp-content\/uploads\/2020\/03\/WhatsApp-Image-2020-03-13-at-11.02.47-scaled.jpeg?fit=1000%2C667&ssl=1","jetpack_sharing_enabled":true,"_links":{"self":[{"href":"https:\/\/verdadeon.com.br\/portal\/wp-json\/wp\/v2\/posts\/4966","targetHints":{"allow":["GET"]}}],"collection":[{"href":"https:\/\/verdadeon.com.br\/portal\/wp-json\/wp\/v2\/posts"}],"about":[{"href":"https:\/\/verdadeon.com.br\/portal\/wp-json\/wp\/v2\/types\/post"}],"author":[{"embeddable":true,"href":"https:\/\/verdadeon.com.br\/portal\/wp-json\/wp\/v2\/users\/10"}],"replies":[{"embeddable":true,"href":"https:\/\/verdadeon.com.br\/portal\/wp-json\/wp\/v2\/comments?post=4966"}],"version-history":[{"count":0,"href":"https:\/\/verdadeon.com.br\/portal\/wp-json\/wp\/v2\/posts\/4966\/revisions"}],"wp:featuredmedia":[{"embeddable":true,"href":"https:\/\/verdadeon.com.br\/portal\/wp-json\/wp\/v2\/media\/4967"}],"wp:attachment":[{"href":"https:\/\/verdadeon.com.br\/portal\/wp-json\/wp\/v2\/media?parent=4966"}],"wp:term":[{"taxonomy":"category","embeddable":true,"href":"https:\/\/verdadeon.com.br\/portal\/wp-json\/wp\/v2\/categories?post=4966"},{"taxonomy":"post_tag","embeddable":true,"href":"https:\/\/verdadeon.com.br\/portal\/wp-json\/wp\/v2\/tags?post=4966"}],"curies":[{"name":"wp","href":"https:\/\/api.w.org\/{rel}","templated":true}]}}