{"id":49559,"date":"2024-09-12T14:34:29","date_gmt":"2024-09-12T17:34:29","guid":{"rendered":"https:\/\/verdadeon.com.br\/portal\/?p=49559"},"modified":"2024-09-12T14:34:29","modified_gmt":"2024-09-12T17:34:29","slug":"expoecomm-2024-franca-consolida-posicao-como-referencia-em-e-commerce","status":"publish","type":"post","link":"https:\/\/verdadeon.com.br\/portal\/2024\/09\/12\/expoecomm-2024-franca-consolida-posicao-como-referencia-em-e-commerce\/","title":{"rendered":"ExpoEcomm 2024: Franca consolida posi\u00e7\u00e3o como refer\u00eancia em e-commerce"},"content":{"rendered":"<h2>Estande do Sebrae-SP contou com a presen\u00e7a de oito MPEs expositoras; evento ocorreu na \u00faltima ter\u00e7a-feira, 10, no Villa Eventos<\/h2>\n<div>Em sua terceira edi\u00e7\u00e3o realizada em Franca, a ExpoEcomm 2024 se consolidou como refer\u00eancia em e-commerce. O evento contou com a presen\u00e7a de 1 mil participantes e mais uma vez teve o apoio do Sebrae-SP. Oito micro e pequenas empresas tiveram a oportunidade de expor seus produtos e servi\u00e7os no estande da institui\u00e7\u00e3o.<\/div>\n<div><\/div>\n<div>Segundo William Israel, diretor executivo do evento, a parceria com o Sebrae tem sido fundamental para o sucesso da iniciativa. \u201cFranca segue como refer\u00eancia no com\u00e9rcio eletr\u00f4nico, segundo dados oficiais dos Correios, ocupando a segunda posi\u00e7\u00e3o em envios no Estado e estando entre as cinco maiores do Brasil. O evento vem celebrar essa voca\u00e7\u00e3o empreendedora da cidade e coroar todo o empenho dos seus empreendedores&#8221;, destaca Israel.<\/div>\n<div><\/div>\n<div>A ExpoEcomm reuniu congressistas, expositores, convidados e palestrantes renomados em mais de sete horas de evento. A programa\u00e7\u00e3o contou com palestras e workshops sobre as \u00faltimas tend\u00eancias do mercado de e-commerce, al\u00e9m de uma feira de neg\u00f3cios com diversas solu\u00e7\u00f5es para empreendedores digitais.<\/div>\n<div><\/div>\n<div>A edi\u00e7\u00e3o de Franca faz parte do Circuito ExpoEcomm 2024, que percorreu dez cidades brasileiras ao longo do ano. Para 2025, a expectativa \u00e9 expandir ainda mais o circuito, alcan\u00e7ando cerca de 10 mil pessoas em novas cidades.<\/div>\n<div><\/div>\n<div>Victor Barbierato, CEO da Barbieratto, ag\u00eancia de marketing e acelera\u00e7\u00e3o de e-commerce, ressaltou a import\u00e2ncia do apoio do Sebrae-SP para as pequenas empresas. \u201cO Sebrae fomenta que as empresas, especialmente nos primeiros anos, que s\u00e3o os mais desafiadores, possam sobreviver no mercado com muito conhecimento e isso n\u00e3o tem pre\u00e7o\u201d, disse.<\/div>\n<div><\/div>\n<div>Para Ricardo Duarte, s\u00f3cio-propriet\u00e1rio da empresa de pagamentos Payform, a ExpoEcomm representou uma oportunidade \u00fanica de aumentar a visibilidade da marca em Franca, um mercado com grande potencial. \u201cNosso foco principal foi mostrar para o mercado francano, que \u00e9 muito forte, a nossa proposta de oferecer um atendimento mais construtivo, mais pr\u00f3ximo e mais humanizado\u201d, afirma.<\/div>\n<div><\/div>\n<div>Mariele Lima Silva, s\u00f3cia-propriet\u00e1ria da TechMalhas, ressaltou a import\u00e2ncia do evento. \u201cA ExpoEcomm traz uma visibilidade incr\u00edvel para n\u00f3s, que j\u00e1 estamos no mercado h\u00e1 quatro anos. Acreditamos que ainda existem muitas pessoas que n\u00e3o conhecem nossa empresa e, com esse evento, podemos apresentar nossas novidades em personaliza\u00e7\u00e3o para um p\u00fablico ainda maior\u201d, concluiu.<\/div>\n<div><\/div>\n<div>Para Luiz Gustavo Volpi, respons\u00e1vel pelo grupo I9, que atua na \u00e1rea de propriedade intelectual, o Sebrae-SP foi um parceiro estrat\u00e9gico desde a funda\u00e7\u00e3o da empresa. \u201cFiz o curso Empretec e desde ent\u00e3o absorvemos todas as ferramentas e conhecimentos oferecidos pelo Sebrae. \u00c9 uma parceria de m\u00e3o dupla, onde buscamos constantemente aprimorar nossos neg\u00f3cios com o apoio da institui\u00e7\u00e3o\u201d, afirma.<\/div>\n<div><\/div>\n<div>Entre os participantes, destacou-se a Identifique-se, empresa especializada em propriedade intelectual, representada por Lalo Peres Scott de Oliveira. \u201cA grande maioria dos nossos clientes s\u00e3o do e-commerce, e estamos sempre buscando estar mais pr\u00f3ximos deles, melhorar essa afinidade. Para isso, \u00e9 fundamental conhecer os parceiros que atuam nesse mercado\u201d, afirma.<\/div>\n<div><\/div>\n<div>A empres\u00e1ria Diuliana Palheta de Oliveira, propriet\u00e1ria da Amor Infinito Cadernos, chamou a aten\u00e7\u00e3o com seus inovadores cadernos inteligentes. \u201cEstar na ExpoEcomm nos abre um leque de oportunidades para apresentar nossos produtos a um p\u00fablico mais amplo. Estamos aqui para mostrar \u00e0s empresas a variedade de itens que podemos produzir, desde agendas at\u00e9 manuais personalizados\u201d, disse.<\/div>\n<div><\/div>\n<div>Rodrigo Cardoso, propriet\u00e1rio da Lab2u, ag\u00eancia de consultoria especializada em vendas em marketplaces, compartilhou sua experi\u00eancia na feira. \u201cA ExpoEcomm foi a oportunidade perfeita para darmos ainda mais visibilidade \u00e0 nossa marca e fortalecermos nosso networking. Franca \u00e9 conhecida como o capital do e-commerce, ent\u00e3o a demanda por solu\u00e7\u00f5es como as nossas \u00e9 muito grande\u201d, afirmou.<\/div>\n<div><\/div>\n<div>\u201cCom nossa ampla cobertura, que inclui transporte rodovi\u00e1rio, a\u00e9reo e por carretas, buscamos atender \u00e0s demandas espec\u00edficas de cada cliente, seja ele o consumidor final ou o lojista. A visibilidade que a feira proporciona \u00e9 fundamental para consolidarmos nossa marca e gerarmos novos neg\u00f3cios\u201d, ressaltou Fernando Cruz, gerente comercial da Nader Transportes.<\/div>\n","protected":false},"excerpt":{"rendered":"<p>Estande do Sebrae-SP contou com a presen\u00e7a de oito MPEs expositoras; evento ocorreu na \u00faltima ter\u00e7a-feira, 10, no Villa Eventos Em sua terceira edi\u00e7\u00e3o realizada em<span class=\"excerpt-hellip\"> [\u2026]<\/span><\/p>\n","protected":false},"author":10,"featured_media":49560,"comment_status":"open","ping_status":"open","sticky":false,"template":"","format":"standard","meta":{"_jetpack_memberships_contains_paid_content":false,"footnotes":"","jetpack_publicize_message":"","jetpack_publicize_feature_enabled":true,"jetpack_social_post_already_shared":true,"jetpack_social_options":{"image_generator_settings":{"template":"highway","default_image_id":0,"enabled":false},"version":2}},"categories":[28,44],"tags":[],"class_list":["post-49559","post","type-post","status-publish","format-standard","has-post-thumbnail","hentry","category-cotidiano","category-noticias"],"yoast_head":"<!-- This site is optimized with the Yoast SEO plugin v25.6 - https:\/\/yoast.com\/wordpress\/plugins\/seo\/ -->\n<title>ExpoEcomm 2024: Franca consolida posi\u00e7\u00e3o como refer\u00eancia em e-commerce - VerdadeOn<\/title>\n<meta name=\"robots\" content=\"index, follow, max-snippet:-1, max-image-preview:large, max-video-preview:-1\" \/>\n<link rel=\"canonical\" href=\"https:\/\/verdadeon.com.br\/portal\/2024\/09\/12\/expoecomm-2024-franca-consolida-posicao-como-referencia-em-e-commerce\/\" \/>\n<meta property=\"og:locale\" content=\"pt_BR\" \/>\n<meta property=\"og:type\" content=\"article\" \/>\n<meta property=\"og:title\" content=\"ExpoEcomm 2024: Franca consolida posi\u00e7\u00e3o como refer\u00eancia em e-commerce - VerdadeOn\" \/>\n<meta property=\"og:description\" content=\"Estande do Sebrae-SP contou com a presen\u00e7a de oito MPEs expositoras; evento ocorreu na \u00faltima ter\u00e7a-feira, 10, no Villa Eventos Em sua terceira edi\u00e7\u00e3o realizada em [\u2026]\" \/>\n<meta property=\"og:url\" content=\"https:\/\/verdadeon.com.br\/portal\/2024\/09\/12\/expoecomm-2024-franca-consolida-posicao-como-referencia-em-e-commerce\/\" \/>\n<meta property=\"og:site_name\" content=\"VerdadeOn\" \/>\n<meta property=\"article:published_time\" content=\"2024-09-12T17:34:29+00:00\" \/>\n<meta property=\"og:image\" content=\"https:\/\/verdadeon.com.br\/portal\/wp-content\/uploads\/2024\/09\/AnyConv.com__Expoecomm-10.jpg\" \/>\n\t<meta property=\"og:image:width\" content=\"1075\" \/>\n\t<meta property=\"og:image:height\" content=\"720\" \/>\n\t<meta property=\"og:image:type\" content=\"image\/jpeg\" \/>\n<meta name=\"author\" content=\"Redacao VerdadeOn\" \/>\n<meta name=\"twitter:card\" content=\"summary_large_image\" \/>\n<meta name=\"twitter:label1\" content=\"Escrito por\" \/>\n\t<meta name=\"twitter:data1\" content=\"Redacao VerdadeOn\" \/>\n\t<meta name=\"twitter:label2\" content=\"Est. tempo de leitura\" \/>\n\t<meta name=\"twitter:data2\" content=\"4 minutos\" \/>\n<script type=\"application\/ld+json\" class=\"yoast-schema-graph\">{\"@context\":\"https:\/\/schema.org\",\"@graph\":[{\"@type\":\"WebPage\",\"@id\":\"https:\/\/verdadeon.com.br\/portal\/2024\/09\/12\/expoecomm-2024-franca-consolida-posicao-como-referencia-em-e-commerce\/\",\"url\":\"https:\/\/verdadeon.com.br\/portal\/2024\/09\/12\/expoecomm-2024-franca-consolida-posicao-como-referencia-em-e-commerce\/\",\"name\":\"ExpoEcomm 2024: Franca consolida posi\u00e7\u00e3o como refer\u00eancia em e-commerce - VerdadeOn\",\"isPartOf\":{\"@id\":\"https:\/\/verdadeon.com.br\/portal\/#website\"},\"primaryImageOfPage\":{\"@id\":\"https:\/\/verdadeon.com.br\/portal\/2024\/09\/12\/expoecomm-2024-franca-consolida-posicao-como-referencia-em-e-commerce\/#primaryimage\"},\"image\":{\"@id\":\"https:\/\/verdadeon.com.br\/portal\/2024\/09\/12\/expoecomm-2024-franca-consolida-posicao-como-referencia-em-e-commerce\/#primaryimage\"},\"thumbnailUrl\":\"https:\/\/i0.wp.com\/verdadeon.com.br\/portal\/wp-content\/uploads\/2024\/09\/AnyConv.com__Expoecomm-10.jpg?fit=1075%2C720&ssl=1\",\"datePublished\":\"2024-09-12T17:34:29+00:00\",\"author\":{\"@id\":\"https:\/\/verdadeon.com.br\/portal\/#\/schema\/person\/a5060ad1e9ea3df545188fc93ce43d2f\"},\"breadcrumb\":{\"@id\":\"https:\/\/verdadeon.com.br\/portal\/2024\/09\/12\/expoecomm-2024-franca-consolida-posicao-como-referencia-em-e-commerce\/#breadcrumb\"},\"inLanguage\":\"pt-BR\",\"potentialAction\":[{\"@type\":\"ReadAction\",\"target\":[\"https:\/\/verdadeon.com.br\/portal\/2024\/09\/12\/expoecomm-2024-franca-consolida-posicao-como-referencia-em-e-commerce\/\"]}]},{\"@type\":\"ImageObject\",\"inLanguage\":\"pt-BR\",\"@id\":\"https:\/\/verdadeon.com.br\/portal\/2024\/09\/12\/expoecomm-2024-franca-consolida-posicao-como-referencia-em-e-commerce\/#primaryimage\",\"url\":\"https:\/\/i0.wp.com\/verdadeon.com.br\/portal\/wp-content\/uploads\/2024\/09\/AnyConv.com__Expoecomm-10.jpg?fit=1075%2C720&ssl=1\",\"contentUrl\":\"https:\/\/i0.wp.com\/verdadeon.com.br\/portal\/wp-content\/uploads\/2024\/09\/AnyConv.com__Expoecomm-10.jpg?fit=1075%2C720&ssl=1\",\"width\":1075,\"height\":720,\"caption\":\"A ExpoEcomm reuniu congressistas, expositores, convidados e palestrantes renomados em mais de sete horas de evento (\u00a9Divulga\u00e7\u00e3o)\"},{\"@type\":\"BreadcrumbList\",\"@id\":\"https:\/\/verdadeon.com.br\/portal\/2024\/09\/12\/expoecomm-2024-franca-consolida-posicao-como-referencia-em-e-commerce\/#breadcrumb\",\"itemListElement\":[{\"@type\":\"ListItem\",\"position\":1,\"name\":\"In\u00edcio\",\"item\":\"https:\/\/verdadeon.com.br\/portal\/\"},{\"@type\":\"ListItem\",\"position\":2,\"name\":\"ExpoEcomm 2024: Franca consolida posi\u00e7\u00e3o como refer\u00eancia em e-commerce\"}]},{\"@type\":\"WebSite\",\"@id\":\"https:\/\/verdadeon.com.br\/portal\/#website\",\"url\":\"https:\/\/verdadeon.com.br\/portal\/\",\"name\":\"VerdadeOn\",\"description\":\"Not\u00edcias di\u00e1rias sobre Franca, Regi\u00e3o, Esporte, Cultura, Cotidiano, Colunas. Cobertura nos principais eventos da cidade \u00e9 aqui - Verdadeon Franca\",\"potentialAction\":[{\"@type\":\"SearchAction\",\"target\":{\"@type\":\"EntryPoint\",\"urlTemplate\":\"https:\/\/verdadeon.com.br\/portal\/?s={search_term_string}\"},\"query-input\":{\"@type\":\"PropertyValueSpecification\",\"valueRequired\":true,\"valueName\":\"search_term_string\"}}],\"inLanguage\":\"pt-BR\"},{\"@type\":\"Person\",\"@id\":\"https:\/\/verdadeon.com.br\/portal\/#\/schema\/person\/a5060ad1e9ea3df545188fc93ce43d2f\",\"name\":\"Redacao VerdadeOn\",\"image\":{\"@type\":\"ImageObject\",\"inLanguage\":\"pt-BR\",\"@id\":\"https:\/\/verdadeon.com.br\/portal\/#\/schema\/person\/image\/\",\"url\":\"https:\/\/secure.gravatar.com\/avatar\/459a9613caaaf07f582c3d0841eea68bdd66f533e465e6ba8b9cb45619572cf4?s=96&d=mm&r=g\",\"contentUrl\":\"https:\/\/secure.gravatar.com\/avatar\/459a9613caaaf07f582c3d0841eea68bdd66f533e465e6ba8b9cb45619572cf4?s=96&d=mm&r=g\",\"caption\":\"Redacao VerdadeOn\"},\"url\":\"https:\/\/verdadeon.com.br\/portal\/author\/redacao\/\"}]}<\/script>\n<!-- \/ Yoast SEO plugin. -->","yoast_head_json":{"title":"ExpoEcomm 2024: Franca consolida posi\u00e7\u00e3o como refer\u00eancia em e-commerce - VerdadeOn","robots":{"index":"index","follow":"follow","max-snippet":"max-snippet:-1","max-image-preview":"max-image-preview:large","max-video-preview":"max-video-preview:-1"},"canonical":"https:\/\/verdadeon.com.br\/portal\/2024\/09\/12\/expoecomm-2024-franca-consolida-posicao-como-referencia-em-e-commerce\/","og_locale":"pt_BR","og_type":"article","og_title":"ExpoEcomm 2024: Franca consolida posi\u00e7\u00e3o como refer\u00eancia em e-commerce - VerdadeOn","og_description":"Estande do Sebrae-SP contou com a presen\u00e7a de oito MPEs expositoras; evento ocorreu na \u00faltima ter\u00e7a-feira, 10, no Villa Eventos Em sua terceira edi\u00e7\u00e3o realizada em [\u2026]","og_url":"https:\/\/verdadeon.com.br\/portal\/2024\/09\/12\/expoecomm-2024-franca-consolida-posicao-como-referencia-em-e-commerce\/","og_site_name":"VerdadeOn","article_published_time":"2024-09-12T17:34:29+00:00","og_image":[{"width":1075,"height":720,"url":"https:\/\/verdadeon.com.br\/portal\/wp-content\/uploads\/2024\/09\/AnyConv.com__Expoecomm-10.jpg","type":"image\/jpeg"}],"author":"Redacao VerdadeOn","twitter_card":"summary_large_image","twitter_misc":{"Escrito por":"Redacao VerdadeOn","Est. tempo de leitura":"4 minutos"},"schema":{"@context":"https:\/\/schema.org","@graph":[{"@type":"WebPage","@id":"https:\/\/verdadeon.com.br\/portal\/2024\/09\/12\/expoecomm-2024-franca-consolida-posicao-como-referencia-em-e-commerce\/","url":"https:\/\/verdadeon.com.br\/portal\/2024\/09\/12\/expoecomm-2024-franca-consolida-posicao-como-referencia-em-e-commerce\/","name":"ExpoEcomm 2024: Franca consolida posi\u00e7\u00e3o como refer\u00eancia em e-commerce - VerdadeOn","isPartOf":{"@id":"https:\/\/verdadeon.com.br\/portal\/#website"},"primaryImageOfPage":{"@id":"https:\/\/verdadeon.com.br\/portal\/2024\/09\/12\/expoecomm-2024-franca-consolida-posicao-como-referencia-em-e-commerce\/#primaryimage"},"image":{"@id":"https:\/\/verdadeon.com.br\/portal\/2024\/09\/12\/expoecomm-2024-franca-consolida-posicao-como-referencia-em-e-commerce\/#primaryimage"},"thumbnailUrl":"https:\/\/i0.wp.com\/verdadeon.com.br\/portal\/wp-content\/uploads\/2024\/09\/AnyConv.com__Expoecomm-10.jpg?fit=1075%2C720&ssl=1","datePublished":"2024-09-12T17:34:29+00:00","author":{"@id":"https:\/\/verdadeon.com.br\/portal\/#\/schema\/person\/a5060ad1e9ea3df545188fc93ce43d2f"},"breadcrumb":{"@id":"https:\/\/verdadeon.com.br\/portal\/2024\/09\/12\/expoecomm-2024-franca-consolida-posicao-como-referencia-em-e-commerce\/#breadcrumb"},"inLanguage":"pt-BR","potentialAction":[{"@type":"ReadAction","target":["https:\/\/verdadeon.com.br\/portal\/2024\/09\/12\/expoecomm-2024-franca-consolida-posicao-como-referencia-em-e-commerce\/"]}]},{"@type":"ImageObject","inLanguage":"pt-BR","@id":"https:\/\/verdadeon.com.br\/portal\/2024\/09\/12\/expoecomm-2024-franca-consolida-posicao-como-referencia-em-e-commerce\/#primaryimage","url":"https:\/\/i0.wp.com\/verdadeon.com.br\/portal\/wp-content\/uploads\/2024\/09\/AnyConv.com__Expoecomm-10.jpg?fit=1075%2C720&ssl=1","contentUrl":"https:\/\/i0.wp.com\/verdadeon.com.br\/portal\/wp-content\/uploads\/2024\/09\/AnyConv.com__Expoecomm-10.jpg?fit=1075%2C720&ssl=1","width":1075,"height":720,"caption":"A ExpoEcomm reuniu congressistas, expositores, convidados e palestrantes renomados em mais de sete horas de evento (\u00a9Divulga\u00e7\u00e3o)"},{"@type":"BreadcrumbList","@id":"https:\/\/verdadeon.com.br\/portal\/2024\/09\/12\/expoecomm-2024-franca-consolida-posicao-como-referencia-em-e-commerce\/#breadcrumb","itemListElement":[{"@type":"ListItem","position":1,"name":"In\u00edcio","item":"https:\/\/verdadeon.com.br\/portal\/"},{"@type":"ListItem","position":2,"name":"ExpoEcomm 2024: Franca consolida posi\u00e7\u00e3o como refer\u00eancia em e-commerce"}]},{"@type":"WebSite","@id":"https:\/\/verdadeon.com.br\/portal\/#website","url":"https:\/\/verdadeon.com.br\/portal\/","name":"VerdadeOn","description":"Not\u00edcias di\u00e1rias sobre Franca, Regi\u00e3o, Esporte, Cultura, Cotidiano, Colunas. Cobertura nos principais eventos da cidade \u00e9 aqui - Verdadeon Franca","potentialAction":[{"@type":"SearchAction","target":{"@type":"EntryPoint","urlTemplate":"https:\/\/verdadeon.com.br\/portal\/?s={search_term_string}"},"query-input":{"@type":"PropertyValueSpecification","valueRequired":true,"valueName":"search_term_string"}}],"inLanguage":"pt-BR"},{"@type":"Person","@id":"https:\/\/verdadeon.com.br\/portal\/#\/schema\/person\/a5060ad1e9ea3df545188fc93ce43d2f","name":"Redacao VerdadeOn","image":{"@type":"ImageObject","inLanguage":"pt-BR","@id":"https:\/\/verdadeon.com.br\/portal\/#\/schema\/person\/image\/","url":"https:\/\/secure.gravatar.com\/avatar\/459a9613caaaf07f582c3d0841eea68bdd66f533e465e6ba8b9cb45619572cf4?s=96&d=mm&r=g","contentUrl":"https:\/\/secure.gravatar.com\/avatar\/459a9613caaaf07f582c3d0841eea68bdd66f533e465e6ba8b9cb45619572cf4?s=96&d=mm&r=g","caption":"Redacao VerdadeOn"},"url":"https:\/\/verdadeon.com.br\/portal\/author\/redacao\/"}]}},"jetpack_publicize_connections":[],"jetpack_featured_media_url":"https:\/\/i0.wp.com\/verdadeon.com.br\/portal\/wp-content\/uploads\/2024\/09\/AnyConv.com__Expoecomm-10.jpg?fit=1075%2C720&ssl=1","jetpack_sharing_enabled":true,"_links":{"self":[{"href":"https:\/\/verdadeon.com.br\/portal\/wp-json\/wp\/v2\/posts\/49559","targetHints":{"allow":["GET"]}}],"collection":[{"href":"https:\/\/verdadeon.com.br\/portal\/wp-json\/wp\/v2\/posts"}],"about":[{"href":"https:\/\/verdadeon.com.br\/portal\/wp-json\/wp\/v2\/types\/post"}],"author":[{"embeddable":true,"href":"https:\/\/verdadeon.com.br\/portal\/wp-json\/wp\/v2\/users\/10"}],"replies":[{"embeddable":true,"href":"https:\/\/verdadeon.com.br\/portal\/wp-json\/wp\/v2\/comments?post=49559"}],"version-history":[{"count":1,"href":"https:\/\/verdadeon.com.br\/portal\/wp-json\/wp\/v2\/posts\/49559\/revisions"}],"predecessor-version":[{"id":49561,"href":"https:\/\/verdadeon.com.br\/portal\/wp-json\/wp\/v2\/posts\/49559\/revisions\/49561"}],"wp:featuredmedia":[{"embeddable":true,"href":"https:\/\/verdadeon.com.br\/portal\/wp-json\/wp\/v2\/media\/49560"}],"wp:attachment":[{"href":"https:\/\/verdadeon.com.br\/portal\/wp-json\/wp\/v2\/media?parent=49559"}],"wp:term":[{"taxonomy":"category","embeddable":true,"href":"https:\/\/verdadeon.com.br\/portal\/wp-json\/wp\/v2\/categories?post=49559"},{"taxonomy":"post_tag","embeddable":true,"href":"https:\/\/verdadeon.com.br\/portal\/wp-json\/wp\/v2\/tags?post=49559"}],"curies":[{"name":"wp","href":"https:\/\/api.w.org\/{rel}","templated":true}]}}