{"id":49526,"date":"2024-09-11T15:11:01","date_gmt":"2024-09-11T18:11:01","guid":{"rendered":"https:\/\/verdadeon.com.br\/portal\/?p=49526"},"modified":"2024-09-11T15:11:01","modified_gmt":"2024-09-11T18:11:01","slug":"cetesb-suspende-autorizacoes-de-queima-no-estado-de-sao-paulo","status":"publish","type":"post","link":"https:\/\/verdadeon.com.br\/portal\/2024\/09\/11\/cetesb-suspende-autorizacoes-de-queima-no-estado-de-sao-paulo\/","title":{"rendered":"Cetesb suspende autoriza\u00e7\u00f5es de queima no estado de S\u00e3o Paulo"},"content":{"rendered":"<h2 class=\"row\">Medida \u00e9 resultado do tempo seco e da alta ocorr\u00eancia de inc\u00eandios<\/h2>\n<p>A Companhia Ambiental do Estado de S\u00e3o Paulo (Cetesb) suspendeu, temporariamente, as autoriza\u00e7\u00f5es de queima no estado. Somente poder\u00e3o ser emitidas autoriza\u00e7\u00f5es para queima prescrita que tenha por objetivo prevenir inc\u00eandios &#8211; cria\u00e7\u00e3o de aceiros negros &#8211; ou mediante solicita\u00e7\u00e3o direta da Secretaria da Agricultura e Abastecimento com finalidade fitossanit\u00e1ria. A medida \u00e9 resultado do cen\u00e1rio de tempo seco, alta ocorr\u00eancia de inc\u00eandios e baixa qualidade do ar que favorecem o aumento de doen\u00e7as respirat\u00f3rias e cardiovasculares.<img data-recalc-dims=\"1\" decoding=\"async\" src=\"https:\/\/i0.wp.com\/agenciabrasil.ebc.com.br\/ebc.png?w=1220&#038;ssl=1\" \/><img data-recalc-dims=\"1\" decoding=\"async\" src=\"https:\/\/i0.wp.com\/agenciabrasil.ebc.com.br\/ebc.gif?w=1220&#038;ssl=1\" \/><\/p>\n<p>De acordo com a Defesa Civil, a baixa qualidade do ar ocasionada pelas queimadas se agrava pela atua\u00e7\u00e3o de uma massa de ar quente, seco e est\u00e1vel, aliada \u00e0 aus\u00eancia de chuvas, o que dificulta a dispers\u00e3o dos poluentes. O Mapa de Risco de Inc\u00eandio do \u00f3rg\u00e3o indica n\u00edvel de emerg\u00eancia para queimadas em quase todo o territ\u00f3rio paulista at\u00e9 o pr\u00f3ximo s\u00e1bado (14).<\/p>\n<p>Segundo as informa\u00e7\u00f5es do governo estadual, 41 das 57 esta\u00e7\u00f5es medidoras do estado apontam nesta ter\u00e7a-feira (10) a qualidade do ar como ruim ou muito ruim, que pode provocar na popula\u00e7\u00e3o sintomas como tosse seca, cansa\u00e7o, ardor nos olhos, nariz e garganta, com falta de ar e respira\u00e7\u00e3o ofegante em casos mais graves. Os efeitos mais s\u00e9rios podem aparecer em crian\u00e7as, idosos e pessoas com doen\u00e7as respirat\u00f3rias e card\u00edacas.<\/p>\n<p>Na capital paulista, o c\u00e9u tem poucas nuvens, calor e n\u00e9voa seca. De acordo com as esta\u00e7\u00f5es meteorol\u00f3gicas autom\u00e1ticas do Centro de Gerenciamento de Emerg\u00eancias (CGE) da prefeitura da cidade, os term\u00f4metros apontam 33\u00b0C em Itaquera, na zona leste, e 31\u00b0C em Parelheiros, no extremo da zona sul. A umidade relativa do ar nesses locais \u00e9 de 20% e 28%, respectivamente. A Coordenadoria Municipal de Defesa Civil (Comdec) decretou, \u00e0s 11h45, estado de aten\u00e7\u00e3o devido \u00e0 baixa umidade do ar em toda cidade.<\/p>\n<p><strong>Tend\u00eancia<\/strong><\/p>\n<p>Segundo os meteorologistas do CGE, a massa de ar seco vai persistir at\u00e9 o pr\u00f3ximo s\u00e1bado (14), provocando dias com temperaturas acima da m\u00e9dia e baixa umidade do ar em grande parte do dia, o que aumenta o risco de queimadas e inc\u00eandios nas \u00e1reas vegetadas, e n\u00e3o favorece a dispers\u00e3o dos poluentes, o que contribui para a p\u00e9ssima qualidade do ar.<\/p>\n<p>A quarta-feira (11) ser\u00e1 mais um dia com predom\u00ednio de sol e tempo seco. Os term\u00f4metros oscilam entre 18\u00b0C ao amanhecer e 34\u00b0C no meio da tarde. Na quinta-feira (12), o cen\u00e1rio atmosf\u00e9rico n\u00e3o muda, mantendo o sol forte, n\u00e9voa seca e baixa umidade do ar, com temperatura m\u00ednima de 19\u00b0C e m\u00e1xima de 34\u00b0C.<\/p>\n<p>Fonte: Ag\u00eancia Brasil<\/p>\n","protected":false},"excerpt":{"rendered":"<p>Medida \u00e9 resultado do tempo seco e da alta ocorr\u00eancia de inc\u00eandios A Companhia Ambiental do Estado de S\u00e3o Paulo (Cetesb) suspendeu, temporariamente, as autoriza\u00e7\u00f5es de<span class=\"excerpt-hellip\"> [\u2026]<\/span><\/p>\n","protected":false},"author":10,"featured_media":49527,"comment_status":"open","ping_status":"open","sticky":false,"template":"","format":"standard","meta":{"_jetpack_memberships_contains_paid_content":false,"footnotes":"","jetpack_publicize_message":"","jetpack_publicize_feature_enabled":true,"jetpack_social_post_already_shared":true,"jetpack_social_options":{"image_generator_settings":{"template":"highway","default_image_id":0,"enabled":false},"version":2}},"categories":[28,44],"tags":[],"class_list":["post-49526","post","type-post","status-publish","format-standard","has-post-thumbnail","hentry","category-cotidiano","category-noticias"],"yoast_head":"<!-- This site is optimized with the Yoast SEO plugin v25.6 - https:\/\/yoast.com\/wordpress\/plugins\/seo\/ -->\n<title>Cetesb suspende autoriza\u00e7\u00f5es de queima no estado de S\u00e3o Paulo - VerdadeOn<\/title>\n<meta name=\"robots\" content=\"index, follow, max-snippet:-1, max-image-preview:large, max-video-preview:-1\" \/>\n<link rel=\"canonical\" href=\"https:\/\/verdadeon.com.br\/portal\/2024\/09\/11\/cetesb-suspende-autorizacoes-de-queima-no-estado-de-sao-paulo\/\" \/>\n<meta property=\"og:locale\" content=\"pt_BR\" \/>\n<meta property=\"og:type\" content=\"article\" \/>\n<meta property=\"og:title\" content=\"Cetesb suspende autoriza\u00e7\u00f5es de queima no estado de S\u00e3o Paulo - VerdadeOn\" \/>\n<meta property=\"og:description\" content=\"Medida \u00e9 resultado do tempo seco e da alta ocorr\u00eancia de inc\u00eandios A Companhia Ambiental do Estado de S\u00e3o Paulo (Cetesb) suspendeu, temporariamente, as autoriza\u00e7\u00f5es de [\u2026]\" \/>\n<meta property=\"og:url\" content=\"https:\/\/verdadeon.com.br\/portal\/2024\/09\/11\/cetesb-suspende-autorizacoes-de-queima-no-estado-de-sao-paulo\/\" \/>\n<meta property=\"og:site_name\" content=\"VerdadeOn\" \/>\n<meta property=\"article:published_time\" content=\"2024-09-11T18:11:01+00:00\" \/>\n<meta property=\"og:image\" content=\"https:\/\/verdadeon.com.br\/portal\/wp-content\/uploads\/2024\/09\/AnyConv.com___pin6382.jpeg\" \/>\n\t<meta property=\"og:image:width\" content=\"1044\" \/>\n\t<meta property=\"og:image:height\" content=\"700\" \/>\n\t<meta property=\"og:image:type\" content=\"image\/jpeg\" \/>\n<meta name=\"author\" content=\"Redacao VerdadeOn\" \/>\n<meta name=\"twitter:card\" content=\"summary_large_image\" \/>\n<meta name=\"twitter:label1\" content=\"Escrito por\" \/>\n\t<meta name=\"twitter:data1\" content=\"Redacao VerdadeOn\" \/>\n\t<meta name=\"twitter:label2\" content=\"Est. tempo de leitura\" \/>\n\t<meta name=\"twitter:data2\" content=\"2 minutos\" \/>\n<script type=\"application\/ld+json\" class=\"yoast-schema-graph\">{\"@context\":\"https:\/\/schema.org\",\"@graph\":[{\"@type\":\"WebPage\",\"@id\":\"https:\/\/verdadeon.com.br\/portal\/2024\/09\/11\/cetesb-suspende-autorizacoes-de-queima-no-estado-de-sao-paulo\/\",\"url\":\"https:\/\/verdadeon.com.br\/portal\/2024\/09\/11\/cetesb-suspende-autorizacoes-de-queima-no-estado-de-sao-paulo\/\",\"name\":\"Cetesb suspende autoriza\u00e7\u00f5es de queima no estado de S\u00e3o Paulo - VerdadeOn\",\"isPartOf\":{\"@id\":\"https:\/\/verdadeon.com.br\/portal\/#website\"},\"primaryImageOfPage\":{\"@id\":\"https:\/\/verdadeon.com.br\/portal\/2024\/09\/11\/cetesb-suspende-autorizacoes-de-queima-no-estado-de-sao-paulo\/#primaryimage\"},\"image\":{\"@id\":\"https:\/\/verdadeon.com.br\/portal\/2024\/09\/11\/cetesb-suspende-autorizacoes-de-queima-no-estado-de-sao-paulo\/#primaryimage\"},\"thumbnailUrl\":\"https:\/\/i0.wp.com\/verdadeon.com.br\/portal\/wp-content\/uploads\/2024\/09\/AnyConv.com___pin6382.jpeg?fit=1044%2C700&ssl=1\",\"datePublished\":\"2024-09-11T18:11:01+00:00\",\"author\":{\"@id\":\"https:\/\/verdadeon.com.br\/portal\/#\/schema\/person\/a5060ad1e9ea3df545188fc93ce43d2f\"},\"breadcrumb\":{\"@id\":\"https:\/\/verdadeon.com.br\/portal\/2024\/09\/11\/cetesb-suspende-autorizacoes-de-queima-no-estado-de-sao-paulo\/#breadcrumb\"},\"inLanguage\":\"pt-BR\",\"potentialAction\":[{\"@type\":\"ReadAction\",\"target\":[\"https:\/\/verdadeon.com.br\/portal\/2024\/09\/11\/cetesb-suspende-autorizacoes-de-queima-no-estado-de-sao-paulo\/\"]}]},{\"@type\":\"ImageObject\",\"inLanguage\":\"pt-BR\",\"@id\":\"https:\/\/verdadeon.com.br\/portal\/2024\/09\/11\/cetesb-suspende-autorizacoes-de-queima-no-estado-de-sao-paulo\/#primaryimage\",\"url\":\"https:\/\/i0.wp.com\/verdadeon.com.br\/portal\/wp-content\/uploads\/2024\/09\/AnyConv.com___pin6382.jpeg?fit=1044%2C700&ssl=1\",\"contentUrl\":\"https:\/\/i0.wp.com\/verdadeon.com.br\/portal\/wp-content\/uploads\/2024\/09\/AnyConv.com___pin6382.jpeg?fit=1044%2C700&ssl=1\",\"width\":1044,\"height\":700,\"caption\":\"Avi\u00f5es da Defesa Civil est\u00e3o divididos entre os munic\u00edpios de Bananal, Mococa, Tapiratiba, Itirapu\u00e3 e Castilho (\u00a9Paulo Pinto\/Ag\u00eancia Brasil)\"},{\"@type\":\"BreadcrumbList\",\"@id\":\"https:\/\/verdadeon.com.br\/portal\/2024\/09\/11\/cetesb-suspende-autorizacoes-de-queima-no-estado-de-sao-paulo\/#breadcrumb\",\"itemListElement\":[{\"@type\":\"ListItem\",\"position\":1,\"name\":\"In\u00edcio\",\"item\":\"https:\/\/verdadeon.com.br\/portal\/\"},{\"@type\":\"ListItem\",\"position\":2,\"name\":\"Cetesb suspende autoriza\u00e7\u00f5es de queima no estado de S\u00e3o Paulo\"}]},{\"@type\":\"WebSite\",\"@id\":\"https:\/\/verdadeon.com.br\/portal\/#website\",\"url\":\"https:\/\/verdadeon.com.br\/portal\/\",\"name\":\"VerdadeOn\",\"description\":\"Not\u00edcias di\u00e1rias sobre Franca, Regi\u00e3o, Esporte, Cultura, Cotidiano, Colunas. Cobertura nos principais eventos da cidade \u00e9 aqui - Verdadeon Franca\",\"potentialAction\":[{\"@type\":\"SearchAction\",\"target\":{\"@type\":\"EntryPoint\",\"urlTemplate\":\"https:\/\/verdadeon.com.br\/portal\/?s={search_term_string}\"},\"query-input\":{\"@type\":\"PropertyValueSpecification\",\"valueRequired\":true,\"valueName\":\"search_term_string\"}}],\"inLanguage\":\"pt-BR\"},{\"@type\":\"Person\",\"@id\":\"https:\/\/verdadeon.com.br\/portal\/#\/schema\/person\/a5060ad1e9ea3df545188fc93ce43d2f\",\"name\":\"Redacao VerdadeOn\",\"image\":{\"@type\":\"ImageObject\",\"inLanguage\":\"pt-BR\",\"@id\":\"https:\/\/verdadeon.com.br\/portal\/#\/schema\/person\/image\/\",\"url\":\"https:\/\/secure.gravatar.com\/avatar\/459a9613caaaf07f582c3d0841eea68bdd66f533e465e6ba8b9cb45619572cf4?s=96&d=mm&r=g\",\"contentUrl\":\"https:\/\/secure.gravatar.com\/avatar\/459a9613caaaf07f582c3d0841eea68bdd66f533e465e6ba8b9cb45619572cf4?s=96&d=mm&r=g\",\"caption\":\"Redacao VerdadeOn\"},\"url\":\"https:\/\/verdadeon.com.br\/portal\/author\/redacao\/\"}]}<\/script>\n<!-- \/ Yoast SEO plugin. -->","yoast_head_json":{"title":"Cetesb suspende autoriza\u00e7\u00f5es de queima no estado de S\u00e3o Paulo - VerdadeOn","robots":{"index":"index","follow":"follow","max-snippet":"max-snippet:-1","max-image-preview":"max-image-preview:large","max-video-preview":"max-video-preview:-1"},"canonical":"https:\/\/verdadeon.com.br\/portal\/2024\/09\/11\/cetesb-suspende-autorizacoes-de-queima-no-estado-de-sao-paulo\/","og_locale":"pt_BR","og_type":"article","og_title":"Cetesb suspende autoriza\u00e7\u00f5es de queima no estado de S\u00e3o Paulo - VerdadeOn","og_description":"Medida \u00e9 resultado do tempo seco e da alta ocorr\u00eancia de inc\u00eandios A Companhia Ambiental do Estado de S\u00e3o Paulo (Cetesb) suspendeu, temporariamente, as autoriza\u00e7\u00f5es de [\u2026]","og_url":"https:\/\/verdadeon.com.br\/portal\/2024\/09\/11\/cetesb-suspende-autorizacoes-de-queima-no-estado-de-sao-paulo\/","og_site_name":"VerdadeOn","article_published_time":"2024-09-11T18:11:01+00:00","og_image":[{"width":1044,"height":700,"url":"https:\/\/verdadeon.com.br\/portal\/wp-content\/uploads\/2024\/09\/AnyConv.com___pin6382.jpeg","type":"image\/jpeg"}],"author":"Redacao VerdadeOn","twitter_card":"summary_large_image","twitter_misc":{"Escrito por":"Redacao VerdadeOn","Est. tempo de leitura":"2 minutos"},"schema":{"@context":"https:\/\/schema.org","@graph":[{"@type":"WebPage","@id":"https:\/\/verdadeon.com.br\/portal\/2024\/09\/11\/cetesb-suspende-autorizacoes-de-queima-no-estado-de-sao-paulo\/","url":"https:\/\/verdadeon.com.br\/portal\/2024\/09\/11\/cetesb-suspende-autorizacoes-de-queima-no-estado-de-sao-paulo\/","name":"Cetesb suspende autoriza\u00e7\u00f5es de queima no estado de S\u00e3o Paulo - VerdadeOn","isPartOf":{"@id":"https:\/\/verdadeon.com.br\/portal\/#website"},"primaryImageOfPage":{"@id":"https:\/\/verdadeon.com.br\/portal\/2024\/09\/11\/cetesb-suspende-autorizacoes-de-queima-no-estado-de-sao-paulo\/#primaryimage"},"image":{"@id":"https:\/\/verdadeon.com.br\/portal\/2024\/09\/11\/cetesb-suspende-autorizacoes-de-queima-no-estado-de-sao-paulo\/#primaryimage"},"thumbnailUrl":"https:\/\/i0.wp.com\/verdadeon.com.br\/portal\/wp-content\/uploads\/2024\/09\/AnyConv.com___pin6382.jpeg?fit=1044%2C700&ssl=1","datePublished":"2024-09-11T18:11:01+00:00","author":{"@id":"https:\/\/verdadeon.com.br\/portal\/#\/schema\/person\/a5060ad1e9ea3df545188fc93ce43d2f"},"breadcrumb":{"@id":"https:\/\/verdadeon.com.br\/portal\/2024\/09\/11\/cetesb-suspende-autorizacoes-de-queima-no-estado-de-sao-paulo\/#breadcrumb"},"inLanguage":"pt-BR","potentialAction":[{"@type":"ReadAction","target":["https:\/\/verdadeon.com.br\/portal\/2024\/09\/11\/cetesb-suspende-autorizacoes-de-queima-no-estado-de-sao-paulo\/"]}]},{"@type":"ImageObject","inLanguage":"pt-BR","@id":"https:\/\/verdadeon.com.br\/portal\/2024\/09\/11\/cetesb-suspende-autorizacoes-de-queima-no-estado-de-sao-paulo\/#primaryimage","url":"https:\/\/i0.wp.com\/verdadeon.com.br\/portal\/wp-content\/uploads\/2024\/09\/AnyConv.com___pin6382.jpeg?fit=1044%2C700&ssl=1","contentUrl":"https:\/\/i0.wp.com\/verdadeon.com.br\/portal\/wp-content\/uploads\/2024\/09\/AnyConv.com___pin6382.jpeg?fit=1044%2C700&ssl=1","width":1044,"height":700,"caption":"Avi\u00f5es da Defesa Civil est\u00e3o divididos entre os munic\u00edpios de Bananal, Mococa, Tapiratiba, Itirapu\u00e3 e Castilho (\u00a9Paulo Pinto\/Ag\u00eancia Brasil)"},{"@type":"BreadcrumbList","@id":"https:\/\/verdadeon.com.br\/portal\/2024\/09\/11\/cetesb-suspende-autorizacoes-de-queima-no-estado-de-sao-paulo\/#breadcrumb","itemListElement":[{"@type":"ListItem","position":1,"name":"In\u00edcio","item":"https:\/\/verdadeon.com.br\/portal\/"},{"@type":"ListItem","position":2,"name":"Cetesb suspende autoriza\u00e7\u00f5es de queima no estado de S\u00e3o Paulo"}]},{"@type":"WebSite","@id":"https:\/\/verdadeon.com.br\/portal\/#website","url":"https:\/\/verdadeon.com.br\/portal\/","name":"VerdadeOn","description":"Not\u00edcias di\u00e1rias sobre Franca, Regi\u00e3o, Esporte, Cultura, Cotidiano, Colunas. Cobertura nos principais eventos da cidade \u00e9 aqui - Verdadeon Franca","potentialAction":[{"@type":"SearchAction","target":{"@type":"EntryPoint","urlTemplate":"https:\/\/verdadeon.com.br\/portal\/?s={search_term_string}"},"query-input":{"@type":"PropertyValueSpecification","valueRequired":true,"valueName":"search_term_string"}}],"inLanguage":"pt-BR"},{"@type":"Person","@id":"https:\/\/verdadeon.com.br\/portal\/#\/schema\/person\/a5060ad1e9ea3df545188fc93ce43d2f","name":"Redacao VerdadeOn","image":{"@type":"ImageObject","inLanguage":"pt-BR","@id":"https:\/\/verdadeon.com.br\/portal\/#\/schema\/person\/image\/","url":"https:\/\/secure.gravatar.com\/avatar\/459a9613caaaf07f582c3d0841eea68bdd66f533e465e6ba8b9cb45619572cf4?s=96&d=mm&r=g","contentUrl":"https:\/\/secure.gravatar.com\/avatar\/459a9613caaaf07f582c3d0841eea68bdd66f533e465e6ba8b9cb45619572cf4?s=96&d=mm&r=g","caption":"Redacao VerdadeOn"},"url":"https:\/\/verdadeon.com.br\/portal\/author\/redacao\/"}]}},"jetpack_publicize_connections":[],"jetpack_featured_media_url":"https:\/\/i0.wp.com\/verdadeon.com.br\/portal\/wp-content\/uploads\/2024\/09\/AnyConv.com___pin6382.jpeg?fit=1044%2C700&ssl=1","jetpack_sharing_enabled":true,"_links":{"self":[{"href":"https:\/\/verdadeon.com.br\/portal\/wp-json\/wp\/v2\/posts\/49526","targetHints":{"allow":["GET"]}}],"collection":[{"href":"https:\/\/verdadeon.com.br\/portal\/wp-json\/wp\/v2\/posts"}],"about":[{"href":"https:\/\/verdadeon.com.br\/portal\/wp-json\/wp\/v2\/types\/post"}],"author":[{"embeddable":true,"href":"https:\/\/verdadeon.com.br\/portal\/wp-json\/wp\/v2\/users\/10"}],"replies":[{"embeddable":true,"href":"https:\/\/verdadeon.com.br\/portal\/wp-json\/wp\/v2\/comments?post=49526"}],"version-history":[{"count":1,"href":"https:\/\/verdadeon.com.br\/portal\/wp-json\/wp\/v2\/posts\/49526\/revisions"}],"predecessor-version":[{"id":49528,"href":"https:\/\/verdadeon.com.br\/portal\/wp-json\/wp\/v2\/posts\/49526\/revisions\/49528"}],"wp:featuredmedia":[{"embeddable":true,"href":"https:\/\/verdadeon.com.br\/portal\/wp-json\/wp\/v2\/media\/49527"}],"wp:attachment":[{"href":"https:\/\/verdadeon.com.br\/portal\/wp-json\/wp\/v2\/media?parent=49526"}],"wp:term":[{"taxonomy":"category","embeddable":true,"href":"https:\/\/verdadeon.com.br\/portal\/wp-json\/wp\/v2\/categories?post=49526"},{"taxonomy":"post_tag","embeddable":true,"href":"https:\/\/verdadeon.com.br\/portal\/wp-json\/wp\/v2\/tags?post=49526"}],"curies":[{"name":"wp","href":"https:\/\/api.w.org\/{rel}","templated":true}]}}