{"id":4949,"date":"2020-03-13T08:01:40","date_gmt":"2020-03-13T11:01:40","guid":{"rendered":"http:\/\/verdadeon.com.br\/portal\/?p=4949"},"modified":"2020-03-12T23:01:47","modified_gmt":"2020-03-13T02:01:47","slug":"sesi-franca-joga-classico-contra-bauru-no-poli","status":"publish","type":"post","link":"https:\/\/verdadeon.com.br\/portal\/2020\/03\/13\/sesi-franca-joga-classico-contra-bauru-no-poli\/","title":{"rendered":"Sesi Franca joga cl\u00e1ssico contra Bauru no P\u00f3li"},"content":{"rendered":"<h2>Equipe busca encostar no l\u00edder Flamengo, enquanto rival quer chegar aos oito melhores<\/h2>\n<p>&nbsp;<\/p>\n<p>Reportagem Gustavo Rodrigues<\/p>\n<p>Rivalidade, tradi\u00e7\u00e3o, torcidas apaixonadas e camisas pesadas: esses s\u00e3o alguns dos fatores que transformam o confronto entre Sesi Franca Basquete e Bauru sempre especiais. Mesmo com campanhas diferentes nesta temporada, o simples fato de colocar frente a frente duas das maiores equipes do Pa\u00eds e que proporcionam bons duelos a cada encontro j\u00e1 deixam os f\u00e3s de basquete com a expectativa nas alturas.<br \/>\nNa noite desta sexta-feira (13), o gin\u00e1sio Pedroc\u00e3o deve receber bom p\u00fablico para o confronto que come\u00e7ar\u00e1 \u00e0s 21h10. Os objetivos s\u00e3o diferentes na tabela de classifica\u00e7\u00e3o. Enquanto o Sesi luta pela primeira posi\u00e7\u00e3o com o Flamengo, o rival tenta a reabilita\u00e7\u00e3o no torneio nacional e ainda sonha com uma vaga entre os oito melhores que disputar\u00e3o os playoffs ao fim da temporada regular.<br \/>\nFranca tem at\u00e9 o momento tem campanha de 19 vit\u00f3rias e cinco derrotas. O meng\u00e3o venceu 21 e perdeu em apenas tr\u00eas oportunidades. J\u00e1 Bauru soma onze vit\u00f3rias e treze resultados negativos. O primeiro que est\u00e1 no grupo que se classificaria \u00e0 fase mata mata \u00e9 o Unifacisa, com campanha de 13-13.<br \/>\n&#8220;O jogo entra Bauru \u00e9 um cl\u00e1ssico do basquete brasileiro. A partir de agora todas as partidas passam a ter uma conota\u00e7\u00e3o decisiva, j\u00e1 que algumas equipes est\u00e3o brigando um pouco mais pela ponta da tabela e outras querendo uma melhor coloca\u00e7\u00e3o para chegarem nos playoffs. Acima de tudo para tamb\u00e9m chegarem forte fisicamente, taticamente e mentalmente&#8221;, afirmou o treinador Helinho Garcia.<br \/>\nO comandante tamb\u00e9m falou sobre o advers\u00e1rio e a expectativa para o confronto. &#8220;Os duelos devem ser muito equilibrados e toda a aten\u00e7\u00e3o \u00e9 necess\u00e1ria para que a gente possa fazer o melhor jogo poss\u00edvel tamb\u00e9m contra Bauru e conquistar mais uma vit\u00f3ria na competi\u00e7\u00e3o&#8221;, completou.<br \/>\nHelinho ter\u00e1 quase todo o elenco \u00e0 disposi\u00e7\u00e3o, com exce\u00e7\u00e3o do ala Gui Abreu que se lesionou na \u00faltima semana e est\u00e1 fora de parte da temporada.<br \/>\nFranca vem de sequ\u00eancia com seis vit\u00f3rias seguidas. Nesse per\u00edodo, a equipe conseguiu conscist\u00eancia e segue firma na luta pelas primeiras coloca\u00e7\u00f5es. Os interessados em acompanhar a partida t\u00eam duas op\u00e7\u00f5es para adquirir os ingressos.<br \/>\nS\u00e3o elas: a loja oficial do clube, no Shopping do Cal\u00e7ado e no site www.francabasquete.com.br. Os valores s\u00e3o de R$ 20 as arquibancadas e R$ 40 as cadeiras.<\/p>\n","protected":false},"excerpt":{"rendered":"<p>Equipe busca encostar no l\u00edder Flamengo, enquanto rival quer chegar aos oito melhores &nbsp; Reportagem Gustavo Rodrigues Rivalidade, tradi\u00e7\u00e3o, torcidas apaixonadas e camisas pesadas: esses s\u00e3o<span class=\"excerpt-hellip\"> [\u2026]<\/span><\/p>\n","protected":false},"author":10,"featured_media":4954,"comment_status":"open","ping_status":"open","sticky":false,"template":"","format":"standard","meta":{"_jetpack_memberships_contains_paid_content":false,"footnotes":"","jetpack_publicize_message":"","jetpack_publicize_feature_enabled":true,"jetpack_social_post_already_shared":false,"jetpack_social_options":{"image_generator_settings":{"template":"highway","default_image_id":0,"enabled":false},"version":2}},"categories":[29,44],"tags":[],"class_list":["post-4949","post","type-post","status-publish","format-standard","has-post-thumbnail","hentry","category-esportes","category-noticias"],"yoast_head":"<!-- This site is optimized with the Yoast SEO plugin v25.6 - https:\/\/yoast.com\/wordpress\/plugins\/seo\/ -->\n<title>Sesi Franca joga cl\u00e1ssico contra Bauru no P\u00f3li - VerdadeOn<\/title>\n<meta name=\"robots\" content=\"index, follow, max-snippet:-1, max-image-preview:large, max-video-preview:-1\" \/>\n<link rel=\"canonical\" href=\"https:\/\/verdadeon.com.br\/portal\/2020\/03\/13\/sesi-franca-joga-classico-contra-bauru-no-poli\/\" \/>\n<meta property=\"og:locale\" content=\"pt_BR\" \/>\n<meta property=\"og:type\" content=\"article\" \/>\n<meta property=\"og:title\" content=\"Sesi Franca joga cl\u00e1ssico contra Bauru no P\u00f3li - VerdadeOn\" \/>\n<meta property=\"og:description\" content=\"Equipe busca encostar no l\u00edder Flamengo, enquanto rival quer chegar aos oito melhores &nbsp; Reportagem Gustavo Rodrigues Rivalidade, tradi\u00e7\u00e3o, torcidas apaixonadas e camisas pesadas: esses s\u00e3o [\u2026]\" \/>\n<meta property=\"og:url\" content=\"https:\/\/verdadeon.com.br\/portal\/2020\/03\/13\/sesi-franca-joga-classico-contra-bauru-no-poli\/\" \/>\n<meta property=\"og:site_name\" content=\"VerdadeOn\" \/>\n<meta property=\"article:published_time\" content=\"2020-03-13T11:01:40+00:00\" \/>\n<meta property=\"og:image\" content=\"https:\/\/verdadeon.com.br\/portal\/wp-content\/uploads\/2020\/03\/374681_927536_whatsapp_image_2019_12_27_at_22.21.11__2_.jpg\" \/>\n\t<meta property=\"og:image:width\" content=\"1000\" \/>\n\t<meta property=\"og:image:height\" content=\"667\" \/>\n\t<meta property=\"og:image:type\" content=\"image\/jpeg\" \/>\n<meta name=\"author\" content=\"Redacao VerdadeOn\" \/>\n<meta name=\"twitter:card\" content=\"summary_large_image\" \/>\n<meta name=\"twitter:label1\" content=\"Escrito por\" \/>\n\t<meta name=\"twitter:data1\" content=\"Redacao VerdadeOn\" \/>\n\t<meta name=\"twitter:label2\" content=\"Est. tempo de leitura\" \/>\n\t<meta name=\"twitter:data2\" content=\"2 minutos\" \/>\n<script type=\"application\/ld+json\" class=\"yoast-schema-graph\">{\"@context\":\"https:\/\/schema.org\",\"@graph\":[{\"@type\":\"WebPage\",\"@id\":\"https:\/\/verdadeon.com.br\/portal\/2020\/03\/13\/sesi-franca-joga-classico-contra-bauru-no-poli\/\",\"url\":\"https:\/\/verdadeon.com.br\/portal\/2020\/03\/13\/sesi-franca-joga-classico-contra-bauru-no-poli\/\",\"name\":\"Sesi Franca joga cl\u00e1ssico contra Bauru no P\u00f3li - VerdadeOn\",\"isPartOf\":{\"@id\":\"https:\/\/verdadeon.com.br\/portal\/#website\"},\"primaryImageOfPage\":{\"@id\":\"https:\/\/verdadeon.com.br\/portal\/2020\/03\/13\/sesi-franca-joga-classico-contra-bauru-no-poli\/#primaryimage\"},\"image\":{\"@id\":\"https:\/\/verdadeon.com.br\/portal\/2020\/03\/13\/sesi-franca-joga-classico-contra-bauru-no-poli\/#primaryimage\"},\"thumbnailUrl\":\"https:\/\/i0.wp.com\/verdadeon.com.br\/portal\/wp-content\/uploads\/2020\/03\/374681_927536_whatsapp_image_2019_12_27_at_22.21.11__2_.jpg?fit=1000%2C667&ssl=1\",\"datePublished\":\"2020-03-13T11:01:40+00:00\",\"author\":{\"@id\":\"https:\/\/verdadeon.com.br\/portal\/#\/schema\/person\/a5060ad1e9ea3df545188fc93ce43d2f\"},\"breadcrumb\":{\"@id\":\"https:\/\/verdadeon.com.br\/portal\/2020\/03\/13\/sesi-franca-joga-classico-contra-bauru-no-poli\/#breadcrumb\"},\"inLanguage\":\"pt-BR\",\"potentialAction\":[{\"@type\":\"ReadAction\",\"target\":[\"https:\/\/verdadeon.com.br\/portal\/2020\/03\/13\/sesi-franca-joga-classico-contra-bauru-no-poli\/\"]}]},{\"@type\":\"ImageObject\",\"inLanguage\":\"pt-BR\",\"@id\":\"https:\/\/verdadeon.com.br\/portal\/2020\/03\/13\/sesi-franca-joga-classico-contra-bauru-no-poli\/#primaryimage\",\"url\":\"https:\/\/i0.wp.com\/verdadeon.com.br\/portal\/wp-content\/uploads\/2020\/03\/374681_927536_whatsapp_image_2019_12_27_at_22.21.11__2_.jpg?fit=1000%2C667&ssl=1\",\"contentUrl\":\"https:\/\/i0.wp.com\/verdadeon.com.br\/portal\/wp-content\/uploads\/2020\/03\/374681_927536_whatsapp_image_2019_12_27_at_22.21.11__2_.jpg?fit=1000%2C667&ssl=1\",\"width\":1000,\"height\":667,\"caption\":\"noite de cl\u00e1ssico - Sesi Franca Basquete e Bauru se enfrentam na noite desta sexta-feira (13) no Pedroc\u00e3o. Equipe de Helinho Garcia treinou nesta semana em busca de melhores condi\u00e7\u00f5es para a disputa do cl\u00e1ssico. Objetivo \u00e9 encostar o l\u00edder do NBB | Victor Lira\/Bauru Basket\/Divulga\u00e7\u00e3o\"},{\"@type\":\"BreadcrumbList\",\"@id\":\"https:\/\/verdadeon.com.br\/portal\/2020\/03\/13\/sesi-franca-joga-classico-contra-bauru-no-poli\/#breadcrumb\",\"itemListElement\":[{\"@type\":\"ListItem\",\"position\":1,\"name\":\"In\u00edcio\",\"item\":\"https:\/\/verdadeon.com.br\/portal\/\"},{\"@type\":\"ListItem\",\"position\":2,\"name\":\"Sesi Franca joga cl\u00e1ssico contra Bauru no P\u00f3li\"}]},{\"@type\":\"WebSite\",\"@id\":\"https:\/\/verdadeon.com.br\/portal\/#website\",\"url\":\"https:\/\/verdadeon.com.br\/portal\/\",\"name\":\"VerdadeOn\",\"description\":\"Not\u00edcias di\u00e1rias sobre Franca, Regi\u00e3o, Esporte, Cultura, Cotidiano, Colunas. Cobertura nos principais eventos da cidade \u00e9 aqui - Verdadeon Franca\",\"potentialAction\":[{\"@type\":\"SearchAction\",\"target\":{\"@type\":\"EntryPoint\",\"urlTemplate\":\"https:\/\/verdadeon.com.br\/portal\/?s={search_term_string}\"},\"query-input\":{\"@type\":\"PropertyValueSpecification\",\"valueRequired\":true,\"valueName\":\"search_term_string\"}}],\"inLanguage\":\"pt-BR\"},{\"@type\":\"Person\",\"@id\":\"https:\/\/verdadeon.com.br\/portal\/#\/schema\/person\/a5060ad1e9ea3df545188fc93ce43d2f\",\"name\":\"Redacao VerdadeOn\",\"image\":{\"@type\":\"ImageObject\",\"inLanguage\":\"pt-BR\",\"@id\":\"https:\/\/verdadeon.com.br\/portal\/#\/schema\/person\/image\/\",\"url\":\"https:\/\/secure.gravatar.com\/avatar\/459a9613caaaf07f582c3d0841eea68bdd66f533e465e6ba8b9cb45619572cf4?s=96&d=mm&r=g\",\"contentUrl\":\"https:\/\/secure.gravatar.com\/avatar\/459a9613caaaf07f582c3d0841eea68bdd66f533e465e6ba8b9cb45619572cf4?s=96&d=mm&r=g\",\"caption\":\"Redacao VerdadeOn\"},\"url\":\"https:\/\/verdadeon.com.br\/portal\/author\/redacao\/\"}]}<\/script>\n<!-- \/ Yoast SEO plugin. -->","yoast_head_json":{"title":"Sesi Franca joga cl\u00e1ssico contra Bauru no P\u00f3li - VerdadeOn","robots":{"index":"index","follow":"follow","max-snippet":"max-snippet:-1","max-image-preview":"max-image-preview:large","max-video-preview":"max-video-preview:-1"},"canonical":"https:\/\/verdadeon.com.br\/portal\/2020\/03\/13\/sesi-franca-joga-classico-contra-bauru-no-poli\/","og_locale":"pt_BR","og_type":"article","og_title":"Sesi Franca joga cl\u00e1ssico contra Bauru no P\u00f3li - VerdadeOn","og_description":"Equipe busca encostar no l\u00edder Flamengo, enquanto rival quer chegar aos oito melhores &nbsp; Reportagem Gustavo Rodrigues Rivalidade, tradi\u00e7\u00e3o, torcidas apaixonadas e camisas pesadas: esses s\u00e3o [\u2026]","og_url":"https:\/\/verdadeon.com.br\/portal\/2020\/03\/13\/sesi-franca-joga-classico-contra-bauru-no-poli\/","og_site_name":"VerdadeOn","article_published_time":"2020-03-13T11:01:40+00:00","og_image":[{"width":1000,"height":667,"url":"https:\/\/verdadeon.com.br\/portal\/wp-content\/uploads\/2020\/03\/374681_927536_whatsapp_image_2019_12_27_at_22.21.11__2_.jpg","type":"image\/jpeg"}],"author":"Redacao VerdadeOn","twitter_card":"summary_large_image","twitter_misc":{"Escrito por":"Redacao VerdadeOn","Est. tempo de leitura":"2 minutos"},"schema":{"@context":"https:\/\/schema.org","@graph":[{"@type":"WebPage","@id":"https:\/\/verdadeon.com.br\/portal\/2020\/03\/13\/sesi-franca-joga-classico-contra-bauru-no-poli\/","url":"https:\/\/verdadeon.com.br\/portal\/2020\/03\/13\/sesi-franca-joga-classico-contra-bauru-no-poli\/","name":"Sesi Franca joga cl\u00e1ssico contra Bauru no P\u00f3li - VerdadeOn","isPartOf":{"@id":"https:\/\/verdadeon.com.br\/portal\/#website"},"primaryImageOfPage":{"@id":"https:\/\/verdadeon.com.br\/portal\/2020\/03\/13\/sesi-franca-joga-classico-contra-bauru-no-poli\/#primaryimage"},"image":{"@id":"https:\/\/verdadeon.com.br\/portal\/2020\/03\/13\/sesi-franca-joga-classico-contra-bauru-no-poli\/#primaryimage"},"thumbnailUrl":"https:\/\/i0.wp.com\/verdadeon.com.br\/portal\/wp-content\/uploads\/2020\/03\/374681_927536_whatsapp_image_2019_12_27_at_22.21.11__2_.jpg?fit=1000%2C667&ssl=1","datePublished":"2020-03-13T11:01:40+00:00","author":{"@id":"https:\/\/verdadeon.com.br\/portal\/#\/schema\/person\/a5060ad1e9ea3df545188fc93ce43d2f"},"breadcrumb":{"@id":"https:\/\/verdadeon.com.br\/portal\/2020\/03\/13\/sesi-franca-joga-classico-contra-bauru-no-poli\/#breadcrumb"},"inLanguage":"pt-BR","potentialAction":[{"@type":"ReadAction","target":["https:\/\/verdadeon.com.br\/portal\/2020\/03\/13\/sesi-franca-joga-classico-contra-bauru-no-poli\/"]}]},{"@type":"ImageObject","inLanguage":"pt-BR","@id":"https:\/\/verdadeon.com.br\/portal\/2020\/03\/13\/sesi-franca-joga-classico-contra-bauru-no-poli\/#primaryimage","url":"https:\/\/i0.wp.com\/verdadeon.com.br\/portal\/wp-content\/uploads\/2020\/03\/374681_927536_whatsapp_image_2019_12_27_at_22.21.11__2_.jpg?fit=1000%2C667&ssl=1","contentUrl":"https:\/\/i0.wp.com\/verdadeon.com.br\/portal\/wp-content\/uploads\/2020\/03\/374681_927536_whatsapp_image_2019_12_27_at_22.21.11__2_.jpg?fit=1000%2C667&ssl=1","width":1000,"height":667,"caption":"noite de cl\u00e1ssico - Sesi Franca Basquete e Bauru se enfrentam na noite desta sexta-feira (13) no Pedroc\u00e3o. Equipe de Helinho Garcia treinou nesta semana em busca de melhores condi\u00e7\u00f5es para a disputa do cl\u00e1ssico. Objetivo \u00e9 encostar o l\u00edder do NBB | Victor Lira\/Bauru Basket\/Divulga\u00e7\u00e3o"},{"@type":"BreadcrumbList","@id":"https:\/\/verdadeon.com.br\/portal\/2020\/03\/13\/sesi-franca-joga-classico-contra-bauru-no-poli\/#breadcrumb","itemListElement":[{"@type":"ListItem","position":1,"name":"In\u00edcio","item":"https:\/\/verdadeon.com.br\/portal\/"},{"@type":"ListItem","position":2,"name":"Sesi Franca joga cl\u00e1ssico contra Bauru no P\u00f3li"}]},{"@type":"WebSite","@id":"https:\/\/verdadeon.com.br\/portal\/#website","url":"https:\/\/verdadeon.com.br\/portal\/","name":"VerdadeOn","description":"Not\u00edcias di\u00e1rias sobre Franca, Regi\u00e3o, Esporte, Cultura, Cotidiano, Colunas. Cobertura nos principais eventos da cidade \u00e9 aqui - Verdadeon Franca","potentialAction":[{"@type":"SearchAction","target":{"@type":"EntryPoint","urlTemplate":"https:\/\/verdadeon.com.br\/portal\/?s={search_term_string}"},"query-input":{"@type":"PropertyValueSpecification","valueRequired":true,"valueName":"search_term_string"}}],"inLanguage":"pt-BR"},{"@type":"Person","@id":"https:\/\/verdadeon.com.br\/portal\/#\/schema\/person\/a5060ad1e9ea3df545188fc93ce43d2f","name":"Redacao VerdadeOn","image":{"@type":"ImageObject","inLanguage":"pt-BR","@id":"https:\/\/verdadeon.com.br\/portal\/#\/schema\/person\/image\/","url":"https:\/\/secure.gravatar.com\/avatar\/459a9613caaaf07f582c3d0841eea68bdd66f533e465e6ba8b9cb45619572cf4?s=96&d=mm&r=g","contentUrl":"https:\/\/secure.gravatar.com\/avatar\/459a9613caaaf07f582c3d0841eea68bdd66f533e465e6ba8b9cb45619572cf4?s=96&d=mm&r=g","caption":"Redacao VerdadeOn"},"url":"https:\/\/verdadeon.com.br\/portal\/author\/redacao\/"}]}},"jetpack_publicize_connections":[],"jetpack_featured_media_url":"https:\/\/i0.wp.com\/verdadeon.com.br\/portal\/wp-content\/uploads\/2020\/03\/374681_927536_whatsapp_image_2019_12_27_at_22.21.11__2_.jpg?fit=1000%2C667&ssl=1","jetpack_sharing_enabled":true,"_links":{"self":[{"href":"https:\/\/verdadeon.com.br\/portal\/wp-json\/wp\/v2\/posts\/4949","targetHints":{"allow":["GET"]}}],"collection":[{"href":"https:\/\/verdadeon.com.br\/portal\/wp-json\/wp\/v2\/posts"}],"about":[{"href":"https:\/\/verdadeon.com.br\/portal\/wp-json\/wp\/v2\/types\/post"}],"author":[{"embeddable":true,"href":"https:\/\/verdadeon.com.br\/portal\/wp-json\/wp\/v2\/users\/10"}],"replies":[{"embeddable":true,"href":"https:\/\/verdadeon.com.br\/portal\/wp-json\/wp\/v2\/comments?post=4949"}],"version-history":[{"count":0,"href":"https:\/\/verdadeon.com.br\/portal\/wp-json\/wp\/v2\/posts\/4949\/revisions"}],"wp:featuredmedia":[{"embeddable":true,"href":"https:\/\/verdadeon.com.br\/portal\/wp-json\/wp\/v2\/media\/4954"}],"wp:attachment":[{"href":"https:\/\/verdadeon.com.br\/portal\/wp-json\/wp\/v2\/media?parent=4949"}],"wp:term":[{"taxonomy":"category","embeddable":true,"href":"https:\/\/verdadeon.com.br\/portal\/wp-json\/wp\/v2\/categories?post=4949"},{"taxonomy":"post_tag","embeddable":true,"href":"https:\/\/verdadeon.com.br\/portal\/wp-json\/wp\/v2\/tags?post=4949"}],"curies":[{"name":"wp","href":"https:\/\/api.w.org\/{rel}","templated":true}]}}