{"id":4948,"date":"2020-03-13T07:00:37","date_gmt":"2020-03-13T10:00:37","guid":{"rendered":"http:\/\/verdadeon.com.br\/portal\/?p=4948"},"modified":"2020-03-12T23:00:21","modified_gmt":"2020-03-13T02:00:21","slug":"produtores-da-regiao-se-reunem-com-cpfl","status":"publish","type":"post","link":"https:\/\/verdadeon.com.br\/portal\/2020\/03\/13\/produtores-da-regiao-se-reunem-com-cpfl\/","title":{"rendered":"Produtores da regi\u00e3o se re\u00fanem com CPFL"},"content":{"rendered":"<h2>Eles debateram os problemas enfrentados com o fornecimento de energia<\/h2>\n<p>Produtores, empres\u00e1rios e rancheiros da regi\u00e3o de Miguel\u00f3polis, se reuniram com o consultor da CPFL, Walter Rodrigues, para apontar os problemas enfrentados por todos eles. A reuni\u00e3o foi realizada ap\u00f3s intermedia\u00e7\u00f5es feitas pela Faesp.<br \/>\nEstiveram presentes na reuni\u00e3o donos de ranchos, de pousadas, empres\u00e1rios, agricultores e prefeitos de diferentes cidades, al\u00e9m de um eletricista que presta servi\u00e7o na zona rural. Foram repassadas para o consultor as diferentes demandas de cada segmento com o foco maior na discuss\u00e3o da energia el\u00e9trica no campo.<br \/>\nUma das maiores reivindica\u00e7\u00f5es dos produtores rurais foi a respeito das quedas e picos de energia que chegam a queimar equipamentos, principalmente nas \u00e1reas irrigadas onde se faz o uso de um equipamento chamado de &#8220;Piv\u00f4&#8221;.<br \/>\nOs participantes afirmaram que al\u00e9m da perda de materias, a volta do fornecimento de energia chega a demorar at\u00e9 dias, prejudicando a produ\u00e7\u00e3o e causando preju\u00edzos, como a mortandade de peixes.<br \/>\nFoi relatado ainda que o n\u00famero 0800, fornecido pela companhia n\u00e3o \u00e9 eficiente para resolver as quest\u00f5es urgentes, al\u00e9m do aumento da tarifa.<br \/>\nO consultor da CPFL afirmou que iria pedir a avalia\u00e7\u00e3o da rede que \u00e9 bastante extensa em uma tentativa de sanar os problemas. Ele afirmou ainda que filtrou todas as reivindica\u00e7\u00f5es e reclama\u00e7\u00f5es e que vai buscar as solu\u00e7\u00f5es r\u00e1pidas para todas as demandas.<br \/>\nNo final da reuni\u00e3o j\u00e1 foi marcada uma nova conversa para o m\u00eas de abril, com a promessa de solu\u00e7\u00f5es dos questionamentos.<\/p>\n","protected":false},"excerpt":{"rendered":"<p>Eles debateram os problemas enfrentados com o fornecimento de energia Produtores, empres\u00e1rios e rancheiros da regi\u00e3o de Miguel\u00f3polis, se reuniram com o consultor da CPFL, Walter<span class=\"excerpt-hellip\"> [\u2026]<\/span><\/p>\n","protected":false},"author":10,"featured_media":4952,"comment_status":"open","ping_status":"open","sticky":false,"template":"","format":"standard","meta":{"_jetpack_memberships_contains_paid_content":false,"footnotes":"","jetpack_publicize_message":"","jetpack_publicize_feature_enabled":true,"jetpack_social_post_already_shared":false,"jetpack_social_options":{"image_generator_settings":{"template":"highway","default_image_id":0,"enabled":false},"version":2}},"categories":[44,58],"tags":[],"class_list":["post-4948","post","type-post","status-publish","format-standard","has-post-thumbnail","hentry","category-noticias","category-regiao"],"yoast_head":"<!-- This site is optimized with the Yoast SEO plugin v25.6 - https:\/\/yoast.com\/wordpress\/plugins\/seo\/ -->\n<title>Produtores da regi\u00e3o se re\u00fanem com CPFL - VerdadeOn<\/title>\n<meta name=\"robots\" content=\"index, follow, max-snippet:-1, max-image-preview:large, max-video-preview:-1\" \/>\n<link rel=\"canonical\" href=\"https:\/\/verdadeon.com.br\/portal\/2020\/03\/13\/produtores-da-regiao-se-reunem-com-cpfl\/\" \/>\n<meta property=\"og:locale\" content=\"pt_BR\" \/>\n<meta property=\"og:type\" content=\"article\" \/>\n<meta property=\"og:title\" content=\"Produtores da regi\u00e3o se re\u00fanem com CPFL - VerdadeOn\" \/>\n<meta property=\"og:description\" content=\"Eles debateram os problemas enfrentados com o fornecimento de energia Produtores, empres\u00e1rios e rancheiros da regi\u00e3o de Miguel\u00f3polis, se reuniram com o consultor da CPFL, Walter [\u2026]\" \/>\n<meta property=\"og:url\" content=\"https:\/\/verdadeon.com.br\/portal\/2020\/03\/13\/produtores-da-regiao-se-reunem-com-cpfl\/\" \/>\n<meta property=\"og:site_name\" content=\"VerdadeOn\" \/>\n<meta property=\"article:published_time\" content=\"2020-03-13T10:00:37+00:00\" \/>\n<meta name=\"author\" content=\"Redacao VerdadeOn\" \/>\n<meta name=\"twitter:card\" content=\"summary_large_image\" \/>\n<meta name=\"twitter:label1\" content=\"Escrito por\" \/>\n\t<meta name=\"twitter:data1\" content=\"Redacao VerdadeOn\" \/>\n\t<meta name=\"twitter:label2\" content=\"Est. tempo de leitura\" \/>\n\t<meta name=\"twitter:data2\" content=\"1 minuto\" \/>\n<script type=\"application\/ld+json\" class=\"yoast-schema-graph\">{\"@context\":\"https:\/\/schema.org\",\"@graph\":[{\"@type\":\"WebPage\",\"@id\":\"https:\/\/verdadeon.com.br\/portal\/2020\/03\/13\/produtores-da-regiao-se-reunem-com-cpfl\/\",\"url\":\"https:\/\/verdadeon.com.br\/portal\/2020\/03\/13\/produtores-da-regiao-se-reunem-com-cpfl\/\",\"name\":\"Produtores da regi\u00e3o se re\u00fanem com CPFL - VerdadeOn\",\"isPartOf\":{\"@id\":\"https:\/\/verdadeon.com.br\/portal\/#website\"},\"primaryImageOfPage\":{\"@id\":\"https:\/\/verdadeon.com.br\/portal\/2020\/03\/13\/produtores-da-regiao-se-reunem-com-cpfl\/#primaryimage\"},\"image\":{\"@id\":\"https:\/\/verdadeon.com.br\/portal\/2020\/03\/13\/produtores-da-regiao-se-reunem-com-cpfl\/#primaryimage\"},\"thumbnailUrl\":\"https:\/\/i0.wp.com\/verdadeon.com.br\/portal\/wp-content\/uploads\/2020\/03\/1%C2%B0-Abre-da-regi%C3%A3o.jpg?fit=1000%2C750&ssl=1\",\"datePublished\":\"2020-03-13T10:00:37+00:00\",\"author\":{\"@id\":\"https:\/\/verdadeon.com.br\/portal\/#\/schema\/person\/a5060ad1e9ea3df545188fc93ce43d2f\"},\"breadcrumb\":{\"@id\":\"https:\/\/verdadeon.com.br\/portal\/2020\/03\/13\/produtores-da-regiao-se-reunem-com-cpfl\/#breadcrumb\"},\"inLanguage\":\"pt-BR\",\"potentialAction\":[{\"@type\":\"ReadAction\",\"target\":[\"https:\/\/verdadeon.com.br\/portal\/2020\/03\/13\/produtores-da-regiao-se-reunem-com-cpfl\/\"]}]},{\"@type\":\"ImageObject\",\"inLanguage\":\"pt-BR\",\"@id\":\"https:\/\/verdadeon.com.br\/portal\/2020\/03\/13\/produtores-da-regiao-se-reunem-com-cpfl\/#primaryimage\",\"url\":\"https:\/\/i0.wp.com\/verdadeon.com.br\/portal\/wp-content\/uploads\/2020\/03\/1%C2%B0-Abre-da-regi%C3%A3o.jpg?fit=1000%2C750&ssl=1\",\"contentUrl\":\"https:\/\/i0.wp.com\/verdadeon.com.br\/portal\/wp-content\/uploads\/2020\/03\/1%C2%B0-Abre-da-regi%C3%A3o.jpg?fit=1000%2C750&ssl=1\",\"width\":1000,\"height\":750},{\"@type\":\"BreadcrumbList\",\"@id\":\"https:\/\/verdadeon.com.br\/portal\/2020\/03\/13\/produtores-da-regiao-se-reunem-com-cpfl\/#breadcrumb\",\"itemListElement\":[{\"@type\":\"ListItem\",\"position\":1,\"name\":\"In\u00edcio\",\"item\":\"https:\/\/verdadeon.com.br\/portal\/\"},{\"@type\":\"ListItem\",\"position\":2,\"name\":\"Produtores da regi\u00e3o se re\u00fanem com CPFL\"}]},{\"@type\":\"WebSite\",\"@id\":\"https:\/\/verdadeon.com.br\/portal\/#website\",\"url\":\"https:\/\/verdadeon.com.br\/portal\/\",\"name\":\"VerdadeOn\",\"description\":\"Not\u00edcias di\u00e1rias sobre Franca, Regi\u00e3o, Esporte, Cultura, Cotidiano, Colunas. Cobertura nos principais eventos da cidade \u00e9 aqui - Verdadeon Franca\",\"potentialAction\":[{\"@type\":\"SearchAction\",\"target\":{\"@type\":\"EntryPoint\",\"urlTemplate\":\"https:\/\/verdadeon.com.br\/portal\/?s={search_term_string}\"},\"query-input\":{\"@type\":\"PropertyValueSpecification\",\"valueRequired\":true,\"valueName\":\"search_term_string\"}}],\"inLanguage\":\"pt-BR\"},{\"@type\":\"Person\",\"@id\":\"https:\/\/verdadeon.com.br\/portal\/#\/schema\/person\/a5060ad1e9ea3df545188fc93ce43d2f\",\"name\":\"Redacao VerdadeOn\",\"image\":{\"@type\":\"ImageObject\",\"inLanguage\":\"pt-BR\",\"@id\":\"https:\/\/verdadeon.com.br\/portal\/#\/schema\/person\/image\/\",\"url\":\"https:\/\/secure.gravatar.com\/avatar\/459a9613caaaf07f582c3d0841eea68bdd66f533e465e6ba8b9cb45619572cf4?s=96&d=mm&r=g\",\"contentUrl\":\"https:\/\/secure.gravatar.com\/avatar\/459a9613caaaf07f582c3d0841eea68bdd66f533e465e6ba8b9cb45619572cf4?s=96&d=mm&r=g\",\"caption\":\"Redacao VerdadeOn\"},\"url\":\"https:\/\/verdadeon.com.br\/portal\/author\/redacao\/\"}]}<\/script>\n<!-- \/ Yoast SEO plugin. -->","yoast_head_json":{"title":"Produtores da regi\u00e3o se re\u00fanem com CPFL - VerdadeOn","robots":{"index":"index","follow":"follow","max-snippet":"max-snippet:-1","max-image-preview":"max-image-preview:large","max-video-preview":"max-video-preview:-1"},"canonical":"https:\/\/verdadeon.com.br\/portal\/2020\/03\/13\/produtores-da-regiao-se-reunem-com-cpfl\/","og_locale":"pt_BR","og_type":"article","og_title":"Produtores da regi\u00e3o se re\u00fanem com CPFL - VerdadeOn","og_description":"Eles debateram os problemas enfrentados com o fornecimento de energia Produtores, empres\u00e1rios e rancheiros da regi\u00e3o de Miguel\u00f3polis, se reuniram com o consultor da CPFL, Walter [\u2026]","og_url":"https:\/\/verdadeon.com.br\/portal\/2020\/03\/13\/produtores-da-regiao-se-reunem-com-cpfl\/","og_site_name":"VerdadeOn","article_published_time":"2020-03-13T10:00:37+00:00","author":"Redacao VerdadeOn","twitter_card":"summary_large_image","twitter_misc":{"Escrito por":"Redacao VerdadeOn","Est. tempo de leitura":"1 minuto"},"schema":{"@context":"https:\/\/schema.org","@graph":[{"@type":"WebPage","@id":"https:\/\/verdadeon.com.br\/portal\/2020\/03\/13\/produtores-da-regiao-se-reunem-com-cpfl\/","url":"https:\/\/verdadeon.com.br\/portal\/2020\/03\/13\/produtores-da-regiao-se-reunem-com-cpfl\/","name":"Produtores da regi\u00e3o se re\u00fanem com CPFL - VerdadeOn","isPartOf":{"@id":"https:\/\/verdadeon.com.br\/portal\/#website"},"primaryImageOfPage":{"@id":"https:\/\/verdadeon.com.br\/portal\/2020\/03\/13\/produtores-da-regiao-se-reunem-com-cpfl\/#primaryimage"},"image":{"@id":"https:\/\/verdadeon.com.br\/portal\/2020\/03\/13\/produtores-da-regiao-se-reunem-com-cpfl\/#primaryimage"},"thumbnailUrl":"https:\/\/i0.wp.com\/verdadeon.com.br\/portal\/wp-content\/uploads\/2020\/03\/1%C2%B0-Abre-da-regi%C3%A3o.jpg?fit=1000%2C750&ssl=1","datePublished":"2020-03-13T10:00:37+00:00","author":{"@id":"https:\/\/verdadeon.com.br\/portal\/#\/schema\/person\/a5060ad1e9ea3df545188fc93ce43d2f"},"breadcrumb":{"@id":"https:\/\/verdadeon.com.br\/portal\/2020\/03\/13\/produtores-da-regiao-se-reunem-com-cpfl\/#breadcrumb"},"inLanguage":"pt-BR","potentialAction":[{"@type":"ReadAction","target":["https:\/\/verdadeon.com.br\/portal\/2020\/03\/13\/produtores-da-regiao-se-reunem-com-cpfl\/"]}]},{"@type":"ImageObject","inLanguage":"pt-BR","@id":"https:\/\/verdadeon.com.br\/portal\/2020\/03\/13\/produtores-da-regiao-se-reunem-com-cpfl\/#primaryimage","url":"https:\/\/i0.wp.com\/verdadeon.com.br\/portal\/wp-content\/uploads\/2020\/03\/1%C2%B0-Abre-da-regi%C3%A3o.jpg?fit=1000%2C750&ssl=1","contentUrl":"https:\/\/i0.wp.com\/verdadeon.com.br\/portal\/wp-content\/uploads\/2020\/03\/1%C2%B0-Abre-da-regi%C3%A3o.jpg?fit=1000%2C750&ssl=1","width":1000,"height":750},{"@type":"BreadcrumbList","@id":"https:\/\/verdadeon.com.br\/portal\/2020\/03\/13\/produtores-da-regiao-se-reunem-com-cpfl\/#breadcrumb","itemListElement":[{"@type":"ListItem","position":1,"name":"In\u00edcio","item":"https:\/\/verdadeon.com.br\/portal\/"},{"@type":"ListItem","position":2,"name":"Produtores da regi\u00e3o se re\u00fanem com CPFL"}]},{"@type":"WebSite","@id":"https:\/\/verdadeon.com.br\/portal\/#website","url":"https:\/\/verdadeon.com.br\/portal\/","name":"VerdadeOn","description":"Not\u00edcias di\u00e1rias sobre Franca, Regi\u00e3o, Esporte, Cultura, Cotidiano, Colunas. Cobertura nos principais eventos da cidade \u00e9 aqui - Verdadeon Franca","potentialAction":[{"@type":"SearchAction","target":{"@type":"EntryPoint","urlTemplate":"https:\/\/verdadeon.com.br\/portal\/?s={search_term_string}"},"query-input":{"@type":"PropertyValueSpecification","valueRequired":true,"valueName":"search_term_string"}}],"inLanguage":"pt-BR"},{"@type":"Person","@id":"https:\/\/verdadeon.com.br\/portal\/#\/schema\/person\/a5060ad1e9ea3df545188fc93ce43d2f","name":"Redacao VerdadeOn","image":{"@type":"ImageObject","inLanguage":"pt-BR","@id":"https:\/\/verdadeon.com.br\/portal\/#\/schema\/person\/image\/","url":"https:\/\/secure.gravatar.com\/avatar\/459a9613caaaf07f582c3d0841eea68bdd66f533e465e6ba8b9cb45619572cf4?s=96&d=mm&r=g","contentUrl":"https:\/\/secure.gravatar.com\/avatar\/459a9613caaaf07f582c3d0841eea68bdd66f533e465e6ba8b9cb45619572cf4?s=96&d=mm&r=g","caption":"Redacao VerdadeOn"},"url":"https:\/\/verdadeon.com.br\/portal\/author\/redacao\/"}]}},"jetpack_publicize_connections":[],"jetpack_featured_media_url":"https:\/\/i0.wp.com\/verdadeon.com.br\/portal\/wp-content\/uploads\/2020\/03\/1%C2%B0-Abre-da-regi%C3%A3o.jpg?fit=1000%2C750&ssl=1","jetpack_sharing_enabled":true,"_links":{"self":[{"href":"https:\/\/verdadeon.com.br\/portal\/wp-json\/wp\/v2\/posts\/4948","targetHints":{"allow":["GET"]}}],"collection":[{"href":"https:\/\/verdadeon.com.br\/portal\/wp-json\/wp\/v2\/posts"}],"about":[{"href":"https:\/\/verdadeon.com.br\/portal\/wp-json\/wp\/v2\/types\/post"}],"author":[{"embeddable":true,"href":"https:\/\/verdadeon.com.br\/portal\/wp-json\/wp\/v2\/users\/10"}],"replies":[{"embeddable":true,"href":"https:\/\/verdadeon.com.br\/portal\/wp-json\/wp\/v2\/comments?post=4948"}],"version-history":[{"count":0,"href":"https:\/\/verdadeon.com.br\/portal\/wp-json\/wp\/v2\/posts\/4948\/revisions"}],"wp:featuredmedia":[{"embeddable":true,"href":"https:\/\/verdadeon.com.br\/portal\/wp-json\/wp\/v2\/media\/4952"}],"wp:attachment":[{"href":"https:\/\/verdadeon.com.br\/portal\/wp-json\/wp\/v2\/media?parent=4948"}],"wp:term":[{"taxonomy":"category","embeddable":true,"href":"https:\/\/verdadeon.com.br\/portal\/wp-json\/wp\/v2\/categories?post=4948"},{"taxonomy":"post_tag","embeddable":true,"href":"https:\/\/verdadeon.com.br\/portal\/wp-json\/wp\/v2\/tags?post=4948"}],"curies":[{"name":"wp","href":"https:\/\/api.w.org\/{rel}","templated":true}]}}