{"id":49477,"date":"2024-09-10T14:53:49","date_gmt":"2024-09-10T17:53:49","guid":{"rendered":"https:\/\/verdadeon.com.br\/portal\/?p=49477"},"modified":"2024-09-10T14:53:49","modified_gmt":"2024-09-10T17:53:49","slug":"camara-aprova-urgencia-para-desoneracao-da-folha-de-pagamento","status":"publish","type":"post","link":"https:\/\/verdadeon.com.br\/portal\/2024\/09\/10\/camara-aprova-urgencia-para-desoneracao-da-folha-de-pagamento\/","title":{"rendered":"C\u00e2mara aprova urg\u00eancia para desonera\u00e7\u00e3o da folha de pagamento"},"content":{"rendered":"<div class=\"row\">\n<h2 class=\"col-10 offset-1 animated fadeInDown dealy-900 display-8 display-md-8 alt-font font-italic my-1 text-center\">Projeto prev\u00ea reonera\u00e7\u00e3o gradual de setores da economia<\/h2>\n<p>A C\u00e2mara dos Deputados aprovou nesta segunda-feira (9) a urg\u00eancia para vota\u00e7\u00e3o do projeto que prev\u00ea transi\u00e7\u00e3o para o\u00a0fim da desonera\u00e7\u00e3o da folha de pagamentos para\u00a017 setores da economia e da\u00a0al\u00edquota cheia do INSS em munic\u00edpios com at\u00e9 156 mil habitantes.<img data-recalc-dims=\"1\" decoding=\"async\" src=\"https:\/\/i0.wp.com\/agenciabrasil.ebc.com.br\/ebc.png?w=1220&#038;ssl=1\" \/><img data-recalc-dims=\"1\" decoding=\"async\" src=\"https:\/\/i0.wp.com\/agenciabrasil.ebc.com.br\/ebc.gif?w=1220&#038;ssl=1\" \/><\/p>\n<p>O projeto foi\u00a0<a href=\"https:\/\/agenciabrasil.ebc.com.br\/politica\/noticia\/2024-08\/senado-aprova-reoneracao-da-folha-de-pagamento-partir-de-2025\" target=\"_blank\" rel=\"noopener\">aprovado<\/a>\u00a0em agosto pela Senado. A proposta mant\u00e9m a desonera\u00e7\u00e3o da folha de pagamento para esses setores integralmente em 2024 e prev\u00ea a\u00a0<a href=\"https:\/\/agenciabrasil.ebc.com.br\/economia\/noticia\/2024-08\/entenda-proposta-aprovada-sobre-reoneracao-da-folha-de-pagamento\" target=\"_blank\" rel=\"noopener\">reonera\u00e7\u00e3o gradual<\/a>\u00a0entre 2025 e 2027. A retomada gradual da tributa\u00e7\u00e3o a partir de 2025 ter\u00e1 al\u00edquota de 5% sobre a folha de pagamento. Em 2026, ser\u00e3o cobrados 10% e, em 2027, 20%, quando ocorreria o fim da desonera\u00e7\u00e3o. Durante toda a transi\u00e7\u00e3o, a folha de pagamento do 13\u00ba sal\u00e1rio continuar\u00e1 integralmente desonerada.<\/p>\n<p>Para munic\u00edpios com at\u00e9 156 mil habitantes, a retomada da contribui\u00e7\u00e3o previdenci\u00e1ria tamb\u00e9m ser\u00e1 escalonada: at\u00e9 o fim deste ano, ser\u00e1 de 8% e no ano que vem, o percentual ser\u00e1 de 12%. Em 2026, ser\u00e1 de 16%, chegando aos 20% em 2027, no fim do per\u00edodo de transi\u00e7\u00e3o.<\/p>\n<p>No ano passado, o Congresso Nacional havia aprovado a manuten\u00e7\u00e3o da desonera\u00e7\u00e3o da folha, mas o presidente Luiz In\u00e1cio Lula da Silva vetou trechos da\u00a0Lei 14.784, de 2023. O Congresso derrubou o veto e o governo recorreu ao Supremo Tribunal Federal, que deu prazo at\u00e9 11 de setembro para que o\u00a0Congresso e o Executivo\u00a0<a href=\"https:\/\/agenciabrasil.ebc.com.br\/justica\/noticia\/2024-08\/stf-marca-julgamento-para-decidir-se-mantem-suspensao-da-desoneracao\" target=\"_blank\" rel=\"noopener\">buscassem um acordo sobre a desonera\u00e7\u00e3o<\/a>.<\/p>\n<p>Ap\u00f3s acordo entre governo e Congresso, foram definidas medidas de compensa\u00e7\u00e3o para a ren\u00fancia fiscal com a manuten\u00e7\u00e3o da desonera\u00e7\u00e3o, que foram incorporadas ao projeto.<\/p>\n<p>Entre as medidas est\u00e3o a atualiza\u00e7\u00e3o do valor de bens im\u00f3veis junto \u00e0 Receita Federal, aperfei\u00e7oamento dos mecanismos de transa\u00e7\u00e3o de d\u00edvidas com as autarquias e funda\u00e7\u00f5es p\u00fablicas federais e medidas de combate \u00e0 fraude e a abusos no gasto p\u00fablico.<\/p>\n<p><em>* Com informa\u00e7\u00f5es da Ag\u00eancia C\u00e2mara e do Senado<\/em><\/p>\n<p>Fonte: Ag\u00eancia Brasil<\/p>\n<\/div>\n","protected":false},"excerpt":{"rendered":"<p>Projeto prev\u00ea reonera\u00e7\u00e3o gradual de setores da economia A C\u00e2mara dos Deputados aprovou nesta segunda-feira (9) a urg\u00eancia para vota\u00e7\u00e3o do projeto que prev\u00ea transi\u00e7\u00e3o para<span class=\"excerpt-hellip\"> [\u2026]<\/span><\/p>\n","protected":false},"author":10,"featured_media":46600,"comment_status":"open","ping_status":"open","sticky":false,"template":"","format":"standard","meta":{"_jetpack_memberships_contains_paid_content":false,"footnotes":"","jetpack_publicize_message":"","jetpack_publicize_feature_enabled":true,"jetpack_social_post_already_shared":true,"jetpack_social_options":{"image_generator_settings":{"template":"highway","default_image_id":0,"enabled":false},"version":2}},"categories":[28,44],"tags":[],"class_list":["post-49477","post","type-post","status-publish","format-standard","has-post-thumbnail","hentry","category-cotidiano","category-noticias"],"yoast_head":"<!-- This site is optimized with the Yoast SEO plugin v25.6 - https:\/\/yoast.com\/wordpress\/plugins\/seo\/ -->\n<title>C\u00e2mara aprova urg\u00eancia para desonera\u00e7\u00e3o da folha de pagamento - VerdadeOn<\/title>\n<meta name=\"robots\" content=\"index, follow, max-snippet:-1, max-image-preview:large, max-video-preview:-1\" \/>\n<link rel=\"canonical\" href=\"https:\/\/verdadeon.com.br\/portal\/2024\/09\/10\/camara-aprova-urgencia-para-desoneracao-da-folha-de-pagamento\/\" \/>\n<meta property=\"og:locale\" content=\"pt_BR\" \/>\n<meta property=\"og:type\" content=\"article\" \/>\n<meta property=\"og:title\" content=\"C\u00e2mara aprova urg\u00eancia para desonera\u00e7\u00e3o da folha de pagamento - VerdadeOn\" \/>\n<meta property=\"og:description\" content=\"Projeto prev\u00ea reonera\u00e7\u00e3o gradual de setores da economia A C\u00e2mara dos Deputados aprovou nesta segunda-feira (9) a urg\u00eancia para vota\u00e7\u00e3o do projeto que prev\u00ea transi\u00e7\u00e3o para [\u2026]\" \/>\n<meta property=\"og:url\" content=\"https:\/\/verdadeon.com.br\/portal\/2024\/09\/10\/camara-aprova-urgencia-para-desoneracao-da-folha-de-pagamento\/\" \/>\n<meta property=\"og:site_name\" content=\"VerdadeOn\" \/>\n<meta property=\"article:published_time\" content=\"2024-09-10T17:53:49+00:00\" \/>\n<meta property=\"og:image\" content=\"https:\/\/i0.wp.com\/verdadeon.com.br\/portal\/wp-content\/uploads\/2024\/07\/pzzb2083.webp?fit=1170%2C700&ssl=1\" \/>\n\t<meta property=\"og:image:width\" content=\"1170\" \/>\n\t<meta property=\"og:image:height\" content=\"700\" \/>\n\t<meta property=\"og:image:type\" content=\"image\/webp\" \/>\n<meta name=\"author\" content=\"Redacao VerdadeOn\" \/>\n<meta name=\"twitter:card\" content=\"summary_large_image\" \/>\n<meta name=\"twitter:label1\" content=\"Escrito por\" \/>\n\t<meta name=\"twitter:data1\" content=\"Redacao VerdadeOn\" \/>\n\t<meta name=\"twitter:label2\" content=\"Est. tempo de leitura\" \/>\n\t<meta name=\"twitter:data2\" content=\"2 minutos\" \/>\n<script type=\"application\/ld+json\" class=\"yoast-schema-graph\">{\"@context\":\"https:\/\/schema.org\",\"@graph\":[{\"@type\":\"WebPage\",\"@id\":\"https:\/\/verdadeon.com.br\/portal\/2024\/09\/10\/camara-aprova-urgencia-para-desoneracao-da-folha-de-pagamento\/\",\"url\":\"https:\/\/verdadeon.com.br\/portal\/2024\/09\/10\/camara-aprova-urgencia-para-desoneracao-da-folha-de-pagamento\/\",\"name\":\"C\u00e2mara aprova urg\u00eancia para desonera\u00e7\u00e3o da folha de pagamento - VerdadeOn\",\"isPartOf\":{\"@id\":\"https:\/\/verdadeon.com.br\/portal\/#website\"},\"primaryImageOfPage\":{\"@id\":\"https:\/\/verdadeon.com.br\/portal\/2024\/09\/10\/camara-aprova-urgencia-para-desoneracao-da-folha-de-pagamento\/#primaryimage\"},\"image\":{\"@id\":\"https:\/\/verdadeon.com.br\/portal\/2024\/09\/10\/camara-aprova-urgencia-para-desoneracao-da-folha-de-pagamento\/#primaryimage\"},\"thumbnailUrl\":\"https:\/\/i0.wp.com\/verdadeon.com.br\/portal\/wp-content\/uploads\/2024\/07\/pzzb2083.webp?fit=1170%2C700&ssl=1\",\"datePublished\":\"2024-09-10T17:53:49+00:00\",\"author\":{\"@id\":\"https:\/\/verdadeon.com.br\/portal\/#\/schema\/person\/a5060ad1e9ea3df545188fc93ce43d2f\"},\"breadcrumb\":{\"@id\":\"https:\/\/verdadeon.com.br\/portal\/2024\/09\/10\/camara-aprova-urgencia-para-desoneracao-da-folha-de-pagamento\/#breadcrumb\"},\"inLanguage\":\"pt-BR\",\"potentialAction\":[{\"@type\":\"ReadAction\",\"target\":[\"https:\/\/verdadeon.com.br\/portal\/2024\/09\/10\/camara-aprova-urgencia-para-desoneracao-da-folha-de-pagamento\/\"]}]},{\"@type\":\"ImageObject\",\"inLanguage\":\"pt-BR\",\"@id\":\"https:\/\/verdadeon.com.br\/portal\/2024\/09\/10\/camara-aprova-urgencia-para-desoneracao-da-folha-de-pagamento\/#primaryimage\",\"url\":\"https:\/\/i0.wp.com\/verdadeon.com.br\/portal\/wp-content\/uploads\/2024\/07\/pzzb2083.webp?fit=1170%2C700&ssl=1\",\"contentUrl\":\"https:\/\/i0.wp.com\/verdadeon.com.br\/portal\/wp-content\/uploads\/2024\/07\/pzzb2083.webp?fit=1170%2C700&ssl=1\",\"width\":1170,\"height\":700,\"caption\":\"No ano passado, o Congresso Nacional havia aprovado a manuten\u00e7\u00e3o da desonera\u00e7\u00e3o da folha, mas o presidente Luiz In\u00e1cio Lula da Silva vetou trechos da Lei 14.784, de 2023 (\u00a9Antonio Cruz)\"},{\"@type\":\"BreadcrumbList\",\"@id\":\"https:\/\/verdadeon.com.br\/portal\/2024\/09\/10\/camara-aprova-urgencia-para-desoneracao-da-folha-de-pagamento\/#breadcrumb\",\"itemListElement\":[{\"@type\":\"ListItem\",\"position\":1,\"name\":\"In\u00edcio\",\"item\":\"https:\/\/verdadeon.com.br\/portal\/\"},{\"@type\":\"ListItem\",\"position\":2,\"name\":\"C\u00e2mara aprova urg\u00eancia para desonera\u00e7\u00e3o da folha de pagamento\"}]},{\"@type\":\"WebSite\",\"@id\":\"https:\/\/verdadeon.com.br\/portal\/#website\",\"url\":\"https:\/\/verdadeon.com.br\/portal\/\",\"name\":\"VerdadeOn\",\"description\":\"Not\u00edcias di\u00e1rias sobre Franca, Regi\u00e3o, Esporte, Cultura, Cotidiano, Colunas. Cobertura nos principais eventos da cidade \u00e9 aqui - Verdadeon Franca\",\"potentialAction\":[{\"@type\":\"SearchAction\",\"target\":{\"@type\":\"EntryPoint\",\"urlTemplate\":\"https:\/\/verdadeon.com.br\/portal\/?s={search_term_string}\"},\"query-input\":{\"@type\":\"PropertyValueSpecification\",\"valueRequired\":true,\"valueName\":\"search_term_string\"}}],\"inLanguage\":\"pt-BR\"},{\"@type\":\"Person\",\"@id\":\"https:\/\/verdadeon.com.br\/portal\/#\/schema\/person\/a5060ad1e9ea3df545188fc93ce43d2f\",\"name\":\"Redacao VerdadeOn\",\"image\":{\"@type\":\"ImageObject\",\"inLanguage\":\"pt-BR\",\"@id\":\"https:\/\/verdadeon.com.br\/portal\/#\/schema\/person\/image\/\",\"url\":\"https:\/\/secure.gravatar.com\/avatar\/459a9613caaaf07f582c3d0841eea68bdd66f533e465e6ba8b9cb45619572cf4?s=96&d=mm&r=g\",\"contentUrl\":\"https:\/\/secure.gravatar.com\/avatar\/459a9613caaaf07f582c3d0841eea68bdd66f533e465e6ba8b9cb45619572cf4?s=96&d=mm&r=g\",\"caption\":\"Redacao VerdadeOn\"},\"url\":\"https:\/\/verdadeon.com.br\/portal\/author\/redacao\/\"}]}<\/script>\n<!-- \/ Yoast SEO plugin. -->","yoast_head_json":{"title":"C\u00e2mara aprova urg\u00eancia para desonera\u00e7\u00e3o da folha de pagamento - VerdadeOn","robots":{"index":"index","follow":"follow","max-snippet":"max-snippet:-1","max-image-preview":"max-image-preview:large","max-video-preview":"max-video-preview:-1"},"canonical":"https:\/\/verdadeon.com.br\/portal\/2024\/09\/10\/camara-aprova-urgencia-para-desoneracao-da-folha-de-pagamento\/","og_locale":"pt_BR","og_type":"article","og_title":"C\u00e2mara aprova urg\u00eancia para desonera\u00e7\u00e3o da folha de pagamento - VerdadeOn","og_description":"Projeto prev\u00ea reonera\u00e7\u00e3o gradual de setores da economia A C\u00e2mara dos Deputados aprovou nesta segunda-feira (9) a urg\u00eancia para vota\u00e7\u00e3o do projeto que prev\u00ea transi\u00e7\u00e3o para [\u2026]","og_url":"https:\/\/verdadeon.com.br\/portal\/2024\/09\/10\/camara-aprova-urgencia-para-desoneracao-da-folha-de-pagamento\/","og_site_name":"VerdadeOn","article_published_time":"2024-09-10T17:53:49+00:00","og_image":[{"width":1170,"height":700,"url":"https:\/\/i0.wp.com\/verdadeon.com.br\/portal\/wp-content\/uploads\/2024\/07\/pzzb2083.webp?fit=1170%2C700&ssl=1","type":"image\/webp"}],"author":"Redacao VerdadeOn","twitter_card":"summary_large_image","twitter_misc":{"Escrito por":"Redacao VerdadeOn","Est. tempo de leitura":"2 minutos"},"schema":{"@context":"https:\/\/schema.org","@graph":[{"@type":"WebPage","@id":"https:\/\/verdadeon.com.br\/portal\/2024\/09\/10\/camara-aprova-urgencia-para-desoneracao-da-folha-de-pagamento\/","url":"https:\/\/verdadeon.com.br\/portal\/2024\/09\/10\/camara-aprova-urgencia-para-desoneracao-da-folha-de-pagamento\/","name":"C\u00e2mara aprova urg\u00eancia para desonera\u00e7\u00e3o da folha de pagamento - VerdadeOn","isPartOf":{"@id":"https:\/\/verdadeon.com.br\/portal\/#website"},"primaryImageOfPage":{"@id":"https:\/\/verdadeon.com.br\/portal\/2024\/09\/10\/camara-aprova-urgencia-para-desoneracao-da-folha-de-pagamento\/#primaryimage"},"image":{"@id":"https:\/\/verdadeon.com.br\/portal\/2024\/09\/10\/camara-aprova-urgencia-para-desoneracao-da-folha-de-pagamento\/#primaryimage"},"thumbnailUrl":"https:\/\/i0.wp.com\/verdadeon.com.br\/portal\/wp-content\/uploads\/2024\/07\/pzzb2083.webp?fit=1170%2C700&ssl=1","datePublished":"2024-09-10T17:53:49+00:00","author":{"@id":"https:\/\/verdadeon.com.br\/portal\/#\/schema\/person\/a5060ad1e9ea3df545188fc93ce43d2f"},"breadcrumb":{"@id":"https:\/\/verdadeon.com.br\/portal\/2024\/09\/10\/camara-aprova-urgencia-para-desoneracao-da-folha-de-pagamento\/#breadcrumb"},"inLanguage":"pt-BR","potentialAction":[{"@type":"ReadAction","target":["https:\/\/verdadeon.com.br\/portal\/2024\/09\/10\/camara-aprova-urgencia-para-desoneracao-da-folha-de-pagamento\/"]}]},{"@type":"ImageObject","inLanguage":"pt-BR","@id":"https:\/\/verdadeon.com.br\/portal\/2024\/09\/10\/camara-aprova-urgencia-para-desoneracao-da-folha-de-pagamento\/#primaryimage","url":"https:\/\/i0.wp.com\/verdadeon.com.br\/portal\/wp-content\/uploads\/2024\/07\/pzzb2083.webp?fit=1170%2C700&ssl=1","contentUrl":"https:\/\/i0.wp.com\/verdadeon.com.br\/portal\/wp-content\/uploads\/2024\/07\/pzzb2083.webp?fit=1170%2C700&ssl=1","width":1170,"height":700,"caption":"No ano passado, o Congresso Nacional havia aprovado a manuten\u00e7\u00e3o da desonera\u00e7\u00e3o da folha, mas o presidente Luiz In\u00e1cio Lula da Silva vetou trechos da Lei 14.784, de 2023 (\u00a9Antonio Cruz)"},{"@type":"BreadcrumbList","@id":"https:\/\/verdadeon.com.br\/portal\/2024\/09\/10\/camara-aprova-urgencia-para-desoneracao-da-folha-de-pagamento\/#breadcrumb","itemListElement":[{"@type":"ListItem","position":1,"name":"In\u00edcio","item":"https:\/\/verdadeon.com.br\/portal\/"},{"@type":"ListItem","position":2,"name":"C\u00e2mara aprova urg\u00eancia para desonera\u00e7\u00e3o da folha de pagamento"}]},{"@type":"WebSite","@id":"https:\/\/verdadeon.com.br\/portal\/#website","url":"https:\/\/verdadeon.com.br\/portal\/","name":"VerdadeOn","description":"Not\u00edcias di\u00e1rias sobre Franca, Regi\u00e3o, Esporte, Cultura, Cotidiano, Colunas. Cobertura nos principais eventos da cidade \u00e9 aqui - Verdadeon Franca","potentialAction":[{"@type":"SearchAction","target":{"@type":"EntryPoint","urlTemplate":"https:\/\/verdadeon.com.br\/portal\/?s={search_term_string}"},"query-input":{"@type":"PropertyValueSpecification","valueRequired":true,"valueName":"search_term_string"}}],"inLanguage":"pt-BR"},{"@type":"Person","@id":"https:\/\/verdadeon.com.br\/portal\/#\/schema\/person\/a5060ad1e9ea3df545188fc93ce43d2f","name":"Redacao VerdadeOn","image":{"@type":"ImageObject","inLanguage":"pt-BR","@id":"https:\/\/verdadeon.com.br\/portal\/#\/schema\/person\/image\/","url":"https:\/\/secure.gravatar.com\/avatar\/459a9613caaaf07f582c3d0841eea68bdd66f533e465e6ba8b9cb45619572cf4?s=96&d=mm&r=g","contentUrl":"https:\/\/secure.gravatar.com\/avatar\/459a9613caaaf07f582c3d0841eea68bdd66f533e465e6ba8b9cb45619572cf4?s=96&d=mm&r=g","caption":"Redacao VerdadeOn"},"url":"https:\/\/verdadeon.com.br\/portal\/author\/redacao\/"}]}},"jetpack_publicize_connections":[],"jetpack_featured_media_url":"https:\/\/i0.wp.com\/verdadeon.com.br\/portal\/wp-content\/uploads\/2024\/07\/pzzb2083.webp?fit=1170%2C700&ssl=1","jetpack_sharing_enabled":true,"_links":{"self":[{"href":"https:\/\/verdadeon.com.br\/portal\/wp-json\/wp\/v2\/posts\/49477","targetHints":{"allow":["GET"]}}],"collection":[{"href":"https:\/\/verdadeon.com.br\/portal\/wp-json\/wp\/v2\/posts"}],"about":[{"href":"https:\/\/verdadeon.com.br\/portal\/wp-json\/wp\/v2\/types\/post"}],"author":[{"embeddable":true,"href":"https:\/\/verdadeon.com.br\/portal\/wp-json\/wp\/v2\/users\/10"}],"replies":[{"embeddable":true,"href":"https:\/\/verdadeon.com.br\/portal\/wp-json\/wp\/v2\/comments?post=49477"}],"version-history":[{"count":1,"href":"https:\/\/verdadeon.com.br\/portal\/wp-json\/wp\/v2\/posts\/49477\/revisions"}],"predecessor-version":[{"id":49478,"href":"https:\/\/verdadeon.com.br\/portal\/wp-json\/wp\/v2\/posts\/49477\/revisions\/49478"}],"wp:featuredmedia":[{"embeddable":true,"href":"https:\/\/verdadeon.com.br\/portal\/wp-json\/wp\/v2\/media\/46600"}],"wp:attachment":[{"href":"https:\/\/verdadeon.com.br\/portal\/wp-json\/wp\/v2\/media?parent=49477"}],"wp:term":[{"taxonomy":"category","embeddable":true,"href":"https:\/\/verdadeon.com.br\/portal\/wp-json\/wp\/v2\/categories?post=49477"},{"taxonomy":"post_tag","embeddable":true,"href":"https:\/\/verdadeon.com.br\/portal\/wp-json\/wp\/v2\/tags?post=49477"}],"curies":[{"name":"wp","href":"https:\/\/api.w.org\/{rel}","templated":true}]}}