{"id":4938,"date":"2020-03-13T07:15:30","date_gmt":"2020-03-13T10:15:30","guid":{"rendered":"http:\/\/verdadeon.com.br\/portal\/?p=4938"},"modified":"2020-03-12T22:57:33","modified_gmt":"2020-03-13T01:57:33","slug":"sepultado-adolescente-que-morreu-em-colisao","status":"publish","type":"post","link":"https:\/\/verdadeon.com.br\/portal\/2020\/03\/13\/sepultado-adolescente-que-morreu-em-colisao\/","title":{"rendered":"Sepultado adolescente que morreu em colis\u00e3o"},"content":{"rendered":"<h2>Caio Ribeiro Alves de 13 anos colidiu a bicicleta dele com um ve\u00edculo na zona sul da cidade<\/h2>\n<p>&nbsp;<\/p>\n<p>Foi enterrado na tarde de ontem (12), o adolescente Caio Ribeiro Alves, de 13 anos. Ele foi velado durante toda a quinta-feira na sala cinco do Vel\u00f3rio S\u00e3o Vicente e seputaldo sob forte como\u00e7\u00e3o no cemit\u00e9rio Jardim das Oliveiras, na zona oeste da cidade.<br \/>\nDe acordo com a Pol\u00edcia Militar, Caio descia de bicicleta na contram\u00e3o, na rua Maria Concei\u00e7\u00e3o Machado. Ele bateu de frente com um ve\u00edculo Corsa Classic. Com o impacto ele chegou a ser arremessado e bateu violentamente com a cabe\u00e7a no ch\u00e3o.<br \/>\nO condutor acionou o Corpo de Bombeiros de Franca, que prestou os primeiros socorros ainda no local. Ap\u00f3s, o adolescente foi levado at\u00e9 a Santa Casa de Franca, onde passou por atendimento m\u00e9dico, mas faleceu horas depois. De acordo com os bombeiros ele sofreu um traumatismo craniano.<br \/>\nPara a Pol\u00edcia Militar, o condutor do ve\u00edculo afirmou que percebeu que Caio seguia pela contram\u00e3o. Ele afirmou ainda que ao perceber que bateria na bicicleta do adolescente, tentou desviar, mas Caio tamb\u00e9m desviou e os dois foram para a direita. Com o impacto a bicicleta ficou completamente destru\u00edda.<br \/>\nCaio Ribeiro Alves fazia parte da equipe sub-14 de basquete do Instituto Chu\u00ed, era o primeiro ano dele nos trabalhos de rendimento.<br \/>\nEm uma nota divulgada nas redes sociais, o Instituto destacou as qualidades do menino, afirmando que ele era uma pessoa humilde, educada e cheia de sonhos inclusive dentro do basquete. &#8220;\u00c9 com muita tristeza que recebemos a not\u00edcia da morte do garoto Caio Ribeiro, v\u00edtima de um acidente de tr\u00e2nsito ontem a tarde, em Franca. Caio estava na nossa equipe sub-14, era o primeiro ano dele nos trabalhos de rendimento. Uma pessoa humilde, muito educada, dedicada e cheia de sonhos, principalmente movidos pelo basquete.Nossos profundos sentimentos aos familiares e amigos que tanto o amava, ama e amar\u00e1, uma saudade eterna e uma tristeza imensa que se reflete neste momento. Caio, seu esp\u00edrito de luta e carisma sempre viver\u00e1 em nossos cora\u00e7\u00f5es! Equipe Instituto Chu\u00ed de Esportes&#8221;, divulgou o Instituto Chu\u00ed.<br \/>\nNas redes sociais a morte tamb\u00e9m causou como\u00e7\u00e3o. &#8220;Estamos muito tristes e em ora\u00e7\u00e3o pra que Deus conforte essa fam\u00edlia. Meus sentimentos&#8221;, escreveu uma internauta.<\/p>\n","protected":false},"excerpt":{"rendered":"<p>Caio Ribeiro Alves de 13 anos colidiu a bicicleta dele com um ve\u00edculo na zona sul da cidade &nbsp; Foi enterrado na tarde de ontem (12),<span class=\"excerpt-hellip\"> [\u2026]<\/span><\/p>\n","protected":false},"author":10,"featured_media":4944,"comment_status":"open","ping_status":"open","sticky":false,"template":"","format":"standard","meta":{"_jetpack_memberships_contains_paid_content":false,"footnotes":"","jetpack_publicize_message":"","jetpack_publicize_feature_enabled":true,"jetpack_social_post_already_shared":false,"jetpack_social_options":{"image_generator_settings":{"template":"highway","default_image_id":0,"enabled":false},"version":2}},"categories":[28,44],"tags":[],"class_list":["post-4938","post","type-post","status-publish","format-standard","has-post-thumbnail","hentry","category-cotidiano","category-noticias"],"yoast_head":"<!-- This site is optimized with the Yoast SEO plugin v25.6 - https:\/\/yoast.com\/wordpress\/plugins\/seo\/ -->\n<title>Sepultado adolescente que morreu em colis\u00e3o - VerdadeOn<\/title>\n<meta name=\"robots\" content=\"index, follow, max-snippet:-1, max-image-preview:large, max-video-preview:-1\" \/>\n<link rel=\"canonical\" href=\"https:\/\/verdadeon.com.br\/portal\/2020\/03\/13\/sepultado-adolescente-que-morreu-em-colisao\/\" \/>\n<meta property=\"og:locale\" content=\"pt_BR\" \/>\n<meta property=\"og:type\" content=\"article\" \/>\n<meta property=\"og:title\" content=\"Sepultado adolescente que morreu em colis\u00e3o - VerdadeOn\" \/>\n<meta property=\"og:description\" content=\"Caio Ribeiro Alves de 13 anos colidiu a bicicleta dele com um ve\u00edculo na zona sul da cidade &nbsp; Foi enterrado na tarde de ontem (12), [\u2026]\" \/>\n<meta property=\"og:url\" content=\"https:\/\/verdadeon.com.br\/portal\/2020\/03\/13\/sepultado-adolescente-que-morreu-em-colisao\/\" \/>\n<meta property=\"og:site_name\" content=\"VerdadeOn\" \/>\n<meta property=\"article:published_time\" content=\"2020-03-13T10:15:30+00:00\" \/>\n<meta property=\"og:image\" content=\"https:\/\/verdadeon.com.br\/portal\/wp-content\/uploads\/2020\/03\/Enterro-Caio-Ribeiro-Foto-Lindomar-Cailton-17.jpg\" \/>\n\t<meta property=\"og:image:width\" content=\"1000\" \/>\n\t<meta property=\"og:image:height\" content=\"668\" \/>\n\t<meta property=\"og:image:type\" content=\"image\/jpeg\" \/>\n<meta name=\"author\" content=\"Redacao VerdadeOn\" \/>\n<meta name=\"twitter:card\" content=\"summary_large_image\" \/>\n<meta name=\"twitter:label1\" content=\"Escrito por\" \/>\n\t<meta name=\"twitter:data1\" content=\"Redacao VerdadeOn\" \/>\n\t<meta name=\"twitter:label2\" content=\"Est. tempo de leitura\" \/>\n\t<meta name=\"twitter:data2\" content=\"2 minutos\" \/>\n<script type=\"application\/ld+json\" class=\"yoast-schema-graph\">{\"@context\":\"https:\/\/schema.org\",\"@graph\":[{\"@type\":\"WebPage\",\"@id\":\"https:\/\/verdadeon.com.br\/portal\/2020\/03\/13\/sepultado-adolescente-que-morreu-em-colisao\/\",\"url\":\"https:\/\/verdadeon.com.br\/portal\/2020\/03\/13\/sepultado-adolescente-que-morreu-em-colisao\/\",\"name\":\"Sepultado adolescente que morreu em colis\u00e3o - VerdadeOn\",\"isPartOf\":{\"@id\":\"https:\/\/verdadeon.com.br\/portal\/#website\"},\"primaryImageOfPage\":{\"@id\":\"https:\/\/verdadeon.com.br\/portal\/2020\/03\/13\/sepultado-adolescente-que-morreu-em-colisao\/#primaryimage\"},\"image\":{\"@id\":\"https:\/\/verdadeon.com.br\/portal\/2020\/03\/13\/sepultado-adolescente-que-morreu-em-colisao\/#primaryimage\"},\"thumbnailUrl\":\"https:\/\/i0.wp.com\/verdadeon.com.br\/portal\/wp-content\/uploads\/2020\/03\/Enterro-Caio-Ribeiro-Foto-Lindomar-Cailton-17.jpg?fit=1000%2C668&ssl=1\",\"datePublished\":\"2020-03-13T10:15:30+00:00\",\"author\":{\"@id\":\"https:\/\/verdadeon.com.br\/portal\/#\/schema\/person\/a5060ad1e9ea3df545188fc93ce43d2f\"},\"breadcrumb\":{\"@id\":\"https:\/\/verdadeon.com.br\/portal\/2020\/03\/13\/sepultado-adolescente-que-morreu-em-colisao\/#breadcrumb\"},\"inLanguage\":\"pt-BR\",\"potentialAction\":[{\"@type\":\"ReadAction\",\"target\":[\"https:\/\/verdadeon.com.br\/portal\/2020\/03\/13\/sepultado-adolescente-que-morreu-em-colisao\/\"]}]},{\"@type\":\"ImageObject\",\"inLanguage\":\"pt-BR\",\"@id\":\"https:\/\/verdadeon.com.br\/portal\/2020\/03\/13\/sepultado-adolescente-que-morreu-em-colisao\/#primaryimage\",\"url\":\"https:\/\/i0.wp.com\/verdadeon.com.br\/portal\/wp-content\/uploads\/2020\/03\/Enterro-Caio-Ribeiro-Foto-Lindomar-Cailton-17.jpg?fit=1000%2C668&ssl=1\",\"contentUrl\":\"https:\/\/i0.wp.com\/verdadeon.com.br\/portal\/wp-content\/uploads\/2020\/03\/Enterro-Caio-Ribeiro-Foto-Lindomar-Cailton-17.jpg?fit=1000%2C668&ssl=1\",\"width\":1000,\"height\":668,\"caption\":\"tristeza -Amigos, familiares e conhecidos se despediram de Caio Oliveira de 13 anos, na tarde de ontem (12). Ele foi sepultado no cemit\u00e9rio Jardim das Oliveiras. Adolescente se envolveu em acidente | Foto: Lindomar Cailton\"},{\"@type\":\"BreadcrumbList\",\"@id\":\"https:\/\/verdadeon.com.br\/portal\/2020\/03\/13\/sepultado-adolescente-que-morreu-em-colisao\/#breadcrumb\",\"itemListElement\":[{\"@type\":\"ListItem\",\"position\":1,\"name\":\"In\u00edcio\",\"item\":\"https:\/\/verdadeon.com.br\/portal\/\"},{\"@type\":\"ListItem\",\"position\":2,\"name\":\"Sepultado adolescente que morreu em colis\u00e3o\"}]},{\"@type\":\"WebSite\",\"@id\":\"https:\/\/verdadeon.com.br\/portal\/#website\",\"url\":\"https:\/\/verdadeon.com.br\/portal\/\",\"name\":\"VerdadeOn\",\"description\":\"Not\u00edcias di\u00e1rias sobre Franca, Regi\u00e3o, Esporte, Cultura, Cotidiano, Colunas. Cobertura nos principais eventos da cidade \u00e9 aqui - Verdadeon Franca\",\"potentialAction\":[{\"@type\":\"SearchAction\",\"target\":{\"@type\":\"EntryPoint\",\"urlTemplate\":\"https:\/\/verdadeon.com.br\/portal\/?s={search_term_string}\"},\"query-input\":{\"@type\":\"PropertyValueSpecification\",\"valueRequired\":true,\"valueName\":\"search_term_string\"}}],\"inLanguage\":\"pt-BR\"},{\"@type\":\"Person\",\"@id\":\"https:\/\/verdadeon.com.br\/portal\/#\/schema\/person\/a5060ad1e9ea3df545188fc93ce43d2f\",\"name\":\"Redacao VerdadeOn\",\"image\":{\"@type\":\"ImageObject\",\"inLanguage\":\"pt-BR\",\"@id\":\"https:\/\/verdadeon.com.br\/portal\/#\/schema\/person\/image\/\",\"url\":\"https:\/\/secure.gravatar.com\/avatar\/459a9613caaaf07f582c3d0841eea68bdd66f533e465e6ba8b9cb45619572cf4?s=96&d=mm&r=g\",\"contentUrl\":\"https:\/\/secure.gravatar.com\/avatar\/459a9613caaaf07f582c3d0841eea68bdd66f533e465e6ba8b9cb45619572cf4?s=96&d=mm&r=g\",\"caption\":\"Redacao VerdadeOn\"},\"url\":\"https:\/\/verdadeon.com.br\/portal\/author\/redacao\/\"}]}<\/script>\n<!-- \/ Yoast SEO plugin. -->","yoast_head_json":{"title":"Sepultado adolescente que morreu em colis\u00e3o - VerdadeOn","robots":{"index":"index","follow":"follow","max-snippet":"max-snippet:-1","max-image-preview":"max-image-preview:large","max-video-preview":"max-video-preview:-1"},"canonical":"https:\/\/verdadeon.com.br\/portal\/2020\/03\/13\/sepultado-adolescente-que-morreu-em-colisao\/","og_locale":"pt_BR","og_type":"article","og_title":"Sepultado adolescente que morreu em colis\u00e3o - VerdadeOn","og_description":"Caio Ribeiro Alves de 13 anos colidiu a bicicleta dele com um ve\u00edculo na zona sul da cidade &nbsp; Foi enterrado na tarde de ontem (12), [\u2026]","og_url":"https:\/\/verdadeon.com.br\/portal\/2020\/03\/13\/sepultado-adolescente-que-morreu-em-colisao\/","og_site_name":"VerdadeOn","article_published_time":"2020-03-13T10:15:30+00:00","og_image":[{"width":1000,"height":668,"url":"https:\/\/verdadeon.com.br\/portal\/wp-content\/uploads\/2020\/03\/Enterro-Caio-Ribeiro-Foto-Lindomar-Cailton-17.jpg","type":"image\/jpeg"}],"author":"Redacao VerdadeOn","twitter_card":"summary_large_image","twitter_misc":{"Escrito por":"Redacao VerdadeOn","Est. tempo de leitura":"2 minutos"},"schema":{"@context":"https:\/\/schema.org","@graph":[{"@type":"WebPage","@id":"https:\/\/verdadeon.com.br\/portal\/2020\/03\/13\/sepultado-adolescente-que-morreu-em-colisao\/","url":"https:\/\/verdadeon.com.br\/portal\/2020\/03\/13\/sepultado-adolescente-que-morreu-em-colisao\/","name":"Sepultado adolescente que morreu em colis\u00e3o - VerdadeOn","isPartOf":{"@id":"https:\/\/verdadeon.com.br\/portal\/#website"},"primaryImageOfPage":{"@id":"https:\/\/verdadeon.com.br\/portal\/2020\/03\/13\/sepultado-adolescente-que-morreu-em-colisao\/#primaryimage"},"image":{"@id":"https:\/\/verdadeon.com.br\/portal\/2020\/03\/13\/sepultado-adolescente-que-morreu-em-colisao\/#primaryimage"},"thumbnailUrl":"https:\/\/i0.wp.com\/verdadeon.com.br\/portal\/wp-content\/uploads\/2020\/03\/Enterro-Caio-Ribeiro-Foto-Lindomar-Cailton-17.jpg?fit=1000%2C668&ssl=1","datePublished":"2020-03-13T10:15:30+00:00","author":{"@id":"https:\/\/verdadeon.com.br\/portal\/#\/schema\/person\/a5060ad1e9ea3df545188fc93ce43d2f"},"breadcrumb":{"@id":"https:\/\/verdadeon.com.br\/portal\/2020\/03\/13\/sepultado-adolescente-que-morreu-em-colisao\/#breadcrumb"},"inLanguage":"pt-BR","potentialAction":[{"@type":"ReadAction","target":["https:\/\/verdadeon.com.br\/portal\/2020\/03\/13\/sepultado-adolescente-que-morreu-em-colisao\/"]}]},{"@type":"ImageObject","inLanguage":"pt-BR","@id":"https:\/\/verdadeon.com.br\/portal\/2020\/03\/13\/sepultado-adolescente-que-morreu-em-colisao\/#primaryimage","url":"https:\/\/i0.wp.com\/verdadeon.com.br\/portal\/wp-content\/uploads\/2020\/03\/Enterro-Caio-Ribeiro-Foto-Lindomar-Cailton-17.jpg?fit=1000%2C668&ssl=1","contentUrl":"https:\/\/i0.wp.com\/verdadeon.com.br\/portal\/wp-content\/uploads\/2020\/03\/Enterro-Caio-Ribeiro-Foto-Lindomar-Cailton-17.jpg?fit=1000%2C668&ssl=1","width":1000,"height":668,"caption":"tristeza -Amigos, familiares e conhecidos se despediram de Caio Oliveira de 13 anos, na tarde de ontem (12). Ele foi sepultado no cemit\u00e9rio Jardim das Oliveiras. Adolescente se envolveu em acidente | Foto: Lindomar Cailton"},{"@type":"BreadcrumbList","@id":"https:\/\/verdadeon.com.br\/portal\/2020\/03\/13\/sepultado-adolescente-que-morreu-em-colisao\/#breadcrumb","itemListElement":[{"@type":"ListItem","position":1,"name":"In\u00edcio","item":"https:\/\/verdadeon.com.br\/portal\/"},{"@type":"ListItem","position":2,"name":"Sepultado adolescente que morreu em colis\u00e3o"}]},{"@type":"WebSite","@id":"https:\/\/verdadeon.com.br\/portal\/#website","url":"https:\/\/verdadeon.com.br\/portal\/","name":"VerdadeOn","description":"Not\u00edcias di\u00e1rias sobre Franca, Regi\u00e3o, Esporte, Cultura, Cotidiano, Colunas. Cobertura nos principais eventos da cidade \u00e9 aqui - Verdadeon Franca","potentialAction":[{"@type":"SearchAction","target":{"@type":"EntryPoint","urlTemplate":"https:\/\/verdadeon.com.br\/portal\/?s={search_term_string}"},"query-input":{"@type":"PropertyValueSpecification","valueRequired":true,"valueName":"search_term_string"}}],"inLanguage":"pt-BR"},{"@type":"Person","@id":"https:\/\/verdadeon.com.br\/portal\/#\/schema\/person\/a5060ad1e9ea3df545188fc93ce43d2f","name":"Redacao VerdadeOn","image":{"@type":"ImageObject","inLanguage":"pt-BR","@id":"https:\/\/verdadeon.com.br\/portal\/#\/schema\/person\/image\/","url":"https:\/\/secure.gravatar.com\/avatar\/459a9613caaaf07f582c3d0841eea68bdd66f533e465e6ba8b9cb45619572cf4?s=96&d=mm&r=g","contentUrl":"https:\/\/secure.gravatar.com\/avatar\/459a9613caaaf07f582c3d0841eea68bdd66f533e465e6ba8b9cb45619572cf4?s=96&d=mm&r=g","caption":"Redacao VerdadeOn"},"url":"https:\/\/verdadeon.com.br\/portal\/author\/redacao\/"}]}},"jetpack_publicize_connections":[],"jetpack_featured_media_url":"https:\/\/i0.wp.com\/verdadeon.com.br\/portal\/wp-content\/uploads\/2020\/03\/Enterro-Caio-Ribeiro-Foto-Lindomar-Cailton-17.jpg?fit=1000%2C668&ssl=1","jetpack_sharing_enabled":true,"_links":{"self":[{"href":"https:\/\/verdadeon.com.br\/portal\/wp-json\/wp\/v2\/posts\/4938","targetHints":{"allow":["GET"]}}],"collection":[{"href":"https:\/\/verdadeon.com.br\/portal\/wp-json\/wp\/v2\/posts"}],"about":[{"href":"https:\/\/verdadeon.com.br\/portal\/wp-json\/wp\/v2\/types\/post"}],"author":[{"embeddable":true,"href":"https:\/\/verdadeon.com.br\/portal\/wp-json\/wp\/v2\/users\/10"}],"replies":[{"embeddable":true,"href":"https:\/\/verdadeon.com.br\/portal\/wp-json\/wp\/v2\/comments?post=4938"}],"version-history":[{"count":0,"href":"https:\/\/verdadeon.com.br\/portal\/wp-json\/wp\/v2\/posts\/4938\/revisions"}],"wp:featuredmedia":[{"embeddable":true,"href":"https:\/\/verdadeon.com.br\/portal\/wp-json\/wp\/v2\/media\/4944"}],"wp:attachment":[{"href":"https:\/\/verdadeon.com.br\/portal\/wp-json\/wp\/v2\/media?parent=4938"}],"wp:term":[{"taxonomy":"category","embeddable":true,"href":"https:\/\/verdadeon.com.br\/portal\/wp-json\/wp\/v2\/categories?post=4938"},{"taxonomy":"post_tag","embeddable":true,"href":"https:\/\/verdadeon.com.br\/portal\/wp-json\/wp\/v2\/tags?post=4938"}],"curies":[{"name":"wp","href":"https:\/\/api.w.org\/{rel}","templated":true}]}}