{"id":4937,"date":"2020-03-13T07:15:26","date_gmt":"2020-03-13T10:15:26","guid":{"rendered":"http:\/\/verdadeon.com.br\/portal\/?p=4937"},"modified":"2020-03-12T22:56:11","modified_gmt":"2020-03-13T01:56:11","slug":"cromossomo-do-amor","status":"publish","type":"post","link":"https:\/\/verdadeon.com.br\/portal\/2020\/03\/13\/cromossomo-do-amor\/","title":{"rendered":"Cromossomo do AMOR"},"content":{"rendered":"<h2>No m\u00eas Internacional da S\u00edndrome de Down palestras, atividades e piquenique abordar\u00e3o o tema<\/h2>\n<p>&nbsp;<\/p>\n<p>H\u00e1 14 anos o dia 21 de mar\u00e7o tornou-se um marco importante passando a representar o Dia Internacional da S\u00edndrome de Down. N\u00e3o por acaso, a data foi escolhida em aten\u00e7\u00e3o a rela\u00e7\u00e3o com a altera\u00e7\u00e3o gen\u00e9tica no cromossomo \u201821\u2019, normalmente \u00e9 formado por um par, mas que no caso de pessoas com S\u00edndrome de Down \u00e9 composto por tr\u00eas exemplares.<br \/>\nRepresentativa, a data \u00e9 vista tamb\u00e9m como uma oportunidade de dar mais visibilidade ao tema e, principalmente, dissipar muitos preconceitos ainda existentes na sociedade. Em Franca, a partir deste s\u00e1bado (14) ser\u00e3o realizadas diversas a\u00e7\u00f5es idealizadas pelo grupo Crer para Ver.<br \/>\nNo Instituto Samaritano de Ensino, das 8h \u00e0s 12h30, ser\u00e3o ministradas duas palestras: \u201cAdapta\u00e7\u00f5es Curriculares para Alunos da Educa\u00e7\u00e3o Especial\u201d, com a Profa. Dra. Miryan Cristina Buzetti e \u201cS\u00edndrome de Down e minhas Palavras Favoritas \u2013 O que deve ser ensinado desde a inf\u00e2ncia\u201d, com Profa. Me. Doutoranda \u2013 Beatriz Helena Brugnaro. Pais, professores, profissionais e simpatizantes com a causa da pessoa com s\u00edndrome de down s\u00e3o convidados. Inscri\u00e7\u00f5es podem ser feitas pelo whatsapp pelo (16) 99302-5460.<br \/>\nJ\u00e1 na pr\u00f3xima semana no dia (20) o Shopping do Cal\u00e7ado ser\u00e1 palco de uma roda de conversas, a partir das 18 horas, realizada pela cl\u00ednica Aprimore, com apoio do grupo Crer para Ver. E no dia seguinte (21), \u00e0s 14 horas, tamb\u00e9m no Centro de compras, um show de talentos promete emocionar. Os dois eventos s\u00e3o gratuitos e aberto ao p\u00fablico.<br \/>\nNo domingo (22) ser\u00e1 a vez da oitava edi\u00e7\u00e3o do Piquenique Crer para Ver. Neste ano tendo como tema \u201cO que eu canto quando voc\u00ea me d\u00e1 voz!!!!\u201d, o encontro contar\u00e1 na programa\u00e7\u00e3o com desfile, zumba, conta\u00e7\u00e3o de hist\u00f3rias, basquete, futebol e a banda Projeto X. A divers\u00e3o ser\u00e1 das 8h30 \u00e0s 12h30, no Poliesportivo de Franca. Todos os simpatizantes s\u00e3o convidados. \u00c9 preciso levar um prato de quitanda e refrigerante ou suco.<br \/>\n\u201cO piquenique \u00e9 uma oportunidade de integra\u00e7\u00e3o e principalmente da participa\u00e7\u00e3o do pai que pode brincar com os filhos, ver o progresso. L\u00e1 ser\u00e1 um momento de brincar, s\u00e3o v\u00e1rias atividades, dan\u00e7a, esportes, desfile. Quem for at\u00e9 o P\u00f3li vai chegando e participando deste momento que \u00e9 sempre muito animador\u201d, disse a coordenadora do grupo Crer para Ver, Karla Borges.<br \/>\nS\u00e3o esperadas 200 pessoas durante o piquenique. Al\u00e9m das fam\u00edlias, estar\u00e3o presentes profissionais como terapeutas ocupacionais e educadores.<\/p>\n","protected":false},"excerpt":{"rendered":"<p>No m\u00eas Internacional da S\u00edndrome de Down palestras, atividades e piquenique abordar\u00e3o o tema &nbsp; H\u00e1 14 anos o dia 21 de mar\u00e7o tornou-se um marco<span class=\"excerpt-hellip\"> [\u2026]<\/span><\/p>\n","protected":false},"author":10,"featured_media":4942,"comment_status":"open","ping_status":"open","sticky":false,"template":"","format":"standard","meta":{"_jetpack_memberships_contains_paid_content":false,"footnotes":"","jetpack_publicize_message":"","jetpack_publicize_feature_enabled":true,"jetpack_social_post_already_shared":false,"jetpack_social_options":{"image_generator_settings":{"template":"highway","default_image_id":0,"enabled":false},"version":2}},"categories":[28,44],"tags":[],"class_list":["post-4937","post","type-post","status-publish","format-standard","has-post-thumbnail","hentry","category-cotidiano","category-noticias"],"yoast_head":"<!-- This site is optimized with the Yoast SEO plugin v25.6 - https:\/\/yoast.com\/wordpress\/plugins\/seo\/ -->\n<title>Cromossomo do AMOR - VerdadeOn<\/title>\n<meta name=\"robots\" content=\"index, follow, max-snippet:-1, max-image-preview:large, max-video-preview:-1\" \/>\n<link rel=\"canonical\" href=\"https:\/\/verdadeon.com.br\/portal\/2020\/03\/13\/cromossomo-do-amor\/\" \/>\n<meta property=\"og:locale\" content=\"pt_BR\" \/>\n<meta property=\"og:type\" content=\"article\" \/>\n<meta property=\"og:title\" content=\"Cromossomo do AMOR - VerdadeOn\" \/>\n<meta property=\"og:description\" content=\"No m\u00eas Internacional da S\u00edndrome de Down palestras, atividades e piquenique abordar\u00e3o o tema &nbsp; H\u00e1 14 anos o dia 21 de mar\u00e7o tornou-se um marco [\u2026]\" \/>\n<meta property=\"og:url\" content=\"https:\/\/verdadeon.com.br\/portal\/2020\/03\/13\/cromossomo-do-amor\/\" \/>\n<meta property=\"og:site_name\" content=\"VerdadeOn\" \/>\n<meta property=\"article:published_time\" content=\"2020-03-13T10:15:26+00:00\" \/>\n<meta property=\"og:image\" content=\"https:\/\/verdadeon.com.br\/portal\/wp-content\/uploads\/2020\/03\/01-1.jpg\" \/>\n\t<meta property=\"og:image:width\" content=\"1000\" \/>\n\t<meta property=\"og:image:height\" content=\"666\" \/>\n\t<meta property=\"og:image:type\" content=\"image\/jpeg\" \/>\n<meta name=\"author\" content=\"Redacao VerdadeOn\" \/>\n<meta name=\"twitter:card\" content=\"summary_large_image\" \/>\n<meta name=\"twitter:label1\" content=\"Escrito por\" \/>\n\t<meta name=\"twitter:data1\" content=\"Redacao VerdadeOn\" \/>\n\t<meta name=\"twitter:label2\" content=\"Est. tempo de leitura\" \/>\n\t<meta name=\"twitter:data2\" content=\"2 minutos\" \/>\n<script type=\"application\/ld+json\" class=\"yoast-schema-graph\">{\"@context\":\"https:\/\/schema.org\",\"@graph\":[{\"@type\":\"WebPage\",\"@id\":\"https:\/\/verdadeon.com.br\/portal\/2020\/03\/13\/cromossomo-do-amor\/\",\"url\":\"https:\/\/verdadeon.com.br\/portal\/2020\/03\/13\/cromossomo-do-amor\/\",\"name\":\"Cromossomo do AMOR - VerdadeOn\",\"isPartOf\":{\"@id\":\"https:\/\/verdadeon.com.br\/portal\/#website\"},\"primaryImageOfPage\":{\"@id\":\"https:\/\/verdadeon.com.br\/portal\/2020\/03\/13\/cromossomo-do-amor\/#primaryimage\"},\"image\":{\"@id\":\"https:\/\/verdadeon.com.br\/portal\/2020\/03\/13\/cromossomo-do-amor\/#primaryimage\"},\"thumbnailUrl\":\"https:\/\/i0.wp.com\/verdadeon.com.br\/portal\/wp-content\/uploads\/2020\/03\/01-1.jpg?fit=1000%2C666&ssl=1\",\"datePublished\":\"2020-03-13T10:15:26+00:00\",\"author\":{\"@id\":\"https:\/\/verdadeon.com.br\/portal\/#\/schema\/person\/a5060ad1e9ea3df545188fc93ce43d2f\"},\"breadcrumb\":{\"@id\":\"https:\/\/verdadeon.com.br\/portal\/2020\/03\/13\/cromossomo-do-amor\/#breadcrumb\"},\"inLanguage\":\"pt-BR\",\"potentialAction\":[{\"@type\":\"ReadAction\",\"target\":[\"https:\/\/verdadeon.com.br\/portal\/2020\/03\/13\/cromossomo-do-amor\/\"]}]},{\"@type\":\"ImageObject\",\"inLanguage\":\"pt-BR\",\"@id\":\"https:\/\/verdadeon.com.br\/portal\/2020\/03\/13\/cromossomo-do-amor\/#primaryimage\",\"url\":\"https:\/\/i0.wp.com\/verdadeon.com.br\/portal\/wp-content\/uploads\/2020\/03\/01-1.jpg?fit=1000%2C666&ssl=1\",\"contentUrl\":\"https:\/\/i0.wp.com\/verdadeon.com.br\/portal\/wp-content\/uploads\/2020\/03\/01-1.jpg?fit=1000%2C666&ssl=1\",\"width\":1000,\"height\":666},{\"@type\":\"BreadcrumbList\",\"@id\":\"https:\/\/verdadeon.com.br\/portal\/2020\/03\/13\/cromossomo-do-amor\/#breadcrumb\",\"itemListElement\":[{\"@type\":\"ListItem\",\"position\":1,\"name\":\"In\u00edcio\",\"item\":\"https:\/\/verdadeon.com.br\/portal\/\"},{\"@type\":\"ListItem\",\"position\":2,\"name\":\"Cromossomo do AMOR\"}]},{\"@type\":\"WebSite\",\"@id\":\"https:\/\/verdadeon.com.br\/portal\/#website\",\"url\":\"https:\/\/verdadeon.com.br\/portal\/\",\"name\":\"VerdadeOn\",\"description\":\"Not\u00edcias di\u00e1rias sobre Franca, Regi\u00e3o, Esporte, Cultura, Cotidiano, Colunas. Cobertura nos principais eventos da cidade \u00e9 aqui - Verdadeon Franca\",\"potentialAction\":[{\"@type\":\"SearchAction\",\"target\":{\"@type\":\"EntryPoint\",\"urlTemplate\":\"https:\/\/verdadeon.com.br\/portal\/?s={search_term_string}\"},\"query-input\":{\"@type\":\"PropertyValueSpecification\",\"valueRequired\":true,\"valueName\":\"search_term_string\"}}],\"inLanguage\":\"pt-BR\"},{\"@type\":\"Person\",\"@id\":\"https:\/\/verdadeon.com.br\/portal\/#\/schema\/person\/a5060ad1e9ea3df545188fc93ce43d2f\",\"name\":\"Redacao VerdadeOn\",\"image\":{\"@type\":\"ImageObject\",\"inLanguage\":\"pt-BR\",\"@id\":\"https:\/\/verdadeon.com.br\/portal\/#\/schema\/person\/image\/\",\"url\":\"https:\/\/secure.gravatar.com\/avatar\/459a9613caaaf07f582c3d0841eea68bdd66f533e465e6ba8b9cb45619572cf4?s=96&d=mm&r=g\",\"contentUrl\":\"https:\/\/secure.gravatar.com\/avatar\/459a9613caaaf07f582c3d0841eea68bdd66f533e465e6ba8b9cb45619572cf4?s=96&d=mm&r=g\",\"caption\":\"Redacao VerdadeOn\"},\"url\":\"https:\/\/verdadeon.com.br\/portal\/author\/redacao\/\"}]}<\/script>\n<!-- \/ Yoast SEO plugin. -->","yoast_head_json":{"title":"Cromossomo do AMOR - VerdadeOn","robots":{"index":"index","follow":"follow","max-snippet":"max-snippet:-1","max-image-preview":"max-image-preview:large","max-video-preview":"max-video-preview:-1"},"canonical":"https:\/\/verdadeon.com.br\/portal\/2020\/03\/13\/cromossomo-do-amor\/","og_locale":"pt_BR","og_type":"article","og_title":"Cromossomo do AMOR - VerdadeOn","og_description":"No m\u00eas Internacional da S\u00edndrome de Down palestras, atividades e piquenique abordar\u00e3o o tema &nbsp; H\u00e1 14 anos o dia 21 de mar\u00e7o tornou-se um marco [\u2026]","og_url":"https:\/\/verdadeon.com.br\/portal\/2020\/03\/13\/cromossomo-do-amor\/","og_site_name":"VerdadeOn","article_published_time":"2020-03-13T10:15:26+00:00","og_image":[{"width":1000,"height":666,"url":"https:\/\/verdadeon.com.br\/portal\/wp-content\/uploads\/2020\/03\/01-1.jpg","type":"image\/jpeg"}],"author":"Redacao VerdadeOn","twitter_card":"summary_large_image","twitter_misc":{"Escrito por":"Redacao VerdadeOn","Est. tempo de leitura":"2 minutos"},"schema":{"@context":"https:\/\/schema.org","@graph":[{"@type":"WebPage","@id":"https:\/\/verdadeon.com.br\/portal\/2020\/03\/13\/cromossomo-do-amor\/","url":"https:\/\/verdadeon.com.br\/portal\/2020\/03\/13\/cromossomo-do-amor\/","name":"Cromossomo do AMOR - VerdadeOn","isPartOf":{"@id":"https:\/\/verdadeon.com.br\/portal\/#website"},"primaryImageOfPage":{"@id":"https:\/\/verdadeon.com.br\/portal\/2020\/03\/13\/cromossomo-do-amor\/#primaryimage"},"image":{"@id":"https:\/\/verdadeon.com.br\/portal\/2020\/03\/13\/cromossomo-do-amor\/#primaryimage"},"thumbnailUrl":"https:\/\/i0.wp.com\/verdadeon.com.br\/portal\/wp-content\/uploads\/2020\/03\/01-1.jpg?fit=1000%2C666&ssl=1","datePublished":"2020-03-13T10:15:26+00:00","author":{"@id":"https:\/\/verdadeon.com.br\/portal\/#\/schema\/person\/a5060ad1e9ea3df545188fc93ce43d2f"},"breadcrumb":{"@id":"https:\/\/verdadeon.com.br\/portal\/2020\/03\/13\/cromossomo-do-amor\/#breadcrumb"},"inLanguage":"pt-BR","potentialAction":[{"@type":"ReadAction","target":["https:\/\/verdadeon.com.br\/portal\/2020\/03\/13\/cromossomo-do-amor\/"]}]},{"@type":"ImageObject","inLanguage":"pt-BR","@id":"https:\/\/verdadeon.com.br\/portal\/2020\/03\/13\/cromossomo-do-amor\/#primaryimage","url":"https:\/\/i0.wp.com\/verdadeon.com.br\/portal\/wp-content\/uploads\/2020\/03\/01-1.jpg?fit=1000%2C666&ssl=1","contentUrl":"https:\/\/i0.wp.com\/verdadeon.com.br\/portal\/wp-content\/uploads\/2020\/03\/01-1.jpg?fit=1000%2C666&ssl=1","width":1000,"height":666},{"@type":"BreadcrumbList","@id":"https:\/\/verdadeon.com.br\/portal\/2020\/03\/13\/cromossomo-do-amor\/#breadcrumb","itemListElement":[{"@type":"ListItem","position":1,"name":"In\u00edcio","item":"https:\/\/verdadeon.com.br\/portal\/"},{"@type":"ListItem","position":2,"name":"Cromossomo do AMOR"}]},{"@type":"WebSite","@id":"https:\/\/verdadeon.com.br\/portal\/#website","url":"https:\/\/verdadeon.com.br\/portal\/","name":"VerdadeOn","description":"Not\u00edcias di\u00e1rias sobre Franca, Regi\u00e3o, Esporte, Cultura, Cotidiano, Colunas. Cobertura nos principais eventos da cidade \u00e9 aqui - Verdadeon Franca","potentialAction":[{"@type":"SearchAction","target":{"@type":"EntryPoint","urlTemplate":"https:\/\/verdadeon.com.br\/portal\/?s={search_term_string}"},"query-input":{"@type":"PropertyValueSpecification","valueRequired":true,"valueName":"search_term_string"}}],"inLanguage":"pt-BR"},{"@type":"Person","@id":"https:\/\/verdadeon.com.br\/portal\/#\/schema\/person\/a5060ad1e9ea3df545188fc93ce43d2f","name":"Redacao VerdadeOn","image":{"@type":"ImageObject","inLanguage":"pt-BR","@id":"https:\/\/verdadeon.com.br\/portal\/#\/schema\/person\/image\/","url":"https:\/\/secure.gravatar.com\/avatar\/459a9613caaaf07f582c3d0841eea68bdd66f533e465e6ba8b9cb45619572cf4?s=96&d=mm&r=g","contentUrl":"https:\/\/secure.gravatar.com\/avatar\/459a9613caaaf07f582c3d0841eea68bdd66f533e465e6ba8b9cb45619572cf4?s=96&d=mm&r=g","caption":"Redacao VerdadeOn"},"url":"https:\/\/verdadeon.com.br\/portal\/author\/redacao\/"}]}},"jetpack_publicize_connections":[],"jetpack_featured_media_url":"https:\/\/i0.wp.com\/verdadeon.com.br\/portal\/wp-content\/uploads\/2020\/03\/01-1.jpg?fit=1000%2C666&ssl=1","jetpack_sharing_enabled":true,"_links":{"self":[{"href":"https:\/\/verdadeon.com.br\/portal\/wp-json\/wp\/v2\/posts\/4937","targetHints":{"allow":["GET"]}}],"collection":[{"href":"https:\/\/verdadeon.com.br\/portal\/wp-json\/wp\/v2\/posts"}],"about":[{"href":"https:\/\/verdadeon.com.br\/portal\/wp-json\/wp\/v2\/types\/post"}],"author":[{"embeddable":true,"href":"https:\/\/verdadeon.com.br\/portal\/wp-json\/wp\/v2\/users\/10"}],"replies":[{"embeddable":true,"href":"https:\/\/verdadeon.com.br\/portal\/wp-json\/wp\/v2\/comments?post=4937"}],"version-history":[{"count":0,"href":"https:\/\/verdadeon.com.br\/portal\/wp-json\/wp\/v2\/posts\/4937\/revisions"}],"wp:featuredmedia":[{"embeddable":true,"href":"https:\/\/verdadeon.com.br\/portal\/wp-json\/wp\/v2\/media\/4942"}],"wp:attachment":[{"href":"https:\/\/verdadeon.com.br\/portal\/wp-json\/wp\/v2\/media?parent=4937"}],"wp:term":[{"taxonomy":"category","embeddable":true,"href":"https:\/\/verdadeon.com.br\/portal\/wp-json\/wp\/v2\/categories?post=4937"},{"taxonomy":"post_tag","embeddable":true,"href":"https:\/\/verdadeon.com.br\/portal\/wp-json\/wp\/v2\/tags?post=4937"}],"curies":[{"name":"wp","href":"https:\/\/api.w.org\/{rel}","templated":true}]}}