{"id":4936,"date":"2020-03-13T07:30:24","date_gmt":"2020-03-13T10:30:24","guid":{"rendered":"http:\/\/verdadeon.com.br\/portal\/?p=4936"},"modified":"2020-03-18T16:32:33","modified_gmt":"2020-03-18T19:32:33","slug":"franca-investiga-mais-4-suspeitos-de-coronavirus","status":"publish","type":"post","link":"https:\/\/verdadeon.com.br\/portal\/2020\/03\/13\/franca-investiga-mais-4-suspeitos-de-coronavirus\/","title":{"rendered":"Franca investiga mais 4 suspeitos de coronav\u00edrus"},"content":{"rendered":"<h2>Secretaria de Sa\u00fade j\u00e1 havia investigado e descartado 2 casos suspeitos<\/h2>\n<p>Franca investiga mais quatro casos suspeitos do novo coronav\u00edrus, segundo informa\u00e7\u00f5es da Secretaria de Sa\u00fade. Anteriormente outros dois casos suspeitos j\u00e1 foram descartados. Todos os suspeitos, que n\u00e3o tiveram suas identidades divulgadas, s\u00e3o adultos e se enquadram dentro do protocolo do Minist\u00e9rio da Sa\u00fade e voltaram recentemente de viagem em locais onde est\u00e1 tendo transmiss\u00e3o. Casos s\u00f3 s\u00e3o oficialmente reconhecidos como suspeitos ap\u00f3s confirma\u00e7\u00e3o da Secretaria de Estado da Sa\u00fade de S\u00e3o Paulo.<br \/>\nAt\u00e9 a tarde de ontem (12), segundo balan\u00e7o divulgado pelo Minist\u00e9rio da Sa\u00fade, o Brasil tinha 77 casos confirmados do novo coronav\u00edrus. Com mais registros, o estado de S\u00e3o Paulo tem 42 pacientes infectados pelo novo coronav\u00edrus (Sars-Cov-2), agente causador da doen\u00e7a Covid-19.<br \/>\nOs sintomas mais comuns observados at\u00e9 agora em pessoas infectadas pelo coronav\u00edrus foram febre, tosse e falta de ar. Os sintomas s\u00e3o os mesmos da influenza.<br \/>\nDevem procurar assist\u00eancia m\u00e9dica a pessoa que apresentar febre e pelo menos um sinal ou sintoma respirat\u00f3rio (tosse, dificuldade para respirar, entre outros) e hist\u00f3rico de viagem para \u00e1rea com transmiss\u00e3o local, de acordo com a OMS, nos \u00faltimos 14 dias anteriores ao aparecimento dos sinais ou sintomas; ou os sintomas anteriores (fora a viagem para \u00e1rea de transmiss\u00e3o local) e contato pr\u00f3ximo de caso suspeito ou caso confirmado do novo coronav\u00edrus.<br \/>\n\u201cO fator de risco depende muito do organismo de cada pessoa, mas precisamos ter aten\u00e7\u00e3o especial com as crian\u00e7as, com as pessoas mais velhas e que tenham alguma doen\u00e7a cr\u00f4nica. Para se proteger a popula\u00e7\u00e3o deve seguir as orienta\u00e7\u00f5es do Minist\u00e9rio da Sa\u00fade, n\u00e3o \u00e9 preciso entrar em p\u00e2nico. Cuidados b\u00e1sicos reduzem o risco geral de contrair ou transmitir infec\u00e7\u00f5es respirat\u00f3rias agudas, incluindo o novo coronav\u00edrus\u201d, explicou o secret\u00e1rio de Sa\u00fade, Jos\u00e9 Conrado Netto.<br \/>\nSegundo a Secretaria de Sa\u00fade todas as unidades municipais est\u00e3o capacitadas para receber o paciente suspeito de acordo com o protocolo do Minist\u00e9rio da Sa\u00fade e notificar a Vigil\u00e2ncia Epidemiol\u00f3gica.<\/p>\n","protected":false},"excerpt":{"rendered":"<p>Secretaria de Sa\u00fade j\u00e1 havia investigado e descartado 2 casos suspeitos Franca investiga mais quatro casos suspeitos do novo coronav\u00edrus, segundo informa\u00e7\u00f5es da Secretaria de Sa\u00fade.<span class=\"excerpt-hellip\"> [\u2026]<\/span><\/p>\n","protected":false},"author":10,"featured_media":4940,"comment_status":"open","ping_status":"open","sticky":false,"template":"","format":"standard","meta":{"_jetpack_memberships_contains_paid_content":false,"footnotes":"","jetpack_publicize_message":"","jetpack_publicize_feature_enabled":true,"jetpack_social_post_already_shared":false,"jetpack_social_options":{"image_generator_settings":{"template":"highway","default_image_id":0,"enabled":false},"version":2}},"categories":[104,28,81],"tags":[],"class_list":["post-4936","post","type-post","status-publish","format-standard","has-post-thumbnail","hentry","category-coronavirus","category-cotidiano","category-manchete"],"yoast_head":"<!-- This site is optimized with the Yoast SEO plugin v25.6 - https:\/\/yoast.com\/wordpress\/plugins\/seo\/ -->\n<title>Franca investiga mais 4 suspeitos de coronav\u00edrus - VerdadeOn<\/title>\n<meta name=\"robots\" content=\"index, follow, max-snippet:-1, max-image-preview:large, max-video-preview:-1\" \/>\n<link rel=\"canonical\" href=\"https:\/\/verdadeon.com.br\/portal\/2020\/03\/13\/franca-investiga-mais-4-suspeitos-de-coronavirus\/\" \/>\n<meta property=\"og:locale\" content=\"pt_BR\" \/>\n<meta property=\"og:type\" content=\"article\" \/>\n<meta property=\"og:title\" content=\"Franca investiga mais 4 suspeitos de coronav\u00edrus - VerdadeOn\" \/>\n<meta property=\"og:description\" content=\"Secretaria de Sa\u00fade j\u00e1 havia investigado e descartado 2 casos suspeitos Franca investiga mais quatro casos suspeitos do novo coronav\u00edrus, segundo informa\u00e7\u00f5es da Secretaria de Sa\u00fade. [\u2026]\" \/>\n<meta property=\"og:url\" content=\"https:\/\/verdadeon.com.br\/portal\/2020\/03\/13\/franca-investiga-mais-4-suspeitos-de-coronavirus\/\" \/>\n<meta property=\"og:site_name\" content=\"VerdadeOn\" \/>\n<meta property=\"article:published_time\" content=\"2020-03-13T10:30:24+00:00\" \/>\n<meta property=\"article:modified_time\" content=\"2020-03-18T19:32:33+00:00\" \/>\n<meta property=\"og:image\" content=\"https:\/\/verdadeon.com.br\/portal\/wp-content\/uploads\/2020\/03\/pronto-socorro-alvaro-azzus-foto-guto-goncalves-19.jpg\" \/>\n\t<meta property=\"og:image:width\" content=\"1000\" \/>\n\t<meta property=\"og:image:height\" content=\"667\" \/>\n\t<meta property=\"og:image:type\" content=\"image\/jpeg\" \/>\n<meta name=\"author\" content=\"Redacao VerdadeOn\" \/>\n<meta name=\"twitter:card\" content=\"summary_large_image\" \/>\n<meta name=\"twitter:label1\" content=\"Escrito por\" \/>\n\t<meta name=\"twitter:data1\" content=\"Redacao VerdadeOn\" \/>\n\t<meta name=\"twitter:label2\" content=\"Est. tempo de leitura\" \/>\n\t<meta name=\"twitter:data2\" content=\"2 minutos\" \/>\n<script type=\"application\/ld+json\" class=\"yoast-schema-graph\">{\"@context\":\"https:\/\/schema.org\",\"@graph\":[{\"@type\":\"WebPage\",\"@id\":\"https:\/\/verdadeon.com.br\/portal\/2020\/03\/13\/franca-investiga-mais-4-suspeitos-de-coronavirus\/\",\"url\":\"https:\/\/verdadeon.com.br\/portal\/2020\/03\/13\/franca-investiga-mais-4-suspeitos-de-coronavirus\/\",\"name\":\"Franca investiga mais 4 suspeitos de coronav\u00edrus - VerdadeOn\",\"isPartOf\":{\"@id\":\"https:\/\/verdadeon.com.br\/portal\/#website\"},\"primaryImageOfPage\":{\"@id\":\"https:\/\/verdadeon.com.br\/portal\/2020\/03\/13\/franca-investiga-mais-4-suspeitos-de-coronavirus\/#primaryimage\"},\"image\":{\"@id\":\"https:\/\/verdadeon.com.br\/portal\/2020\/03\/13\/franca-investiga-mais-4-suspeitos-de-coronavirus\/#primaryimage\"},\"thumbnailUrl\":\"https:\/\/i0.wp.com\/verdadeon.com.br\/portal\/wp-content\/uploads\/2020\/03\/pronto-socorro-alvaro-azzus-foto-guto-goncalves-19.jpg?fit=1000%2C667&ssl=1\",\"datePublished\":\"2020-03-13T10:30:24+00:00\",\"dateModified\":\"2020-03-18T19:32:33+00:00\",\"author\":{\"@id\":\"https:\/\/verdadeon.com.br\/portal\/#\/schema\/person\/a5060ad1e9ea3df545188fc93ce43d2f\"},\"breadcrumb\":{\"@id\":\"https:\/\/verdadeon.com.br\/portal\/2020\/03\/13\/franca-investiga-mais-4-suspeitos-de-coronavirus\/#breadcrumb\"},\"inLanguage\":\"pt-BR\",\"potentialAction\":[{\"@type\":\"ReadAction\",\"target\":[\"https:\/\/verdadeon.com.br\/portal\/2020\/03\/13\/franca-investiga-mais-4-suspeitos-de-coronavirus\/\"]}]},{\"@type\":\"ImageObject\",\"inLanguage\":\"pt-BR\",\"@id\":\"https:\/\/verdadeon.com.br\/portal\/2020\/03\/13\/franca-investiga-mais-4-suspeitos-de-coronavirus\/#primaryimage\",\"url\":\"https:\/\/i0.wp.com\/verdadeon.com.br\/portal\/wp-content\/uploads\/2020\/03\/pronto-socorro-alvaro-azzus-foto-guto-goncalves-19.jpg?fit=1000%2C667&ssl=1\",\"contentUrl\":\"https:\/\/i0.wp.com\/verdadeon.com.br\/portal\/wp-content\/uploads\/2020\/03\/pronto-socorro-alvaro-azzus-foto-guto-goncalves-19.jpg?fit=1000%2C667&ssl=1\",\"width\":1000,\"height\":667,\"caption\":\"Na mesma semana o Pronto Socorro \u00c1lvaro Azzuz chegou a ter 47 pacientes aguardando vagas para UTI | Foto: Jornal Verdade\"},{\"@type\":\"BreadcrumbList\",\"@id\":\"https:\/\/verdadeon.com.br\/portal\/2020\/03\/13\/franca-investiga-mais-4-suspeitos-de-coronavirus\/#breadcrumb\",\"itemListElement\":[{\"@type\":\"ListItem\",\"position\":1,\"name\":\"In\u00edcio\",\"item\":\"https:\/\/verdadeon.com.br\/portal\/\"},{\"@type\":\"ListItem\",\"position\":2,\"name\":\"Franca investiga mais 4 suspeitos de coronav\u00edrus\"}]},{\"@type\":\"WebSite\",\"@id\":\"https:\/\/verdadeon.com.br\/portal\/#website\",\"url\":\"https:\/\/verdadeon.com.br\/portal\/\",\"name\":\"VerdadeOn\",\"description\":\"Not\u00edcias di\u00e1rias sobre Franca, Regi\u00e3o, Esporte, Cultura, Cotidiano, Colunas. Cobertura nos principais eventos da cidade \u00e9 aqui - Verdadeon Franca\",\"potentialAction\":[{\"@type\":\"SearchAction\",\"target\":{\"@type\":\"EntryPoint\",\"urlTemplate\":\"https:\/\/verdadeon.com.br\/portal\/?s={search_term_string}\"},\"query-input\":{\"@type\":\"PropertyValueSpecification\",\"valueRequired\":true,\"valueName\":\"search_term_string\"}}],\"inLanguage\":\"pt-BR\"},{\"@type\":\"Person\",\"@id\":\"https:\/\/verdadeon.com.br\/portal\/#\/schema\/person\/a5060ad1e9ea3df545188fc93ce43d2f\",\"name\":\"Redacao VerdadeOn\",\"image\":{\"@type\":\"ImageObject\",\"inLanguage\":\"pt-BR\",\"@id\":\"https:\/\/verdadeon.com.br\/portal\/#\/schema\/person\/image\/\",\"url\":\"https:\/\/secure.gravatar.com\/avatar\/459a9613caaaf07f582c3d0841eea68bdd66f533e465e6ba8b9cb45619572cf4?s=96&d=mm&r=g\",\"contentUrl\":\"https:\/\/secure.gravatar.com\/avatar\/459a9613caaaf07f582c3d0841eea68bdd66f533e465e6ba8b9cb45619572cf4?s=96&d=mm&r=g\",\"caption\":\"Redacao VerdadeOn\"},\"url\":\"https:\/\/verdadeon.com.br\/portal\/author\/redacao\/\"}]}<\/script>\n<!-- \/ Yoast SEO plugin. -->","yoast_head_json":{"title":"Franca investiga mais 4 suspeitos de coronav\u00edrus - VerdadeOn","robots":{"index":"index","follow":"follow","max-snippet":"max-snippet:-1","max-image-preview":"max-image-preview:large","max-video-preview":"max-video-preview:-1"},"canonical":"https:\/\/verdadeon.com.br\/portal\/2020\/03\/13\/franca-investiga-mais-4-suspeitos-de-coronavirus\/","og_locale":"pt_BR","og_type":"article","og_title":"Franca investiga mais 4 suspeitos de coronav\u00edrus - VerdadeOn","og_description":"Secretaria de Sa\u00fade j\u00e1 havia investigado e descartado 2 casos suspeitos Franca investiga mais quatro casos suspeitos do novo coronav\u00edrus, segundo informa\u00e7\u00f5es da Secretaria de Sa\u00fade. [\u2026]","og_url":"https:\/\/verdadeon.com.br\/portal\/2020\/03\/13\/franca-investiga-mais-4-suspeitos-de-coronavirus\/","og_site_name":"VerdadeOn","article_published_time":"2020-03-13T10:30:24+00:00","article_modified_time":"2020-03-18T19:32:33+00:00","og_image":[{"width":1000,"height":667,"url":"https:\/\/verdadeon.com.br\/portal\/wp-content\/uploads\/2020\/03\/pronto-socorro-alvaro-azzus-foto-guto-goncalves-19.jpg","type":"image\/jpeg"}],"author":"Redacao VerdadeOn","twitter_card":"summary_large_image","twitter_misc":{"Escrito por":"Redacao VerdadeOn","Est. tempo de leitura":"2 minutos"},"schema":{"@context":"https:\/\/schema.org","@graph":[{"@type":"WebPage","@id":"https:\/\/verdadeon.com.br\/portal\/2020\/03\/13\/franca-investiga-mais-4-suspeitos-de-coronavirus\/","url":"https:\/\/verdadeon.com.br\/portal\/2020\/03\/13\/franca-investiga-mais-4-suspeitos-de-coronavirus\/","name":"Franca investiga mais 4 suspeitos de coronav\u00edrus - VerdadeOn","isPartOf":{"@id":"https:\/\/verdadeon.com.br\/portal\/#website"},"primaryImageOfPage":{"@id":"https:\/\/verdadeon.com.br\/portal\/2020\/03\/13\/franca-investiga-mais-4-suspeitos-de-coronavirus\/#primaryimage"},"image":{"@id":"https:\/\/verdadeon.com.br\/portal\/2020\/03\/13\/franca-investiga-mais-4-suspeitos-de-coronavirus\/#primaryimage"},"thumbnailUrl":"https:\/\/i0.wp.com\/verdadeon.com.br\/portal\/wp-content\/uploads\/2020\/03\/pronto-socorro-alvaro-azzus-foto-guto-goncalves-19.jpg?fit=1000%2C667&ssl=1","datePublished":"2020-03-13T10:30:24+00:00","dateModified":"2020-03-18T19:32:33+00:00","author":{"@id":"https:\/\/verdadeon.com.br\/portal\/#\/schema\/person\/a5060ad1e9ea3df545188fc93ce43d2f"},"breadcrumb":{"@id":"https:\/\/verdadeon.com.br\/portal\/2020\/03\/13\/franca-investiga-mais-4-suspeitos-de-coronavirus\/#breadcrumb"},"inLanguage":"pt-BR","potentialAction":[{"@type":"ReadAction","target":["https:\/\/verdadeon.com.br\/portal\/2020\/03\/13\/franca-investiga-mais-4-suspeitos-de-coronavirus\/"]}]},{"@type":"ImageObject","inLanguage":"pt-BR","@id":"https:\/\/verdadeon.com.br\/portal\/2020\/03\/13\/franca-investiga-mais-4-suspeitos-de-coronavirus\/#primaryimage","url":"https:\/\/i0.wp.com\/verdadeon.com.br\/portal\/wp-content\/uploads\/2020\/03\/pronto-socorro-alvaro-azzus-foto-guto-goncalves-19.jpg?fit=1000%2C667&ssl=1","contentUrl":"https:\/\/i0.wp.com\/verdadeon.com.br\/portal\/wp-content\/uploads\/2020\/03\/pronto-socorro-alvaro-azzus-foto-guto-goncalves-19.jpg?fit=1000%2C667&ssl=1","width":1000,"height":667,"caption":"Na mesma semana o Pronto Socorro \u00c1lvaro Azzuz chegou a ter 47 pacientes aguardando vagas para UTI | Foto: Jornal Verdade"},{"@type":"BreadcrumbList","@id":"https:\/\/verdadeon.com.br\/portal\/2020\/03\/13\/franca-investiga-mais-4-suspeitos-de-coronavirus\/#breadcrumb","itemListElement":[{"@type":"ListItem","position":1,"name":"In\u00edcio","item":"https:\/\/verdadeon.com.br\/portal\/"},{"@type":"ListItem","position":2,"name":"Franca investiga mais 4 suspeitos de coronav\u00edrus"}]},{"@type":"WebSite","@id":"https:\/\/verdadeon.com.br\/portal\/#website","url":"https:\/\/verdadeon.com.br\/portal\/","name":"VerdadeOn","description":"Not\u00edcias di\u00e1rias sobre Franca, Regi\u00e3o, Esporte, Cultura, Cotidiano, Colunas. Cobertura nos principais eventos da cidade \u00e9 aqui - Verdadeon Franca","potentialAction":[{"@type":"SearchAction","target":{"@type":"EntryPoint","urlTemplate":"https:\/\/verdadeon.com.br\/portal\/?s={search_term_string}"},"query-input":{"@type":"PropertyValueSpecification","valueRequired":true,"valueName":"search_term_string"}}],"inLanguage":"pt-BR"},{"@type":"Person","@id":"https:\/\/verdadeon.com.br\/portal\/#\/schema\/person\/a5060ad1e9ea3df545188fc93ce43d2f","name":"Redacao VerdadeOn","image":{"@type":"ImageObject","inLanguage":"pt-BR","@id":"https:\/\/verdadeon.com.br\/portal\/#\/schema\/person\/image\/","url":"https:\/\/secure.gravatar.com\/avatar\/459a9613caaaf07f582c3d0841eea68bdd66f533e465e6ba8b9cb45619572cf4?s=96&d=mm&r=g","contentUrl":"https:\/\/secure.gravatar.com\/avatar\/459a9613caaaf07f582c3d0841eea68bdd66f533e465e6ba8b9cb45619572cf4?s=96&d=mm&r=g","caption":"Redacao VerdadeOn"},"url":"https:\/\/verdadeon.com.br\/portal\/author\/redacao\/"}]}},"jetpack_publicize_connections":[],"jetpack_featured_media_url":"https:\/\/i0.wp.com\/verdadeon.com.br\/portal\/wp-content\/uploads\/2020\/03\/pronto-socorro-alvaro-azzus-foto-guto-goncalves-19.jpg?fit=1000%2C667&ssl=1","jetpack_sharing_enabled":true,"_links":{"self":[{"href":"https:\/\/verdadeon.com.br\/portal\/wp-json\/wp\/v2\/posts\/4936","targetHints":{"allow":["GET"]}}],"collection":[{"href":"https:\/\/verdadeon.com.br\/portal\/wp-json\/wp\/v2\/posts"}],"about":[{"href":"https:\/\/verdadeon.com.br\/portal\/wp-json\/wp\/v2\/types\/post"}],"author":[{"embeddable":true,"href":"https:\/\/verdadeon.com.br\/portal\/wp-json\/wp\/v2\/users\/10"}],"replies":[{"embeddable":true,"href":"https:\/\/verdadeon.com.br\/portal\/wp-json\/wp\/v2\/comments?post=4936"}],"version-history":[{"count":0,"href":"https:\/\/verdadeon.com.br\/portal\/wp-json\/wp\/v2\/posts\/4936\/revisions"}],"wp:featuredmedia":[{"embeddable":true,"href":"https:\/\/verdadeon.com.br\/portal\/wp-json\/wp\/v2\/media\/4940"}],"wp:attachment":[{"href":"https:\/\/verdadeon.com.br\/portal\/wp-json\/wp\/v2\/media?parent=4936"}],"wp:term":[{"taxonomy":"category","embeddable":true,"href":"https:\/\/verdadeon.com.br\/portal\/wp-json\/wp\/v2\/categories?post=4936"},{"taxonomy":"post_tag","embeddable":true,"href":"https:\/\/verdadeon.com.br\/portal\/wp-json\/wp\/v2\/tags?post=4936"}],"curies":[{"name":"wp","href":"https:\/\/api.w.org\/{rel}","templated":true}]}}