{"id":49291,"date":"2024-09-05T15:11:40","date_gmt":"2024-09-05T18:11:40","guid":{"rendered":"https:\/\/verdadeon.com.br\/portal\/?p=49291"},"modified":"2024-09-05T15:11:40","modified_gmt":"2024-09-05T18:11:40","slug":"orplana-divulga-nota-com-atualizacao-dos-impactos-dos-incendios-para-os-produtores-de-cana-de-acucar","status":"publish","type":"post","link":"https:\/\/verdadeon.com.br\/portal\/2024\/09\/05\/orplana-divulga-nota-com-atualizacao-dos-impactos-dos-incendios-para-os-produtores-de-cana-de-acucar\/","title":{"rendered":"Orplana divulga nota com atualiza\u00e7\u00e3o dos impactos dos inc\u00eandios para os produtores de cana-de-a\u00e7\u00facar"},"content":{"rendered":"<h2>Foram identificados mais de 2,3 mil focos de inc\u00eandio desde o dia 24 de agosto at\u00e9 a \u00faltima quarta-feira, 4<\/h2>\n<p>A ORPLANA (Organiza\u00e7\u00e3o de Associa\u00e7\u00f5es de Produtores de Cana do Brasil) \u2013 que conta, atualmente, com 35 associa\u00e7\u00f5es de fornecedores de cana e representa mais de 12 mil produtores de cana-de-a\u00e7\u00facar \u2013 fez um novo balan\u00e7o dos impactos dos inc\u00eandios que atingiram as propriedades rurais no estado de S\u00e3o Paulo e tamb\u00e9m em outras regi\u00f5es do Brasil. Os n\u00fameros contabilizam os inc\u00eandios registrados no fim de semana dos dias 24 e 25 de agosto e as ocorr\u00eancias subsequentes at\u00e9 a quarta-feira (4).<\/p>\n<p>Ao longo desse per\u00edodo foram identificados mais de 2,3 mil focos de inc\u00eandios, que resultaram em mais de 100 mil hectares queimados em \u00e1reas de cana-de-a\u00e7\u00facar e \u00e1reas de rebrota de cana e um preju\u00edzo estimado de mais de R$ 800 milh\u00f5es, pelos efeitos dos inc\u00eandios na cana em p\u00e9, nas soqueiras e na qualidade ruim da mat\u00e9ria-prima. Vale lembrar que a quantidade de hectares queimados n\u00e3o contabiliza \u00e1reas de APP, reserva legal e pastagens.<\/p>\n<p>O CEO da ORPLANA, Jos\u00e9 Guilherme Nogueira, esclarece que devido \u00e0s perdas, a cana s\u00f3 vai conseguir rebrotar quando tiver \u00e1gua no solo, quando as chuvas chegarem. &#8220;Esse cen\u00e1rio de clima seco e falta de chuvas pode impactar a safra futura, mas ainda \u00e9 cedo para essas previs\u00f5es. Esperamos que as chuvas deste final de ano venham de forma uniforme e volumosa e a rebrota da cana-de-a\u00e7\u00facar aconte\u00e7a de uma maneira mais tranquila&#8221;, afirma.<\/p>\n<p>A organiza\u00e7\u00e3o ainda enaltece o an\u00fancio feito pelo Minist\u00e9rio da Agricultura sobre uma linha de cr\u00e9dito espec\u00edfica para o replantio da cana-de-a\u00e7\u00facar nas \u00e1reas produtoras afetadas pelas queimadas.<\/p>\n<p>&#8220;Certamente teremos a necessidade de replantio e o cr\u00e9dito ser\u00e1 um bom alento para os produtores de cana, que gastam, em m\u00e9dia, R$ 13,5 mil para a elimina\u00e7\u00e3o da soqueira, da rebrota ruim e para a realiza\u00e7\u00e3o do plantio&#8221;, explica. &#8220;E, muitas vezes, os produtores n\u00e3o conseguem pagar isso em um ano, mas sim em duas ou tr\u00eas safras. Por isso, a linha de cr\u00e9dito ir\u00e1 ajudar&#8221;, completa.<\/p>\n<p>A ORPLANA reafirma que est\u00e1 atenta \u00e0s necessidades dos produtores de cana e em busca de alternativas para reduzir os danos causados pelos inc\u00eandios, que afetam negativamente o meio ambiente, a seguran\u00e7a das pessoas e a rentabilidade dos produtores.<\/p>\n<p>\u201cTemos reuni\u00f5es constantes com o gabinete de crise do governo de S\u00e3o Paulo para tratar sobre as queimadas e os eventos clim\u00e1ticos severos que t\u00eam acometido os produtores de cana, como a baixa umidade do ar; pouqu\u00edssima chuva; ventos fortes; e, infelizmente, a igni\u00e7\u00e3o tem sido ainda a\u00e7\u00f5es humanas\u201d, comenta Nogueira.<\/p>\n<p>O CEO da ORPLANA ressalta ainda que toda a cadeia produtiva da cana-de-a\u00e7\u00facar est\u00e1 comprometida com a sustentabilidade e a preserva\u00e7\u00e3o ambiental, cumprindo rigorosamente as diretrizes do Protocolo Agroambiental \u2013 Etanol Mais Verde, que pro\u00edbe o uso do fogo na colheita de cana no Estado de S\u00e3o Paulo.<\/p>\n","protected":false},"excerpt":{"rendered":"<p>Foram identificados mais de 2,3 mil focos de inc\u00eandio desde o dia 24 de agosto at\u00e9 a \u00faltima quarta-feira, 4 A ORPLANA (Organiza\u00e7\u00e3o de Associa\u00e7\u00f5es de<span class=\"excerpt-hellip\"> [\u2026]<\/span><\/p>\n","protected":false},"author":10,"featured_media":49074,"comment_status":"open","ping_status":"open","sticky":false,"template":"","format":"standard","meta":{"_jetpack_memberships_contains_paid_content":false,"footnotes":"","jetpack_publicize_message":"","jetpack_publicize_feature_enabled":true,"jetpack_social_post_already_shared":true,"jetpack_social_options":{"image_generator_settings":{"template":"highway","default_image_id":0,"enabled":false},"version":2}},"categories":[28,81],"tags":[],"class_list":["post-49291","post","type-post","status-publish","format-standard","has-post-thumbnail","hentry","category-cotidiano","category-manchete"],"yoast_head":"<!-- This site is optimized with the Yoast SEO plugin v25.6 - https:\/\/yoast.com\/wordpress\/plugins\/seo\/ -->\n<title>Orplana divulga nota com atualiza\u00e7\u00e3o dos impactos dos inc\u00eandios para os produtores de cana-de-a\u00e7\u00facar - VerdadeOn<\/title>\n<meta name=\"robots\" content=\"index, follow, max-snippet:-1, max-image-preview:large, max-video-preview:-1\" \/>\n<link rel=\"canonical\" href=\"https:\/\/verdadeon.com.br\/portal\/2024\/09\/05\/orplana-divulga-nota-com-atualizacao-dos-impactos-dos-incendios-para-os-produtores-de-cana-de-acucar\/\" \/>\n<meta property=\"og:locale\" content=\"pt_BR\" \/>\n<meta property=\"og:type\" content=\"article\" \/>\n<meta property=\"og:title\" content=\"Orplana divulga nota com atualiza\u00e7\u00e3o dos impactos dos inc\u00eandios para os produtores de cana-de-a\u00e7\u00facar - VerdadeOn\" \/>\n<meta property=\"og:description\" content=\"Foram identificados mais de 2,3 mil focos de inc\u00eandio desde o dia 24 de agosto at\u00e9 a \u00faltima quarta-feira, 4 A ORPLANA (Organiza\u00e7\u00e3o de Associa\u00e7\u00f5es de [\u2026]\" \/>\n<meta property=\"og:url\" content=\"https:\/\/verdadeon.com.br\/portal\/2024\/09\/05\/orplana-divulga-nota-com-atualizacao-dos-impactos-dos-incendios-para-os-produtores-de-cana-de-acucar\/\" \/>\n<meta property=\"og:site_name\" content=\"VerdadeOn\" \/>\n<meta property=\"article:published_time\" content=\"2024-09-05T18:11:40+00:00\" \/>\n<meta property=\"og:image\" content=\"https:\/\/verdadeon.com.br\/portal\/wp-content\/uploads\/2024\/08\/AnyConv.com___pin6418-1.jpeg\" \/>\n\t<meta property=\"og:image:width\" content=\"1044\" \/>\n\t<meta property=\"og:image:height\" content=\"700\" \/>\n\t<meta property=\"og:image:type\" content=\"image\/jpeg\" \/>\n<meta name=\"author\" content=\"Redacao VerdadeOn\" \/>\n<meta name=\"twitter:card\" content=\"summary_large_image\" \/>\n<meta name=\"twitter:label1\" content=\"Escrito por\" \/>\n\t<meta name=\"twitter:data1\" content=\"Redacao VerdadeOn\" \/>\n\t<meta name=\"twitter:label2\" content=\"Est. tempo de leitura\" \/>\n\t<meta name=\"twitter:data2\" content=\"3 minutos\" \/>\n<script type=\"application\/ld+json\" class=\"yoast-schema-graph\">{\"@context\":\"https:\/\/schema.org\",\"@graph\":[{\"@type\":\"WebPage\",\"@id\":\"https:\/\/verdadeon.com.br\/portal\/2024\/09\/05\/orplana-divulga-nota-com-atualizacao-dos-impactos-dos-incendios-para-os-produtores-de-cana-de-acucar\/\",\"url\":\"https:\/\/verdadeon.com.br\/portal\/2024\/09\/05\/orplana-divulga-nota-com-atualizacao-dos-impactos-dos-incendios-para-os-produtores-de-cana-de-acucar\/\",\"name\":\"Orplana divulga nota com atualiza\u00e7\u00e3o dos impactos dos inc\u00eandios para os produtores de cana-de-a\u00e7\u00facar - VerdadeOn\",\"isPartOf\":{\"@id\":\"https:\/\/verdadeon.com.br\/portal\/#website\"},\"primaryImageOfPage\":{\"@id\":\"https:\/\/verdadeon.com.br\/portal\/2024\/09\/05\/orplana-divulga-nota-com-atualizacao-dos-impactos-dos-incendios-para-os-produtores-de-cana-de-acucar\/#primaryimage\"},\"image\":{\"@id\":\"https:\/\/verdadeon.com.br\/portal\/2024\/09\/05\/orplana-divulga-nota-com-atualizacao-dos-impactos-dos-incendios-para-os-produtores-de-cana-de-acucar\/#primaryimage\"},\"thumbnailUrl\":\"https:\/\/i0.wp.com\/verdadeon.com.br\/portal\/wp-content\/uploads\/2024\/08\/AnyConv.com___pin6418-1.jpeg?fit=1044%2C700&ssl=1\",\"datePublished\":\"2024-09-05T18:11:40+00:00\",\"author\":{\"@id\":\"https:\/\/verdadeon.com.br\/portal\/#\/schema\/person\/a5060ad1e9ea3df545188fc93ce43d2f\"},\"breadcrumb\":{\"@id\":\"https:\/\/verdadeon.com.br\/portal\/2024\/09\/05\/orplana-divulga-nota-com-atualizacao-dos-impactos-dos-incendios-para-os-produtores-de-cana-de-acucar\/#breadcrumb\"},\"inLanguage\":\"pt-BR\",\"potentialAction\":[{\"@type\":\"ReadAction\",\"target\":[\"https:\/\/verdadeon.com.br\/portal\/2024\/09\/05\/orplana-divulga-nota-com-atualizacao-dos-impactos-dos-incendios-para-os-produtores-de-cana-de-acucar\/\"]}]},{\"@type\":\"ImageObject\",\"inLanguage\":\"pt-BR\",\"@id\":\"https:\/\/verdadeon.com.br\/portal\/2024\/09\/05\/orplana-divulga-nota-com-atualizacao-dos-impactos-dos-incendios-para-os-produtores-de-cana-de-acucar\/#primaryimage\",\"url\":\"https:\/\/i0.wp.com\/verdadeon.com.br\/portal\/wp-content\/uploads\/2024\/08\/AnyConv.com___pin6418-1.jpeg?fit=1044%2C700&ssl=1\",\"contentUrl\":\"https:\/\/i0.wp.com\/verdadeon.com.br\/portal\/wp-content\/uploads\/2024\/08\/AnyConv.com___pin6418-1.jpeg?fit=1044%2C700&ssl=1\",\"width\":1044,\"height\":700,\"caption\":\"Preju\u00edzo at\u00e9 o momento \u00e9 estimado em cerca de R$ 800 milh\u00f5es (\u00a9Paulo Pinto\/Ag\u00eancia Brasil)\"},{\"@type\":\"BreadcrumbList\",\"@id\":\"https:\/\/verdadeon.com.br\/portal\/2024\/09\/05\/orplana-divulga-nota-com-atualizacao-dos-impactos-dos-incendios-para-os-produtores-de-cana-de-acucar\/#breadcrumb\",\"itemListElement\":[{\"@type\":\"ListItem\",\"position\":1,\"name\":\"In\u00edcio\",\"item\":\"https:\/\/verdadeon.com.br\/portal\/\"},{\"@type\":\"ListItem\",\"position\":2,\"name\":\"Orplana divulga nota com atualiza\u00e7\u00e3o dos impactos dos inc\u00eandios para os produtores de cana-de-a\u00e7\u00facar\"}]},{\"@type\":\"WebSite\",\"@id\":\"https:\/\/verdadeon.com.br\/portal\/#website\",\"url\":\"https:\/\/verdadeon.com.br\/portal\/\",\"name\":\"VerdadeOn\",\"description\":\"Not\u00edcias di\u00e1rias sobre Franca, Regi\u00e3o, Esporte, Cultura, Cotidiano, Colunas. Cobertura nos principais eventos da cidade \u00e9 aqui - Verdadeon Franca\",\"potentialAction\":[{\"@type\":\"SearchAction\",\"target\":{\"@type\":\"EntryPoint\",\"urlTemplate\":\"https:\/\/verdadeon.com.br\/portal\/?s={search_term_string}\"},\"query-input\":{\"@type\":\"PropertyValueSpecification\",\"valueRequired\":true,\"valueName\":\"search_term_string\"}}],\"inLanguage\":\"pt-BR\"},{\"@type\":\"Person\",\"@id\":\"https:\/\/verdadeon.com.br\/portal\/#\/schema\/person\/a5060ad1e9ea3df545188fc93ce43d2f\",\"name\":\"Redacao VerdadeOn\",\"image\":{\"@type\":\"ImageObject\",\"inLanguage\":\"pt-BR\",\"@id\":\"https:\/\/verdadeon.com.br\/portal\/#\/schema\/person\/image\/\",\"url\":\"https:\/\/secure.gravatar.com\/avatar\/459a9613caaaf07f582c3d0841eea68bdd66f533e465e6ba8b9cb45619572cf4?s=96&d=mm&r=g\",\"contentUrl\":\"https:\/\/secure.gravatar.com\/avatar\/459a9613caaaf07f582c3d0841eea68bdd66f533e465e6ba8b9cb45619572cf4?s=96&d=mm&r=g\",\"caption\":\"Redacao VerdadeOn\"},\"url\":\"https:\/\/verdadeon.com.br\/portal\/author\/redacao\/\"}]}<\/script>\n<!-- \/ Yoast SEO plugin. -->","yoast_head_json":{"title":"Orplana divulga nota com atualiza\u00e7\u00e3o dos impactos dos inc\u00eandios para os produtores de cana-de-a\u00e7\u00facar - VerdadeOn","robots":{"index":"index","follow":"follow","max-snippet":"max-snippet:-1","max-image-preview":"max-image-preview:large","max-video-preview":"max-video-preview:-1"},"canonical":"https:\/\/verdadeon.com.br\/portal\/2024\/09\/05\/orplana-divulga-nota-com-atualizacao-dos-impactos-dos-incendios-para-os-produtores-de-cana-de-acucar\/","og_locale":"pt_BR","og_type":"article","og_title":"Orplana divulga nota com atualiza\u00e7\u00e3o dos impactos dos inc\u00eandios para os produtores de cana-de-a\u00e7\u00facar - VerdadeOn","og_description":"Foram identificados mais de 2,3 mil focos de inc\u00eandio desde o dia 24 de agosto at\u00e9 a \u00faltima quarta-feira, 4 A ORPLANA (Organiza\u00e7\u00e3o de Associa\u00e7\u00f5es de [\u2026]","og_url":"https:\/\/verdadeon.com.br\/portal\/2024\/09\/05\/orplana-divulga-nota-com-atualizacao-dos-impactos-dos-incendios-para-os-produtores-de-cana-de-acucar\/","og_site_name":"VerdadeOn","article_published_time":"2024-09-05T18:11:40+00:00","og_image":[{"width":1044,"height":700,"url":"https:\/\/verdadeon.com.br\/portal\/wp-content\/uploads\/2024\/08\/AnyConv.com___pin6418-1.jpeg","type":"image\/jpeg"}],"author":"Redacao VerdadeOn","twitter_card":"summary_large_image","twitter_misc":{"Escrito por":"Redacao VerdadeOn","Est. tempo de leitura":"3 minutos"},"schema":{"@context":"https:\/\/schema.org","@graph":[{"@type":"WebPage","@id":"https:\/\/verdadeon.com.br\/portal\/2024\/09\/05\/orplana-divulga-nota-com-atualizacao-dos-impactos-dos-incendios-para-os-produtores-de-cana-de-acucar\/","url":"https:\/\/verdadeon.com.br\/portal\/2024\/09\/05\/orplana-divulga-nota-com-atualizacao-dos-impactos-dos-incendios-para-os-produtores-de-cana-de-acucar\/","name":"Orplana divulga nota com atualiza\u00e7\u00e3o dos impactos dos inc\u00eandios para os produtores de cana-de-a\u00e7\u00facar - VerdadeOn","isPartOf":{"@id":"https:\/\/verdadeon.com.br\/portal\/#website"},"primaryImageOfPage":{"@id":"https:\/\/verdadeon.com.br\/portal\/2024\/09\/05\/orplana-divulga-nota-com-atualizacao-dos-impactos-dos-incendios-para-os-produtores-de-cana-de-acucar\/#primaryimage"},"image":{"@id":"https:\/\/verdadeon.com.br\/portal\/2024\/09\/05\/orplana-divulga-nota-com-atualizacao-dos-impactos-dos-incendios-para-os-produtores-de-cana-de-acucar\/#primaryimage"},"thumbnailUrl":"https:\/\/i0.wp.com\/verdadeon.com.br\/portal\/wp-content\/uploads\/2024\/08\/AnyConv.com___pin6418-1.jpeg?fit=1044%2C700&ssl=1","datePublished":"2024-09-05T18:11:40+00:00","author":{"@id":"https:\/\/verdadeon.com.br\/portal\/#\/schema\/person\/a5060ad1e9ea3df545188fc93ce43d2f"},"breadcrumb":{"@id":"https:\/\/verdadeon.com.br\/portal\/2024\/09\/05\/orplana-divulga-nota-com-atualizacao-dos-impactos-dos-incendios-para-os-produtores-de-cana-de-acucar\/#breadcrumb"},"inLanguage":"pt-BR","potentialAction":[{"@type":"ReadAction","target":["https:\/\/verdadeon.com.br\/portal\/2024\/09\/05\/orplana-divulga-nota-com-atualizacao-dos-impactos-dos-incendios-para-os-produtores-de-cana-de-acucar\/"]}]},{"@type":"ImageObject","inLanguage":"pt-BR","@id":"https:\/\/verdadeon.com.br\/portal\/2024\/09\/05\/orplana-divulga-nota-com-atualizacao-dos-impactos-dos-incendios-para-os-produtores-de-cana-de-acucar\/#primaryimage","url":"https:\/\/i0.wp.com\/verdadeon.com.br\/portal\/wp-content\/uploads\/2024\/08\/AnyConv.com___pin6418-1.jpeg?fit=1044%2C700&ssl=1","contentUrl":"https:\/\/i0.wp.com\/verdadeon.com.br\/portal\/wp-content\/uploads\/2024\/08\/AnyConv.com___pin6418-1.jpeg?fit=1044%2C700&ssl=1","width":1044,"height":700,"caption":"Preju\u00edzo at\u00e9 o momento \u00e9 estimado em cerca de R$ 800 milh\u00f5es (\u00a9Paulo Pinto\/Ag\u00eancia Brasil)"},{"@type":"BreadcrumbList","@id":"https:\/\/verdadeon.com.br\/portal\/2024\/09\/05\/orplana-divulga-nota-com-atualizacao-dos-impactos-dos-incendios-para-os-produtores-de-cana-de-acucar\/#breadcrumb","itemListElement":[{"@type":"ListItem","position":1,"name":"In\u00edcio","item":"https:\/\/verdadeon.com.br\/portal\/"},{"@type":"ListItem","position":2,"name":"Orplana divulga nota com atualiza\u00e7\u00e3o dos impactos dos inc\u00eandios para os produtores de cana-de-a\u00e7\u00facar"}]},{"@type":"WebSite","@id":"https:\/\/verdadeon.com.br\/portal\/#website","url":"https:\/\/verdadeon.com.br\/portal\/","name":"VerdadeOn","description":"Not\u00edcias di\u00e1rias sobre Franca, Regi\u00e3o, Esporte, Cultura, Cotidiano, Colunas. Cobertura nos principais eventos da cidade \u00e9 aqui - Verdadeon Franca","potentialAction":[{"@type":"SearchAction","target":{"@type":"EntryPoint","urlTemplate":"https:\/\/verdadeon.com.br\/portal\/?s={search_term_string}"},"query-input":{"@type":"PropertyValueSpecification","valueRequired":true,"valueName":"search_term_string"}}],"inLanguage":"pt-BR"},{"@type":"Person","@id":"https:\/\/verdadeon.com.br\/portal\/#\/schema\/person\/a5060ad1e9ea3df545188fc93ce43d2f","name":"Redacao VerdadeOn","image":{"@type":"ImageObject","inLanguage":"pt-BR","@id":"https:\/\/verdadeon.com.br\/portal\/#\/schema\/person\/image\/","url":"https:\/\/secure.gravatar.com\/avatar\/459a9613caaaf07f582c3d0841eea68bdd66f533e465e6ba8b9cb45619572cf4?s=96&d=mm&r=g","contentUrl":"https:\/\/secure.gravatar.com\/avatar\/459a9613caaaf07f582c3d0841eea68bdd66f533e465e6ba8b9cb45619572cf4?s=96&d=mm&r=g","caption":"Redacao VerdadeOn"},"url":"https:\/\/verdadeon.com.br\/portal\/author\/redacao\/"}]}},"jetpack_publicize_connections":[],"jetpack_featured_media_url":"https:\/\/i0.wp.com\/verdadeon.com.br\/portal\/wp-content\/uploads\/2024\/08\/AnyConv.com___pin6418-1.jpeg?fit=1044%2C700&ssl=1","jetpack_sharing_enabled":true,"_links":{"self":[{"href":"https:\/\/verdadeon.com.br\/portal\/wp-json\/wp\/v2\/posts\/49291","targetHints":{"allow":["GET"]}}],"collection":[{"href":"https:\/\/verdadeon.com.br\/portal\/wp-json\/wp\/v2\/posts"}],"about":[{"href":"https:\/\/verdadeon.com.br\/portal\/wp-json\/wp\/v2\/types\/post"}],"author":[{"embeddable":true,"href":"https:\/\/verdadeon.com.br\/portal\/wp-json\/wp\/v2\/users\/10"}],"replies":[{"embeddable":true,"href":"https:\/\/verdadeon.com.br\/portal\/wp-json\/wp\/v2\/comments?post=49291"}],"version-history":[{"count":1,"href":"https:\/\/verdadeon.com.br\/portal\/wp-json\/wp\/v2\/posts\/49291\/revisions"}],"predecessor-version":[{"id":49292,"href":"https:\/\/verdadeon.com.br\/portal\/wp-json\/wp\/v2\/posts\/49291\/revisions\/49292"}],"wp:featuredmedia":[{"embeddable":true,"href":"https:\/\/verdadeon.com.br\/portal\/wp-json\/wp\/v2\/media\/49074"}],"wp:attachment":[{"href":"https:\/\/verdadeon.com.br\/portal\/wp-json\/wp\/v2\/media?parent=49291"}],"wp:term":[{"taxonomy":"category","embeddable":true,"href":"https:\/\/verdadeon.com.br\/portal\/wp-json\/wp\/v2\/categories?post=49291"},{"taxonomy":"post_tag","embeddable":true,"href":"https:\/\/verdadeon.com.br\/portal\/wp-json\/wp\/v2\/tags?post=49291"}],"curies":[{"name":"wp","href":"https:\/\/api.w.org\/{rel}","templated":true}]}}