{"id":49285,"date":"2024-09-05T14:16:34","date_gmt":"2024-09-05T17:16:34","guid":{"rendered":"https:\/\/verdadeon.com.br\/portal\/?p=49285"},"modified":"2024-09-05T14:16:34","modified_gmt":"2024-09-05T17:16:34","slug":"casos-de-mpox-no-brasil-este-ano-ja-superam-o-total-de-2023","status":"publish","type":"post","link":"https:\/\/verdadeon.com.br\/portal\/2024\/09\/05\/casos-de-mpox-no-brasil-este-ano-ja-superam-o-total-de-2023\/","title":{"rendered":"Casos de mpox no Brasil este ano j\u00e1 superam o total de 2023"},"content":{"rendered":"<div class=\"row\">\n<h2 class=\"col-10 offset-1 animated fadeInDown dealy-900 display-8 display-md-8 alt-font font-italic my-1 text-center\">Sudeste concentra a maior parte dos casos no pa\u00eds<\/h2>\n<p>De janeiro a agosto, o Brasil registrou 945 casos confirmados ou prov\u00e1veis de mpox. O n\u00famero supera o total de casos notificados ao longo de todo o ano passado, quando foram contabilizados 853 casos. H\u00e1 ainda 264 casos suspeitos da doen\u00e7a. Os dados foram divulgados pelo Minist\u00e9rio da Sa\u00fade por meio de informe semanal.<img data-recalc-dims=\"1\" decoding=\"async\" src=\"https:\/\/i0.wp.com\/agenciabrasil.ebc.com.br\/ebc.png?w=1220&#038;ssl=1\" \/><img data-recalc-dims=\"1\" decoding=\"async\" src=\"https:\/\/i0.wp.com\/agenciabrasil.ebc.com.br\/ebc.gif?w=1220&#038;ssl=1\" \/><\/p>\n<p>De acordo com o boletim, o Sudeste concentra a maior parte dos casos de mpox no pa\u00eds, 80,7% ou 763 do total. Os estados com maiores quantitativos de casos s\u00e3o S\u00e3o Paulo (487 ou 51,5%), Rio de Janeiro (216 ou 22,9%), Minas Gerais (52 ou 5,5%) e Bahia (39 ou 4,1%). N\u00e3o houve registro de casos confirmados ou prov\u00e1veis no Amap\u00e1, em Tocantins e no Piau\u00ed.<\/p>\n<p>Dos munic\u00edpios com maior n\u00famero de casos confirmados e prov\u00e1veis da doen\u00e7a est\u00e3o S\u00e3o Paulo (343 ou 36,3%), Rio de Janeiro (160 ou 16,9%), Belo Horizonte (43 ou 4,6%), Salvador (28 ou 3%) e Bras\u00edlia (20 ou 2,1%). Dentre os atuais 264 casos suspeitos de mpox no Brasil, o estado de S\u00e3o Paulo responde por 40,5%, com 107 casos.<\/p>\n<p>O perfil de casos confirmados e prov\u00e1veis no Brasil, segundo o informe, continua sendo majoritariamente composto por pessoas do sexo masculino (897 ou 94,9%) na faixa et\u00e1ria de 18 a 39 anos (679 ou 75,7%). Apenas um caso foi registrado na faixa et\u00e1ria at\u00e9 4 anos. At\u00e9 o momento, n\u00e3o foram registrados casos confirmados e prov\u00e1veis em gestantes.<\/p>\n<p>O minist\u00e9rio contabiliza ainda 69 hospitaliza\u00e7\u00f5es por mpox (7,3% do total de casos), sendo 37 (3,9%) para manejo cl\u00ednico e oito (0,8%) para isolamento, enquanto em 24 casos (2,5%) n\u00e3o foi descrito o motivo para a hospitaliza\u00e7\u00e3o. Al\u00e9m disso, cinco casos (0,5%) precisaram de interna\u00e7\u00e3o em unidade de terapia intensiva (UTI).<\/p>\n<p>De acordo com a pasta, n\u00e3o foram registrados \u00f3bitos por mpox no Brasil ao longo deste ano. Tamb\u00e9m n\u00e3o foram notificados no pa\u00eds casos da nova variante 1b. A cepa foi identificada pela primeira vez em setembro do ano passado na Rep\u00fablica Democr\u00e1tica do Congo, que enfrenta surtos da doen\u00e7a desde 2022.<\/p>\n<p>Fonte: Ag\u00eancia Brasil<\/p>\n<\/div>\n","protected":false},"excerpt":{"rendered":"<p>Sudeste concentra a maior parte dos casos no pa\u00eds De janeiro a agosto, o Brasil registrou 945 casos confirmados ou prov\u00e1veis de mpox. O n\u00famero supera<span class=\"excerpt-hellip\"> [\u2026]<\/span><\/p>\n","protected":false},"author":10,"featured_media":48479,"comment_status":"open","ping_status":"open","sticky":false,"template":"","format":"standard","meta":{"_jetpack_memberships_contains_paid_content":false,"footnotes":"","jetpack_publicize_message":"","jetpack_publicize_feature_enabled":true,"jetpack_social_post_already_shared":true,"jetpack_social_options":{"image_generator_settings":{"template":"highway","default_image_id":0,"enabled":false},"version":2}},"categories":[28,81],"tags":[],"class_list":["post-49285","post","type-post","status-publish","format-standard","has-post-thumbnail","hentry","category-cotidiano","category-manchete"],"yoast_head":"<!-- This site is optimized with the Yoast SEO plugin v25.6 - https:\/\/yoast.com\/wordpress\/plugins\/seo\/ -->\n<title>Casos de mpox no Brasil este ano j\u00e1 superam o total de 2023 - VerdadeOn<\/title>\n<meta name=\"robots\" content=\"index, follow, max-snippet:-1, max-image-preview:large, max-video-preview:-1\" \/>\n<link rel=\"canonical\" href=\"https:\/\/verdadeon.com.br\/portal\/2024\/09\/05\/casos-de-mpox-no-brasil-este-ano-ja-superam-o-total-de-2023\/\" \/>\n<meta property=\"og:locale\" content=\"pt_BR\" \/>\n<meta property=\"og:type\" content=\"article\" \/>\n<meta property=\"og:title\" content=\"Casos de mpox no Brasil este ano j\u00e1 superam o total de 2023 - VerdadeOn\" \/>\n<meta property=\"og:description\" content=\"Sudeste concentra a maior parte dos casos no pa\u00eds De janeiro a agosto, o Brasil registrou 945 casos confirmados ou prov\u00e1veis de mpox. O n\u00famero supera [\u2026]\" \/>\n<meta property=\"og:url\" content=\"https:\/\/verdadeon.com.br\/portal\/2024\/09\/05\/casos-de-mpox-no-brasil-este-ano-ja-superam-o-total-de-2023\/\" \/>\n<meta property=\"og:site_name\" content=\"VerdadeOn\" \/>\n<meta property=\"article:published_time\" content=\"2024-09-05T17:16:34+00:00\" \/>\n<meta property=\"og:image\" content=\"https:\/\/i0.wp.com\/verdadeon.com.br\/portal\/wp-content\/uploads\/2024\/08\/0d9a8460_0.webp?fit=1170%2C700&ssl=1\" \/>\n\t<meta property=\"og:image:width\" content=\"1170\" \/>\n\t<meta property=\"og:image:height\" content=\"700\" \/>\n\t<meta property=\"og:image:type\" content=\"image\/webp\" \/>\n<meta name=\"author\" content=\"Redacao VerdadeOn\" \/>\n<meta name=\"twitter:card\" content=\"summary_large_image\" \/>\n<meta name=\"twitter:label1\" content=\"Escrito por\" \/>\n\t<meta name=\"twitter:data1\" content=\"Redacao VerdadeOn\" \/>\n\t<meta name=\"twitter:label2\" content=\"Est. tempo de leitura\" \/>\n\t<meta name=\"twitter:data2\" content=\"3 minutos\" \/>\n<script type=\"application\/ld+json\" class=\"yoast-schema-graph\">{\"@context\":\"https:\/\/schema.org\",\"@graph\":[{\"@type\":\"WebPage\",\"@id\":\"https:\/\/verdadeon.com.br\/portal\/2024\/09\/05\/casos-de-mpox-no-brasil-este-ano-ja-superam-o-total-de-2023\/\",\"url\":\"https:\/\/verdadeon.com.br\/portal\/2024\/09\/05\/casos-de-mpox-no-brasil-este-ano-ja-superam-o-total-de-2023\/\",\"name\":\"Casos de mpox no Brasil este ano j\u00e1 superam o total de 2023 - VerdadeOn\",\"isPartOf\":{\"@id\":\"https:\/\/verdadeon.com.br\/portal\/#website\"},\"primaryImageOfPage\":{\"@id\":\"https:\/\/verdadeon.com.br\/portal\/2024\/09\/05\/casos-de-mpox-no-brasil-este-ano-ja-superam-o-total-de-2023\/#primaryimage\"},\"image\":{\"@id\":\"https:\/\/verdadeon.com.br\/portal\/2024\/09\/05\/casos-de-mpox-no-brasil-este-ano-ja-superam-o-total-de-2023\/#primaryimage\"},\"thumbnailUrl\":\"https:\/\/i0.wp.com\/verdadeon.com.br\/portal\/wp-content\/uploads\/2024\/08\/0d9a8460_0.webp?fit=1170%2C700&ssl=1\",\"datePublished\":\"2024-09-05T17:16:34+00:00\",\"author\":{\"@id\":\"https:\/\/verdadeon.com.br\/portal\/#\/schema\/person\/a5060ad1e9ea3df545188fc93ce43d2f\"},\"breadcrumb\":{\"@id\":\"https:\/\/verdadeon.com.br\/portal\/2024\/09\/05\/casos-de-mpox-no-brasil-este-ano-ja-superam-o-total-de-2023\/#breadcrumb\"},\"inLanguage\":\"pt-BR\",\"potentialAction\":[{\"@type\":\"ReadAction\",\"target\":[\"https:\/\/verdadeon.com.br\/portal\/2024\/09\/05\/casos-de-mpox-no-brasil-este-ano-ja-superam-o-total-de-2023\/\"]}]},{\"@type\":\"ImageObject\",\"inLanguage\":\"pt-BR\",\"@id\":\"https:\/\/verdadeon.com.br\/portal\/2024\/09\/05\/casos-de-mpox-no-brasil-este-ano-ja-superam-o-total-de-2023\/#primaryimage\",\"url\":\"https:\/\/i0.wp.com\/verdadeon.com.br\/portal\/wp-content\/uploads\/2024\/08\/0d9a8460_0.webp?fit=1170%2C700&ssl=1\",\"contentUrl\":\"https:\/\/i0.wp.com\/verdadeon.com.br\/portal\/wp-content\/uploads\/2024\/08\/0d9a8460_0.webp?fit=1170%2C700&ssl=1\",\"width\":1170,\"height\":700,\"caption\":\"N\u00edsia Trindade, ministra da Sa\u00fade (\u00a9Jos\u00e9 Cruz\/Ag\u00eancia Brasil)\"},{\"@type\":\"BreadcrumbList\",\"@id\":\"https:\/\/verdadeon.com.br\/portal\/2024\/09\/05\/casos-de-mpox-no-brasil-este-ano-ja-superam-o-total-de-2023\/#breadcrumb\",\"itemListElement\":[{\"@type\":\"ListItem\",\"position\":1,\"name\":\"In\u00edcio\",\"item\":\"https:\/\/verdadeon.com.br\/portal\/\"},{\"@type\":\"ListItem\",\"position\":2,\"name\":\"Casos de mpox no Brasil este ano j\u00e1 superam o total de 2023\"}]},{\"@type\":\"WebSite\",\"@id\":\"https:\/\/verdadeon.com.br\/portal\/#website\",\"url\":\"https:\/\/verdadeon.com.br\/portal\/\",\"name\":\"VerdadeOn\",\"description\":\"Not\u00edcias di\u00e1rias sobre Franca, Regi\u00e3o, Esporte, Cultura, Cotidiano, Colunas. Cobertura nos principais eventos da cidade \u00e9 aqui - Verdadeon Franca\",\"potentialAction\":[{\"@type\":\"SearchAction\",\"target\":{\"@type\":\"EntryPoint\",\"urlTemplate\":\"https:\/\/verdadeon.com.br\/portal\/?s={search_term_string}\"},\"query-input\":{\"@type\":\"PropertyValueSpecification\",\"valueRequired\":true,\"valueName\":\"search_term_string\"}}],\"inLanguage\":\"pt-BR\"},{\"@type\":\"Person\",\"@id\":\"https:\/\/verdadeon.com.br\/portal\/#\/schema\/person\/a5060ad1e9ea3df545188fc93ce43d2f\",\"name\":\"Redacao VerdadeOn\",\"image\":{\"@type\":\"ImageObject\",\"inLanguage\":\"pt-BR\",\"@id\":\"https:\/\/verdadeon.com.br\/portal\/#\/schema\/person\/image\/\",\"url\":\"https:\/\/secure.gravatar.com\/avatar\/459a9613caaaf07f582c3d0841eea68bdd66f533e465e6ba8b9cb45619572cf4?s=96&d=mm&r=g\",\"contentUrl\":\"https:\/\/secure.gravatar.com\/avatar\/459a9613caaaf07f582c3d0841eea68bdd66f533e465e6ba8b9cb45619572cf4?s=96&d=mm&r=g\",\"caption\":\"Redacao VerdadeOn\"},\"url\":\"https:\/\/verdadeon.com.br\/portal\/author\/redacao\/\"}]}<\/script>\n<!-- \/ Yoast SEO plugin. -->","yoast_head_json":{"title":"Casos de mpox no Brasil este ano j\u00e1 superam o total de 2023 - VerdadeOn","robots":{"index":"index","follow":"follow","max-snippet":"max-snippet:-1","max-image-preview":"max-image-preview:large","max-video-preview":"max-video-preview:-1"},"canonical":"https:\/\/verdadeon.com.br\/portal\/2024\/09\/05\/casos-de-mpox-no-brasil-este-ano-ja-superam-o-total-de-2023\/","og_locale":"pt_BR","og_type":"article","og_title":"Casos de mpox no Brasil este ano j\u00e1 superam o total de 2023 - VerdadeOn","og_description":"Sudeste concentra a maior parte dos casos no pa\u00eds De janeiro a agosto, o Brasil registrou 945 casos confirmados ou prov\u00e1veis de mpox. O n\u00famero supera [\u2026]","og_url":"https:\/\/verdadeon.com.br\/portal\/2024\/09\/05\/casos-de-mpox-no-brasil-este-ano-ja-superam-o-total-de-2023\/","og_site_name":"VerdadeOn","article_published_time":"2024-09-05T17:16:34+00:00","og_image":[{"width":1170,"height":700,"url":"https:\/\/i0.wp.com\/verdadeon.com.br\/portal\/wp-content\/uploads\/2024\/08\/0d9a8460_0.webp?fit=1170%2C700&ssl=1","type":"image\/webp"}],"author":"Redacao VerdadeOn","twitter_card":"summary_large_image","twitter_misc":{"Escrito por":"Redacao VerdadeOn","Est. tempo de leitura":"3 minutos"},"schema":{"@context":"https:\/\/schema.org","@graph":[{"@type":"WebPage","@id":"https:\/\/verdadeon.com.br\/portal\/2024\/09\/05\/casos-de-mpox-no-brasil-este-ano-ja-superam-o-total-de-2023\/","url":"https:\/\/verdadeon.com.br\/portal\/2024\/09\/05\/casos-de-mpox-no-brasil-este-ano-ja-superam-o-total-de-2023\/","name":"Casos de mpox no Brasil este ano j\u00e1 superam o total de 2023 - VerdadeOn","isPartOf":{"@id":"https:\/\/verdadeon.com.br\/portal\/#website"},"primaryImageOfPage":{"@id":"https:\/\/verdadeon.com.br\/portal\/2024\/09\/05\/casos-de-mpox-no-brasil-este-ano-ja-superam-o-total-de-2023\/#primaryimage"},"image":{"@id":"https:\/\/verdadeon.com.br\/portal\/2024\/09\/05\/casos-de-mpox-no-brasil-este-ano-ja-superam-o-total-de-2023\/#primaryimage"},"thumbnailUrl":"https:\/\/i0.wp.com\/verdadeon.com.br\/portal\/wp-content\/uploads\/2024\/08\/0d9a8460_0.webp?fit=1170%2C700&ssl=1","datePublished":"2024-09-05T17:16:34+00:00","author":{"@id":"https:\/\/verdadeon.com.br\/portal\/#\/schema\/person\/a5060ad1e9ea3df545188fc93ce43d2f"},"breadcrumb":{"@id":"https:\/\/verdadeon.com.br\/portal\/2024\/09\/05\/casos-de-mpox-no-brasil-este-ano-ja-superam-o-total-de-2023\/#breadcrumb"},"inLanguage":"pt-BR","potentialAction":[{"@type":"ReadAction","target":["https:\/\/verdadeon.com.br\/portal\/2024\/09\/05\/casos-de-mpox-no-brasil-este-ano-ja-superam-o-total-de-2023\/"]}]},{"@type":"ImageObject","inLanguage":"pt-BR","@id":"https:\/\/verdadeon.com.br\/portal\/2024\/09\/05\/casos-de-mpox-no-brasil-este-ano-ja-superam-o-total-de-2023\/#primaryimage","url":"https:\/\/i0.wp.com\/verdadeon.com.br\/portal\/wp-content\/uploads\/2024\/08\/0d9a8460_0.webp?fit=1170%2C700&ssl=1","contentUrl":"https:\/\/i0.wp.com\/verdadeon.com.br\/portal\/wp-content\/uploads\/2024\/08\/0d9a8460_0.webp?fit=1170%2C700&ssl=1","width":1170,"height":700,"caption":"N\u00edsia Trindade, ministra da Sa\u00fade (\u00a9Jos\u00e9 Cruz\/Ag\u00eancia Brasil)"},{"@type":"BreadcrumbList","@id":"https:\/\/verdadeon.com.br\/portal\/2024\/09\/05\/casos-de-mpox-no-brasil-este-ano-ja-superam-o-total-de-2023\/#breadcrumb","itemListElement":[{"@type":"ListItem","position":1,"name":"In\u00edcio","item":"https:\/\/verdadeon.com.br\/portal\/"},{"@type":"ListItem","position":2,"name":"Casos de mpox no Brasil este ano j\u00e1 superam o total de 2023"}]},{"@type":"WebSite","@id":"https:\/\/verdadeon.com.br\/portal\/#website","url":"https:\/\/verdadeon.com.br\/portal\/","name":"VerdadeOn","description":"Not\u00edcias di\u00e1rias sobre Franca, Regi\u00e3o, Esporte, Cultura, Cotidiano, Colunas. Cobertura nos principais eventos da cidade \u00e9 aqui - Verdadeon Franca","potentialAction":[{"@type":"SearchAction","target":{"@type":"EntryPoint","urlTemplate":"https:\/\/verdadeon.com.br\/portal\/?s={search_term_string}"},"query-input":{"@type":"PropertyValueSpecification","valueRequired":true,"valueName":"search_term_string"}}],"inLanguage":"pt-BR"},{"@type":"Person","@id":"https:\/\/verdadeon.com.br\/portal\/#\/schema\/person\/a5060ad1e9ea3df545188fc93ce43d2f","name":"Redacao VerdadeOn","image":{"@type":"ImageObject","inLanguage":"pt-BR","@id":"https:\/\/verdadeon.com.br\/portal\/#\/schema\/person\/image\/","url":"https:\/\/secure.gravatar.com\/avatar\/459a9613caaaf07f582c3d0841eea68bdd66f533e465e6ba8b9cb45619572cf4?s=96&d=mm&r=g","contentUrl":"https:\/\/secure.gravatar.com\/avatar\/459a9613caaaf07f582c3d0841eea68bdd66f533e465e6ba8b9cb45619572cf4?s=96&d=mm&r=g","caption":"Redacao VerdadeOn"},"url":"https:\/\/verdadeon.com.br\/portal\/author\/redacao\/"}]}},"jetpack_publicize_connections":[],"jetpack_featured_media_url":"https:\/\/i0.wp.com\/verdadeon.com.br\/portal\/wp-content\/uploads\/2024\/08\/0d9a8460_0.webp?fit=1170%2C700&ssl=1","jetpack_sharing_enabled":true,"_links":{"self":[{"href":"https:\/\/verdadeon.com.br\/portal\/wp-json\/wp\/v2\/posts\/49285","targetHints":{"allow":["GET"]}}],"collection":[{"href":"https:\/\/verdadeon.com.br\/portal\/wp-json\/wp\/v2\/posts"}],"about":[{"href":"https:\/\/verdadeon.com.br\/portal\/wp-json\/wp\/v2\/types\/post"}],"author":[{"embeddable":true,"href":"https:\/\/verdadeon.com.br\/portal\/wp-json\/wp\/v2\/users\/10"}],"replies":[{"embeddable":true,"href":"https:\/\/verdadeon.com.br\/portal\/wp-json\/wp\/v2\/comments?post=49285"}],"version-history":[{"count":1,"href":"https:\/\/verdadeon.com.br\/portal\/wp-json\/wp\/v2\/posts\/49285\/revisions"}],"predecessor-version":[{"id":49286,"href":"https:\/\/verdadeon.com.br\/portal\/wp-json\/wp\/v2\/posts\/49285\/revisions\/49286"}],"wp:featuredmedia":[{"embeddable":true,"href":"https:\/\/verdadeon.com.br\/portal\/wp-json\/wp\/v2\/media\/48479"}],"wp:attachment":[{"href":"https:\/\/verdadeon.com.br\/portal\/wp-json\/wp\/v2\/media?parent=49285"}],"wp:term":[{"taxonomy":"category","embeddable":true,"href":"https:\/\/verdadeon.com.br\/portal\/wp-json\/wp\/v2\/categories?post=49285"},{"taxonomy":"post_tag","embeddable":true,"href":"https:\/\/verdadeon.com.br\/portal\/wp-json\/wp\/v2\/tags?post=49285"}],"curies":[{"name":"wp","href":"https:\/\/api.w.org\/{rel}","templated":true}]}}