{"id":49282,"date":"2024-09-05T14:10:16","date_gmt":"2024-09-05T17:10:16","guid":{"rendered":"https:\/\/verdadeon.com.br\/portal\/?p=49282"},"modified":"2024-09-05T14:10:16","modified_gmt":"2024-09-05T17:10:16","slug":"endividamento-das-familias-recua-pelo-segundo-mes-consecutivo","status":"publish","type":"post","link":"https:\/\/verdadeon.com.br\/portal\/2024\/09\/05\/endividamento-das-familias-recua-pelo-segundo-mes-consecutivo\/","title":{"rendered":"Endividamento das fam\u00edlias recua pelo segundo m\u00eas consecutivo"},"content":{"rendered":"<div class=\"row\">\n<h2 class=\"col-10 offset-1 animated fadeInDown dealy-900 display-8 display-md-8 alt-font font-italic my-1 text-center\">Inadimpl\u00eancia se mant\u00e9m no mesmo patamar h\u00e1 3 meses<\/h2>\n<p>Pelo segundo m\u00eas consecutivo, a Pesquisa de Endividamento e Inadimpl\u00eancia do Consumidor (Peic), realizada mensalmente pela Confedera\u00e7\u00e3o Nacional do Com\u00e9rcio de Bens, Servi\u00e7os e Turismo (CNC), registra queda do endividamento das fam\u00edlias brasileiras. O percentual de fam\u00edlias que relataram ter d\u00edvidas a vencer diminuiu para 78% em agosto, abaixo dos 78,5% observados em julho, mas ainda superior ao \u00edndice de 77,4% registrado em agosto do ano passado.\u00a0<img data-recalc-dims=\"1\" decoding=\"async\" src=\"https:\/\/i0.wp.com\/agenciabrasil.ebc.com.br\/ebc.png?w=1220&#038;ssl=1\" \/><img data-recalc-dims=\"1\" decoding=\"async\" src=\"https:\/\/i0.wp.com\/agenciabrasil.ebc.com.br\/ebc.gif?w=1220&#038;ssl=1\" \/><\/p>\n<p>Segundo a CNC, o resultado reflete uma cautela crescente das fam\u00edlias em rela\u00e7\u00e3o ao uso do cr\u00e9dito. Apesar dessa redu\u00e7\u00e3o do endividamento geral, o n\u00famero de fam\u00edlias que se consideram \u201cmuito endividadas\u201d aumentou para 16,8%.<\/p>\n<p>Para o presidente do Sistema CNC-Sesc-Senac, Jos\u00e9 Roberto Tadros, o comportamento recente do endividamento est\u00e1 diretamente ligado ao cen\u00e1rio macroecon\u00f4mico. \u201cO\u00a0<a href=\"https:\/\/agenciabrasil.ebc.com.br\/economia\/noticia\/2024-09\/pib-cresce-14-no-segundo-trimestre-e-fica-acima-do-esperado\" target=\"_blank\" rel=\"noopener\">resultado do PIB<\/a>, que apontou um crescimento de 1,4% no segundo trimestre, superou as expectativas, mas tamb\u00e9m revelou um ambiente econ\u00f4mico ainda desafiador. O al\u00edvio do endividamento \u00e9 positivo, mas precisamos considerar que os juros elevados e a recupera\u00e7\u00e3o econ\u00f4mica lenta ainda geram incertezas para as fam\u00edlias brasileiras. Uma poss\u00edvel retra\u00e7\u00e3o no consumo pode afetar a retomada do crescimento\u201d, ressalta Tadros.<\/p>\n<p><strong>Inadimpl\u00eancia<\/strong><\/p>\n<p>Em rela\u00e7\u00e3o \u00e0 inadimpl\u00eancia, o percentual de fam\u00edlias com d\u00edvidas em atraso se manteve est\u00e1vel em 28,8% pelo terceiro m\u00eas consecutivo, permanecendo ligeiramente abaixo do registrado em agosto de 2023. No entanto, o percentual de fam\u00edlias que n\u00e3o ter\u00e3o condi\u00e7\u00f5es de pagar suas d\u00edvidas atrasadas subiu para 12,1%, um indicativo de que, mesmo com a estabiliza\u00e7\u00e3o no n\u00famero de contas em atraso, as dificuldades financeiras permanecem. Al\u00e9m disso, o percentual de d\u00edvidas em atraso h\u00e1 mais de 90 dias aumentou para 48,6%, o maior desde mar\u00e7o de 2020.<\/p>\n<p>O economista-chefe da CNC, Felipe Tavares, observa que, embora o endividamento esteja em queda, o comprometimento da renda das fam\u00edlias com o pagamento de d\u00edvidas ainda \u00e9 elevado. \u201cO percentual m\u00e9dio de comprometimento da renda foi de 29,6% em agosto, demonstrando que as fam\u00edlias est\u00e3o buscando manter suas finan\u00e7as sob controle, mas precisam alongar os prazos e lidar com juros altos, o que complica a situa\u00e7\u00e3o\u201d, explica Tavares.<\/p>\n<p>O percentual de fam\u00edlias com mais da metade da renda comprometida com d\u00edvidas atingiu 19,9%, o maior desde junho deste ano. As proje\u00e7\u00f5es da CNC indicam que o endividamento deve voltar a subir no \u00faltimo trimestre do ano, acompanhando um aumento gradativo da inadimpl\u00eancia, que poder\u00e1 atingir 29,5% at\u00e9 dezembro.<\/p>\n<p>Nas modalidades de cr\u00e9dito, o cart\u00e3o de cr\u00e9dito continua liderando com 85,7% de participa\u00e7\u00e3o entre os devedores, apesar de uma retra\u00e7\u00e3o de 0,4 p.p. em compara\u00e7\u00e3o ao m\u00eas anterior. O cr\u00e9dito pessoal destacou-se com um aumento de 0,5 p.p. em rela\u00e7\u00e3o a julho e 1,8 p.p. na compara\u00e7\u00e3o anual, refletindo as recentes redu\u00e7\u00f5es das taxas de juros dessa modalidade.<\/p>\n<p>O Rio Grande do Sul, afetado por enchentes em maio, vem apresentando um aumento cont\u00ednuo do endividamento, que alcan\u00e7ou 92,9% em agosto, o maior percentual desde outubro de 2023. Com isso, o estado registrou 39,1% de fam\u00edlias endividadas com contas em atraso, o maior \u00edndice desde dezembro de 2023, e 3,7% sem condi\u00e7\u00f5es de quit\u00e1-las, o mais alto desde agosto de 2021.<\/p>\n<p>Fonte: Ag\u00eancia Brasil<\/p>\n<\/div>\n","protected":false},"excerpt":{"rendered":"<p>Inadimpl\u00eancia se mant\u00e9m no mesmo patamar h\u00e1 3 meses Pelo segundo m\u00eas consecutivo, a Pesquisa de Endividamento e Inadimpl\u00eancia do Consumidor (Peic), realizada mensalmente pela Confedera\u00e7\u00e3o<span class=\"excerpt-hellip\"> [\u2026]<\/span><\/p>\n","protected":false},"author":10,"featured_media":49283,"comment_status":"open","ping_status":"open","sticky":false,"template":"","format":"standard","meta":{"_jetpack_memberships_contains_paid_content":false,"footnotes":"","jetpack_publicize_message":"","jetpack_publicize_feature_enabled":true,"jetpack_social_post_already_shared":true,"jetpack_social_options":{"image_generator_settings":{"template":"highway","default_image_id":0,"enabled":false},"version":2}},"categories":[28,81],"tags":[],"class_list":["post-49282","post","type-post","status-publish","format-standard","has-post-thumbnail","hentry","category-cotidiano","category-manchete"],"yoast_head":"<!-- This site is optimized with the Yoast SEO plugin v25.6 - https:\/\/yoast.com\/wordpress\/plugins\/seo\/ -->\n<title>Endividamento das fam\u00edlias recua pelo segundo m\u00eas consecutivo - VerdadeOn<\/title>\n<meta name=\"robots\" content=\"index, follow, max-snippet:-1, max-image-preview:large, max-video-preview:-1\" \/>\n<link rel=\"canonical\" href=\"https:\/\/verdadeon.com.br\/portal\/2024\/09\/05\/endividamento-das-familias-recua-pelo-segundo-mes-consecutivo\/\" \/>\n<meta property=\"og:locale\" content=\"pt_BR\" \/>\n<meta property=\"og:type\" content=\"article\" \/>\n<meta property=\"og:title\" content=\"Endividamento das fam\u00edlias recua pelo segundo m\u00eas consecutivo - VerdadeOn\" \/>\n<meta property=\"og:description\" content=\"Inadimpl\u00eancia se mant\u00e9m no mesmo patamar h\u00e1 3 meses Pelo segundo m\u00eas consecutivo, a Pesquisa de Endividamento e Inadimpl\u00eancia do Consumidor (Peic), realizada mensalmente pela Confedera\u00e7\u00e3o [\u2026]\" \/>\n<meta property=\"og:url\" content=\"https:\/\/verdadeon.com.br\/portal\/2024\/09\/05\/endividamento-das-familias-recua-pelo-segundo-mes-consecutivo\/\" \/>\n<meta property=\"og:site_name\" content=\"VerdadeOn\" \/>\n<meta property=\"article:published_time\" content=\"2024-09-05T17:10:16+00:00\" \/>\n<meta property=\"og:image\" content=\"https:\/\/verdadeon.com.br\/portal\/wp-content\/uploads\/2024\/09\/AnyConv.com__credit-cards-1583534.jpeg\" \/>\n\t<meta property=\"og:image:width\" content=\"1044\" \/>\n\t<meta property=\"og:image:height\" content=\"700\" \/>\n\t<meta property=\"og:image:type\" content=\"image\/jpeg\" \/>\n<meta name=\"author\" content=\"Redacao VerdadeOn\" \/>\n<meta name=\"twitter:card\" content=\"summary_large_image\" \/>\n<meta name=\"twitter:label1\" content=\"Escrito por\" \/>\n\t<meta name=\"twitter:data1\" content=\"Redacao VerdadeOn\" \/>\n\t<meta name=\"twitter:label2\" content=\"Est. tempo de leitura\" \/>\n\t<meta name=\"twitter:data2\" content=\"3 minutos\" \/>\n<script type=\"application\/ld+json\" class=\"yoast-schema-graph\">{\"@context\":\"https:\/\/schema.org\",\"@graph\":[{\"@type\":\"WebPage\",\"@id\":\"https:\/\/verdadeon.com.br\/portal\/2024\/09\/05\/endividamento-das-familias-recua-pelo-segundo-mes-consecutivo\/\",\"url\":\"https:\/\/verdadeon.com.br\/portal\/2024\/09\/05\/endividamento-das-familias-recua-pelo-segundo-mes-consecutivo\/\",\"name\":\"Endividamento das fam\u00edlias recua pelo segundo m\u00eas consecutivo - VerdadeOn\",\"isPartOf\":{\"@id\":\"https:\/\/verdadeon.com.br\/portal\/#website\"},\"primaryImageOfPage\":{\"@id\":\"https:\/\/verdadeon.com.br\/portal\/2024\/09\/05\/endividamento-das-familias-recua-pelo-segundo-mes-consecutivo\/#primaryimage\"},\"image\":{\"@id\":\"https:\/\/verdadeon.com.br\/portal\/2024\/09\/05\/endividamento-das-familias-recua-pelo-segundo-mes-consecutivo\/#primaryimage\"},\"thumbnailUrl\":\"https:\/\/i0.wp.com\/verdadeon.com.br\/portal\/wp-content\/uploads\/2024\/09\/AnyConv.com__credit-cards-1583534.jpeg?fit=1044%2C700&ssl=1\",\"datePublished\":\"2024-09-05T17:10:16+00:00\",\"author\":{\"@id\":\"https:\/\/verdadeon.com.br\/portal\/#\/schema\/person\/a5060ad1e9ea3df545188fc93ce43d2f\"},\"breadcrumb\":{\"@id\":\"https:\/\/verdadeon.com.br\/portal\/2024\/09\/05\/endividamento-das-familias-recua-pelo-segundo-mes-consecutivo\/#breadcrumb\"},\"inLanguage\":\"pt-BR\",\"potentialAction\":[{\"@type\":\"ReadAction\",\"target\":[\"https:\/\/verdadeon.com.br\/portal\/2024\/09\/05\/endividamento-das-familias-recua-pelo-segundo-mes-consecutivo\/\"]}]},{\"@type\":\"ImageObject\",\"inLanguage\":\"pt-BR\",\"@id\":\"https:\/\/verdadeon.com.br\/portal\/2024\/09\/05\/endividamento-das-familias-recua-pelo-segundo-mes-consecutivo\/#primaryimage\",\"url\":\"https:\/\/i0.wp.com\/verdadeon.com.br\/portal\/wp-content\/uploads\/2024\/09\/AnyConv.com__credit-cards-1583534.jpeg?fit=1044%2C700&ssl=1\",\"contentUrl\":\"https:\/\/i0.wp.com\/verdadeon.com.br\/portal\/wp-content\/uploads\/2024\/09\/AnyConv.com__credit-cards-1583534.jpeg?fit=1044%2C700&ssl=1\",\"width\":1044,\"height\":700,\"caption\":\"Segundo a CNC, o resultado reflete uma cautela crescente das fam\u00edlias em rela\u00e7\u00e3o ao uso do cr\u00e9dito (\u00a9TheDigitalWay\/Pixabay)\"},{\"@type\":\"BreadcrumbList\",\"@id\":\"https:\/\/verdadeon.com.br\/portal\/2024\/09\/05\/endividamento-das-familias-recua-pelo-segundo-mes-consecutivo\/#breadcrumb\",\"itemListElement\":[{\"@type\":\"ListItem\",\"position\":1,\"name\":\"In\u00edcio\",\"item\":\"https:\/\/verdadeon.com.br\/portal\/\"},{\"@type\":\"ListItem\",\"position\":2,\"name\":\"Endividamento das fam\u00edlias recua pelo segundo m\u00eas consecutivo\"}]},{\"@type\":\"WebSite\",\"@id\":\"https:\/\/verdadeon.com.br\/portal\/#website\",\"url\":\"https:\/\/verdadeon.com.br\/portal\/\",\"name\":\"VerdadeOn\",\"description\":\"Not\u00edcias di\u00e1rias sobre Franca, Regi\u00e3o, Esporte, Cultura, Cotidiano, Colunas. Cobertura nos principais eventos da cidade \u00e9 aqui - Verdadeon Franca\",\"potentialAction\":[{\"@type\":\"SearchAction\",\"target\":{\"@type\":\"EntryPoint\",\"urlTemplate\":\"https:\/\/verdadeon.com.br\/portal\/?s={search_term_string}\"},\"query-input\":{\"@type\":\"PropertyValueSpecification\",\"valueRequired\":true,\"valueName\":\"search_term_string\"}}],\"inLanguage\":\"pt-BR\"},{\"@type\":\"Person\",\"@id\":\"https:\/\/verdadeon.com.br\/portal\/#\/schema\/person\/a5060ad1e9ea3df545188fc93ce43d2f\",\"name\":\"Redacao VerdadeOn\",\"image\":{\"@type\":\"ImageObject\",\"inLanguage\":\"pt-BR\",\"@id\":\"https:\/\/verdadeon.com.br\/portal\/#\/schema\/person\/image\/\",\"url\":\"https:\/\/secure.gravatar.com\/avatar\/459a9613caaaf07f582c3d0841eea68bdd66f533e465e6ba8b9cb45619572cf4?s=96&d=mm&r=g\",\"contentUrl\":\"https:\/\/secure.gravatar.com\/avatar\/459a9613caaaf07f582c3d0841eea68bdd66f533e465e6ba8b9cb45619572cf4?s=96&d=mm&r=g\",\"caption\":\"Redacao VerdadeOn\"},\"url\":\"https:\/\/verdadeon.com.br\/portal\/author\/redacao\/\"}]}<\/script>\n<!-- \/ Yoast SEO plugin. -->","yoast_head_json":{"title":"Endividamento das fam\u00edlias recua pelo segundo m\u00eas consecutivo - VerdadeOn","robots":{"index":"index","follow":"follow","max-snippet":"max-snippet:-1","max-image-preview":"max-image-preview:large","max-video-preview":"max-video-preview:-1"},"canonical":"https:\/\/verdadeon.com.br\/portal\/2024\/09\/05\/endividamento-das-familias-recua-pelo-segundo-mes-consecutivo\/","og_locale":"pt_BR","og_type":"article","og_title":"Endividamento das fam\u00edlias recua pelo segundo m\u00eas consecutivo - VerdadeOn","og_description":"Inadimpl\u00eancia se mant\u00e9m no mesmo patamar h\u00e1 3 meses Pelo segundo m\u00eas consecutivo, a Pesquisa de Endividamento e Inadimpl\u00eancia do Consumidor (Peic), realizada mensalmente pela Confedera\u00e7\u00e3o [\u2026]","og_url":"https:\/\/verdadeon.com.br\/portal\/2024\/09\/05\/endividamento-das-familias-recua-pelo-segundo-mes-consecutivo\/","og_site_name":"VerdadeOn","article_published_time":"2024-09-05T17:10:16+00:00","og_image":[{"width":1044,"height":700,"url":"https:\/\/verdadeon.com.br\/portal\/wp-content\/uploads\/2024\/09\/AnyConv.com__credit-cards-1583534.jpeg","type":"image\/jpeg"}],"author":"Redacao VerdadeOn","twitter_card":"summary_large_image","twitter_misc":{"Escrito por":"Redacao VerdadeOn","Est. tempo de leitura":"3 minutos"},"schema":{"@context":"https:\/\/schema.org","@graph":[{"@type":"WebPage","@id":"https:\/\/verdadeon.com.br\/portal\/2024\/09\/05\/endividamento-das-familias-recua-pelo-segundo-mes-consecutivo\/","url":"https:\/\/verdadeon.com.br\/portal\/2024\/09\/05\/endividamento-das-familias-recua-pelo-segundo-mes-consecutivo\/","name":"Endividamento das fam\u00edlias recua pelo segundo m\u00eas consecutivo - VerdadeOn","isPartOf":{"@id":"https:\/\/verdadeon.com.br\/portal\/#website"},"primaryImageOfPage":{"@id":"https:\/\/verdadeon.com.br\/portal\/2024\/09\/05\/endividamento-das-familias-recua-pelo-segundo-mes-consecutivo\/#primaryimage"},"image":{"@id":"https:\/\/verdadeon.com.br\/portal\/2024\/09\/05\/endividamento-das-familias-recua-pelo-segundo-mes-consecutivo\/#primaryimage"},"thumbnailUrl":"https:\/\/i0.wp.com\/verdadeon.com.br\/portal\/wp-content\/uploads\/2024\/09\/AnyConv.com__credit-cards-1583534.jpeg?fit=1044%2C700&ssl=1","datePublished":"2024-09-05T17:10:16+00:00","author":{"@id":"https:\/\/verdadeon.com.br\/portal\/#\/schema\/person\/a5060ad1e9ea3df545188fc93ce43d2f"},"breadcrumb":{"@id":"https:\/\/verdadeon.com.br\/portal\/2024\/09\/05\/endividamento-das-familias-recua-pelo-segundo-mes-consecutivo\/#breadcrumb"},"inLanguage":"pt-BR","potentialAction":[{"@type":"ReadAction","target":["https:\/\/verdadeon.com.br\/portal\/2024\/09\/05\/endividamento-das-familias-recua-pelo-segundo-mes-consecutivo\/"]}]},{"@type":"ImageObject","inLanguage":"pt-BR","@id":"https:\/\/verdadeon.com.br\/portal\/2024\/09\/05\/endividamento-das-familias-recua-pelo-segundo-mes-consecutivo\/#primaryimage","url":"https:\/\/i0.wp.com\/verdadeon.com.br\/portal\/wp-content\/uploads\/2024\/09\/AnyConv.com__credit-cards-1583534.jpeg?fit=1044%2C700&ssl=1","contentUrl":"https:\/\/i0.wp.com\/verdadeon.com.br\/portal\/wp-content\/uploads\/2024\/09\/AnyConv.com__credit-cards-1583534.jpeg?fit=1044%2C700&ssl=1","width":1044,"height":700,"caption":"Segundo a CNC, o resultado reflete uma cautela crescente das fam\u00edlias em rela\u00e7\u00e3o ao uso do cr\u00e9dito (\u00a9TheDigitalWay\/Pixabay)"},{"@type":"BreadcrumbList","@id":"https:\/\/verdadeon.com.br\/portal\/2024\/09\/05\/endividamento-das-familias-recua-pelo-segundo-mes-consecutivo\/#breadcrumb","itemListElement":[{"@type":"ListItem","position":1,"name":"In\u00edcio","item":"https:\/\/verdadeon.com.br\/portal\/"},{"@type":"ListItem","position":2,"name":"Endividamento das fam\u00edlias recua pelo segundo m\u00eas consecutivo"}]},{"@type":"WebSite","@id":"https:\/\/verdadeon.com.br\/portal\/#website","url":"https:\/\/verdadeon.com.br\/portal\/","name":"VerdadeOn","description":"Not\u00edcias di\u00e1rias sobre Franca, Regi\u00e3o, Esporte, Cultura, Cotidiano, Colunas. Cobertura nos principais eventos da cidade \u00e9 aqui - Verdadeon Franca","potentialAction":[{"@type":"SearchAction","target":{"@type":"EntryPoint","urlTemplate":"https:\/\/verdadeon.com.br\/portal\/?s={search_term_string}"},"query-input":{"@type":"PropertyValueSpecification","valueRequired":true,"valueName":"search_term_string"}}],"inLanguage":"pt-BR"},{"@type":"Person","@id":"https:\/\/verdadeon.com.br\/portal\/#\/schema\/person\/a5060ad1e9ea3df545188fc93ce43d2f","name":"Redacao VerdadeOn","image":{"@type":"ImageObject","inLanguage":"pt-BR","@id":"https:\/\/verdadeon.com.br\/portal\/#\/schema\/person\/image\/","url":"https:\/\/secure.gravatar.com\/avatar\/459a9613caaaf07f582c3d0841eea68bdd66f533e465e6ba8b9cb45619572cf4?s=96&d=mm&r=g","contentUrl":"https:\/\/secure.gravatar.com\/avatar\/459a9613caaaf07f582c3d0841eea68bdd66f533e465e6ba8b9cb45619572cf4?s=96&d=mm&r=g","caption":"Redacao VerdadeOn"},"url":"https:\/\/verdadeon.com.br\/portal\/author\/redacao\/"}]}},"jetpack_publicize_connections":[],"jetpack_featured_media_url":"https:\/\/i0.wp.com\/verdadeon.com.br\/portal\/wp-content\/uploads\/2024\/09\/AnyConv.com__credit-cards-1583534.jpeg?fit=1044%2C700&ssl=1","jetpack_sharing_enabled":true,"_links":{"self":[{"href":"https:\/\/verdadeon.com.br\/portal\/wp-json\/wp\/v2\/posts\/49282","targetHints":{"allow":["GET"]}}],"collection":[{"href":"https:\/\/verdadeon.com.br\/portal\/wp-json\/wp\/v2\/posts"}],"about":[{"href":"https:\/\/verdadeon.com.br\/portal\/wp-json\/wp\/v2\/types\/post"}],"author":[{"embeddable":true,"href":"https:\/\/verdadeon.com.br\/portal\/wp-json\/wp\/v2\/users\/10"}],"replies":[{"embeddable":true,"href":"https:\/\/verdadeon.com.br\/portal\/wp-json\/wp\/v2\/comments?post=49282"}],"version-history":[{"count":1,"href":"https:\/\/verdadeon.com.br\/portal\/wp-json\/wp\/v2\/posts\/49282\/revisions"}],"predecessor-version":[{"id":49284,"href":"https:\/\/verdadeon.com.br\/portal\/wp-json\/wp\/v2\/posts\/49282\/revisions\/49284"}],"wp:featuredmedia":[{"embeddable":true,"href":"https:\/\/verdadeon.com.br\/portal\/wp-json\/wp\/v2\/media\/49283"}],"wp:attachment":[{"href":"https:\/\/verdadeon.com.br\/portal\/wp-json\/wp\/v2\/media?parent=49282"}],"wp:term":[{"taxonomy":"category","embeddable":true,"href":"https:\/\/verdadeon.com.br\/portal\/wp-json\/wp\/v2\/categories?post=49282"},{"taxonomy":"post_tag","embeddable":true,"href":"https:\/\/verdadeon.com.br\/portal\/wp-json\/wp\/v2\/tags?post=49282"}],"curies":[{"name":"wp","href":"https:\/\/api.w.org\/{rel}","templated":true}]}}