{"id":49235,"date":"2024-09-04T08:00:16","date_gmt":"2024-09-04T11:00:16","guid":{"rendered":"https:\/\/verdadeon.com.br\/portal\/?p=49235"},"modified":"2024-09-04T15:19:18","modified_gmt":"2024-09-04T18:19:18","slug":"arquiteto-de-franca-estreia-no-elenco-da-casacor-ribeirao-preto","status":"publish","type":"post","link":"https:\/\/verdadeon.com.br\/portal\/2024\/09\/04\/arquiteto-de-franca-estreia-no-elenco-da-casacor-ribeirao-preto\/","title":{"rendered":"Arquiteto de Franca estreia no elenco da CASACOR Ribeir\u00e3o Preto"},"content":{"rendered":"<h2>Guilherme Nalini assina o ambiente &#8220;su\u00edte do jovem casal&#8221;. Evento que acontece at\u00e9 o dia 20 de outubro traz uma reflex\u00e3o sobre o tempo com o tema &#8220;De presente, o agora&#8221; em mais de 30 projetos<\/h2>\n<p>Considerada a maior mostra de arquitetura, design de interiores e paisagismo das Am\u00e9ricas, a CASACOR Ribeir\u00e3o Preto chega a sua 6\u00aa edi\u00e7\u00e3o mantendo a tradi\u00e7\u00e3o de apresentar ao p\u00fablico as principais tend\u00eancias e inova\u00e7\u00f5es do mercado, al\u00e9m de abrir espa\u00e7o para novos talentos que se destacam nessas \u00e1reas.<\/p>\n<p>Neste ano, o evento, que traz mais de 30 projetos assinados por grandes profissionais, recebe, pela primeira vez, o arquiteto Guilherme Nalini, da cidade de Franca, que integra o elenco com o ambiente &#8220;su\u00edte do jovem casal&#8221;.<\/p>\n<p>&#8220;Busquei inspira\u00e7\u00e3o em su\u00edtes de hot\u00e9is nos quais j\u00e1 me hospedei. Lugares com personalidade, em que me fazia n\u00e3o sentir vontade de sair do quarto. Trouxe para a CASACOR uma composi\u00e7\u00e3o com solu\u00e7\u00f5es simples, mas sem deixar de lado o conforto e a sofistica\u00e7\u00e3o&#8221;, revela Nalini.<\/p>\n<p>A liga\u00e7\u00e3o com a arte impacta o visitante, que vivencia uma verdadeira experi\u00eancia sensorial no espa\u00e7o. O uso da fibra aquece e acolhe, efeitos provocados, tamb\u00e9m, pelo piso de madeira preservado da constru\u00e7\u00e3o original. J\u00e1 as pe\u00e7as desenhadas pelo pr\u00f3prio arquiteto, como a estante bar e a cabeceira, conferem um toque de afetividade todo especial \u00e0 produ\u00e7\u00e3o.<\/p>\n<p>&#8220;Estou muito contente em poder participar da CASACOR Ribeir\u00e3o Preto pela primeira vez. A mostra, al\u00e9m de ser refer\u00eancia em arquitetura, moda e estilo, tem um papel fundamental da dissemina\u00e7\u00e3o de arte, cultura e inova\u00e7\u00e3o&#8221;, finaliza.<\/p>\n<div id=\"attachment_49237\" style=\"width: 1610px\" class=\"wp-caption alignnone\"><img data-recalc-dims=\"1\" loading=\"lazy\" decoding=\"async\" aria-describedby=\"caption-attachment-49237\" class=\"size-full wp-image-49237\" src=\"https:\/\/i0.wp.com\/verdadeon.com.br\/portal\/wp-content\/uploads\/2024\/09\/WhatsApp-Image-2024-09-03-at-16.10.18-1.jpeg?resize=1220%2C813&#038;ssl=1\" alt=\"\" width=\"1220\" height=\"813\" srcset=\"https:\/\/i0.wp.com\/verdadeon.com.br\/portal\/wp-content\/uploads\/2024\/09\/WhatsApp-Image-2024-09-03-at-16.10.18-1.jpeg?w=1600&amp;ssl=1 1600w, https:\/\/i0.wp.com\/verdadeon.com.br\/portal\/wp-content\/uploads\/2024\/09\/WhatsApp-Image-2024-09-03-at-16.10.18-1.jpeg?resize=300%2C200&amp;ssl=1 300w, https:\/\/i0.wp.com\/verdadeon.com.br\/portal\/wp-content\/uploads\/2024\/09\/WhatsApp-Image-2024-09-03-at-16.10.18-1.jpeg?resize=1024%2C682&amp;ssl=1 1024w, https:\/\/i0.wp.com\/verdadeon.com.br\/portal\/wp-content\/uploads\/2024\/09\/WhatsApp-Image-2024-09-03-at-16.10.18-1.jpeg?resize=768%2C512&amp;ssl=1 768w, https:\/\/i0.wp.com\/verdadeon.com.br\/portal\/wp-content\/uploads\/2024\/09\/WhatsApp-Image-2024-09-03-at-16.10.18-1.jpeg?resize=1536%2C1023&amp;ssl=1 1536w, https:\/\/i0.wp.com\/verdadeon.com.br\/portal\/wp-content\/uploads\/2024\/09\/WhatsApp-Image-2024-09-03-at-16.10.18-1.jpeg?resize=219%2C146&amp;ssl=1 219w, https:\/\/i0.wp.com\/verdadeon.com.br\/portal\/wp-content\/uploads\/2024\/09\/WhatsApp-Image-2024-09-03-at-16.10.18-1.jpeg?resize=50%2C33&amp;ssl=1 50w, https:\/\/i0.wp.com\/verdadeon.com.br\/portal\/wp-content\/uploads\/2024\/09\/WhatsApp-Image-2024-09-03-at-16.10.18-1.jpeg?resize=113%2C75&amp;ssl=1 113w\" sizes=\"auto, (max-width: 1220px) 100vw, 1220px\" \/><p id=\"caption-attachment-49237\" class=\"wp-caption-text\">&#8220;Su\u00edte do jovem casal&#8221; \u00e9 um dos ambientes de destaque na (\u00a9Keniche)<\/p><\/div>\n<p><strong>SOBRE A CASACOR 2024<\/strong><\/p>\n<p>A 6\u00aa edi\u00e7\u00e3o da CASACOR Ribeir\u00e3o Preto, uma das mais importantes vitrines do setor de arquitetura, paisagismo, arte e design de interiores das Am\u00e9ricas, est\u00e1 dispon\u00edvel para visita\u00e7\u00e3o at\u00e9 20 de outubro, com o tema &#8220;De presente, o agora&#8221;.<\/p>\n<p>Obra dos arquitetos Jo\u00e3o Barreto e Francisco Segnini, a nova casa, constru\u00edda em 1974, fica na Avenida Cost\u00e1bile Romano, 931, no bairro Ribeir\u00e2nia.<\/p>\n<p>A venda de ingressos est\u00e1 dispon\u00edvel no site: www.casacor.com.br e na bilheteria do evento.<\/p>\n","protected":false},"excerpt":{"rendered":"<p>Guilherme Nalini assina o ambiente &#8220;su\u00edte do jovem casal&#8221;. Evento que acontece at\u00e9 o dia 20 de outubro traz uma reflex\u00e3o sobre o tempo com o<span class=\"excerpt-hellip\"> [\u2026]<\/span><\/p>\n","protected":false},"author":10,"featured_media":49236,"comment_status":"open","ping_status":"open","sticky":false,"template":"","format":"standard","meta":{"_jetpack_memberships_contains_paid_content":false,"footnotes":"","jetpack_publicize_message":"","jetpack_publicize_feature_enabled":true,"jetpack_social_post_already_shared":true,"jetpack_social_options":{"image_generator_settings":{"template":"highway","default_image_id":0,"enabled":false},"version":2}},"categories":[28,44],"tags":[],"class_list":["post-49235","post","type-post","status-publish","format-standard","has-post-thumbnail","hentry","category-cotidiano","category-noticias"],"yoast_head":"<!-- This site is optimized with the Yoast SEO plugin v25.6 - https:\/\/yoast.com\/wordpress\/plugins\/seo\/ -->\n<title>Arquiteto de Franca estreia no elenco da CASACOR Ribeir\u00e3o Preto - VerdadeOn<\/title>\n<meta name=\"robots\" content=\"index, follow, max-snippet:-1, max-image-preview:large, max-video-preview:-1\" \/>\n<link rel=\"canonical\" href=\"https:\/\/verdadeon.com.br\/portal\/2024\/09\/04\/arquiteto-de-franca-estreia-no-elenco-da-casacor-ribeirao-preto\/\" \/>\n<meta property=\"og:locale\" content=\"pt_BR\" \/>\n<meta property=\"og:type\" content=\"article\" \/>\n<meta property=\"og:title\" content=\"Arquiteto de Franca estreia no elenco da CASACOR Ribeir\u00e3o Preto - VerdadeOn\" \/>\n<meta property=\"og:description\" content=\"Guilherme Nalini assina o ambiente &#8220;su\u00edte do jovem casal&#8221;. Evento que acontece at\u00e9 o dia 20 de outubro traz uma reflex\u00e3o sobre o tempo com o [\u2026]\" \/>\n<meta property=\"og:url\" content=\"https:\/\/verdadeon.com.br\/portal\/2024\/09\/04\/arquiteto-de-franca-estreia-no-elenco-da-casacor-ribeirao-preto\/\" \/>\n<meta property=\"og:site_name\" content=\"VerdadeOn\" \/>\n<meta property=\"article:published_time\" content=\"2024-09-04T11:00:16+00:00\" \/>\n<meta property=\"article:modified_time\" content=\"2024-09-04T18:19:18+00:00\" \/>\n<meta property=\"og:image\" content=\"https:\/\/verdadeon.com.br\/portal\/wp-content\/uploads\/2024\/09\/WhatsApp-Image-2024-09-03-at-16.10.39.jpeg\" \/>\n\t<meta property=\"og:image:width\" content=\"1200\" \/>\n\t<meta property=\"og:image:height\" content=\"804\" \/>\n\t<meta property=\"og:image:type\" content=\"image\/jpeg\" \/>\n<meta name=\"author\" content=\"Redacao VerdadeOn\" \/>\n<meta name=\"twitter:card\" content=\"summary_large_image\" \/>\n<meta name=\"twitter:label1\" content=\"Escrito por\" \/>\n\t<meta name=\"twitter:data1\" content=\"Redacao VerdadeOn\" \/>\n\t<meta name=\"twitter:label2\" content=\"Est. tempo de leitura\" \/>\n\t<meta name=\"twitter:data2\" content=\"3 minutos\" \/>\n<script type=\"application\/ld+json\" class=\"yoast-schema-graph\">{\"@context\":\"https:\/\/schema.org\",\"@graph\":[{\"@type\":\"WebPage\",\"@id\":\"https:\/\/verdadeon.com.br\/portal\/2024\/09\/04\/arquiteto-de-franca-estreia-no-elenco-da-casacor-ribeirao-preto\/\",\"url\":\"https:\/\/verdadeon.com.br\/portal\/2024\/09\/04\/arquiteto-de-franca-estreia-no-elenco-da-casacor-ribeirao-preto\/\",\"name\":\"Arquiteto de Franca estreia no elenco da CASACOR Ribeir\u00e3o Preto - VerdadeOn\",\"isPartOf\":{\"@id\":\"https:\/\/verdadeon.com.br\/portal\/#website\"},\"primaryImageOfPage\":{\"@id\":\"https:\/\/verdadeon.com.br\/portal\/2024\/09\/04\/arquiteto-de-franca-estreia-no-elenco-da-casacor-ribeirao-preto\/#primaryimage\"},\"image\":{\"@id\":\"https:\/\/verdadeon.com.br\/portal\/2024\/09\/04\/arquiteto-de-franca-estreia-no-elenco-da-casacor-ribeirao-preto\/#primaryimage\"},\"thumbnailUrl\":\"https:\/\/i0.wp.com\/verdadeon.com.br\/portal\/wp-content\/uploads\/2024\/09\/WhatsApp-Image-2024-09-03-at-16.10.39.jpeg?fit=1200%2C804&ssl=1\",\"datePublished\":\"2024-09-04T11:00:16+00:00\",\"dateModified\":\"2024-09-04T18:19:18+00:00\",\"author\":{\"@id\":\"https:\/\/verdadeon.com.br\/portal\/#\/schema\/person\/a5060ad1e9ea3df545188fc93ce43d2f\"},\"breadcrumb\":{\"@id\":\"https:\/\/verdadeon.com.br\/portal\/2024\/09\/04\/arquiteto-de-franca-estreia-no-elenco-da-casacor-ribeirao-preto\/#breadcrumb\"},\"inLanguage\":\"pt-BR\",\"potentialAction\":[{\"@type\":\"ReadAction\",\"target\":[\"https:\/\/verdadeon.com.br\/portal\/2024\/09\/04\/arquiteto-de-franca-estreia-no-elenco-da-casacor-ribeirao-preto\/\"]}]},{\"@type\":\"ImageObject\",\"inLanguage\":\"pt-BR\",\"@id\":\"https:\/\/verdadeon.com.br\/portal\/2024\/09\/04\/arquiteto-de-franca-estreia-no-elenco-da-casacor-ribeirao-preto\/#primaryimage\",\"url\":\"https:\/\/i0.wp.com\/verdadeon.com.br\/portal\/wp-content\/uploads\/2024\/09\/WhatsApp-Image-2024-09-03-at-16.10.39.jpeg?fit=1200%2C804&ssl=1\",\"contentUrl\":\"https:\/\/i0.wp.com\/verdadeon.com.br\/portal\/wp-content\/uploads\/2024\/09\/WhatsApp-Image-2024-09-03-at-16.10.39.jpeg?fit=1200%2C804&ssl=1\",\"width\":1200,\"height\":804,\"caption\":\"O arquiteto Guilherme Nalini, da cidade de Franca, integra o elenco da mostra pela primera vez (\u00a9Divulga\u00e7\u00e3o)\"},{\"@type\":\"BreadcrumbList\",\"@id\":\"https:\/\/verdadeon.com.br\/portal\/2024\/09\/04\/arquiteto-de-franca-estreia-no-elenco-da-casacor-ribeirao-preto\/#breadcrumb\",\"itemListElement\":[{\"@type\":\"ListItem\",\"position\":1,\"name\":\"In\u00edcio\",\"item\":\"https:\/\/verdadeon.com.br\/portal\/\"},{\"@type\":\"ListItem\",\"position\":2,\"name\":\"Arquiteto de Franca estreia no elenco da CASACOR Ribeir\u00e3o Preto\"}]},{\"@type\":\"WebSite\",\"@id\":\"https:\/\/verdadeon.com.br\/portal\/#website\",\"url\":\"https:\/\/verdadeon.com.br\/portal\/\",\"name\":\"VerdadeOn\",\"description\":\"Not\u00edcias di\u00e1rias sobre Franca, Regi\u00e3o, Esporte, Cultura, Cotidiano, Colunas. Cobertura nos principais eventos da cidade \u00e9 aqui - Verdadeon Franca\",\"potentialAction\":[{\"@type\":\"SearchAction\",\"target\":{\"@type\":\"EntryPoint\",\"urlTemplate\":\"https:\/\/verdadeon.com.br\/portal\/?s={search_term_string}\"},\"query-input\":{\"@type\":\"PropertyValueSpecification\",\"valueRequired\":true,\"valueName\":\"search_term_string\"}}],\"inLanguage\":\"pt-BR\"},{\"@type\":\"Person\",\"@id\":\"https:\/\/verdadeon.com.br\/portal\/#\/schema\/person\/a5060ad1e9ea3df545188fc93ce43d2f\",\"name\":\"Redacao VerdadeOn\",\"image\":{\"@type\":\"ImageObject\",\"inLanguage\":\"pt-BR\",\"@id\":\"https:\/\/verdadeon.com.br\/portal\/#\/schema\/person\/image\/\",\"url\":\"https:\/\/secure.gravatar.com\/avatar\/459a9613caaaf07f582c3d0841eea68bdd66f533e465e6ba8b9cb45619572cf4?s=96&d=mm&r=g\",\"contentUrl\":\"https:\/\/secure.gravatar.com\/avatar\/459a9613caaaf07f582c3d0841eea68bdd66f533e465e6ba8b9cb45619572cf4?s=96&d=mm&r=g\",\"caption\":\"Redacao VerdadeOn\"},\"url\":\"https:\/\/verdadeon.com.br\/portal\/author\/redacao\/\"}]}<\/script>\n<!-- \/ Yoast SEO plugin. -->","yoast_head_json":{"title":"Arquiteto de Franca estreia no elenco da CASACOR Ribeir\u00e3o Preto - VerdadeOn","robots":{"index":"index","follow":"follow","max-snippet":"max-snippet:-1","max-image-preview":"max-image-preview:large","max-video-preview":"max-video-preview:-1"},"canonical":"https:\/\/verdadeon.com.br\/portal\/2024\/09\/04\/arquiteto-de-franca-estreia-no-elenco-da-casacor-ribeirao-preto\/","og_locale":"pt_BR","og_type":"article","og_title":"Arquiteto de Franca estreia no elenco da CASACOR Ribeir\u00e3o Preto - VerdadeOn","og_description":"Guilherme Nalini assina o ambiente &#8220;su\u00edte do jovem casal&#8221;. Evento que acontece at\u00e9 o dia 20 de outubro traz uma reflex\u00e3o sobre o tempo com o [\u2026]","og_url":"https:\/\/verdadeon.com.br\/portal\/2024\/09\/04\/arquiteto-de-franca-estreia-no-elenco-da-casacor-ribeirao-preto\/","og_site_name":"VerdadeOn","article_published_time":"2024-09-04T11:00:16+00:00","article_modified_time":"2024-09-04T18:19:18+00:00","og_image":[{"width":1200,"height":804,"url":"https:\/\/verdadeon.com.br\/portal\/wp-content\/uploads\/2024\/09\/WhatsApp-Image-2024-09-03-at-16.10.39.jpeg","type":"image\/jpeg"}],"author":"Redacao VerdadeOn","twitter_card":"summary_large_image","twitter_misc":{"Escrito por":"Redacao VerdadeOn","Est. tempo de leitura":"3 minutos"},"schema":{"@context":"https:\/\/schema.org","@graph":[{"@type":"WebPage","@id":"https:\/\/verdadeon.com.br\/portal\/2024\/09\/04\/arquiteto-de-franca-estreia-no-elenco-da-casacor-ribeirao-preto\/","url":"https:\/\/verdadeon.com.br\/portal\/2024\/09\/04\/arquiteto-de-franca-estreia-no-elenco-da-casacor-ribeirao-preto\/","name":"Arquiteto de Franca estreia no elenco da CASACOR Ribeir\u00e3o Preto - VerdadeOn","isPartOf":{"@id":"https:\/\/verdadeon.com.br\/portal\/#website"},"primaryImageOfPage":{"@id":"https:\/\/verdadeon.com.br\/portal\/2024\/09\/04\/arquiteto-de-franca-estreia-no-elenco-da-casacor-ribeirao-preto\/#primaryimage"},"image":{"@id":"https:\/\/verdadeon.com.br\/portal\/2024\/09\/04\/arquiteto-de-franca-estreia-no-elenco-da-casacor-ribeirao-preto\/#primaryimage"},"thumbnailUrl":"https:\/\/i0.wp.com\/verdadeon.com.br\/portal\/wp-content\/uploads\/2024\/09\/WhatsApp-Image-2024-09-03-at-16.10.39.jpeg?fit=1200%2C804&ssl=1","datePublished":"2024-09-04T11:00:16+00:00","dateModified":"2024-09-04T18:19:18+00:00","author":{"@id":"https:\/\/verdadeon.com.br\/portal\/#\/schema\/person\/a5060ad1e9ea3df545188fc93ce43d2f"},"breadcrumb":{"@id":"https:\/\/verdadeon.com.br\/portal\/2024\/09\/04\/arquiteto-de-franca-estreia-no-elenco-da-casacor-ribeirao-preto\/#breadcrumb"},"inLanguage":"pt-BR","potentialAction":[{"@type":"ReadAction","target":["https:\/\/verdadeon.com.br\/portal\/2024\/09\/04\/arquiteto-de-franca-estreia-no-elenco-da-casacor-ribeirao-preto\/"]}]},{"@type":"ImageObject","inLanguage":"pt-BR","@id":"https:\/\/verdadeon.com.br\/portal\/2024\/09\/04\/arquiteto-de-franca-estreia-no-elenco-da-casacor-ribeirao-preto\/#primaryimage","url":"https:\/\/i0.wp.com\/verdadeon.com.br\/portal\/wp-content\/uploads\/2024\/09\/WhatsApp-Image-2024-09-03-at-16.10.39.jpeg?fit=1200%2C804&ssl=1","contentUrl":"https:\/\/i0.wp.com\/verdadeon.com.br\/portal\/wp-content\/uploads\/2024\/09\/WhatsApp-Image-2024-09-03-at-16.10.39.jpeg?fit=1200%2C804&ssl=1","width":1200,"height":804,"caption":"O arquiteto Guilherme Nalini, da cidade de Franca, integra o elenco da mostra pela primera vez (\u00a9Divulga\u00e7\u00e3o)"},{"@type":"BreadcrumbList","@id":"https:\/\/verdadeon.com.br\/portal\/2024\/09\/04\/arquiteto-de-franca-estreia-no-elenco-da-casacor-ribeirao-preto\/#breadcrumb","itemListElement":[{"@type":"ListItem","position":1,"name":"In\u00edcio","item":"https:\/\/verdadeon.com.br\/portal\/"},{"@type":"ListItem","position":2,"name":"Arquiteto de Franca estreia no elenco da CASACOR Ribeir\u00e3o Preto"}]},{"@type":"WebSite","@id":"https:\/\/verdadeon.com.br\/portal\/#website","url":"https:\/\/verdadeon.com.br\/portal\/","name":"VerdadeOn","description":"Not\u00edcias di\u00e1rias sobre Franca, Regi\u00e3o, Esporte, Cultura, Cotidiano, Colunas. Cobertura nos principais eventos da cidade \u00e9 aqui - Verdadeon Franca","potentialAction":[{"@type":"SearchAction","target":{"@type":"EntryPoint","urlTemplate":"https:\/\/verdadeon.com.br\/portal\/?s={search_term_string}"},"query-input":{"@type":"PropertyValueSpecification","valueRequired":true,"valueName":"search_term_string"}}],"inLanguage":"pt-BR"},{"@type":"Person","@id":"https:\/\/verdadeon.com.br\/portal\/#\/schema\/person\/a5060ad1e9ea3df545188fc93ce43d2f","name":"Redacao VerdadeOn","image":{"@type":"ImageObject","inLanguage":"pt-BR","@id":"https:\/\/verdadeon.com.br\/portal\/#\/schema\/person\/image\/","url":"https:\/\/secure.gravatar.com\/avatar\/459a9613caaaf07f582c3d0841eea68bdd66f533e465e6ba8b9cb45619572cf4?s=96&d=mm&r=g","contentUrl":"https:\/\/secure.gravatar.com\/avatar\/459a9613caaaf07f582c3d0841eea68bdd66f533e465e6ba8b9cb45619572cf4?s=96&d=mm&r=g","caption":"Redacao VerdadeOn"},"url":"https:\/\/verdadeon.com.br\/portal\/author\/redacao\/"}]}},"jetpack_publicize_connections":[],"jetpack_featured_media_url":"https:\/\/i0.wp.com\/verdadeon.com.br\/portal\/wp-content\/uploads\/2024\/09\/WhatsApp-Image-2024-09-03-at-16.10.39.jpeg?fit=1200%2C804&ssl=1","jetpack_sharing_enabled":true,"_links":{"self":[{"href":"https:\/\/verdadeon.com.br\/portal\/wp-json\/wp\/v2\/posts\/49235","targetHints":{"allow":["GET"]}}],"collection":[{"href":"https:\/\/verdadeon.com.br\/portal\/wp-json\/wp\/v2\/posts"}],"about":[{"href":"https:\/\/verdadeon.com.br\/portal\/wp-json\/wp\/v2\/types\/post"}],"author":[{"embeddable":true,"href":"https:\/\/verdadeon.com.br\/portal\/wp-json\/wp\/v2\/users\/10"}],"replies":[{"embeddable":true,"href":"https:\/\/verdadeon.com.br\/portal\/wp-json\/wp\/v2\/comments?post=49235"}],"version-history":[{"count":1,"href":"https:\/\/verdadeon.com.br\/portal\/wp-json\/wp\/v2\/posts\/49235\/revisions"}],"predecessor-version":[{"id":49238,"href":"https:\/\/verdadeon.com.br\/portal\/wp-json\/wp\/v2\/posts\/49235\/revisions\/49238"}],"wp:featuredmedia":[{"embeddable":true,"href":"https:\/\/verdadeon.com.br\/portal\/wp-json\/wp\/v2\/media\/49236"}],"wp:attachment":[{"href":"https:\/\/verdadeon.com.br\/portal\/wp-json\/wp\/v2\/media?parent=49235"}],"wp:term":[{"taxonomy":"category","embeddable":true,"href":"https:\/\/verdadeon.com.br\/portal\/wp-json\/wp\/v2\/categories?post=49235"},{"taxonomy":"post_tag","embeddable":true,"href":"https:\/\/verdadeon.com.br\/portal\/wp-json\/wp\/v2\/tags?post=49235"}],"curies":[{"name":"wp","href":"https:\/\/api.w.org\/{rel}","templated":true}]}}