{"id":49230,"date":"2024-09-04T15:13:24","date_gmt":"2024-09-04T18:13:24","guid":{"rendered":"https:\/\/verdadeon.com.br\/portal\/?p=49230"},"modified":"2024-09-04T15:13:24","modified_gmt":"2024-09-04T18:13:24","slug":"licenciamento-2024-chega-as-placas-5-e-6-em-setembro-no-estado-de-sp","status":"publish","type":"post","link":"https:\/\/verdadeon.com.br\/portal\/2024\/09\/04\/licenciamento-2024-chega-as-placas-5-e-6-em-setembro-no-estado-de-sp\/","title":{"rendered":"Licenciamento 2024 chega \u00e0s placas 5 e 6 em setembro no estado de SP"},"content":{"rendered":"<div class=\"elementor-element elementor-element-e6b607f e-flex e-con-boxed e-con e-child\" data-id=\"e6b607f\" data-element_type=\"container\" data-settings=\"{&quot;_ha_eqh_enable&quot;:false}\">\n<div class=\"e-con-inner\">\n<div class=\"elementor-element elementor-element-c362059 elementor-widget elementor-widget-theme-post-excerpt\" data-id=\"c362059\" data-element_type=\"widget\" data-widget_type=\"theme-post-excerpt.default\">\n<h2 class=\"elementor-widget-container\">O calend\u00e1rio do licenciamento 2024 teve in\u00edcio em julho, com placas de final 1 e 2; em outubro, ser\u00e1 a vez das placas de final 7 e 8<\/h2>\n<\/div>\n<\/div>\n<\/div>\n<div class=\"elementor-element elementor-element-77f85a2 e-flex e-con-boxed e-con e-child\" data-id=\"77f85a2\" data-element_type=\"container\" data-settings=\"{&quot;_ha_eqh_enable&quot;:false}\">\n<div class=\"e-con-inner\">\n<div class=\"elementor-element elementor-element-2685aa1 elementor-widget elementor-widget-template\" data-id=\"2685aa1\" data-element_type=\"widget\" data-widget_type=\"template.default\">\n<div class=\"elementor-widget-container\">\n<div class=\"elementor-template\">\n<div class=\"elementor elementor-5014\" data-elementor-type=\"section\" data-elementor-id=\"5014\" data-elementor-post-type=\"elementor_library\">\n<div class=\"elementor-element elementor-element-e649f9a compartilhe e-con-full e-flex e-con e-child\" data-id=\"e649f9a\" data-element_type=\"container\" data-settings=\"{&quot;_ha_eqh_enable&quot;:false}\">\n<div class=\"elementor-element elementor-element-5d7d833 e-flex e-con-boxed e-con e-child\" data-id=\"5d7d833\" data-element_type=\"container\" data-settings=\"{&quot;_ha_eqh_enable&quot;:false}\">\n<div class=\"e-con-inner\">\n<div class=\"elementor-element elementor-element-bb80f58 elementor-widget elementor-widget-image\" data-id=\"bb80f58\" data-element_type=\"widget\" data-widget_type=\"image.default\">\n<p>J\u00e1 est\u00e1 aberto o licenciamento obrigat\u00f3rio das placas de final 5 e 6 de ve\u00edculos de passageiros, \u00f4nibus, reboque e semirreboque, no estado de S\u00e3o Paulo. O calend\u00e1rio do licenciamento 2024\u00a0<a role=\"link\" href=\"https:\/\/www.agenciasp.sp.gov.br\/licenciamento-2024-comeca-neste-mes-de-julho-com-placas-final-1-e-2-em-sp\/\">teve in\u00edcio em julho<\/a>, com placas de final 1 e 2. Em outubro, ser\u00e1 a vez das placas de final 7 e 8. O cronograma, definido pela Portaria n\u00ba 17\/2023, estipula prazo diferente para os ve\u00edculos de carga (caminh\u00e3o e trator), de setembro a dezembro. Confira o calend\u00e1rio completo do licenciamento 2024 abaixo.<\/p>\n<p>\u201c\u00c9 importante ficar atento ao prazo de cada placa, pois o calend\u00e1rio n\u00e3o ser\u00e1 estendido neste ano\u201d, diz Lucas Papais, diretor de Atendimento ao Cidad\u00e3o do Departamento Estadual de Tr\u00e2nsito de S\u00e3o Paulo (Detran-SP), \u00f3rg\u00e3o vinculado \u00e0 Secretaria de Gest\u00e3o e Governo Digital (SGGD).<\/p>\n<p>A condu\u00e7\u00e3o de ve\u00edculo n\u00e3o licenciado tem sido a segunda maior causa de multa de tr\u00e2nsito neste ano no estado, segundo dados do Detran-SP. A infra\u00e7\u00e3o, considerada grav\u00edssima, \u00e9 punida com multa de R$ 293,47, sete pontos na CNH e remo\u00e7\u00e3o do ve\u00edculo a p\u00e1tio, segundo o C\u00f3digo de Tr\u00e2nsito Brasileiro (CTB). Para recuperar o ve\u00edculo, o propriet\u00e1rio dever\u00e1 pagar todas as d\u00edvidas pendentes, assim como o valor da remo\u00e7\u00e3o e estadia no p\u00e1tio. Em 2023, mais de 125 mil ve\u00edculos foram recolhidos por falta de licenciamento no estado.<\/p>\n<p class=\"wp-block-heading\"><strong>Como fazer o licenciamento<\/strong><\/p>\n<p>Para realizar o licenciamento, o respons\u00e1vel pelo ve\u00edculo deve informar o n\u00famero do Registro Nacional de Ve\u00edculos Automotores (Renavam) e pagar a taxa em um dos bancos conveniados (Banco do Brasil, Bradesco, Caixa Econ\u00f4mica Federal, Ita\u00fa, Safra e Santander), via internet banking, aplicativo ou caixa eletr\u00f4nico.<\/p>\n<p>Ap\u00f3s o pagamento, o condutor deve baixar ou imprimir em papel sulfite comum o documento digital atualizado pelo portal do Detran-SP (detran.sp.gov.br), Poupatempo (poupatempo.sp.gov.br) e Senatran (portalservicos.senatran.serpro.gov.br), ou pelos aplicativos Detran-SP, Poupatempo Digital e Carteira Digital de Tr\u00e2nsito (CDT). O documento pode ser salvo no celular do motorista ou guardado em formato de papel.<\/p>\n<p>Vale ressaltar que, se o ve\u00edculo tiver pend\u00eancia, como IPVA n\u00e3o pago, multas e outras quest\u00f5es, o licenciamento n\u00e3o ser\u00e1 conclu\u00eddo, mesmo que haja o pagamento da taxa, resultando no bloqueio do documento atualizado.<\/p>\n<p class=\"wp-block-heading\"><strong>Calend\u00e1rio de licenciamento 2024<\/strong><\/p>\n<p class=\"wp-block-heading\">Ve\u00edculos de passageiros, \u00f4nibus, reboque e semirreboque<\/p>\n<ul class=\"wp-block-list\">\n<li><a role=\"link\" href=\"https:\/\/www.agenciasp.sp.gov.br\/licenciamento-2024-comeca-neste-mes-de-julho-com-placas-final-1-e-2-em-sp\/\">Final 1 e 2, m\u00eas de julho<\/a><\/li>\n<li><a role=\"link\" href=\"https:\/\/www.agenciasp.sp.gov.br\/licenciamento-2024-agosto-e-o-mes-das-placas-3-e-4\/\">Final 3 e 4, m\u00eas de agosto<\/a><\/li>\n<li>Final 5 e 6, m\u00eas de setembro<\/li>\n<li>Final 7 e 8, m\u00eas de outubro<\/li>\n<li>Final 9, m\u00eas de novembro<\/li>\n<li>Final 0, m\u00eas de dezembro<\/li>\n<\/ul>\n<p class=\"wp-block-heading\">Ve\u00edculos registrados como caminh\u00e3o e trator<\/p>\n<ul class=\"wp-block-list\">\n<li>Final 1 e 2, m\u00eas de setembro<\/li>\n<li>Final 3, 4 e 5, m\u00eas de outubro<\/li>\n<li>Final 6, 7 e 8, m\u00eas de novembro<\/li>\n<li>Final 9 e 0, m\u00eas de dezembro<\/li>\n<\/ul>\n<p>Fonte: Ag\u00eancia SP<\/p>\n<\/div>\n<\/div>\n<\/div>\n<\/div>\n<\/div>\n<\/div>\n<\/div>\n<\/div>\n<\/div>\n<\/div>\n","protected":false},"excerpt":{"rendered":"<p>O calend\u00e1rio do licenciamento 2024 teve in\u00edcio em julho, com placas de final 1 e 2; em outubro, ser\u00e1 a vez das placas de final 7<span class=\"excerpt-hellip\"> [\u2026]<\/span><\/p>\n","protected":false},"author":10,"featured_media":49231,"comment_status":"open","ping_status":"open","sticky":false,"template":"","format":"standard","meta":{"_jetpack_memberships_contains_paid_content":false,"footnotes":"","jetpack_publicize_message":"","jetpack_publicize_feature_enabled":true,"jetpack_social_post_already_shared":true,"jetpack_social_options":{"image_generator_settings":{"template":"highway","default_image_id":0,"enabled":false},"version":2}},"categories":[28,81],"tags":[],"class_list":["post-49230","post","type-post","status-publish","format-standard","has-post-thumbnail","hentry","category-cotidiano","category-manchete"],"yoast_head":"<!-- This site is optimized with the Yoast SEO plugin v25.6 - https:\/\/yoast.com\/wordpress\/plugins\/seo\/ -->\n<title>Licenciamento 2024 chega \u00e0s placas 5 e 6 em setembro no estado de SP - VerdadeOn<\/title>\n<meta name=\"robots\" content=\"index, follow, max-snippet:-1, max-image-preview:large, max-video-preview:-1\" \/>\n<link rel=\"canonical\" href=\"https:\/\/verdadeon.com.br\/portal\/2024\/09\/04\/licenciamento-2024-chega-as-placas-5-e-6-em-setembro-no-estado-de-sp\/\" \/>\n<meta property=\"og:locale\" content=\"pt_BR\" \/>\n<meta property=\"og:type\" content=\"article\" \/>\n<meta property=\"og:title\" content=\"Licenciamento 2024 chega \u00e0s placas 5 e 6 em setembro no estado de SP - VerdadeOn\" \/>\n<meta property=\"og:description\" content=\"O calend\u00e1rio do licenciamento 2024 teve in\u00edcio em julho, com placas de final 1 e 2; em outubro, ser\u00e1 a vez das placas de final 7 [\u2026]\" \/>\n<meta property=\"og:url\" content=\"https:\/\/verdadeon.com.br\/portal\/2024\/09\/04\/licenciamento-2024-chega-as-placas-5-e-6-em-setembro-no-estado-de-sp\/\" \/>\n<meta property=\"og:site_name\" content=\"VerdadeOn\" \/>\n<meta property=\"article:published_time\" content=\"2024-09-04T18:13:24+00:00\" \/>\n<meta property=\"og:image\" content=\"https:\/\/verdadeon.com.br\/portal\/wp-content\/uploads\/2024\/09\/veiculos.jpg\" \/>\n\t<meta property=\"og:image:width\" content=\"1024\" \/>\n\t<meta property=\"og:image:height\" content=\"686\" \/>\n\t<meta property=\"og:image:type\" content=\"image\/jpeg\" \/>\n<meta name=\"author\" content=\"Redacao VerdadeOn\" \/>\n<meta name=\"twitter:card\" content=\"summary_large_image\" \/>\n<meta name=\"twitter:label1\" content=\"Escrito por\" \/>\n\t<meta name=\"twitter:data1\" content=\"Redacao VerdadeOn\" \/>\n\t<meta name=\"twitter:label2\" content=\"Est. tempo de leitura\" \/>\n\t<meta name=\"twitter:data2\" content=\"3 minutos\" \/>\n<script type=\"application\/ld+json\" class=\"yoast-schema-graph\">{\"@context\":\"https:\/\/schema.org\",\"@graph\":[{\"@type\":\"WebPage\",\"@id\":\"https:\/\/verdadeon.com.br\/portal\/2024\/09\/04\/licenciamento-2024-chega-as-placas-5-e-6-em-setembro-no-estado-de-sp\/\",\"url\":\"https:\/\/verdadeon.com.br\/portal\/2024\/09\/04\/licenciamento-2024-chega-as-placas-5-e-6-em-setembro-no-estado-de-sp\/\",\"name\":\"Licenciamento 2024 chega \u00e0s placas 5 e 6 em setembro no estado de SP - VerdadeOn\",\"isPartOf\":{\"@id\":\"https:\/\/verdadeon.com.br\/portal\/#website\"},\"primaryImageOfPage\":{\"@id\":\"https:\/\/verdadeon.com.br\/portal\/2024\/09\/04\/licenciamento-2024-chega-as-placas-5-e-6-em-setembro-no-estado-de-sp\/#primaryimage\"},\"image\":{\"@id\":\"https:\/\/verdadeon.com.br\/portal\/2024\/09\/04\/licenciamento-2024-chega-as-placas-5-e-6-em-setembro-no-estado-de-sp\/#primaryimage\"},\"thumbnailUrl\":\"https:\/\/i0.wp.com\/verdadeon.com.br\/portal\/wp-content\/uploads\/2024\/09\/veiculos.jpg?fit=1024%2C686&ssl=1\",\"datePublished\":\"2024-09-04T18:13:24+00:00\",\"author\":{\"@id\":\"https:\/\/verdadeon.com.br\/portal\/#\/schema\/person\/a5060ad1e9ea3df545188fc93ce43d2f\"},\"breadcrumb\":{\"@id\":\"https:\/\/verdadeon.com.br\/portal\/2024\/09\/04\/licenciamento-2024-chega-as-placas-5-e-6-em-setembro-no-estado-de-sp\/#breadcrumb\"},\"inLanguage\":\"pt-BR\",\"potentialAction\":[{\"@type\":\"ReadAction\",\"target\":[\"https:\/\/verdadeon.com.br\/portal\/2024\/09\/04\/licenciamento-2024-chega-as-placas-5-e-6-em-setembro-no-estado-de-sp\/\"]}]},{\"@type\":\"ImageObject\",\"inLanguage\":\"pt-BR\",\"@id\":\"https:\/\/verdadeon.com.br\/portal\/2024\/09\/04\/licenciamento-2024-chega-as-placas-5-e-6-em-setembro-no-estado-de-sp\/#primaryimage\",\"url\":\"https:\/\/i0.wp.com\/verdadeon.com.br\/portal\/wp-content\/uploads\/2024\/09\/veiculos.jpg?fit=1024%2C686&ssl=1\",\"contentUrl\":\"https:\/\/i0.wp.com\/verdadeon.com.br\/portal\/wp-content\/uploads\/2024\/09\/veiculos.jpg?fit=1024%2C686&ssl=1\",\"width\":1024,\"height\":686,\"caption\":\"A condu\u00e7\u00e3o de ve\u00edculo n\u00e3o licenciado tem sido a segunda maior causa de multa de tr\u00e2nsito neste ano no estado, segundo dados do Detran-SP (\u00a9Divulga\u00e7\u00e3o\/Ag\u00eancia SP)\"},{\"@type\":\"BreadcrumbList\",\"@id\":\"https:\/\/verdadeon.com.br\/portal\/2024\/09\/04\/licenciamento-2024-chega-as-placas-5-e-6-em-setembro-no-estado-de-sp\/#breadcrumb\",\"itemListElement\":[{\"@type\":\"ListItem\",\"position\":1,\"name\":\"In\u00edcio\",\"item\":\"https:\/\/verdadeon.com.br\/portal\/\"},{\"@type\":\"ListItem\",\"position\":2,\"name\":\"Licenciamento 2024 chega \u00e0s placas 5 e 6 em setembro no estado de SP\"}]},{\"@type\":\"WebSite\",\"@id\":\"https:\/\/verdadeon.com.br\/portal\/#website\",\"url\":\"https:\/\/verdadeon.com.br\/portal\/\",\"name\":\"VerdadeOn\",\"description\":\"Not\u00edcias di\u00e1rias sobre Franca, Regi\u00e3o, Esporte, Cultura, Cotidiano, Colunas. Cobertura nos principais eventos da cidade \u00e9 aqui - Verdadeon Franca\",\"potentialAction\":[{\"@type\":\"SearchAction\",\"target\":{\"@type\":\"EntryPoint\",\"urlTemplate\":\"https:\/\/verdadeon.com.br\/portal\/?s={search_term_string}\"},\"query-input\":{\"@type\":\"PropertyValueSpecification\",\"valueRequired\":true,\"valueName\":\"search_term_string\"}}],\"inLanguage\":\"pt-BR\"},{\"@type\":\"Person\",\"@id\":\"https:\/\/verdadeon.com.br\/portal\/#\/schema\/person\/a5060ad1e9ea3df545188fc93ce43d2f\",\"name\":\"Redacao VerdadeOn\",\"image\":{\"@type\":\"ImageObject\",\"inLanguage\":\"pt-BR\",\"@id\":\"https:\/\/verdadeon.com.br\/portal\/#\/schema\/person\/image\/\",\"url\":\"https:\/\/secure.gravatar.com\/avatar\/459a9613caaaf07f582c3d0841eea68bdd66f533e465e6ba8b9cb45619572cf4?s=96&d=mm&r=g\",\"contentUrl\":\"https:\/\/secure.gravatar.com\/avatar\/459a9613caaaf07f582c3d0841eea68bdd66f533e465e6ba8b9cb45619572cf4?s=96&d=mm&r=g\",\"caption\":\"Redacao VerdadeOn\"},\"url\":\"https:\/\/verdadeon.com.br\/portal\/author\/redacao\/\"}]}<\/script>\n<!-- \/ Yoast SEO plugin. -->","yoast_head_json":{"title":"Licenciamento 2024 chega \u00e0s placas 5 e 6 em setembro no estado de SP - VerdadeOn","robots":{"index":"index","follow":"follow","max-snippet":"max-snippet:-1","max-image-preview":"max-image-preview:large","max-video-preview":"max-video-preview:-1"},"canonical":"https:\/\/verdadeon.com.br\/portal\/2024\/09\/04\/licenciamento-2024-chega-as-placas-5-e-6-em-setembro-no-estado-de-sp\/","og_locale":"pt_BR","og_type":"article","og_title":"Licenciamento 2024 chega \u00e0s placas 5 e 6 em setembro no estado de SP - VerdadeOn","og_description":"O calend\u00e1rio do licenciamento 2024 teve in\u00edcio em julho, com placas de final 1 e 2; em outubro, ser\u00e1 a vez das placas de final 7 [\u2026]","og_url":"https:\/\/verdadeon.com.br\/portal\/2024\/09\/04\/licenciamento-2024-chega-as-placas-5-e-6-em-setembro-no-estado-de-sp\/","og_site_name":"VerdadeOn","article_published_time":"2024-09-04T18:13:24+00:00","og_image":[{"width":1024,"height":686,"url":"https:\/\/verdadeon.com.br\/portal\/wp-content\/uploads\/2024\/09\/veiculos.jpg","type":"image\/jpeg"}],"author":"Redacao VerdadeOn","twitter_card":"summary_large_image","twitter_misc":{"Escrito por":"Redacao VerdadeOn","Est. tempo de leitura":"3 minutos"},"schema":{"@context":"https:\/\/schema.org","@graph":[{"@type":"WebPage","@id":"https:\/\/verdadeon.com.br\/portal\/2024\/09\/04\/licenciamento-2024-chega-as-placas-5-e-6-em-setembro-no-estado-de-sp\/","url":"https:\/\/verdadeon.com.br\/portal\/2024\/09\/04\/licenciamento-2024-chega-as-placas-5-e-6-em-setembro-no-estado-de-sp\/","name":"Licenciamento 2024 chega \u00e0s placas 5 e 6 em setembro no estado de SP - VerdadeOn","isPartOf":{"@id":"https:\/\/verdadeon.com.br\/portal\/#website"},"primaryImageOfPage":{"@id":"https:\/\/verdadeon.com.br\/portal\/2024\/09\/04\/licenciamento-2024-chega-as-placas-5-e-6-em-setembro-no-estado-de-sp\/#primaryimage"},"image":{"@id":"https:\/\/verdadeon.com.br\/portal\/2024\/09\/04\/licenciamento-2024-chega-as-placas-5-e-6-em-setembro-no-estado-de-sp\/#primaryimage"},"thumbnailUrl":"https:\/\/i0.wp.com\/verdadeon.com.br\/portal\/wp-content\/uploads\/2024\/09\/veiculos.jpg?fit=1024%2C686&ssl=1","datePublished":"2024-09-04T18:13:24+00:00","author":{"@id":"https:\/\/verdadeon.com.br\/portal\/#\/schema\/person\/a5060ad1e9ea3df545188fc93ce43d2f"},"breadcrumb":{"@id":"https:\/\/verdadeon.com.br\/portal\/2024\/09\/04\/licenciamento-2024-chega-as-placas-5-e-6-em-setembro-no-estado-de-sp\/#breadcrumb"},"inLanguage":"pt-BR","potentialAction":[{"@type":"ReadAction","target":["https:\/\/verdadeon.com.br\/portal\/2024\/09\/04\/licenciamento-2024-chega-as-placas-5-e-6-em-setembro-no-estado-de-sp\/"]}]},{"@type":"ImageObject","inLanguage":"pt-BR","@id":"https:\/\/verdadeon.com.br\/portal\/2024\/09\/04\/licenciamento-2024-chega-as-placas-5-e-6-em-setembro-no-estado-de-sp\/#primaryimage","url":"https:\/\/i0.wp.com\/verdadeon.com.br\/portal\/wp-content\/uploads\/2024\/09\/veiculos.jpg?fit=1024%2C686&ssl=1","contentUrl":"https:\/\/i0.wp.com\/verdadeon.com.br\/portal\/wp-content\/uploads\/2024\/09\/veiculos.jpg?fit=1024%2C686&ssl=1","width":1024,"height":686,"caption":"A condu\u00e7\u00e3o de ve\u00edculo n\u00e3o licenciado tem sido a segunda maior causa de multa de tr\u00e2nsito neste ano no estado, segundo dados do Detran-SP (\u00a9Divulga\u00e7\u00e3o\/Ag\u00eancia SP)"},{"@type":"BreadcrumbList","@id":"https:\/\/verdadeon.com.br\/portal\/2024\/09\/04\/licenciamento-2024-chega-as-placas-5-e-6-em-setembro-no-estado-de-sp\/#breadcrumb","itemListElement":[{"@type":"ListItem","position":1,"name":"In\u00edcio","item":"https:\/\/verdadeon.com.br\/portal\/"},{"@type":"ListItem","position":2,"name":"Licenciamento 2024 chega \u00e0s placas 5 e 6 em setembro no estado de SP"}]},{"@type":"WebSite","@id":"https:\/\/verdadeon.com.br\/portal\/#website","url":"https:\/\/verdadeon.com.br\/portal\/","name":"VerdadeOn","description":"Not\u00edcias di\u00e1rias sobre Franca, Regi\u00e3o, Esporte, Cultura, Cotidiano, Colunas. Cobertura nos principais eventos da cidade \u00e9 aqui - Verdadeon Franca","potentialAction":[{"@type":"SearchAction","target":{"@type":"EntryPoint","urlTemplate":"https:\/\/verdadeon.com.br\/portal\/?s={search_term_string}"},"query-input":{"@type":"PropertyValueSpecification","valueRequired":true,"valueName":"search_term_string"}}],"inLanguage":"pt-BR"},{"@type":"Person","@id":"https:\/\/verdadeon.com.br\/portal\/#\/schema\/person\/a5060ad1e9ea3df545188fc93ce43d2f","name":"Redacao VerdadeOn","image":{"@type":"ImageObject","inLanguage":"pt-BR","@id":"https:\/\/verdadeon.com.br\/portal\/#\/schema\/person\/image\/","url":"https:\/\/secure.gravatar.com\/avatar\/459a9613caaaf07f582c3d0841eea68bdd66f533e465e6ba8b9cb45619572cf4?s=96&d=mm&r=g","contentUrl":"https:\/\/secure.gravatar.com\/avatar\/459a9613caaaf07f582c3d0841eea68bdd66f533e465e6ba8b9cb45619572cf4?s=96&d=mm&r=g","caption":"Redacao VerdadeOn"},"url":"https:\/\/verdadeon.com.br\/portal\/author\/redacao\/"}]}},"jetpack_publicize_connections":[],"jetpack_featured_media_url":"https:\/\/i0.wp.com\/verdadeon.com.br\/portal\/wp-content\/uploads\/2024\/09\/veiculos.jpg?fit=1024%2C686&ssl=1","jetpack_sharing_enabled":true,"_links":{"self":[{"href":"https:\/\/verdadeon.com.br\/portal\/wp-json\/wp\/v2\/posts\/49230","targetHints":{"allow":["GET"]}}],"collection":[{"href":"https:\/\/verdadeon.com.br\/portal\/wp-json\/wp\/v2\/posts"}],"about":[{"href":"https:\/\/verdadeon.com.br\/portal\/wp-json\/wp\/v2\/types\/post"}],"author":[{"embeddable":true,"href":"https:\/\/verdadeon.com.br\/portal\/wp-json\/wp\/v2\/users\/10"}],"replies":[{"embeddable":true,"href":"https:\/\/verdadeon.com.br\/portal\/wp-json\/wp\/v2\/comments?post=49230"}],"version-history":[{"count":1,"href":"https:\/\/verdadeon.com.br\/portal\/wp-json\/wp\/v2\/posts\/49230\/revisions"}],"predecessor-version":[{"id":49232,"href":"https:\/\/verdadeon.com.br\/portal\/wp-json\/wp\/v2\/posts\/49230\/revisions\/49232"}],"wp:featuredmedia":[{"embeddable":true,"href":"https:\/\/verdadeon.com.br\/portal\/wp-json\/wp\/v2\/media\/49231"}],"wp:attachment":[{"href":"https:\/\/verdadeon.com.br\/portal\/wp-json\/wp\/v2\/media?parent=49230"}],"wp:term":[{"taxonomy":"category","embeddable":true,"href":"https:\/\/verdadeon.com.br\/portal\/wp-json\/wp\/v2\/categories?post=49230"},{"taxonomy":"post_tag","embeddable":true,"href":"https:\/\/verdadeon.com.br\/portal\/wp-json\/wp\/v2\/tags?post=49230"}],"curies":[{"name":"wp","href":"https:\/\/api.w.org\/{rel}","templated":true}]}}