{"id":49219,"date":"2024-09-04T12:49:19","date_gmt":"2024-09-04T15:49:19","guid":{"rendered":"https:\/\/verdadeon.com.br\/portal\/?p=49219"},"modified":"2024-09-04T12:49:19","modified_gmt":"2024-09-04T15:49:19","slug":"grupo-francano-quarteto-enredado-lanca-videoclipe-fantasia-sertaneja-que-homenageia-a-diversidade-da-cultura-brasileira-nesta-sexta-dia-06","status":"publish","type":"post","link":"https:\/\/verdadeon.com.br\/portal\/2024\/09\/04\/grupo-francano-quarteto-enredado-lanca-videoclipe-fantasia-sertaneja-que-homenageia-a-diversidade-da-cultura-brasileira-nesta-sexta-dia-06\/","title":{"rendered":"Grupo francano Quarteto Enredado lan\u00e7a videoclipe \u2018Fantasia Sertaneja\u2019 que homenageia a diversidade da cultura brasileira, nesta sexta, dia 06"},"content":{"rendered":"<h2>Obra in\u00e9dita mescla a m\u00fasica caipira com a erudita, combinando melodias de Villa-Lobos, da dupla Pena Branca &amp; Xavantinho e de Guarnieri<\/h2>\n<p class=\"ql-align-justify\">O grupo francano de m\u00fasica instrumental brasileira\u00a0<strong>Quarteto Enredado lan\u00e7a nesta sexta-feira (06\/09) o videoclipe \u201cFantasia Sertaneja\u201d<\/strong>, gravado na antiga Esta\u00e7\u00e3o de Trem de Iga\u00e7aba (SP), que refor\u00e7a a sua caracter\u00edstica ousada de mesclar a tradi\u00e7\u00e3o da m\u00fasica caipira a outros g\u00eaneros como a m\u00fasica erudita. Com uma interpreta\u00e7\u00e3o \u00fanica, que homenageia a riqueza da cultura brasileira, a obra traz em seu enredo melodias de Villa-Lobos, da dupla Pena Branca &amp; Xavantinho e de Camargo Guarnieri. O v\u00eddeo est\u00e1 dispon\u00edvel no canal do YouTube do grupo:\u00a0<a href=\"https:\/\/youtu.be\/QCWcjWVRXYs?si=yWHFWv8YxejLRlHn\" target=\"_blank\" rel=\"noopener noreferrer\">https:\/\/youtu.be\/QCWcjWVRXYs?si=yWHFWv8YxejLRlHn<\/a>.<\/p>\n<p class=\"ql-align-justify\">Com seis anos de trajet\u00f3ria e forma\u00e7\u00e3o in\u00e9dita de viol\u00e3o (Claryssa P\u00e1dua), viola caipira (Ronaldo Sabino), guitarra (Daniel Rached Palermo) e baixo ac\u00fastico (Gabriel Terra), Quarteto Enredado se destaca por sua sonoridade original e aut\u00eantica, resultante da combina\u00e7\u00e3o de instrumentos de diferentes tradi\u00e7\u00f5es musicais que refletem a diversidade da cultura brasileira.<\/p>\n<p class=\"ql-align-justify\">Inspirado pelos ideais do Modernismo no Brasil, o grupo desenvolveu uma linguagem pr\u00f3pria, potencializando sua identidade sonora por meio de uma pr\u00e1tica musical inovadora, que explora v\u00e1rias possibilidades timbr\u00edsticas e estil\u00edsticas, mesclando m\u00fasica caipira, cl\u00e1ssica, samba, bai\u00e3o, jazz e rock.<\/p>\n<p class=\"ql-align-justify\">Com dire\u00e7\u00e3o musical do renomado m\u00fasico Ivan Vilela, violeiro e professor da USP, que veio \u00e0 Franca especialmente para o projeto e para ministrar uma masterclass com o grupo, \u201cFantasia Sertaneja\u201d combina melodias de \u201cO Trenzinho do Caipira\u201d (Heitor Villa-Lobos) e \u201cCuitelinho\u201d (can\u00e7\u00e3o de autoria desconhecida, cuja interpreta\u00e7\u00e3o mais famosa \u00e9 de Pena Branca &amp; Xavantinho) com temas dos \u201cPonteios\u201d para piano, de Camargo Guarnieri.<\/p>\n<p class=\"ql-align-justify\">O t\u00edtulo faz refer\u00eancia \u00e0 forma musical \u201cfantasia\u201d, conhecida por sua liberdade estrutural, permitindo ao grupo combinar criativamente elementos da m\u00fasica caipira com influ\u00eancias eruditas.<\/p>\n<p class=\"ql-align-justify\">\u201cEste arranjo reflete a proposta do grupo, de unir elementos populares e eruditos, tradi\u00e7\u00e3o e inova\u00e7\u00e3o, em uma interpreta\u00e7\u00e3o \u00fanica, que homenageia a riqueza da cultura popular brasileira e valoriza um g\u00eanero musical de grande import\u00e2ncia hist\u00f3rica e cultural para o pa\u00eds: a m\u00fasica caipira\u201d, diz o arranjador Gabriel Terra, contrabaixista e idealizador do grupo.<\/p>\n<p class=\"ql-align-justify\">Segundo o violeiro Ronaldo Sabino, o g\u00eanero sertanejo raiz \u00e9 um dos pilares da identidade sonora brasileira, que emergiu do encontro dos povos africanos escravizados, dos povos origin\u00e1rios e dos europeus, e desempenha um papel central em \u201cFantasia Sertaneja\u201d.<\/p>\n<p class=\"ql-align-justify\">\u201cA m\u00fasica caipira \u00e9 marcada por uma paleta sonora rica, incluindo aproximadamente 16 ritmos distintos, como catira, toada, marcha-rancho, pagode e cururu, consolidando-se como uma das express\u00f5es mais significativas do povo brasileiro\u201d, diz Ronaldo Sabino.<\/p>\n<p class=\"ql-align-justify\">\u201cEsta obra marca o in\u00edcio de uma nova fase para o grupo, na qual buscamos aprofundar a explora\u00e7\u00e3o da m\u00fasica caipira, revelando e expandindo as m\u00faltiplas influ\u00eancias culturais que moldaram o g\u00eanero. A ideia \u00e9 abordar sua evolu\u00e7\u00e3o desde as formas mais tradicionais at\u00e9 as manifesta\u00e7\u00f5es contempor\u00e2neas, contribuindo para a preserva\u00e7\u00e3o e difus\u00e3o deste valioso patrim\u00f4nio cultural\u201d, completa a violonista Claryssa P\u00e1dua, produtora executiva do videoclipe.<\/p>\n<p class=\"ql-align-justify\">Quarteto Enredado traz na bagagem mais de 100 shows, incluindo uma apresenta\u00e7\u00e3o em um dos principais palcos da m\u00fasica instrumental brasileira, o Instrumental Sesc Brasil (2021). Seu \u00e1lbum de estreia, \u201cAlma Brasileira\u201d, lan\u00e7ado em 2022, foi inserido na retrospectiva do renomado cr\u00edtico musical Solano Ribeiro.<\/p>\n<p class=\"ql-align-justify\">Em mar\u00e7o deste ano, o grupo lan\u00e7ou seu segundo trabalho autoral, o EP \u201cRequiem\u201d, com obras compostas por Gabriel Terra durante a pandemia de Covid-19, que est\u00e1 dispon\u00edvel em todas as plataformas digitais. Internacionalmente, o Quarteto foi destacado pela r\u00e1dio francesa Kaos Caribou (RKC) como um dos 10 principais grupos, no \u201c2021 Selector\u2019s Shows\u201d, e realizou a turn\u00ea europeia \u201cAlma Brasileira World Tour\u201d, em junho, com apresenta\u00e7\u00f5es em Portugal e Espanha.<\/p>\n<p class=\"ql-align-justify\">O videoclipe \u201cFantasia Sertaneja\u201d\u00a0foi\u00a0realizado com recursos da Lei Paulo Gustavo, do Minist\u00e9rio da Cultura e do Governo Federal, por meio da Prefeitura Municipal e da FEAC (Funda\u00e7\u00e3o Esporte, Arte e Cultura de Franca).<\/p>\n<p><strong>SERVI\u00c7O<\/strong><\/p>\n<p><strong>Videoclipe \u2018Fantasia Sertaneja\u2019 &#8211; Quarteto Enredado<\/strong><\/p>\n<p><strong>Lan\u00e7amento:\u00a0<\/strong>sexta-feira (06\/09)<\/p>\n<p><strong>Assista ao videoclipe no YouTube:\u00a0<\/strong><a href=\"https:\/\/youtu.be\/QCWcjWVRXYs?si=yWHFWv8YxejLRlHn\" target=\"_blank\" rel=\"noopener noreferrer\">https:\/\/youtu.be\/QCWcjWVRXYs?si=yWHFWv8YxejLRlHn<\/a><\/p>\n<p><strong>Ficha T\u00e9cnica:<\/strong>\u00a0Arranjo (Gabriel Terra), Produ\u00e7\u00e3o Executiva (Claryssa P\u00e1dua Produ\u00e7\u00f5es Culturais), Produ\u00e7\u00e3o Musical (Ivan Vilela), Engenheiro de Som, Edi\u00e7\u00e3o de \u00c1udio, Mixagem e Masteriza\u00e7\u00e3o (Daniel R. Palermo), Cinegrafista (Ra\u00edza Ferreira), Edi\u00e7\u00e3o, Finaliza\u00e7\u00e3o e Lettering (Gabriel Terra).<\/p>\n<p class=\"ql-align-justify\"><strong><em>O Quarteto Enredado<\/em><\/strong><\/p>\n<p class=\"ql-align-justify\">O grupo Quarteto Enredado surgiu no in\u00edcio de 2018, na cidade de Franca (SP), do ensejo de criar uma experi\u00eancia musical de pluralidade sonora, fundindo e amalgamando a m\u00fasica brasileira e sua sonoridade a outras linguagens musicais. Composto por uma forma\u00e7\u00e3o totalmente nova e inusitada: viola caipira, guitarra semi ac\u00fastica, viol\u00e3o e baixo ac\u00fasticos, o grupo apresenta repert\u00f3rio com composi\u00e7\u00f5es e arranjos pr\u00f3prios, que buscam traduzir a diversidade de estilos e caracter\u00edsticas presentes em nossa cultura.<\/p>\n<p class=\"ql-align-justify\">Desde o in\u00edcio de sua carreira, o grupo vem conquistando relev\u00e2ncia dentro do cen\u00e1rio musical, fazendo parte, junto a outros 11 \u00e1lbuns, da\u00a0<strong>Retrospectiva 2022<\/strong>, do cr\u00edtico musical Solano Ribeiro e da sele\u00e7\u00e3o do\u00a0<strong>Top 10 na Fran\u00e7a<\/strong>, pelo \u201c2021 Selector\u00b4s Shows\u201d, por meio da r\u00e1dio francesa Kaos Caribou (RKC). Em 2021, o grupo realizou a turn\u00ea virtual\u00a0<strong>Alma Brasileira no Ciberespa\u00e7o<\/strong>, com recursos da Lei Aldir Blanc, atrav\u00e9s do ProAC. No final do mesmo ano, gravou o programa\u00a0<strong>Instrumental Sesc Brasil<\/strong>, com apresenta\u00e7\u00e3o do show \u201cAlma Brasileira\u201d, e o programa\u00a0<strong>Passagem do Som<\/strong>, do Sesc TV Em 2022, lan\u00e7ou o projeto\u00a0<strong>Alma Brasileira no Museu Casa de Portinari<\/strong>, financiado pelo ProAC, e gravou o CD\u00a0<strong>Alma Brasileira<\/strong>, por meio de uma campanha de financiamento coletivo. Em 2023, realizou a turn\u00ea\u00a0<strong>Alma Brasileira &#8211; Enredando por Todos os Cantos<\/strong>, para circula\u00e7\u00e3o do CD pelo interior do estado de S\u00e3o Paulo, com projeto classificado em primeiro lugar no edital ProAC n\u00b0 14\/2022. Em 2024, o Quarteto Enredado lan\u00e7ou seu segundo \u00e1lbum, &#8220;Requiem&#8221;, de obras autorais, financiado pelo Bolsa Cultura 2023 da FEAC-Franca, e embarcou na turn\u00ea europeia\u00a0<strong>Alma Brasileira World Tour<\/strong>, com apresenta\u00e7\u00f5es em Portugal e Espanha, em junho. Ainda neste ano, o grupo desenvolveu os projetos \u201cRequiem &#8211; A Arte como Instrumento de Reflex\u00e3o em Tempos de Pandemia\u201d, um document\u00e1rio que une m\u00fasica e literatura, e o videoclipe &#8220;Fantasia Sertaneja&#8221;, ambos contemplados pela Lei Paulo Gustavo 2024.<\/p>\n","protected":false},"excerpt":{"rendered":"<p>Obra in\u00e9dita mescla a m\u00fasica caipira com a erudita, combinando melodias de Villa-Lobos, da dupla Pena Branca &amp; Xavantinho e de Guarnieri O grupo francano de<span class=\"excerpt-hellip\"> [\u2026]<\/span><\/p>\n","protected":false},"author":10,"featured_media":49220,"comment_status":"open","ping_status":"open","sticky":false,"template":"","format":"standard","meta":{"_jetpack_memberships_contains_paid_content":false,"footnotes":"","jetpack_publicize_message":"","jetpack_publicize_feature_enabled":true,"jetpack_social_post_already_shared":true,"jetpack_social_options":{"image_generator_settings":{"template":"highway","default_image_id":0,"enabled":false},"version":2}},"categories":[28,44],"tags":[],"class_list":["post-49219","post","type-post","status-publish","format-standard","has-post-thumbnail","hentry","category-cotidiano","category-noticias"],"yoast_head":"<!-- This site is optimized with the Yoast SEO plugin v25.6 - https:\/\/yoast.com\/wordpress\/plugins\/seo\/ -->\n<title>Grupo francano Quarteto Enredado lan\u00e7a videoclipe \u2018Fantasia Sertaneja\u2019 que homenageia a diversidade da cultura brasileira, nesta sexta, dia 06 - VerdadeOn<\/title>\n<meta name=\"robots\" content=\"index, follow, max-snippet:-1, max-image-preview:large, max-video-preview:-1\" \/>\n<link rel=\"canonical\" href=\"https:\/\/verdadeon.com.br\/portal\/2024\/09\/04\/grupo-francano-quarteto-enredado-lanca-videoclipe-fantasia-sertaneja-que-homenageia-a-diversidade-da-cultura-brasileira-nesta-sexta-dia-06\/\" \/>\n<meta property=\"og:locale\" content=\"pt_BR\" \/>\n<meta property=\"og:type\" content=\"article\" \/>\n<meta property=\"og:title\" content=\"Grupo francano Quarteto Enredado lan\u00e7a videoclipe \u2018Fantasia Sertaneja\u2019 que homenageia a diversidade da cultura brasileira, nesta sexta, dia 06 - VerdadeOn\" \/>\n<meta property=\"og:description\" content=\"Obra in\u00e9dita mescla a m\u00fasica caipira com a erudita, combinando melodias de Villa-Lobos, da dupla Pena Branca &amp; Xavantinho e de Guarnieri O grupo francano de [\u2026]\" \/>\n<meta property=\"og:url\" content=\"https:\/\/verdadeon.com.br\/portal\/2024\/09\/04\/grupo-francano-quarteto-enredado-lanca-videoclipe-fantasia-sertaneja-que-homenageia-a-diversidade-da-cultura-brasileira-nesta-sexta-dia-06\/\" \/>\n<meta property=\"og:site_name\" content=\"VerdadeOn\" \/>\n<meta property=\"article:published_time\" content=\"2024-09-04T15:49:19+00:00\" \/>\n<meta property=\"og:image\" content=\"https:\/\/verdadeon.com.br\/portal\/wp-content\/uploads\/2024\/09\/403bd1a9-095d-4bae-aa07-aff8548a0e32.jpg\" \/>\n\t<meta property=\"og:image:width\" content=\"1612\" \/>\n\t<meta property=\"og:image:height\" content=\"1080\" \/>\n\t<meta property=\"og:image:type\" content=\"image\/jpeg\" \/>\n<meta name=\"author\" content=\"Redacao VerdadeOn\" \/>\n<meta name=\"twitter:card\" content=\"summary_large_image\" \/>\n<meta name=\"twitter:label1\" content=\"Escrito por\" \/>\n\t<meta name=\"twitter:data1\" content=\"Redacao VerdadeOn\" \/>\n\t<meta name=\"twitter:label2\" content=\"Est. tempo de leitura\" \/>\n\t<meta name=\"twitter:data2\" content=\"6 minutos\" \/>\n<script type=\"application\/ld+json\" class=\"yoast-schema-graph\">{\"@context\":\"https:\/\/schema.org\",\"@graph\":[{\"@type\":\"WebPage\",\"@id\":\"https:\/\/verdadeon.com.br\/portal\/2024\/09\/04\/grupo-francano-quarteto-enredado-lanca-videoclipe-fantasia-sertaneja-que-homenageia-a-diversidade-da-cultura-brasileira-nesta-sexta-dia-06\/\",\"url\":\"https:\/\/verdadeon.com.br\/portal\/2024\/09\/04\/grupo-francano-quarteto-enredado-lanca-videoclipe-fantasia-sertaneja-que-homenageia-a-diversidade-da-cultura-brasileira-nesta-sexta-dia-06\/\",\"name\":\"Grupo francano Quarteto Enredado lan\u00e7a videoclipe \u2018Fantasia Sertaneja\u2019 que homenageia a diversidade da cultura brasileira, nesta sexta, dia 06 - VerdadeOn\",\"isPartOf\":{\"@id\":\"https:\/\/verdadeon.com.br\/portal\/#website\"},\"primaryImageOfPage\":{\"@id\":\"https:\/\/verdadeon.com.br\/portal\/2024\/09\/04\/grupo-francano-quarteto-enredado-lanca-videoclipe-fantasia-sertaneja-que-homenageia-a-diversidade-da-cultura-brasileira-nesta-sexta-dia-06\/#primaryimage\"},\"image\":{\"@id\":\"https:\/\/verdadeon.com.br\/portal\/2024\/09\/04\/grupo-francano-quarteto-enredado-lanca-videoclipe-fantasia-sertaneja-que-homenageia-a-diversidade-da-cultura-brasileira-nesta-sexta-dia-06\/#primaryimage\"},\"thumbnailUrl\":\"https:\/\/i0.wp.com\/verdadeon.com.br\/portal\/wp-content\/uploads\/2024\/09\/403bd1a9-095d-4bae-aa07-aff8548a0e32.jpg?fit=1612%2C1080&ssl=1\",\"datePublished\":\"2024-09-04T15:49:19+00:00\",\"author\":{\"@id\":\"https:\/\/verdadeon.com.br\/portal\/#\/schema\/person\/a5060ad1e9ea3df545188fc93ce43d2f\"},\"breadcrumb\":{\"@id\":\"https:\/\/verdadeon.com.br\/portal\/2024\/09\/04\/grupo-francano-quarteto-enredado-lanca-videoclipe-fantasia-sertaneja-que-homenageia-a-diversidade-da-cultura-brasileira-nesta-sexta-dia-06\/#breadcrumb\"},\"inLanguage\":\"pt-BR\",\"potentialAction\":[{\"@type\":\"ReadAction\",\"target\":[\"https:\/\/verdadeon.com.br\/portal\/2024\/09\/04\/grupo-francano-quarteto-enredado-lanca-videoclipe-fantasia-sertaneja-que-homenageia-a-diversidade-da-cultura-brasileira-nesta-sexta-dia-06\/\"]}]},{\"@type\":\"ImageObject\",\"inLanguage\":\"pt-BR\",\"@id\":\"https:\/\/verdadeon.com.br\/portal\/2024\/09\/04\/grupo-francano-quarteto-enredado-lanca-videoclipe-fantasia-sertaneja-que-homenageia-a-diversidade-da-cultura-brasileira-nesta-sexta-dia-06\/#primaryimage\",\"url\":\"https:\/\/i0.wp.com\/verdadeon.com.br\/portal\/wp-content\/uploads\/2024\/09\/403bd1a9-095d-4bae-aa07-aff8548a0e32.jpg?fit=1612%2C1080&ssl=1\",\"contentUrl\":\"https:\/\/i0.wp.com\/verdadeon.com.br\/portal\/wp-content\/uploads\/2024\/09\/403bd1a9-095d-4bae-aa07-aff8548a0e32.jpg?fit=1612%2C1080&ssl=1\",\"width\":1612,\"height\":1080,\"caption\":\"Quarteto Enredado, grupo de m\u00fasica instrumental brasileira, \u00e9 formado por Ronaldo Sabino (viola caipira), Daniel Rached Palermo (guitarra), Gabriel Terra (baixo ac\u00fastico) e Claryssa P\u00e1dua (viol\u00e3o) (\u00a9Divulga\u00e7\u00e3o)\"},{\"@type\":\"BreadcrumbList\",\"@id\":\"https:\/\/verdadeon.com.br\/portal\/2024\/09\/04\/grupo-francano-quarteto-enredado-lanca-videoclipe-fantasia-sertaneja-que-homenageia-a-diversidade-da-cultura-brasileira-nesta-sexta-dia-06\/#breadcrumb\",\"itemListElement\":[{\"@type\":\"ListItem\",\"position\":1,\"name\":\"In\u00edcio\",\"item\":\"https:\/\/verdadeon.com.br\/portal\/\"},{\"@type\":\"ListItem\",\"position\":2,\"name\":\"Grupo francano Quarteto Enredado lan\u00e7a videoclipe \u2018Fantasia Sertaneja\u2019 que homenageia a diversidade da cultura brasileira, nesta sexta, dia 06\"}]},{\"@type\":\"WebSite\",\"@id\":\"https:\/\/verdadeon.com.br\/portal\/#website\",\"url\":\"https:\/\/verdadeon.com.br\/portal\/\",\"name\":\"VerdadeOn\",\"description\":\"Not\u00edcias di\u00e1rias sobre Franca, Regi\u00e3o, Esporte, Cultura, Cotidiano, Colunas. Cobertura nos principais eventos da cidade \u00e9 aqui - Verdadeon Franca\",\"potentialAction\":[{\"@type\":\"SearchAction\",\"target\":{\"@type\":\"EntryPoint\",\"urlTemplate\":\"https:\/\/verdadeon.com.br\/portal\/?s={search_term_string}\"},\"query-input\":{\"@type\":\"PropertyValueSpecification\",\"valueRequired\":true,\"valueName\":\"search_term_string\"}}],\"inLanguage\":\"pt-BR\"},{\"@type\":\"Person\",\"@id\":\"https:\/\/verdadeon.com.br\/portal\/#\/schema\/person\/a5060ad1e9ea3df545188fc93ce43d2f\",\"name\":\"Redacao VerdadeOn\",\"image\":{\"@type\":\"ImageObject\",\"inLanguage\":\"pt-BR\",\"@id\":\"https:\/\/verdadeon.com.br\/portal\/#\/schema\/person\/image\/\",\"url\":\"https:\/\/secure.gravatar.com\/avatar\/459a9613caaaf07f582c3d0841eea68bdd66f533e465e6ba8b9cb45619572cf4?s=96&d=mm&r=g\",\"contentUrl\":\"https:\/\/secure.gravatar.com\/avatar\/459a9613caaaf07f582c3d0841eea68bdd66f533e465e6ba8b9cb45619572cf4?s=96&d=mm&r=g\",\"caption\":\"Redacao VerdadeOn\"},\"url\":\"https:\/\/verdadeon.com.br\/portal\/author\/redacao\/\"}]}<\/script>\n<!-- \/ Yoast SEO plugin. -->","yoast_head_json":{"title":"Grupo francano Quarteto Enredado lan\u00e7a videoclipe \u2018Fantasia Sertaneja\u2019 que homenageia a diversidade da cultura brasileira, nesta sexta, dia 06 - VerdadeOn","robots":{"index":"index","follow":"follow","max-snippet":"max-snippet:-1","max-image-preview":"max-image-preview:large","max-video-preview":"max-video-preview:-1"},"canonical":"https:\/\/verdadeon.com.br\/portal\/2024\/09\/04\/grupo-francano-quarteto-enredado-lanca-videoclipe-fantasia-sertaneja-que-homenageia-a-diversidade-da-cultura-brasileira-nesta-sexta-dia-06\/","og_locale":"pt_BR","og_type":"article","og_title":"Grupo francano Quarteto Enredado lan\u00e7a videoclipe \u2018Fantasia Sertaneja\u2019 que homenageia a diversidade da cultura brasileira, nesta sexta, dia 06 - VerdadeOn","og_description":"Obra in\u00e9dita mescla a m\u00fasica caipira com a erudita, combinando melodias de Villa-Lobos, da dupla Pena Branca &amp; Xavantinho e de Guarnieri O grupo francano de [\u2026]","og_url":"https:\/\/verdadeon.com.br\/portal\/2024\/09\/04\/grupo-francano-quarteto-enredado-lanca-videoclipe-fantasia-sertaneja-que-homenageia-a-diversidade-da-cultura-brasileira-nesta-sexta-dia-06\/","og_site_name":"VerdadeOn","article_published_time":"2024-09-04T15:49:19+00:00","og_image":[{"width":1612,"height":1080,"url":"https:\/\/verdadeon.com.br\/portal\/wp-content\/uploads\/2024\/09\/403bd1a9-095d-4bae-aa07-aff8548a0e32.jpg","type":"image\/jpeg"}],"author":"Redacao VerdadeOn","twitter_card":"summary_large_image","twitter_misc":{"Escrito por":"Redacao VerdadeOn","Est. tempo de leitura":"6 minutos"},"schema":{"@context":"https:\/\/schema.org","@graph":[{"@type":"WebPage","@id":"https:\/\/verdadeon.com.br\/portal\/2024\/09\/04\/grupo-francano-quarteto-enredado-lanca-videoclipe-fantasia-sertaneja-que-homenageia-a-diversidade-da-cultura-brasileira-nesta-sexta-dia-06\/","url":"https:\/\/verdadeon.com.br\/portal\/2024\/09\/04\/grupo-francano-quarteto-enredado-lanca-videoclipe-fantasia-sertaneja-que-homenageia-a-diversidade-da-cultura-brasileira-nesta-sexta-dia-06\/","name":"Grupo francano Quarteto Enredado lan\u00e7a videoclipe \u2018Fantasia Sertaneja\u2019 que homenageia a diversidade da cultura brasileira, nesta sexta, dia 06 - VerdadeOn","isPartOf":{"@id":"https:\/\/verdadeon.com.br\/portal\/#website"},"primaryImageOfPage":{"@id":"https:\/\/verdadeon.com.br\/portal\/2024\/09\/04\/grupo-francano-quarteto-enredado-lanca-videoclipe-fantasia-sertaneja-que-homenageia-a-diversidade-da-cultura-brasileira-nesta-sexta-dia-06\/#primaryimage"},"image":{"@id":"https:\/\/verdadeon.com.br\/portal\/2024\/09\/04\/grupo-francano-quarteto-enredado-lanca-videoclipe-fantasia-sertaneja-que-homenageia-a-diversidade-da-cultura-brasileira-nesta-sexta-dia-06\/#primaryimage"},"thumbnailUrl":"https:\/\/i0.wp.com\/verdadeon.com.br\/portal\/wp-content\/uploads\/2024\/09\/403bd1a9-095d-4bae-aa07-aff8548a0e32.jpg?fit=1612%2C1080&ssl=1","datePublished":"2024-09-04T15:49:19+00:00","author":{"@id":"https:\/\/verdadeon.com.br\/portal\/#\/schema\/person\/a5060ad1e9ea3df545188fc93ce43d2f"},"breadcrumb":{"@id":"https:\/\/verdadeon.com.br\/portal\/2024\/09\/04\/grupo-francano-quarteto-enredado-lanca-videoclipe-fantasia-sertaneja-que-homenageia-a-diversidade-da-cultura-brasileira-nesta-sexta-dia-06\/#breadcrumb"},"inLanguage":"pt-BR","potentialAction":[{"@type":"ReadAction","target":["https:\/\/verdadeon.com.br\/portal\/2024\/09\/04\/grupo-francano-quarteto-enredado-lanca-videoclipe-fantasia-sertaneja-que-homenageia-a-diversidade-da-cultura-brasileira-nesta-sexta-dia-06\/"]}]},{"@type":"ImageObject","inLanguage":"pt-BR","@id":"https:\/\/verdadeon.com.br\/portal\/2024\/09\/04\/grupo-francano-quarteto-enredado-lanca-videoclipe-fantasia-sertaneja-que-homenageia-a-diversidade-da-cultura-brasileira-nesta-sexta-dia-06\/#primaryimage","url":"https:\/\/i0.wp.com\/verdadeon.com.br\/portal\/wp-content\/uploads\/2024\/09\/403bd1a9-095d-4bae-aa07-aff8548a0e32.jpg?fit=1612%2C1080&ssl=1","contentUrl":"https:\/\/i0.wp.com\/verdadeon.com.br\/portal\/wp-content\/uploads\/2024\/09\/403bd1a9-095d-4bae-aa07-aff8548a0e32.jpg?fit=1612%2C1080&ssl=1","width":1612,"height":1080,"caption":"Quarteto Enredado, grupo de m\u00fasica instrumental brasileira, \u00e9 formado por Ronaldo Sabino (viola caipira), Daniel Rached Palermo (guitarra), Gabriel Terra (baixo ac\u00fastico) e Claryssa P\u00e1dua (viol\u00e3o) (\u00a9Divulga\u00e7\u00e3o)"},{"@type":"BreadcrumbList","@id":"https:\/\/verdadeon.com.br\/portal\/2024\/09\/04\/grupo-francano-quarteto-enredado-lanca-videoclipe-fantasia-sertaneja-que-homenageia-a-diversidade-da-cultura-brasileira-nesta-sexta-dia-06\/#breadcrumb","itemListElement":[{"@type":"ListItem","position":1,"name":"In\u00edcio","item":"https:\/\/verdadeon.com.br\/portal\/"},{"@type":"ListItem","position":2,"name":"Grupo francano Quarteto Enredado lan\u00e7a videoclipe \u2018Fantasia Sertaneja\u2019 que homenageia a diversidade da cultura brasileira, nesta sexta, dia 06"}]},{"@type":"WebSite","@id":"https:\/\/verdadeon.com.br\/portal\/#website","url":"https:\/\/verdadeon.com.br\/portal\/","name":"VerdadeOn","description":"Not\u00edcias di\u00e1rias sobre Franca, Regi\u00e3o, Esporte, Cultura, Cotidiano, Colunas. Cobertura nos principais eventos da cidade \u00e9 aqui - Verdadeon Franca","potentialAction":[{"@type":"SearchAction","target":{"@type":"EntryPoint","urlTemplate":"https:\/\/verdadeon.com.br\/portal\/?s={search_term_string}"},"query-input":{"@type":"PropertyValueSpecification","valueRequired":true,"valueName":"search_term_string"}}],"inLanguage":"pt-BR"},{"@type":"Person","@id":"https:\/\/verdadeon.com.br\/portal\/#\/schema\/person\/a5060ad1e9ea3df545188fc93ce43d2f","name":"Redacao VerdadeOn","image":{"@type":"ImageObject","inLanguage":"pt-BR","@id":"https:\/\/verdadeon.com.br\/portal\/#\/schema\/person\/image\/","url":"https:\/\/secure.gravatar.com\/avatar\/459a9613caaaf07f582c3d0841eea68bdd66f533e465e6ba8b9cb45619572cf4?s=96&d=mm&r=g","contentUrl":"https:\/\/secure.gravatar.com\/avatar\/459a9613caaaf07f582c3d0841eea68bdd66f533e465e6ba8b9cb45619572cf4?s=96&d=mm&r=g","caption":"Redacao VerdadeOn"},"url":"https:\/\/verdadeon.com.br\/portal\/author\/redacao\/"}]}},"jetpack_publicize_connections":[],"jetpack_featured_media_url":"https:\/\/i0.wp.com\/verdadeon.com.br\/portal\/wp-content\/uploads\/2024\/09\/403bd1a9-095d-4bae-aa07-aff8548a0e32.jpg?fit=1612%2C1080&ssl=1","jetpack_sharing_enabled":true,"_links":{"self":[{"href":"https:\/\/verdadeon.com.br\/portal\/wp-json\/wp\/v2\/posts\/49219","targetHints":{"allow":["GET"]}}],"collection":[{"href":"https:\/\/verdadeon.com.br\/portal\/wp-json\/wp\/v2\/posts"}],"about":[{"href":"https:\/\/verdadeon.com.br\/portal\/wp-json\/wp\/v2\/types\/post"}],"author":[{"embeddable":true,"href":"https:\/\/verdadeon.com.br\/portal\/wp-json\/wp\/v2\/users\/10"}],"replies":[{"embeddable":true,"href":"https:\/\/verdadeon.com.br\/portal\/wp-json\/wp\/v2\/comments?post=49219"}],"version-history":[{"count":1,"href":"https:\/\/verdadeon.com.br\/portal\/wp-json\/wp\/v2\/posts\/49219\/revisions"}],"predecessor-version":[{"id":49221,"href":"https:\/\/verdadeon.com.br\/portal\/wp-json\/wp\/v2\/posts\/49219\/revisions\/49221"}],"wp:featuredmedia":[{"embeddable":true,"href":"https:\/\/verdadeon.com.br\/portal\/wp-json\/wp\/v2\/media\/49220"}],"wp:attachment":[{"href":"https:\/\/verdadeon.com.br\/portal\/wp-json\/wp\/v2\/media?parent=49219"}],"wp:term":[{"taxonomy":"category","embeddable":true,"href":"https:\/\/verdadeon.com.br\/portal\/wp-json\/wp\/v2\/categories?post=49219"},{"taxonomy":"post_tag","embeddable":true,"href":"https:\/\/verdadeon.com.br\/portal\/wp-json\/wp\/v2\/tags?post=49219"}],"curies":[{"name":"wp","href":"https:\/\/api.w.org\/{rel}","templated":true}]}}