{"id":49208,"date":"2024-09-04T13:49:46","date_gmt":"2024-09-04T16:49:46","guid":{"rendered":"https:\/\/verdadeon.com.br\/portal\/?p=49208"},"modified":"2024-09-04T13:49:46","modified_gmt":"2024-09-04T16:49:46","slug":"candidata-aninha-psd-lidera-pesquisa-eleitoral-para-prefeitura-de-jeriquara","status":"publish","type":"post","link":"https:\/\/verdadeon.com.br\/portal\/2024\/09\/04\/candidata-aninha-psd-lidera-pesquisa-eleitoral-para-prefeitura-de-jeriquara\/","title":{"rendered":"Candidata Aninha (PSD) lidera pesquisa eleitoral para Prefeitura de Jeriquara"},"content":{"rendered":"<h2>Atual vice-prefeita apresenta vantagem de 10 pontos percentuais frente \u00e0 segunda colocada<\/h2>\n<p>A candidata Aninha (PSD), atual vice-prefeita do Munic\u00edpio de Jeriquara, apresenta favoritismo na corrida \u00e0 Prefeitura da cidade com 10 pontos percentuais \u00e0 frente da segunda colocada, Elaine Pinheiro (MDB). Isto \u00e9 o que informa a pesquisa eleitoral estimulada &#8211; quando s\u00e3o apresentadas as op\u00e7\u00f5es para escolha &#8211; realizada pelo Instituto de Pesquisas Galileu. Enquanto Aninha possui 45,50% nas inten\u00e7\u00f5es de voto, Elaine Pinheiro (MDB) demonstrou 35,50% dos votos do eleitorado.<\/p>\n<p><img data-recalc-dims=\"1\" loading=\"lazy\" decoding=\"async\" class=\"size-full wp-image-49210 aligncenter\" src=\"https:\/\/i0.wp.com\/verdadeon.com.br\/portal\/wp-content\/uploads\/2024\/09\/Capturar-1.png?resize=795%2C785&#038;ssl=1\" alt=\"\" width=\"795\" height=\"785\" srcset=\"https:\/\/i0.wp.com\/verdadeon.com.br\/portal\/wp-content\/uploads\/2024\/09\/Capturar-1.png?w=795&amp;ssl=1 795w, https:\/\/i0.wp.com\/verdadeon.com.br\/portal\/wp-content\/uploads\/2024\/09\/Capturar-1.png?resize=300%2C296&amp;ssl=1 300w, https:\/\/i0.wp.com\/verdadeon.com.br\/portal\/wp-content\/uploads\/2024\/09\/Capturar-1.png?resize=768%2C758&amp;ssl=1 768w, https:\/\/i0.wp.com\/verdadeon.com.br\/portal\/wp-content\/uploads\/2024\/09\/Capturar-1.png?resize=148%2C146&amp;ssl=1 148w, https:\/\/i0.wp.com\/verdadeon.com.br\/portal\/wp-content\/uploads\/2024\/09\/Capturar-1.png?resize=50%2C50&amp;ssl=1 50w, https:\/\/i0.wp.com\/verdadeon.com.br\/portal\/wp-content\/uploads\/2024\/09\/Capturar-1.png?resize=76%2C75&amp;ssl=1 76w, https:\/\/i0.wp.com\/verdadeon.com.br\/portal\/wp-content\/uploads\/2024\/09\/Capturar-1.png?resize=85%2C85&amp;ssl=1 85w, https:\/\/i0.wp.com\/verdadeon.com.br\/portal\/wp-content\/uploads\/2024\/09\/Capturar-1.png?resize=80%2C80&amp;ssl=1 80w\" sizes=\"auto, (max-width: 795px) 100vw, 795px\" \/><\/p>\n<p><strong>Aprova\u00e7\u00e3o e Rejei\u00e7\u00e3o:<\/strong><\/p>\n<p>O estudo tamb\u00e9m questionou os \u00edndices de aprova\u00e7\u00e3o da gest\u00e3o atual. 75% dos entrevistados acreditam que a presente administra\u00e7\u00e3o realizou um bom, regular ou \u00f3timo trabalho &#8211; 35%, 30% e 10%, respectivamente. P\u00e9ssimo ou Ruim registrou 15% &#8211; 7,50% em cada avalia\u00e7\u00e3o. N\u00e3o sabem\/N\u00e3o opinam resultou em 10%.<\/p>\n<p>Sobre a rejei\u00e7\u00e3o, Elaine Pinheiro (MDB) aparece \u00e0 frente com 35%. Aninha (PSD) apresentou 29%. N\u00e3o sabe\/n\u00e3o opina teve \u00edndice de 25,50%. Votos brancos e nulos somam 10,50%.<\/p>\n<p><img data-recalc-dims=\"1\" loading=\"lazy\" decoding=\"async\" class=\"alignnone wp-image-49214\" src=\"https:\/\/i0.wp.com\/verdadeon.com.br\/portal\/wp-content\/uploads\/2024\/09\/aprovacao.png?resize=446%2C456&#038;ssl=1\" alt=\"\" width=\"446\" height=\"456\" srcset=\"https:\/\/i0.wp.com\/verdadeon.com.br\/portal\/wp-content\/uploads\/2024\/09\/aprovacao.png?w=776&amp;ssl=1 776w, https:\/\/i0.wp.com\/verdadeon.com.br\/portal\/wp-content\/uploads\/2024\/09\/aprovacao.png?resize=294%2C300&amp;ssl=1 294w, https:\/\/i0.wp.com\/verdadeon.com.br\/portal\/wp-content\/uploads\/2024\/09\/aprovacao.png?resize=768%2C785&amp;ssl=1 768w, https:\/\/i0.wp.com\/verdadeon.com.br\/portal\/wp-content\/uploads\/2024\/09\/aprovacao.png?resize=143%2C146&amp;ssl=1 143w, https:\/\/i0.wp.com\/verdadeon.com.br\/portal\/wp-content\/uploads\/2024\/09\/aprovacao.png?resize=50%2C50&amp;ssl=1 50w, https:\/\/i0.wp.com\/verdadeon.com.br\/portal\/wp-content\/uploads\/2024\/09\/aprovacao.png?resize=73%2C75&amp;ssl=1 73w\" sizes=\"auto, (max-width: 446px) 100vw, 446px\" \/> <img data-recalc-dims=\"1\" loading=\"lazy\" decoding=\"async\" class=\"alignnone wp-image-49216\" src=\"https:\/\/i0.wp.com\/verdadeon.com.br\/portal\/wp-content\/uploads\/2024\/09\/Rejeicao-1.png?resize=438%2C457&#038;ssl=1\" alt=\"\" width=\"438\" height=\"457\" srcset=\"https:\/\/i0.wp.com\/verdadeon.com.br\/portal\/wp-content\/uploads\/2024\/09\/Rejeicao-1.png?w=766&amp;ssl=1 766w, https:\/\/i0.wp.com\/verdadeon.com.br\/portal\/wp-content\/uploads\/2024\/09\/Rejeicao-1.png?resize=288%2C300&amp;ssl=1 288w, https:\/\/i0.wp.com\/verdadeon.com.br\/portal\/wp-content\/uploads\/2024\/09\/Rejeicao-1.png?resize=140%2C146&amp;ssl=1 140w, https:\/\/i0.wp.com\/verdadeon.com.br\/portal\/wp-content\/uploads\/2024\/09\/Rejeicao-1.png?resize=48%2C50&amp;ssl=1 48w, https:\/\/i0.wp.com\/verdadeon.com.br\/portal\/wp-content\/uploads\/2024\/09\/Rejeicao-1.png?resize=72%2C75&amp;ssl=1 72w\" sizes=\"auto, (max-width: 438px) 100vw, 438px\" \/><\/p>\n<p><strong>Categorias:<\/strong><\/p>\n<p>Os trabalhos foram divididos em seis setores. Separando-se por g\u00eanero, foram 105 mulheres e 205 homens entrevistados, representando 48,75% e 51,25%, respectivamente. A metodologia tamb\u00e9m empregou cinco n\u00edveis de faixa et\u00e1ria, sendo 96 pessoas entre 45 e 59 anos; 86 entre 35 e 44 anos; 83 entre 25 e 34 anos; 74 com 60 anos ou mais; e 61 entre 16 e 24 anos.<\/p>\n<p>Entre os n\u00edveis de escolaridade, 122 completaram o Ensino M\u00e9dio, seguido de Ensino Fundamental Incompleto com 96; Ensino M\u00e9dio Incompleto com 73; Superior Completo com 35; Ensino Fundamental Completo com 32; Analfabeto\/Nunca estudou 28 e Superior Incompleto com 14.<\/p>\n<p>Ainda, a maior parte da Renda Familiar dos entrevistados declararam receber at\u00e9 1 sal\u00e1rio m\u00ednimo, sendo 226. De 1 a 2 sal\u00e1rios m\u00ednimos s\u00e3o 112; de 2 a 5 s\u00e3o 53; mais de 5 sal\u00e1rios m\u00ednimos s\u00e3o nove pessoas.<\/p>\n<p><strong>Metodologia:<\/strong><\/p>\n<p>Com a utiliza\u00e7\u00e3o de tablets &#8211; como equipamento eletr\u00f4nico &#8211; o Instituto entrevistou, atrav\u00e9s de sistema de coleta de dados, 400 eleitores com idade a partir de 16 anos, divididos entre setores da cidade no dia 2 de setembro de 2024. A pesquisa \u00e9 quantitativa com aplica\u00e7\u00e3o de question\u00e1rios estruturados atrav\u00e9s de entrevistas pessoais domiciliares junto a uma amostra aleat\u00f3ria, proporcional e representativa do eleitorado do Munic\u00edpio de Jeriquara-SP. O estudo foi encomendado pela Empreiteira Morragudense, devidamente registrado na Justi\u00e7a Eleitoral, sob o n\u00famero SP-06683\/2024.<\/p>\n<p>A pesquisa trabalhou dentro da margem de erro de 5 pontos percentuais, seguindo metodologia aplicada ao conjunto qualitativo direto ouvindo todas as camadas da sociedade jeriquarense, para s\u00f3 depois firmar o chamado conclusivo. Assina pelos dados a renomada estat\u00edstica K\u00e1tia Regina Bianco, que figura entre uma profissional muito respeitada no cen\u00e1rio nacional no ramo estat\u00edstico em pesquisa de conceito eleitoral.<\/p>\n","protected":false},"excerpt":{"rendered":"<p>Atual vice-prefeita apresenta vantagem de 10 pontos percentuais frente \u00e0 segunda colocada A candidata Aninha (PSD), atual vice-prefeita do Munic\u00edpio de Jeriquara, apresenta favoritismo na corrida<span class=\"excerpt-hellip\"> [\u2026]<\/span><\/p>\n","protected":false},"author":10,"featured_media":49212,"comment_status":"open","ping_status":"open","sticky":false,"template":"","format":"standard","meta":{"_jetpack_memberships_contains_paid_content":false,"footnotes":"","jetpack_publicize_message":"","jetpack_publicize_feature_enabled":true,"jetpack_social_post_already_shared":true,"jetpack_social_options":{"image_generator_settings":{"template":"highway","default_image_id":0,"enabled":false},"version":2}},"categories":[28,81],"tags":[],"class_list":["post-49208","post","type-post","status-publish","format-standard","has-post-thumbnail","hentry","category-cotidiano","category-manchete"],"yoast_head":"<!-- This site is optimized with the Yoast SEO plugin v25.6 - https:\/\/yoast.com\/wordpress\/plugins\/seo\/ -->\n<title>Candidata Aninha (PSD) lidera pesquisa eleitoral para Prefeitura de Jeriquara - VerdadeOn<\/title>\n<meta name=\"robots\" content=\"index, follow, max-snippet:-1, max-image-preview:large, max-video-preview:-1\" \/>\n<link rel=\"canonical\" href=\"https:\/\/verdadeon.com.br\/portal\/2024\/09\/04\/candidata-aninha-psd-lidera-pesquisa-eleitoral-para-prefeitura-de-jeriquara\/\" \/>\n<meta property=\"og:locale\" content=\"pt_BR\" \/>\n<meta property=\"og:type\" content=\"article\" \/>\n<meta property=\"og:title\" content=\"Candidata Aninha (PSD) lidera pesquisa eleitoral para Prefeitura de Jeriquara - VerdadeOn\" \/>\n<meta property=\"og:description\" content=\"Atual vice-prefeita apresenta vantagem de 10 pontos percentuais frente \u00e0 segunda colocada A candidata Aninha (PSD), atual vice-prefeita do Munic\u00edpio de Jeriquara, apresenta favoritismo na corrida [\u2026]\" \/>\n<meta property=\"og:url\" content=\"https:\/\/verdadeon.com.br\/portal\/2024\/09\/04\/candidata-aninha-psd-lidera-pesquisa-eleitoral-para-prefeitura-de-jeriquara\/\" \/>\n<meta property=\"og:site_name\" content=\"VerdadeOn\" \/>\n<meta property=\"article:published_time\" content=\"2024-09-04T16:49:46+00:00\" \/>\n<meta property=\"og:image\" content=\"https:\/\/verdadeon.com.br\/portal\/wp-content\/uploads\/2024\/09\/Sem-titulo.jpg\" \/>\n\t<meta property=\"og:image:width\" content=\"681\" \/>\n\t<meta property=\"og:image:height\" content=\"456\" \/>\n\t<meta property=\"og:image:type\" content=\"image\/jpeg\" \/>\n<meta name=\"author\" content=\"Redacao VerdadeOn\" \/>\n<meta name=\"twitter:card\" content=\"summary_large_image\" \/>\n<meta name=\"twitter:label1\" content=\"Escrito por\" \/>\n\t<meta name=\"twitter:data1\" content=\"Redacao VerdadeOn\" \/>\n\t<meta name=\"twitter:label2\" content=\"Est. tempo de leitura\" \/>\n\t<meta name=\"twitter:data2\" content=\"4 minutos\" \/>\n<script type=\"application\/ld+json\" class=\"yoast-schema-graph\">{\"@context\":\"https:\/\/schema.org\",\"@graph\":[{\"@type\":\"WebPage\",\"@id\":\"https:\/\/verdadeon.com.br\/portal\/2024\/09\/04\/candidata-aninha-psd-lidera-pesquisa-eleitoral-para-prefeitura-de-jeriquara\/\",\"url\":\"https:\/\/verdadeon.com.br\/portal\/2024\/09\/04\/candidata-aninha-psd-lidera-pesquisa-eleitoral-para-prefeitura-de-jeriquara\/\",\"name\":\"Candidata Aninha (PSD) lidera pesquisa eleitoral para Prefeitura de Jeriquara - VerdadeOn\",\"isPartOf\":{\"@id\":\"https:\/\/verdadeon.com.br\/portal\/#website\"},\"primaryImageOfPage\":{\"@id\":\"https:\/\/verdadeon.com.br\/portal\/2024\/09\/04\/candidata-aninha-psd-lidera-pesquisa-eleitoral-para-prefeitura-de-jeriquara\/#primaryimage\"},\"image\":{\"@id\":\"https:\/\/verdadeon.com.br\/portal\/2024\/09\/04\/candidata-aninha-psd-lidera-pesquisa-eleitoral-para-prefeitura-de-jeriquara\/#primaryimage\"},\"thumbnailUrl\":\"https:\/\/i0.wp.com\/verdadeon.com.br\/portal\/wp-content\/uploads\/2024\/09\/Sem-titulo.jpg?fit=681%2C456&ssl=1\",\"datePublished\":\"2024-09-04T16:49:46+00:00\",\"author\":{\"@id\":\"https:\/\/verdadeon.com.br\/portal\/#\/schema\/person\/a5060ad1e9ea3df545188fc93ce43d2f\"},\"breadcrumb\":{\"@id\":\"https:\/\/verdadeon.com.br\/portal\/2024\/09\/04\/candidata-aninha-psd-lidera-pesquisa-eleitoral-para-prefeitura-de-jeriquara\/#breadcrumb\"},\"inLanguage\":\"pt-BR\",\"potentialAction\":[{\"@type\":\"ReadAction\",\"target\":[\"https:\/\/verdadeon.com.br\/portal\/2024\/09\/04\/candidata-aninha-psd-lidera-pesquisa-eleitoral-para-prefeitura-de-jeriquara\/\"]}]},{\"@type\":\"ImageObject\",\"inLanguage\":\"pt-BR\",\"@id\":\"https:\/\/verdadeon.com.br\/portal\/2024\/09\/04\/candidata-aninha-psd-lidera-pesquisa-eleitoral-para-prefeitura-de-jeriquara\/#primaryimage\",\"url\":\"https:\/\/i0.wp.com\/verdadeon.com.br\/portal\/wp-content\/uploads\/2024\/09\/Sem-titulo.jpg?fit=681%2C456&ssl=1\",\"contentUrl\":\"https:\/\/i0.wp.com\/verdadeon.com.br\/portal\/wp-content\/uploads\/2024\/09\/Sem-titulo.jpg?fit=681%2C456&ssl=1\",\"width\":681,\"height\":456,\"caption\":\"Pesquisa Eleitoral coloca Aninha (PSD) como favorita \u00e0 Prefeitura de Jeriquara (Divulga\u00e7\u00e3o)\"},{\"@type\":\"BreadcrumbList\",\"@id\":\"https:\/\/verdadeon.com.br\/portal\/2024\/09\/04\/candidata-aninha-psd-lidera-pesquisa-eleitoral-para-prefeitura-de-jeriquara\/#breadcrumb\",\"itemListElement\":[{\"@type\":\"ListItem\",\"position\":1,\"name\":\"In\u00edcio\",\"item\":\"https:\/\/verdadeon.com.br\/portal\/\"},{\"@type\":\"ListItem\",\"position\":2,\"name\":\"Candidata Aninha (PSD) lidera pesquisa eleitoral para Prefeitura de Jeriquara\"}]},{\"@type\":\"WebSite\",\"@id\":\"https:\/\/verdadeon.com.br\/portal\/#website\",\"url\":\"https:\/\/verdadeon.com.br\/portal\/\",\"name\":\"VerdadeOn\",\"description\":\"Not\u00edcias di\u00e1rias sobre Franca, Regi\u00e3o, Esporte, Cultura, Cotidiano, Colunas. Cobertura nos principais eventos da cidade \u00e9 aqui - Verdadeon Franca\",\"potentialAction\":[{\"@type\":\"SearchAction\",\"target\":{\"@type\":\"EntryPoint\",\"urlTemplate\":\"https:\/\/verdadeon.com.br\/portal\/?s={search_term_string}\"},\"query-input\":{\"@type\":\"PropertyValueSpecification\",\"valueRequired\":true,\"valueName\":\"search_term_string\"}}],\"inLanguage\":\"pt-BR\"},{\"@type\":\"Person\",\"@id\":\"https:\/\/verdadeon.com.br\/portal\/#\/schema\/person\/a5060ad1e9ea3df545188fc93ce43d2f\",\"name\":\"Redacao VerdadeOn\",\"image\":{\"@type\":\"ImageObject\",\"inLanguage\":\"pt-BR\",\"@id\":\"https:\/\/verdadeon.com.br\/portal\/#\/schema\/person\/image\/\",\"url\":\"https:\/\/secure.gravatar.com\/avatar\/459a9613caaaf07f582c3d0841eea68bdd66f533e465e6ba8b9cb45619572cf4?s=96&d=mm&r=g\",\"contentUrl\":\"https:\/\/secure.gravatar.com\/avatar\/459a9613caaaf07f582c3d0841eea68bdd66f533e465e6ba8b9cb45619572cf4?s=96&d=mm&r=g\",\"caption\":\"Redacao VerdadeOn\"},\"url\":\"https:\/\/verdadeon.com.br\/portal\/author\/redacao\/\"}]}<\/script>\n<!-- \/ Yoast SEO plugin. -->","yoast_head_json":{"title":"Candidata Aninha (PSD) lidera pesquisa eleitoral para Prefeitura de Jeriquara - VerdadeOn","robots":{"index":"index","follow":"follow","max-snippet":"max-snippet:-1","max-image-preview":"max-image-preview:large","max-video-preview":"max-video-preview:-1"},"canonical":"https:\/\/verdadeon.com.br\/portal\/2024\/09\/04\/candidata-aninha-psd-lidera-pesquisa-eleitoral-para-prefeitura-de-jeriquara\/","og_locale":"pt_BR","og_type":"article","og_title":"Candidata Aninha (PSD) lidera pesquisa eleitoral para Prefeitura de Jeriquara - VerdadeOn","og_description":"Atual vice-prefeita apresenta vantagem de 10 pontos percentuais frente \u00e0 segunda colocada A candidata Aninha (PSD), atual vice-prefeita do Munic\u00edpio de Jeriquara, apresenta favoritismo na corrida [\u2026]","og_url":"https:\/\/verdadeon.com.br\/portal\/2024\/09\/04\/candidata-aninha-psd-lidera-pesquisa-eleitoral-para-prefeitura-de-jeriquara\/","og_site_name":"VerdadeOn","article_published_time":"2024-09-04T16:49:46+00:00","og_image":[{"width":681,"height":456,"url":"https:\/\/verdadeon.com.br\/portal\/wp-content\/uploads\/2024\/09\/Sem-titulo.jpg","type":"image\/jpeg"}],"author":"Redacao VerdadeOn","twitter_card":"summary_large_image","twitter_misc":{"Escrito por":"Redacao VerdadeOn","Est. tempo de leitura":"4 minutos"},"schema":{"@context":"https:\/\/schema.org","@graph":[{"@type":"WebPage","@id":"https:\/\/verdadeon.com.br\/portal\/2024\/09\/04\/candidata-aninha-psd-lidera-pesquisa-eleitoral-para-prefeitura-de-jeriquara\/","url":"https:\/\/verdadeon.com.br\/portal\/2024\/09\/04\/candidata-aninha-psd-lidera-pesquisa-eleitoral-para-prefeitura-de-jeriquara\/","name":"Candidata Aninha (PSD) lidera pesquisa eleitoral para Prefeitura de Jeriquara - VerdadeOn","isPartOf":{"@id":"https:\/\/verdadeon.com.br\/portal\/#website"},"primaryImageOfPage":{"@id":"https:\/\/verdadeon.com.br\/portal\/2024\/09\/04\/candidata-aninha-psd-lidera-pesquisa-eleitoral-para-prefeitura-de-jeriquara\/#primaryimage"},"image":{"@id":"https:\/\/verdadeon.com.br\/portal\/2024\/09\/04\/candidata-aninha-psd-lidera-pesquisa-eleitoral-para-prefeitura-de-jeriquara\/#primaryimage"},"thumbnailUrl":"https:\/\/i0.wp.com\/verdadeon.com.br\/portal\/wp-content\/uploads\/2024\/09\/Sem-titulo.jpg?fit=681%2C456&ssl=1","datePublished":"2024-09-04T16:49:46+00:00","author":{"@id":"https:\/\/verdadeon.com.br\/portal\/#\/schema\/person\/a5060ad1e9ea3df545188fc93ce43d2f"},"breadcrumb":{"@id":"https:\/\/verdadeon.com.br\/portal\/2024\/09\/04\/candidata-aninha-psd-lidera-pesquisa-eleitoral-para-prefeitura-de-jeriquara\/#breadcrumb"},"inLanguage":"pt-BR","potentialAction":[{"@type":"ReadAction","target":["https:\/\/verdadeon.com.br\/portal\/2024\/09\/04\/candidata-aninha-psd-lidera-pesquisa-eleitoral-para-prefeitura-de-jeriquara\/"]}]},{"@type":"ImageObject","inLanguage":"pt-BR","@id":"https:\/\/verdadeon.com.br\/portal\/2024\/09\/04\/candidata-aninha-psd-lidera-pesquisa-eleitoral-para-prefeitura-de-jeriquara\/#primaryimage","url":"https:\/\/i0.wp.com\/verdadeon.com.br\/portal\/wp-content\/uploads\/2024\/09\/Sem-titulo.jpg?fit=681%2C456&ssl=1","contentUrl":"https:\/\/i0.wp.com\/verdadeon.com.br\/portal\/wp-content\/uploads\/2024\/09\/Sem-titulo.jpg?fit=681%2C456&ssl=1","width":681,"height":456,"caption":"Pesquisa Eleitoral coloca Aninha (PSD) como favorita \u00e0 Prefeitura de Jeriquara (Divulga\u00e7\u00e3o)"},{"@type":"BreadcrumbList","@id":"https:\/\/verdadeon.com.br\/portal\/2024\/09\/04\/candidata-aninha-psd-lidera-pesquisa-eleitoral-para-prefeitura-de-jeriquara\/#breadcrumb","itemListElement":[{"@type":"ListItem","position":1,"name":"In\u00edcio","item":"https:\/\/verdadeon.com.br\/portal\/"},{"@type":"ListItem","position":2,"name":"Candidata Aninha (PSD) lidera pesquisa eleitoral para Prefeitura de Jeriquara"}]},{"@type":"WebSite","@id":"https:\/\/verdadeon.com.br\/portal\/#website","url":"https:\/\/verdadeon.com.br\/portal\/","name":"VerdadeOn","description":"Not\u00edcias di\u00e1rias sobre Franca, Regi\u00e3o, Esporte, Cultura, Cotidiano, Colunas. Cobertura nos principais eventos da cidade \u00e9 aqui - Verdadeon Franca","potentialAction":[{"@type":"SearchAction","target":{"@type":"EntryPoint","urlTemplate":"https:\/\/verdadeon.com.br\/portal\/?s={search_term_string}"},"query-input":{"@type":"PropertyValueSpecification","valueRequired":true,"valueName":"search_term_string"}}],"inLanguage":"pt-BR"},{"@type":"Person","@id":"https:\/\/verdadeon.com.br\/portal\/#\/schema\/person\/a5060ad1e9ea3df545188fc93ce43d2f","name":"Redacao VerdadeOn","image":{"@type":"ImageObject","inLanguage":"pt-BR","@id":"https:\/\/verdadeon.com.br\/portal\/#\/schema\/person\/image\/","url":"https:\/\/secure.gravatar.com\/avatar\/459a9613caaaf07f582c3d0841eea68bdd66f533e465e6ba8b9cb45619572cf4?s=96&d=mm&r=g","contentUrl":"https:\/\/secure.gravatar.com\/avatar\/459a9613caaaf07f582c3d0841eea68bdd66f533e465e6ba8b9cb45619572cf4?s=96&d=mm&r=g","caption":"Redacao VerdadeOn"},"url":"https:\/\/verdadeon.com.br\/portal\/author\/redacao\/"}]}},"jetpack_publicize_connections":[],"jetpack_featured_media_url":"https:\/\/i0.wp.com\/verdadeon.com.br\/portal\/wp-content\/uploads\/2024\/09\/Sem-titulo.jpg?fit=681%2C456&ssl=1","jetpack_sharing_enabled":true,"_links":{"self":[{"href":"https:\/\/verdadeon.com.br\/portal\/wp-json\/wp\/v2\/posts\/49208","targetHints":{"allow":["GET"]}}],"collection":[{"href":"https:\/\/verdadeon.com.br\/portal\/wp-json\/wp\/v2\/posts"}],"about":[{"href":"https:\/\/verdadeon.com.br\/portal\/wp-json\/wp\/v2\/types\/post"}],"author":[{"embeddable":true,"href":"https:\/\/verdadeon.com.br\/portal\/wp-json\/wp\/v2\/users\/10"}],"replies":[{"embeddable":true,"href":"https:\/\/verdadeon.com.br\/portal\/wp-json\/wp\/v2\/comments?post=49208"}],"version-history":[{"count":2,"href":"https:\/\/verdadeon.com.br\/portal\/wp-json\/wp\/v2\/posts\/49208\/revisions"}],"predecessor-version":[{"id":49217,"href":"https:\/\/verdadeon.com.br\/portal\/wp-json\/wp\/v2\/posts\/49208\/revisions\/49217"}],"wp:featuredmedia":[{"embeddable":true,"href":"https:\/\/verdadeon.com.br\/portal\/wp-json\/wp\/v2\/media\/49212"}],"wp:attachment":[{"href":"https:\/\/verdadeon.com.br\/portal\/wp-json\/wp\/v2\/media?parent=49208"}],"wp:term":[{"taxonomy":"category","embeddable":true,"href":"https:\/\/verdadeon.com.br\/portal\/wp-json\/wp\/v2\/categories?post=49208"},{"taxonomy":"post_tag","embeddable":true,"href":"https:\/\/verdadeon.com.br\/portal\/wp-json\/wp\/v2\/tags?post=49208"}],"curies":[{"name":"wp","href":"https:\/\/api.w.org\/{rel}","templated":true}]}}