{"id":49194,"date":"2024-09-03T15:22:15","date_gmt":"2024-09-03T18:22:15","guid":{"rendered":"https:\/\/verdadeon.com.br\/portal\/?p=49194"},"modified":"2024-09-03T15:22:15","modified_gmt":"2024-09-03T18:22:15","slug":"helinho-garcia-recebera-homenagem-na-assembleia-legislativa-de-sao-paulo","status":"publish","type":"post","link":"https:\/\/verdadeon.com.br\/portal\/2024\/09\/03\/helinho-garcia-recebera-homenagem-na-assembleia-legislativa-de-sao-paulo\/","title":{"rendered":"Helinho Garcia receber\u00e1 homenagem na Assembleia Legislativa de S\u00e3o Paulo"},"content":{"rendered":"<h2>Evento acontece na segunda-feira (09\/09), \u00e0s 10h, no Plen\u00e1rio Juscelino Kubitschek<em><br \/>\n<\/em><\/h2>\n<p>O t\u00e9cnico do Sesi Franca Basquete, Helinho Garcia, ser\u00e1 homenageado na Assembleia Legislativa de S\u00e3o Paulo (ALESP). Helinho receber\u00e1 a entrega do Colar do M\u00e9rito, que \u00e9 considerado a maior honraria da ALESP.<\/p>\n<p>Helinho falou sobre a felicidade em receber a homenagem:<\/p>\n<p>\u201cEstou muito feliz pela homenagem! Meu pai sempre me dizia que as pessoas que se sentem valorizadas ficam mais motivadas para produzirem mais. E eu fico muito orgulhoso em receber a maior honraria do Estado de S\u00e3o Paulo. Eu quero dividir com muita gente que participa do meu trabalho e, ao mesmo tempo, me sinto mais motivado para seguir esse caminho que a gente vem trilhando\u201d, falou o treinador.<\/p>\n<p>Para deixar esse momento ainda mais especial, a Nena est\u00e1 disponibilizando um \u00f4nibus gratuito para os torcedores que quiserem acompanhar a solenidade. Para saber mais informa\u00e7\u00f5es e reservar seu lugar, entrar em contato pelo celular: (11) 98910-7324.<\/p>\n","protected":false},"excerpt":{"rendered":"<p>Evento acontece na segunda-feira (09\/09), \u00e0s 10h, no Plen\u00e1rio Juscelino Kubitschek O t\u00e9cnico do Sesi Franca Basquete, Helinho Garcia, ser\u00e1 homenageado na Assembleia Legislativa de S\u00e3o<span class=\"excerpt-hellip\"> [\u2026]<\/span><\/p>\n","protected":false},"author":10,"featured_media":49195,"comment_status":"open","ping_status":"open","sticky":false,"template":"","format":"standard","meta":{"_jetpack_memberships_contains_paid_content":false,"footnotes":"","jetpack_publicize_message":"","jetpack_publicize_feature_enabled":true,"jetpack_social_post_already_shared":true,"jetpack_social_options":{"image_generator_settings":{"template":"highway","default_image_id":0,"enabled":false},"version":2}},"categories":[28,44],"tags":[],"class_list":["post-49194","post","type-post","status-publish","format-standard","has-post-thumbnail","hentry","category-cotidiano","category-noticias"],"yoast_head":"<!-- This site is optimized with the Yoast SEO plugin v25.6 - https:\/\/yoast.com\/wordpress\/plugins\/seo\/ -->\n<title>Helinho Garcia receber\u00e1 homenagem na Assembleia Legislativa de S\u00e3o Paulo - VerdadeOn<\/title>\n<meta name=\"robots\" content=\"index, follow, max-snippet:-1, max-image-preview:large, max-video-preview:-1\" \/>\n<link rel=\"canonical\" href=\"https:\/\/verdadeon.com.br\/portal\/2024\/09\/03\/helinho-garcia-recebera-homenagem-na-assembleia-legislativa-de-sao-paulo\/\" \/>\n<meta property=\"og:locale\" content=\"pt_BR\" \/>\n<meta property=\"og:type\" content=\"article\" \/>\n<meta property=\"og:title\" content=\"Helinho Garcia receber\u00e1 homenagem na Assembleia Legislativa de S\u00e3o Paulo - VerdadeOn\" \/>\n<meta property=\"og:description\" content=\"Evento acontece na segunda-feira (09\/09), \u00e0s 10h, no Plen\u00e1rio Juscelino Kubitschek O t\u00e9cnico do Sesi Franca Basquete, Helinho Garcia, ser\u00e1 homenageado na Assembleia Legislativa de S\u00e3o [\u2026]\" \/>\n<meta property=\"og:url\" content=\"https:\/\/verdadeon.com.br\/portal\/2024\/09\/03\/helinho-garcia-recebera-homenagem-na-assembleia-legislativa-de-sao-paulo\/\" \/>\n<meta property=\"og:site_name\" content=\"VerdadeOn\" \/>\n<meta property=\"article:published_time\" content=\"2024-09-03T18:22:15+00:00\" \/>\n<meta property=\"og:image\" content=\"https:\/\/verdadeon.com.br\/portal\/wp-content\/uploads\/2024\/09\/f67ac-53210281769-94c9da1600-k.jpg\" \/>\n\t<meta property=\"og:image:width\" content=\"2038\" \/>\n\t<meta property=\"og:image:height\" content=\"1365\" \/>\n\t<meta property=\"og:image:type\" content=\"image\/jpeg\" \/>\n<meta name=\"author\" content=\"Redacao VerdadeOn\" \/>\n<meta name=\"twitter:card\" content=\"summary_large_image\" \/>\n<meta name=\"twitter:label1\" content=\"Escrito por\" \/>\n\t<meta name=\"twitter:data1\" content=\"Redacao VerdadeOn\" \/>\n\t<meta name=\"twitter:label2\" content=\"Est. tempo de leitura\" \/>\n\t<meta name=\"twitter:data2\" content=\"1 minuto\" \/>\n<script type=\"application\/ld+json\" class=\"yoast-schema-graph\">{\"@context\":\"https:\/\/schema.org\",\"@graph\":[{\"@type\":\"WebPage\",\"@id\":\"https:\/\/verdadeon.com.br\/portal\/2024\/09\/03\/helinho-garcia-recebera-homenagem-na-assembleia-legislativa-de-sao-paulo\/\",\"url\":\"https:\/\/verdadeon.com.br\/portal\/2024\/09\/03\/helinho-garcia-recebera-homenagem-na-assembleia-legislativa-de-sao-paulo\/\",\"name\":\"Helinho Garcia receber\u00e1 homenagem na Assembleia Legislativa de S\u00e3o Paulo - VerdadeOn\",\"isPartOf\":{\"@id\":\"https:\/\/verdadeon.com.br\/portal\/#website\"},\"primaryImageOfPage\":{\"@id\":\"https:\/\/verdadeon.com.br\/portal\/2024\/09\/03\/helinho-garcia-recebera-homenagem-na-assembleia-legislativa-de-sao-paulo\/#primaryimage\"},\"image\":{\"@id\":\"https:\/\/verdadeon.com.br\/portal\/2024\/09\/03\/helinho-garcia-recebera-homenagem-na-assembleia-legislativa-de-sao-paulo\/#primaryimage\"},\"thumbnailUrl\":\"https:\/\/i0.wp.com\/verdadeon.com.br\/portal\/wp-content\/uploads\/2024\/09\/f67ac-53210281769-94c9da1600-k.jpg?fit=2038%2C1365&ssl=1\",\"datePublished\":\"2024-09-03T18:22:15+00:00\",\"author\":{\"@id\":\"https:\/\/verdadeon.com.br\/portal\/#\/schema\/person\/a5060ad1e9ea3df545188fc93ce43d2f\"},\"breadcrumb\":{\"@id\":\"https:\/\/verdadeon.com.br\/portal\/2024\/09\/03\/helinho-garcia-recebera-homenagem-na-assembleia-legislativa-de-sao-paulo\/#breadcrumb\"},\"inLanguage\":\"pt-BR\",\"potentialAction\":[{\"@type\":\"ReadAction\",\"target\":[\"https:\/\/verdadeon.com.br\/portal\/2024\/09\/03\/helinho-garcia-recebera-homenagem-na-assembleia-legislativa-de-sao-paulo\/\"]}]},{\"@type\":\"ImageObject\",\"inLanguage\":\"pt-BR\",\"@id\":\"https:\/\/verdadeon.com.br\/portal\/2024\/09\/03\/helinho-garcia-recebera-homenagem-na-assembleia-legislativa-de-sao-paulo\/#primaryimage\",\"url\":\"https:\/\/i0.wp.com\/verdadeon.com.br\/portal\/wp-content\/uploads\/2024\/09\/f67ac-53210281769-94c9da1600-k.jpg?fit=2038%2C1365&ssl=1\",\"contentUrl\":\"https:\/\/i0.wp.com\/verdadeon.com.br\/portal\/wp-content\/uploads\/2024\/09\/f67ac-53210281769-94c9da1600-k.jpg?fit=2038%2C1365&ssl=1\",\"width\":2038,\"height\":1365,\"caption\":\"O treinador do Sesi Franca Basquete, Helinho Garcia (\u00a9Marcos Limonti\/SFB)\"},{\"@type\":\"BreadcrumbList\",\"@id\":\"https:\/\/verdadeon.com.br\/portal\/2024\/09\/03\/helinho-garcia-recebera-homenagem-na-assembleia-legislativa-de-sao-paulo\/#breadcrumb\",\"itemListElement\":[{\"@type\":\"ListItem\",\"position\":1,\"name\":\"In\u00edcio\",\"item\":\"https:\/\/verdadeon.com.br\/portal\/\"},{\"@type\":\"ListItem\",\"position\":2,\"name\":\"Helinho Garcia receber\u00e1 homenagem na Assembleia Legislativa de S\u00e3o Paulo\"}]},{\"@type\":\"WebSite\",\"@id\":\"https:\/\/verdadeon.com.br\/portal\/#website\",\"url\":\"https:\/\/verdadeon.com.br\/portal\/\",\"name\":\"VerdadeOn\",\"description\":\"Not\u00edcias di\u00e1rias sobre Franca, Regi\u00e3o, Esporte, Cultura, Cotidiano, Colunas. Cobertura nos principais eventos da cidade \u00e9 aqui - Verdadeon Franca\",\"potentialAction\":[{\"@type\":\"SearchAction\",\"target\":{\"@type\":\"EntryPoint\",\"urlTemplate\":\"https:\/\/verdadeon.com.br\/portal\/?s={search_term_string}\"},\"query-input\":{\"@type\":\"PropertyValueSpecification\",\"valueRequired\":true,\"valueName\":\"search_term_string\"}}],\"inLanguage\":\"pt-BR\"},{\"@type\":\"Person\",\"@id\":\"https:\/\/verdadeon.com.br\/portal\/#\/schema\/person\/a5060ad1e9ea3df545188fc93ce43d2f\",\"name\":\"Redacao VerdadeOn\",\"image\":{\"@type\":\"ImageObject\",\"inLanguage\":\"pt-BR\",\"@id\":\"https:\/\/verdadeon.com.br\/portal\/#\/schema\/person\/image\/\",\"url\":\"https:\/\/secure.gravatar.com\/avatar\/459a9613caaaf07f582c3d0841eea68bdd66f533e465e6ba8b9cb45619572cf4?s=96&d=mm&r=g\",\"contentUrl\":\"https:\/\/secure.gravatar.com\/avatar\/459a9613caaaf07f582c3d0841eea68bdd66f533e465e6ba8b9cb45619572cf4?s=96&d=mm&r=g\",\"caption\":\"Redacao VerdadeOn\"},\"url\":\"https:\/\/verdadeon.com.br\/portal\/author\/redacao\/\"}]}<\/script>\n<!-- \/ Yoast SEO plugin. -->","yoast_head_json":{"title":"Helinho Garcia receber\u00e1 homenagem na Assembleia Legislativa de S\u00e3o Paulo - VerdadeOn","robots":{"index":"index","follow":"follow","max-snippet":"max-snippet:-1","max-image-preview":"max-image-preview:large","max-video-preview":"max-video-preview:-1"},"canonical":"https:\/\/verdadeon.com.br\/portal\/2024\/09\/03\/helinho-garcia-recebera-homenagem-na-assembleia-legislativa-de-sao-paulo\/","og_locale":"pt_BR","og_type":"article","og_title":"Helinho Garcia receber\u00e1 homenagem na Assembleia Legislativa de S\u00e3o Paulo - VerdadeOn","og_description":"Evento acontece na segunda-feira (09\/09), \u00e0s 10h, no Plen\u00e1rio Juscelino Kubitschek O t\u00e9cnico do Sesi Franca Basquete, Helinho Garcia, ser\u00e1 homenageado na Assembleia Legislativa de S\u00e3o [\u2026]","og_url":"https:\/\/verdadeon.com.br\/portal\/2024\/09\/03\/helinho-garcia-recebera-homenagem-na-assembleia-legislativa-de-sao-paulo\/","og_site_name":"VerdadeOn","article_published_time":"2024-09-03T18:22:15+00:00","og_image":[{"width":2038,"height":1365,"url":"https:\/\/verdadeon.com.br\/portal\/wp-content\/uploads\/2024\/09\/f67ac-53210281769-94c9da1600-k.jpg","type":"image\/jpeg"}],"author":"Redacao VerdadeOn","twitter_card":"summary_large_image","twitter_misc":{"Escrito por":"Redacao VerdadeOn","Est. tempo de leitura":"1 minuto"},"schema":{"@context":"https:\/\/schema.org","@graph":[{"@type":"WebPage","@id":"https:\/\/verdadeon.com.br\/portal\/2024\/09\/03\/helinho-garcia-recebera-homenagem-na-assembleia-legislativa-de-sao-paulo\/","url":"https:\/\/verdadeon.com.br\/portal\/2024\/09\/03\/helinho-garcia-recebera-homenagem-na-assembleia-legislativa-de-sao-paulo\/","name":"Helinho Garcia receber\u00e1 homenagem na Assembleia Legislativa de S\u00e3o Paulo - VerdadeOn","isPartOf":{"@id":"https:\/\/verdadeon.com.br\/portal\/#website"},"primaryImageOfPage":{"@id":"https:\/\/verdadeon.com.br\/portal\/2024\/09\/03\/helinho-garcia-recebera-homenagem-na-assembleia-legislativa-de-sao-paulo\/#primaryimage"},"image":{"@id":"https:\/\/verdadeon.com.br\/portal\/2024\/09\/03\/helinho-garcia-recebera-homenagem-na-assembleia-legislativa-de-sao-paulo\/#primaryimage"},"thumbnailUrl":"https:\/\/i0.wp.com\/verdadeon.com.br\/portal\/wp-content\/uploads\/2024\/09\/f67ac-53210281769-94c9da1600-k.jpg?fit=2038%2C1365&ssl=1","datePublished":"2024-09-03T18:22:15+00:00","author":{"@id":"https:\/\/verdadeon.com.br\/portal\/#\/schema\/person\/a5060ad1e9ea3df545188fc93ce43d2f"},"breadcrumb":{"@id":"https:\/\/verdadeon.com.br\/portal\/2024\/09\/03\/helinho-garcia-recebera-homenagem-na-assembleia-legislativa-de-sao-paulo\/#breadcrumb"},"inLanguage":"pt-BR","potentialAction":[{"@type":"ReadAction","target":["https:\/\/verdadeon.com.br\/portal\/2024\/09\/03\/helinho-garcia-recebera-homenagem-na-assembleia-legislativa-de-sao-paulo\/"]}]},{"@type":"ImageObject","inLanguage":"pt-BR","@id":"https:\/\/verdadeon.com.br\/portal\/2024\/09\/03\/helinho-garcia-recebera-homenagem-na-assembleia-legislativa-de-sao-paulo\/#primaryimage","url":"https:\/\/i0.wp.com\/verdadeon.com.br\/portal\/wp-content\/uploads\/2024\/09\/f67ac-53210281769-94c9da1600-k.jpg?fit=2038%2C1365&ssl=1","contentUrl":"https:\/\/i0.wp.com\/verdadeon.com.br\/portal\/wp-content\/uploads\/2024\/09\/f67ac-53210281769-94c9da1600-k.jpg?fit=2038%2C1365&ssl=1","width":2038,"height":1365,"caption":"O treinador do Sesi Franca Basquete, Helinho Garcia (\u00a9Marcos Limonti\/SFB)"},{"@type":"BreadcrumbList","@id":"https:\/\/verdadeon.com.br\/portal\/2024\/09\/03\/helinho-garcia-recebera-homenagem-na-assembleia-legislativa-de-sao-paulo\/#breadcrumb","itemListElement":[{"@type":"ListItem","position":1,"name":"In\u00edcio","item":"https:\/\/verdadeon.com.br\/portal\/"},{"@type":"ListItem","position":2,"name":"Helinho Garcia receber\u00e1 homenagem na Assembleia Legislativa de S\u00e3o Paulo"}]},{"@type":"WebSite","@id":"https:\/\/verdadeon.com.br\/portal\/#website","url":"https:\/\/verdadeon.com.br\/portal\/","name":"VerdadeOn","description":"Not\u00edcias di\u00e1rias sobre Franca, Regi\u00e3o, Esporte, Cultura, Cotidiano, Colunas. Cobertura nos principais eventos da cidade \u00e9 aqui - Verdadeon Franca","potentialAction":[{"@type":"SearchAction","target":{"@type":"EntryPoint","urlTemplate":"https:\/\/verdadeon.com.br\/portal\/?s={search_term_string}"},"query-input":{"@type":"PropertyValueSpecification","valueRequired":true,"valueName":"search_term_string"}}],"inLanguage":"pt-BR"},{"@type":"Person","@id":"https:\/\/verdadeon.com.br\/portal\/#\/schema\/person\/a5060ad1e9ea3df545188fc93ce43d2f","name":"Redacao VerdadeOn","image":{"@type":"ImageObject","inLanguage":"pt-BR","@id":"https:\/\/verdadeon.com.br\/portal\/#\/schema\/person\/image\/","url":"https:\/\/secure.gravatar.com\/avatar\/459a9613caaaf07f582c3d0841eea68bdd66f533e465e6ba8b9cb45619572cf4?s=96&d=mm&r=g","contentUrl":"https:\/\/secure.gravatar.com\/avatar\/459a9613caaaf07f582c3d0841eea68bdd66f533e465e6ba8b9cb45619572cf4?s=96&d=mm&r=g","caption":"Redacao VerdadeOn"},"url":"https:\/\/verdadeon.com.br\/portal\/author\/redacao\/"}]}},"jetpack_publicize_connections":[],"jetpack_featured_media_url":"https:\/\/i0.wp.com\/verdadeon.com.br\/portal\/wp-content\/uploads\/2024\/09\/f67ac-53210281769-94c9da1600-k.jpg?fit=2038%2C1365&ssl=1","jetpack_sharing_enabled":true,"_links":{"self":[{"href":"https:\/\/verdadeon.com.br\/portal\/wp-json\/wp\/v2\/posts\/49194","targetHints":{"allow":["GET"]}}],"collection":[{"href":"https:\/\/verdadeon.com.br\/portal\/wp-json\/wp\/v2\/posts"}],"about":[{"href":"https:\/\/verdadeon.com.br\/portal\/wp-json\/wp\/v2\/types\/post"}],"author":[{"embeddable":true,"href":"https:\/\/verdadeon.com.br\/portal\/wp-json\/wp\/v2\/users\/10"}],"replies":[{"embeddable":true,"href":"https:\/\/verdadeon.com.br\/portal\/wp-json\/wp\/v2\/comments?post=49194"}],"version-history":[{"count":1,"href":"https:\/\/verdadeon.com.br\/portal\/wp-json\/wp\/v2\/posts\/49194\/revisions"}],"predecessor-version":[{"id":49196,"href":"https:\/\/verdadeon.com.br\/portal\/wp-json\/wp\/v2\/posts\/49194\/revisions\/49196"}],"wp:featuredmedia":[{"embeddable":true,"href":"https:\/\/verdadeon.com.br\/portal\/wp-json\/wp\/v2\/media\/49195"}],"wp:attachment":[{"href":"https:\/\/verdadeon.com.br\/portal\/wp-json\/wp\/v2\/media?parent=49194"}],"wp:term":[{"taxonomy":"category","embeddable":true,"href":"https:\/\/verdadeon.com.br\/portal\/wp-json\/wp\/v2\/categories?post=49194"},{"taxonomy":"post_tag","embeddable":true,"href":"https:\/\/verdadeon.com.br\/portal\/wp-json\/wp\/v2\/tags?post=49194"}],"curies":[{"name":"wp","href":"https:\/\/api.w.org\/{rel}","templated":true}]}}