{"id":49106,"date":"2024-08-31T08:05:09","date_gmt":"2024-08-31T11:05:09","guid":{"rendered":"https:\/\/verdadeon.com.br\/portal\/?p=49106"},"modified":"2024-08-31T13:07:26","modified_gmt":"2024-08-31T16:07:26","slug":"sebrae-sp-realiza-palestra-sobre-comportamentos-empreendedores-de-sucesso-em-franca","status":"publish","type":"post","link":"https:\/\/verdadeon.com.br\/portal\/2024\/08\/31\/sebrae-sp-realiza-palestra-sobre-comportamentos-empreendedores-de-sucesso-em-franca\/","title":{"rendered":"Sebrae-SP realiza palestra sobre comportamentos empreendedores de sucesso em Franca"},"content":{"rendered":"<h2>Evento acontece no Escrit\u00f3rio Regional do Sebrae-SP no dia 12 de setembro<\/h2>\n<div>O empreendedorismo n\u00e3o nasce com todas as pessoas, mas \u00e9 poss\u00edvel ser desenvolvido e potencializado. Essa \u00e9 a proposta do Empretec, semin\u00e1rio de imers\u00e3o comportamental e vivencial de seis dias\u00a0com metodologia da Organiza\u00e7\u00e3o das Na\u00e7\u00f5es Unidas (ONU), que ter\u00e1 uma turma em Franca. Os interessados em conhecer mais sobre o tema podem se inscrever para a palestra do Sebrae-SP com o tema \u201cConhecendo os comportamentos empreendedores de sucesso\u201d, no dia 12 de setembro, \u00e0s 19h. As inscri\u00e7\u00f5es s\u00e3o gratuitas.<\/div>\n<div><\/div>\n<div>A a\u00e7\u00e3o \u00e9 realizada pelo escrit\u00f3rio regional do Sebrae-SP em Franca e pretende mostrar como agem os empreendedores de sucesso e quais s\u00e3o os 10 comportamentos caracter\u00edsticos desses perfis, al\u00e9m de observar o alinhar o melhor momento do empres\u00e1rio para o semin\u00e1rio. Tamb\u00e9m apresentar um combo de solu\u00e7\u00f5es\u00a0que alinhadas ao Empretec, podem ajudar no desenvolvimento na \u00e1rea de gest\u00e3o de sua empresa.<\/div>\n<div><\/div>\n<div>A gestora do Programa Empretec do Sebrae-SP Izabela B\u00e9rgamo fala da import\u00e2ncia do programa para o empres\u00e1rio e sua empresa. \u201cQuando o empres\u00e1rio participa do Empretec ele investe em si mesmo! O semin\u00e1rio proporciona ferramentas e insights que podem revolucionar a forma como ele conduz os seus neg\u00f3cios, desenvolvendo ainda mais o seu empreendedorismo\u201d, complementa Izabela.<\/div>\n<div><\/div>\n<div>O Empretec utiliza uma metodologia criada pela ONU e trabalha os comportamentos empreendedores. S\u00e3o eles: busca de oportunidade e iniciativa; persist\u00eancia; correr riscos calculados; exig\u00eancia de qualidade e efici\u00eancia; comprometimento; busca de informa\u00e7\u00f5es; estabelecimento de metas; planejamento e monitoramento sistem\u00e1ticos; persuas\u00e3o e rede de contatos; e independ\u00eancia e autoconfian\u00e7a.<\/div>\n<div><\/div>\n<div>Durante o semin\u00e1rio, que \u00e9 pago, os participantes se autoavaliam, identificam seus pontos fortes e fracos e, novamente, s\u00e3o desafiados a adotarem uma postura que reforce suas potencialidades e corrija suas fraquezas. A mudan\u00e7a comportamental se reflete direta e imediatamente nos resultados pessoais e empresariais.\u00a0Em Franca, o Empretec ser\u00e1 realizado de 14 a 19 de outubro.<\/div>\n<div><\/div>\n<div>A palestra ser\u00e1 no Escrit\u00f3rio Regional do Sebrae-SP em Franca, localizado na<b>\u00a0<\/b>Av. Alonso Y Alonso, 789, no Centro. Os interessados em participar da palestra podem se inscrever no link\u00a0<u><a id=\"m_4586612874769021334OWA3bf577c9-8d25-bfa2-b6b1-6b9a50bb095c\" href=\"https:\/\/forms.office.com\/r\/SXZhYZ7LrH\" target=\"_blank\" rel=\"noopener noreferrer\" data-saferedirecturl=\"https:\/\/www.google.com\/url?q=https:\/\/forms.office.com\/r\/SXZhYZ7LrH&amp;source=gmail&amp;ust=1725204242693000&amp;usg=AOvVaw1PMg_ZIwVtTZephrTJlKVo\">https:\/\/forms.office.com\/r\/<wbr \/>SXZhYZ7LrH<\/a>. \u00a0<\/u><\/div>\n<div>Outras informa\u00e7\u00f5es pelo telefone\/WhatsApp (16) 3111-9905.<\/div>\n","protected":false},"excerpt":{"rendered":"<p>Evento acontece no Escrit\u00f3rio Regional do Sebrae-SP no dia 12 de setembro O empreendedorismo n\u00e3o nasce com todas as pessoas, mas \u00e9 poss\u00edvel ser desenvolvido e<span class=\"excerpt-hellip\"> [\u2026]<\/span><\/p>\n","protected":false},"author":10,"featured_media":49107,"comment_status":"open","ping_status":"open","sticky":false,"template":"","format":"standard","meta":{"_jetpack_memberships_contains_paid_content":false,"footnotes":"","jetpack_publicize_message":"","jetpack_publicize_feature_enabled":true,"jetpack_social_post_already_shared":true,"jetpack_social_options":{"image_generator_settings":{"template":"highway","default_image_id":0,"enabled":false},"version":2}},"categories":[28,44],"tags":[],"class_list":["post-49106","post","type-post","status-publish","format-standard","has-post-thumbnail","hentry","category-cotidiano","category-noticias"],"yoast_head":"<!-- This site is optimized with the Yoast SEO plugin v25.6 - https:\/\/yoast.com\/wordpress\/plugins\/seo\/ -->\n<title>Sebrae-SP realiza palestra sobre comportamentos empreendedores de sucesso em Franca - VerdadeOn<\/title>\n<meta name=\"robots\" content=\"index, follow, max-snippet:-1, max-image-preview:large, max-video-preview:-1\" \/>\n<link rel=\"canonical\" href=\"https:\/\/verdadeon.com.br\/portal\/2024\/08\/31\/sebrae-sp-realiza-palestra-sobre-comportamentos-empreendedores-de-sucesso-em-franca\/\" \/>\n<meta property=\"og:locale\" content=\"pt_BR\" \/>\n<meta property=\"og:type\" content=\"article\" \/>\n<meta property=\"og:title\" content=\"Sebrae-SP realiza palestra sobre comportamentos empreendedores de sucesso em Franca - VerdadeOn\" \/>\n<meta property=\"og:description\" content=\"Evento acontece no Escrit\u00f3rio Regional do Sebrae-SP no dia 12 de setembro O empreendedorismo n\u00e3o nasce com todas as pessoas, mas \u00e9 poss\u00edvel ser desenvolvido e [\u2026]\" \/>\n<meta property=\"og:url\" content=\"https:\/\/verdadeon.com.br\/portal\/2024\/08\/31\/sebrae-sp-realiza-palestra-sobre-comportamentos-empreendedores-de-sucesso-em-franca\/\" \/>\n<meta property=\"og:site_name\" content=\"VerdadeOn\" \/>\n<meta property=\"article:published_time\" content=\"2024-08-31T11:05:09+00:00\" \/>\n<meta property=\"article:modified_time\" content=\"2024-08-31T16:07:26+00:00\" \/>\n<meta property=\"og:image\" content=\"https:\/\/verdadeon.com.br\/portal\/wp-content\/uploads\/2024\/08\/Empretec.jpg\" \/>\n\t<meta property=\"og:image:width\" content=\"1592\" \/>\n\t<meta property=\"og:image:height\" content=\"1067\" \/>\n\t<meta property=\"og:image:type\" content=\"image\/jpeg\" \/>\n<meta name=\"author\" content=\"Redacao VerdadeOn\" \/>\n<meta name=\"twitter:card\" content=\"summary_large_image\" \/>\n<meta name=\"twitter:label1\" content=\"Escrito por\" \/>\n\t<meta name=\"twitter:data1\" content=\"Redacao VerdadeOn\" \/>\n\t<meta name=\"twitter:label2\" content=\"Est. tempo de leitura\" \/>\n\t<meta name=\"twitter:data2\" content=\"2 minutos\" \/>\n<script type=\"application\/ld+json\" class=\"yoast-schema-graph\">{\"@context\":\"https:\/\/schema.org\",\"@graph\":[{\"@type\":\"WebPage\",\"@id\":\"https:\/\/verdadeon.com.br\/portal\/2024\/08\/31\/sebrae-sp-realiza-palestra-sobre-comportamentos-empreendedores-de-sucesso-em-franca\/\",\"url\":\"https:\/\/verdadeon.com.br\/portal\/2024\/08\/31\/sebrae-sp-realiza-palestra-sobre-comportamentos-empreendedores-de-sucesso-em-franca\/\",\"name\":\"Sebrae-SP realiza palestra sobre comportamentos empreendedores de sucesso em Franca - VerdadeOn\",\"isPartOf\":{\"@id\":\"https:\/\/verdadeon.com.br\/portal\/#website\"},\"primaryImageOfPage\":{\"@id\":\"https:\/\/verdadeon.com.br\/portal\/2024\/08\/31\/sebrae-sp-realiza-palestra-sobre-comportamentos-empreendedores-de-sucesso-em-franca\/#primaryimage\"},\"image\":{\"@id\":\"https:\/\/verdadeon.com.br\/portal\/2024\/08\/31\/sebrae-sp-realiza-palestra-sobre-comportamentos-empreendedores-de-sucesso-em-franca\/#primaryimage\"},\"thumbnailUrl\":\"https:\/\/i0.wp.com\/verdadeon.com.br\/portal\/wp-content\/uploads\/2024\/08\/Empretec.jpg?fit=1592%2C1067&ssl=1\",\"datePublished\":\"2024-08-31T11:05:09+00:00\",\"dateModified\":\"2024-08-31T16:07:26+00:00\",\"author\":{\"@id\":\"https:\/\/verdadeon.com.br\/portal\/#\/schema\/person\/a5060ad1e9ea3df545188fc93ce43d2f\"},\"breadcrumb\":{\"@id\":\"https:\/\/verdadeon.com.br\/portal\/2024\/08\/31\/sebrae-sp-realiza-palestra-sobre-comportamentos-empreendedores-de-sucesso-em-franca\/#breadcrumb\"},\"inLanguage\":\"pt-BR\",\"potentialAction\":[{\"@type\":\"ReadAction\",\"target\":[\"https:\/\/verdadeon.com.br\/portal\/2024\/08\/31\/sebrae-sp-realiza-palestra-sobre-comportamentos-empreendedores-de-sucesso-em-franca\/\"]}]},{\"@type\":\"ImageObject\",\"inLanguage\":\"pt-BR\",\"@id\":\"https:\/\/verdadeon.com.br\/portal\/2024\/08\/31\/sebrae-sp-realiza-palestra-sobre-comportamentos-empreendedores-de-sucesso-em-franca\/#primaryimage\",\"url\":\"https:\/\/i0.wp.com\/verdadeon.com.br\/portal\/wp-content\/uploads\/2024\/08\/Empretec.jpg?fit=1592%2C1067&ssl=1\",\"contentUrl\":\"https:\/\/i0.wp.com\/verdadeon.com.br\/portal\/wp-content\/uploads\/2024\/08\/Empretec.jpg?fit=1592%2C1067&ssl=1\",\"width\":1592,\"height\":1067,\"caption\":\"O Sebrae-SP vai promover palestra com o tema \u201cConhecendo os comportamentos empreendedores de sucesso\u201d, no dia 12 de setembro, \u00e0s 19h, com inscri\u00e7\u00f5es gratuitas (\u00a9Divulga\u00e7\u00e3o)\"},{\"@type\":\"BreadcrumbList\",\"@id\":\"https:\/\/verdadeon.com.br\/portal\/2024\/08\/31\/sebrae-sp-realiza-palestra-sobre-comportamentos-empreendedores-de-sucesso-em-franca\/#breadcrumb\",\"itemListElement\":[{\"@type\":\"ListItem\",\"position\":1,\"name\":\"In\u00edcio\",\"item\":\"https:\/\/verdadeon.com.br\/portal\/\"},{\"@type\":\"ListItem\",\"position\":2,\"name\":\"Sebrae-SP realiza palestra sobre comportamentos empreendedores de sucesso em Franca\"}]},{\"@type\":\"WebSite\",\"@id\":\"https:\/\/verdadeon.com.br\/portal\/#website\",\"url\":\"https:\/\/verdadeon.com.br\/portal\/\",\"name\":\"VerdadeOn\",\"description\":\"Not\u00edcias di\u00e1rias sobre Franca, Regi\u00e3o, Esporte, Cultura, Cotidiano, Colunas. Cobertura nos principais eventos da cidade \u00e9 aqui - Verdadeon Franca\",\"potentialAction\":[{\"@type\":\"SearchAction\",\"target\":{\"@type\":\"EntryPoint\",\"urlTemplate\":\"https:\/\/verdadeon.com.br\/portal\/?s={search_term_string}\"},\"query-input\":{\"@type\":\"PropertyValueSpecification\",\"valueRequired\":true,\"valueName\":\"search_term_string\"}}],\"inLanguage\":\"pt-BR\"},{\"@type\":\"Person\",\"@id\":\"https:\/\/verdadeon.com.br\/portal\/#\/schema\/person\/a5060ad1e9ea3df545188fc93ce43d2f\",\"name\":\"Redacao VerdadeOn\",\"image\":{\"@type\":\"ImageObject\",\"inLanguage\":\"pt-BR\",\"@id\":\"https:\/\/verdadeon.com.br\/portal\/#\/schema\/person\/image\/\",\"url\":\"https:\/\/secure.gravatar.com\/avatar\/459a9613caaaf07f582c3d0841eea68bdd66f533e465e6ba8b9cb45619572cf4?s=96&d=mm&r=g\",\"contentUrl\":\"https:\/\/secure.gravatar.com\/avatar\/459a9613caaaf07f582c3d0841eea68bdd66f533e465e6ba8b9cb45619572cf4?s=96&d=mm&r=g\",\"caption\":\"Redacao VerdadeOn\"},\"url\":\"https:\/\/verdadeon.com.br\/portal\/author\/redacao\/\"}]}<\/script>\n<!-- \/ Yoast SEO plugin. -->","yoast_head_json":{"title":"Sebrae-SP realiza palestra sobre comportamentos empreendedores de sucesso em Franca - VerdadeOn","robots":{"index":"index","follow":"follow","max-snippet":"max-snippet:-1","max-image-preview":"max-image-preview:large","max-video-preview":"max-video-preview:-1"},"canonical":"https:\/\/verdadeon.com.br\/portal\/2024\/08\/31\/sebrae-sp-realiza-palestra-sobre-comportamentos-empreendedores-de-sucesso-em-franca\/","og_locale":"pt_BR","og_type":"article","og_title":"Sebrae-SP realiza palestra sobre comportamentos empreendedores de sucesso em Franca - VerdadeOn","og_description":"Evento acontece no Escrit\u00f3rio Regional do Sebrae-SP no dia 12 de setembro O empreendedorismo n\u00e3o nasce com todas as pessoas, mas \u00e9 poss\u00edvel ser desenvolvido e [\u2026]","og_url":"https:\/\/verdadeon.com.br\/portal\/2024\/08\/31\/sebrae-sp-realiza-palestra-sobre-comportamentos-empreendedores-de-sucesso-em-franca\/","og_site_name":"VerdadeOn","article_published_time":"2024-08-31T11:05:09+00:00","article_modified_time":"2024-08-31T16:07:26+00:00","og_image":[{"width":1592,"height":1067,"url":"https:\/\/verdadeon.com.br\/portal\/wp-content\/uploads\/2024\/08\/Empretec.jpg","type":"image\/jpeg"}],"author":"Redacao VerdadeOn","twitter_card":"summary_large_image","twitter_misc":{"Escrito por":"Redacao VerdadeOn","Est. tempo de leitura":"2 minutos"},"schema":{"@context":"https:\/\/schema.org","@graph":[{"@type":"WebPage","@id":"https:\/\/verdadeon.com.br\/portal\/2024\/08\/31\/sebrae-sp-realiza-palestra-sobre-comportamentos-empreendedores-de-sucesso-em-franca\/","url":"https:\/\/verdadeon.com.br\/portal\/2024\/08\/31\/sebrae-sp-realiza-palestra-sobre-comportamentos-empreendedores-de-sucesso-em-franca\/","name":"Sebrae-SP realiza palestra sobre comportamentos empreendedores de sucesso em Franca - VerdadeOn","isPartOf":{"@id":"https:\/\/verdadeon.com.br\/portal\/#website"},"primaryImageOfPage":{"@id":"https:\/\/verdadeon.com.br\/portal\/2024\/08\/31\/sebrae-sp-realiza-palestra-sobre-comportamentos-empreendedores-de-sucesso-em-franca\/#primaryimage"},"image":{"@id":"https:\/\/verdadeon.com.br\/portal\/2024\/08\/31\/sebrae-sp-realiza-palestra-sobre-comportamentos-empreendedores-de-sucesso-em-franca\/#primaryimage"},"thumbnailUrl":"https:\/\/i0.wp.com\/verdadeon.com.br\/portal\/wp-content\/uploads\/2024\/08\/Empretec.jpg?fit=1592%2C1067&ssl=1","datePublished":"2024-08-31T11:05:09+00:00","dateModified":"2024-08-31T16:07:26+00:00","author":{"@id":"https:\/\/verdadeon.com.br\/portal\/#\/schema\/person\/a5060ad1e9ea3df545188fc93ce43d2f"},"breadcrumb":{"@id":"https:\/\/verdadeon.com.br\/portal\/2024\/08\/31\/sebrae-sp-realiza-palestra-sobre-comportamentos-empreendedores-de-sucesso-em-franca\/#breadcrumb"},"inLanguage":"pt-BR","potentialAction":[{"@type":"ReadAction","target":["https:\/\/verdadeon.com.br\/portal\/2024\/08\/31\/sebrae-sp-realiza-palestra-sobre-comportamentos-empreendedores-de-sucesso-em-franca\/"]}]},{"@type":"ImageObject","inLanguage":"pt-BR","@id":"https:\/\/verdadeon.com.br\/portal\/2024\/08\/31\/sebrae-sp-realiza-palestra-sobre-comportamentos-empreendedores-de-sucesso-em-franca\/#primaryimage","url":"https:\/\/i0.wp.com\/verdadeon.com.br\/portal\/wp-content\/uploads\/2024\/08\/Empretec.jpg?fit=1592%2C1067&ssl=1","contentUrl":"https:\/\/i0.wp.com\/verdadeon.com.br\/portal\/wp-content\/uploads\/2024\/08\/Empretec.jpg?fit=1592%2C1067&ssl=1","width":1592,"height":1067,"caption":"O Sebrae-SP vai promover palestra com o tema \u201cConhecendo os comportamentos empreendedores de sucesso\u201d, no dia 12 de setembro, \u00e0s 19h, com inscri\u00e7\u00f5es gratuitas (\u00a9Divulga\u00e7\u00e3o)"},{"@type":"BreadcrumbList","@id":"https:\/\/verdadeon.com.br\/portal\/2024\/08\/31\/sebrae-sp-realiza-palestra-sobre-comportamentos-empreendedores-de-sucesso-em-franca\/#breadcrumb","itemListElement":[{"@type":"ListItem","position":1,"name":"In\u00edcio","item":"https:\/\/verdadeon.com.br\/portal\/"},{"@type":"ListItem","position":2,"name":"Sebrae-SP realiza palestra sobre comportamentos empreendedores de sucesso em Franca"}]},{"@type":"WebSite","@id":"https:\/\/verdadeon.com.br\/portal\/#website","url":"https:\/\/verdadeon.com.br\/portal\/","name":"VerdadeOn","description":"Not\u00edcias di\u00e1rias sobre Franca, Regi\u00e3o, Esporte, Cultura, Cotidiano, Colunas. Cobertura nos principais eventos da cidade \u00e9 aqui - Verdadeon Franca","potentialAction":[{"@type":"SearchAction","target":{"@type":"EntryPoint","urlTemplate":"https:\/\/verdadeon.com.br\/portal\/?s={search_term_string}"},"query-input":{"@type":"PropertyValueSpecification","valueRequired":true,"valueName":"search_term_string"}}],"inLanguage":"pt-BR"},{"@type":"Person","@id":"https:\/\/verdadeon.com.br\/portal\/#\/schema\/person\/a5060ad1e9ea3df545188fc93ce43d2f","name":"Redacao VerdadeOn","image":{"@type":"ImageObject","inLanguage":"pt-BR","@id":"https:\/\/verdadeon.com.br\/portal\/#\/schema\/person\/image\/","url":"https:\/\/secure.gravatar.com\/avatar\/459a9613caaaf07f582c3d0841eea68bdd66f533e465e6ba8b9cb45619572cf4?s=96&d=mm&r=g","contentUrl":"https:\/\/secure.gravatar.com\/avatar\/459a9613caaaf07f582c3d0841eea68bdd66f533e465e6ba8b9cb45619572cf4?s=96&d=mm&r=g","caption":"Redacao VerdadeOn"},"url":"https:\/\/verdadeon.com.br\/portal\/author\/redacao\/"}]}},"jetpack_publicize_connections":[],"jetpack_featured_media_url":"https:\/\/i0.wp.com\/verdadeon.com.br\/portal\/wp-content\/uploads\/2024\/08\/Empretec.jpg?fit=1592%2C1067&ssl=1","jetpack_sharing_enabled":true,"_links":{"self":[{"href":"https:\/\/verdadeon.com.br\/portal\/wp-json\/wp\/v2\/posts\/49106","targetHints":{"allow":["GET"]}}],"collection":[{"href":"https:\/\/verdadeon.com.br\/portal\/wp-json\/wp\/v2\/posts"}],"about":[{"href":"https:\/\/verdadeon.com.br\/portal\/wp-json\/wp\/v2\/types\/post"}],"author":[{"embeddable":true,"href":"https:\/\/verdadeon.com.br\/portal\/wp-json\/wp\/v2\/users\/10"}],"replies":[{"embeddable":true,"href":"https:\/\/verdadeon.com.br\/portal\/wp-json\/wp\/v2\/comments?post=49106"}],"version-history":[{"count":1,"href":"https:\/\/verdadeon.com.br\/portal\/wp-json\/wp\/v2\/posts\/49106\/revisions"}],"predecessor-version":[{"id":49108,"href":"https:\/\/verdadeon.com.br\/portal\/wp-json\/wp\/v2\/posts\/49106\/revisions\/49108"}],"wp:featuredmedia":[{"embeddable":true,"href":"https:\/\/verdadeon.com.br\/portal\/wp-json\/wp\/v2\/media\/49107"}],"wp:attachment":[{"href":"https:\/\/verdadeon.com.br\/portal\/wp-json\/wp\/v2\/media?parent=49106"}],"wp:term":[{"taxonomy":"category","embeddable":true,"href":"https:\/\/verdadeon.com.br\/portal\/wp-json\/wp\/v2\/categories?post=49106"},{"taxonomy":"post_tag","embeddable":true,"href":"https:\/\/verdadeon.com.br\/portal\/wp-json\/wp\/v2\/tags?post=49106"}],"curies":[{"name":"wp","href":"https:\/\/api.w.org\/{rel}","templated":true}]}}