{"id":48840,"date":"2024-08-24T11:58:20","date_gmt":"2024-08-24T14:58:20","guid":{"rendered":"https:\/\/verdadeon.com.br\/portal\/?p=48840"},"modified":"2024-08-24T11:58:20","modified_gmt":"2024-08-24T14:58:20","slug":"orcamento-de-franca-para-2025-tera-1a-votacao-na-camara-previsao-e-de-r-16-bilhao","status":"publish","type":"post","link":"https:\/\/verdadeon.com.br\/portal\/2024\/08\/24\/orcamento-de-franca-para-2025-tera-1a-votacao-na-camara-previsao-e-de-r-16-bilhao\/","title":{"rendered":"Or\u00e7amento de Franca para 2025 ter\u00e1 1\u00aa vota\u00e7\u00e3o na C\u00e2mara; previs\u00e3o \u00e9 de R$ 1,6 bilh\u00e3o"},"content":{"rendered":"<h2>Vereadores ainda votam regras para empresas de tiro desportivo<\/h2>\n<p class=\"text-align-justify\">Os vereadores se re\u00fanem nesta ter\u00e7a-feira, 27 de agosto, para discuss\u00e3o e vota\u00e7\u00f5es de projetos na\u00a0<a href=\"https:\/\/sapl.franca.sp.leg.br\/sessao\/pauta-sessao\/178\/\" rel=\"nofollow\">30\u00aa Sess\u00e3o Ordin\u00e1ria<\/a>.<\/p>\n<p class=\"text-align-justify\">No per\u00edodo da manh\u00e3 acontece o Expediente com as leituras dos documentos e of\u00edcios, al\u00e9m de uso da Tribuna tanto pelos mun\u00edcipes inscritos previamente e os pr\u00f3prios parlamentares, a partir das 9h.<\/p>\n<p class=\"text-align-justify\">No per\u00edodo da tarde a partir das 14h, ser\u00e3o debatidas propostas analisadas nas Comiss\u00f5es e aquelas inclu\u00eddas em regime de urg\u00eancia.<\/p>\n<p class=\"text-align-justify\">O pr\u00e9dio da Casa de Leis est\u00e1 em reformas e as sess\u00f5es oficiais do Legislativo continuam sendo realizadas no Audit\u00f3rio do Uni-Facef com entrada pela Avenida Ismael Alonso e Alonso, 2400, Bairro S\u00e3o Jos\u00e9.<\/p>\n<p><strong>Or\u00e7amento 2025<\/strong><\/p>\n<p class=\"text-align-justify\">Em pauta, em primeira discuss\u00e3o e vota\u00e7\u00e3o est\u00e1 o\u00a0<strong><a href=\"https:\/\/sapl.franca.sp.leg.br\/materia\/11830\" rel=\"nofollow\">Projeto de Lei Ordin\u00e1ria 81\/2024<\/a><\/strong>\u00a0de autoria do prefeito Alexandre Ferreira (MDB) que disp\u00f5e sobre as Diretrizes Or\u00e7ament\u00e1rias &#8211; LDO para o exerc\u00edcio de 2025 e d\u00e1 outras provid\u00eancias.<\/p>\n<p class=\"text-align-justify\">De acordo com o projeto a previs\u00e3o do Or\u00e7amento para 2025 \u00e9 de R$ 1.616.201.074,00 (um bilh\u00e3o, seiscentos e dezesseis milh\u00f5es, duzentos e um mil, setenta e quatro reais).<\/p>\n<p class=\"text-align-justify\"><strong>Veja o quadro:\u00a0<\/strong><\/p>\n<p><img data-recalc-dims=\"1\" decoding=\"async\" class=\"align-center aligncenter\" src=\"https:\/\/i0.wp.com\/franca.sp.leg.br\/sites\/default\/files\/imagens\/inline-images\/noticias\/estimativa%20or%C3%A7amento%202025_0.jpg?w=1220&#038;ssl=1\" alt=\"estimativa \" data-entity-type=\"file\" data-entity-uuid=\"b7f4d16b-0c87-4baa-8ce6-0ad8027d49b0\" \/><\/p>\n<p class=\"text-align-justify\">O tema passou por debate em Audi\u00eancia P\u00fablica onde foram apresentados os dados referentes ao Or\u00e7amento 2025.<\/p>\n<p class=\"text-align-justify\">A an\u00e1lise do projeto segue cronograma estabelecido na Casa de Leis francana.<\/p>\n<p><strong>Veja o cronograma:\u00a0<\/strong><\/p>\n<p><img data-recalc-dims=\"1\" decoding=\"async\" class=\"align-center aligncenter\" src=\"https:\/\/i0.wp.com\/franca.sp.leg.br\/sites\/default\/files\/imagens\/inline-images\/noticias\/5_1.jpg?w=1220&#038;ssl=1\" alt=\"ldo\" data-entity-type=\"file\" data-entity-uuid=\"a14553b3-9c42-4f13-a79e-36da0c51122b\" \/><\/p>\n<p><strong>R$ 505 mil para APAE<\/strong><\/p>\n<p class=\"text-align-justify\">Tamb\u00e9m ser\u00e1 votado o\u00a0<a href=\"https:\/\/sapl.franca.sp.leg.br\/materia\/11914\" rel=\"nofollow\"><strong>Projeto de Lei 87\/2024<\/strong><\/a>\u00a0de autoria do prefeito Alexandre Ferreira (MDB) que autoriza o Poder Executivo a celebrar Termo de Conv\u00eanio com a Associa\u00e7\u00e3o de Pais e Amigos dos Excepcionais de Franca &#8211; APAE, entidade sem fins lucrativos, altera o Or\u00e7amento, e d\u00e1 outras provid\u00eancias. (MSG 041-2024).<\/p>\n<p class=\"text-align-justify\">Trata-se de celebra\u00e7\u00e3o de parceria, entre a Secretaria Municipal de Sa\u00fade e a entidade sem fins lucrativos \u201cAssocia\u00e7\u00e3o de Pais e Amigos dos Excepcionais de Franca &#8211; APAE\u201d, vinculada aos recursos da Emenda Federal n\u00ba 202444510019, destinada ao custeio dos servi\u00e7os de assist\u00eancia hospitalar e ambulatorial para cumprimento de metas de m\u00e9dia e alta complexidade, atrav\u00e9s do Centro Especializado em Reabilita\u00e7\u00e3o \u2013 CER II, conforme Processo Administrativo n\u00ba 2024031712.<\/p>\n<p class=\"text-align-justify\">O recurso previsto no projeto, para a transfer\u00eancia a entidade sem fins lucrativos, no valor de R$ 505.971,58, est\u00e1 dispon\u00edvel em conta banc\u00e1ria.<\/p>\n<p class=\"text-align-justify\">A transfer\u00eancia est\u00e1 de acordo com a Portaria GM\/MS n\u00ba 3.671, de 29 de abril de 2024, publicada na edi\u00e7\u00e3o do dia 30\/04\/2024 do Di\u00e1rio Oficial da Uni\u00e3o.<\/p>\n<p><strong>Regras para tiro desportivo<\/strong><\/p>\n<p class=\"text-align-justify\">Ainda ser\u00e1 votado o\u00a0<strong><a href=\"https:\/\/sapl.franca.sp.leg.br\/materia\/11825\" rel=\"nofollow\">Projeto de Lei n\u00ba 79\/2024<\/a><\/strong>\u00a0de autoria do vereador Della Motta (Podemos) que disp\u00f5e sobre o funcionamento das entidades e\/ou das empresas destinadas \u00e0 pr\u00e1tica, ao aperfei\u00e7oamento, e ao treinamento de tiro desportivo, instaladas na cidade de Franca, e d\u00e1 outras provid\u00eancias.<\/p>\n<p class=\"text-align-justify\">O presidente do Legislativo argumenta: &#8220;a realiza\u00e7\u00e3o de tal projeto, visa garantir ao munic\u00edpio os meios necess\u00e1rios para regular, de acordo com seu interesse p\u00fablico, entre outras, as atividades desportivas, incluindo especificamente as atividades desenvolvidas pelas empresas atuantes no desporto do tiro&#8221;.<\/p>\n<p class=\"text-align-justify\">&#8220;O tiro desportivo \u00e9 uma atividade esportiva que atrai um n\u00famero crescente de praticantes em nossa cidade. Essa pr\u00e1tica contribui para a melhoria da habilidade f\u00edsica e t\u00e9cnica dos participantes, al\u00e9m de promover o senso de responsabilidade, disciplina e respeito pelas normas de seguran\u00e7a do esporte do tiro em nosso munic\u00edpio&#8221;.<\/p>\n<p class=\"text-align-justify\">&#8220;\u00c9 fundamental destacar que os clubes de tiro s\u00e3o espa\u00e7os completamente fechados, sem acesso visual interno a partir do exterior e dotados de equipamentos de seguran\u00e7a, pois s\u00e3o aprovados pelo Ex\u00e9rcito Brasileiro. Al\u00e9m disso, o acesso e seus frequentadores s\u00e3o identificados e habilitados para pr\u00e1tica ou interesse no esporte&#8221;, defendeu.<\/p>\n<p><strong>Vereadora questiona Prefeitura&#8230;<\/strong><\/p>\n<p class=\"text-align-justify\">E por fim os parlamentares debatem e votam o\u00a0<strong><a href=\"https:\/\/sapl.franca.sp.leg.br\/materia\/11936\" rel=\"nofollow\">Requerimento 486\/2024<\/a><\/strong>\u00a0de autoria da vice presidente da Casa de Leis vereadora Lurdinha Granzotte (Republicanos) solicitando informa\u00e7\u00f5es sobre os requisitos da concess\u00e3o de alvar\u00e1 para realiza\u00e7\u00e3o de eventos e shows em Franca e de que forma \u00e9 feita a fiscaliza\u00e7\u00e3o.<\/p>\n","protected":false},"excerpt":{"rendered":"<p>Vereadores ainda votam regras para empresas de tiro desportivo Os vereadores se re\u00fanem nesta ter\u00e7a-feira, 27 de agosto, para discuss\u00e3o e vota\u00e7\u00f5es de projetos na\u00a030\u00aa Sess\u00e3o<span class=\"excerpt-hellip\"> [\u2026]<\/span><\/p>\n","protected":false},"author":10,"featured_media":44777,"comment_status":"open","ping_status":"open","sticky":false,"template":"","format":"standard","meta":{"_jetpack_memberships_contains_paid_content":false,"footnotes":"","jetpack_publicize_message":"","jetpack_publicize_feature_enabled":true,"jetpack_social_post_already_shared":true,"jetpack_social_options":{"image_generator_settings":{"template":"highway","default_image_id":0,"enabled":false},"version":2}},"categories":[28,81],"tags":[],"class_list":["post-48840","post","type-post","status-publish","format-standard","has-post-thumbnail","hentry","category-cotidiano","category-manchete"],"yoast_head":"<!-- This site is optimized with the Yoast SEO plugin v25.6 - https:\/\/yoast.com\/wordpress\/plugins\/seo\/ -->\n<title>Or\u00e7amento de Franca para 2025 ter\u00e1 1\u00aa vota\u00e7\u00e3o na C\u00e2mara; previs\u00e3o \u00e9 de R$ 1,6 bilh\u00e3o - VerdadeOn<\/title>\n<meta name=\"robots\" content=\"index, follow, max-snippet:-1, max-image-preview:large, max-video-preview:-1\" \/>\n<link rel=\"canonical\" href=\"https:\/\/verdadeon.com.br\/portal\/2024\/08\/24\/orcamento-de-franca-para-2025-tera-1a-votacao-na-camara-previsao-e-de-r-16-bilhao\/\" \/>\n<meta property=\"og:locale\" content=\"pt_BR\" \/>\n<meta property=\"og:type\" content=\"article\" \/>\n<meta property=\"og:title\" content=\"Or\u00e7amento de Franca para 2025 ter\u00e1 1\u00aa vota\u00e7\u00e3o na C\u00e2mara; previs\u00e3o \u00e9 de R$ 1,6 bilh\u00e3o - VerdadeOn\" \/>\n<meta property=\"og:description\" content=\"Vereadores ainda votam regras para empresas de tiro desportivo Os vereadores se re\u00fanem nesta ter\u00e7a-feira, 27 de agosto, para discuss\u00e3o e vota\u00e7\u00f5es de projetos na\u00a030\u00aa Sess\u00e3o [\u2026]\" \/>\n<meta property=\"og:url\" content=\"https:\/\/verdadeon.com.br\/portal\/2024\/08\/24\/orcamento-de-franca-para-2025-tera-1a-votacao-na-camara-previsao-e-de-r-16-bilhao\/\" \/>\n<meta property=\"og:site_name\" content=\"VerdadeOn\" \/>\n<meta property=\"article:published_time\" content=\"2024-08-24T14:58:20+00:00\" \/>\n<meta property=\"og:image\" content=\"https:\/\/verdadeon.com.br\/portal\/wp-content\/uploads\/2024\/05\/auditoriounifacef-2-1.jpg\" \/>\n\t<meta property=\"og:image:width\" content=\"868\" \/>\n\t<meta property=\"og:image:height\" content=\"582\" \/>\n\t<meta property=\"og:image:type\" content=\"image\/jpeg\" \/>\n<meta name=\"author\" content=\"Redacao VerdadeOn\" \/>\n<meta name=\"twitter:card\" content=\"summary_large_image\" \/>\n<meta name=\"twitter:label1\" content=\"Escrito por\" \/>\n\t<meta name=\"twitter:data1\" content=\"Redacao VerdadeOn\" \/>\n\t<meta name=\"twitter:label2\" content=\"Est. tempo de leitura\" \/>\n\t<meta name=\"twitter:data2\" content=\"4 minutos\" \/>\n<script type=\"application\/ld+json\" class=\"yoast-schema-graph\">{\"@context\":\"https:\/\/schema.org\",\"@graph\":[{\"@type\":\"WebPage\",\"@id\":\"https:\/\/verdadeon.com.br\/portal\/2024\/08\/24\/orcamento-de-franca-para-2025-tera-1a-votacao-na-camara-previsao-e-de-r-16-bilhao\/\",\"url\":\"https:\/\/verdadeon.com.br\/portal\/2024\/08\/24\/orcamento-de-franca-para-2025-tera-1a-votacao-na-camara-previsao-e-de-r-16-bilhao\/\",\"name\":\"Or\u00e7amento de Franca para 2025 ter\u00e1 1\u00aa vota\u00e7\u00e3o na C\u00e2mara; previs\u00e3o \u00e9 de R$ 1,6 bilh\u00e3o - VerdadeOn\",\"isPartOf\":{\"@id\":\"https:\/\/verdadeon.com.br\/portal\/#website\"},\"primaryImageOfPage\":{\"@id\":\"https:\/\/verdadeon.com.br\/portal\/2024\/08\/24\/orcamento-de-franca-para-2025-tera-1a-votacao-na-camara-previsao-e-de-r-16-bilhao\/#primaryimage\"},\"image\":{\"@id\":\"https:\/\/verdadeon.com.br\/portal\/2024\/08\/24\/orcamento-de-franca-para-2025-tera-1a-votacao-na-camara-previsao-e-de-r-16-bilhao\/#primaryimage\"},\"thumbnailUrl\":\"https:\/\/i0.wp.com\/verdadeon.com.br\/portal\/wp-content\/uploads\/2024\/05\/auditoriounifacef-2-1.jpg?fit=868%2C582&ssl=1\",\"datePublished\":\"2024-08-24T14:58:20+00:00\",\"author\":{\"@id\":\"https:\/\/verdadeon.com.br\/portal\/#\/schema\/person\/a5060ad1e9ea3df545188fc93ce43d2f\"},\"breadcrumb\":{\"@id\":\"https:\/\/verdadeon.com.br\/portal\/2024\/08\/24\/orcamento-de-franca-para-2025-tera-1a-votacao-na-camara-previsao-e-de-r-16-bilhao\/#breadcrumb\"},\"inLanguage\":\"pt-BR\",\"potentialAction\":[{\"@type\":\"ReadAction\",\"target\":[\"https:\/\/verdadeon.com.br\/portal\/2024\/08\/24\/orcamento-de-franca-para-2025-tera-1a-votacao-na-camara-previsao-e-de-r-16-bilhao\/\"]}]},{\"@type\":\"ImageObject\",\"inLanguage\":\"pt-BR\",\"@id\":\"https:\/\/verdadeon.com.br\/portal\/2024\/08\/24\/orcamento-de-franca-para-2025-tera-1a-votacao-na-camara-previsao-e-de-r-16-bilhao\/#primaryimage\",\"url\":\"https:\/\/i0.wp.com\/verdadeon.com.br\/portal\/wp-content\/uploads\/2024\/05\/auditoriounifacef-2-1.jpg?fit=868%2C582&ssl=1\",\"contentUrl\":\"https:\/\/i0.wp.com\/verdadeon.com.br\/portal\/wp-content\/uploads\/2024\/05\/auditoriounifacef-2-1.jpg?fit=868%2C582&ssl=1\",\"width\":868,\"height\":582,\"caption\":\"As sess\u00f5es oficiais do Legislativo continuar\u00e3o sendo realizadas no Audit\u00f3rio do Uni-Facef com entrada pela Avenida Ismael Alonso e Alonso, 2400, Bairro S\u00e3o Jos\u00e9, at\u00e9 o fim das obras na C\u00e2mara Municipal (\u00a9Divulga\u00e7\u00e3o)\"},{\"@type\":\"BreadcrumbList\",\"@id\":\"https:\/\/verdadeon.com.br\/portal\/2024\/08\/24\/orcamento-de-franca-para-2025-tera-1a-votacao-na-camara-previsao-e-de-r-16-bilhao\/#breadcrumb\",\"itemListElement\":[{\"@type\":\"ListItem\",\"position\":1,\"name\":\"In\u00edcio\",\"item\":\"https:\/\/verdadeon.com.br\/portal\/\"},{\"@type\":\"ListItem\",\"position\":2,\"name\":\"Or\u00e7amento de Franca para 2025 ter\u00e1 1\u00aa vota\u00e7\u00e3o na C\u00e2mara; previs\u00e3o \u00e9 de R$ 1,6 bilh\u00e3o\"}]},{\"@type\":\"WebSite\",\"@id\":\"https:\/\/verdadeon.com.br\/portal\/#website\",\"url\":\"https:\/\/verdadeon.com.br\/portal\/\",\"name\":\"VerdadeOn\",\"description\":\"Not\u00edcias di\u00e1rias sobre Franca, Regi\u00e3o, Esporte, Cultura, Cotidiano, Colunas. Cobertura nos principais eventos da cidade \u00e9 aqui - Verdadeon Franca\",\"potentialAction\":[{\"@type\":\"SearchAction\",\"target\":{\"@type\":\"EntryPoint\",\"urlTemplate\":\"https:\/\/verdadeon.com.br\/portal\/?s={search_term_string}\"},\"query-input\":{\"@type\":\"PropertyValueSpecification\",\"valueRequired\":true,\"valueName\":\"search_term_string\"}}],\"inLanguage\":\"pt-BR\"},{\"@type\":\"Person\",\"@id\":\"https:\/\/verdadeon.com.br\/portal\/#\/schema\/person\/a5060ad1e9ea3df545188fc93ce43d2f\",\"name\":\"Redacao VerdadeOn\",\"image\":{\"@type\":\"ImageObject\",\"inLanguage\":\"pt-BR\",\"@id\":\"https:\/\/verdadeon.com.br\/portal\/#\/schema\/person\/image\/\",\"url\":\"https:\/\/secure.gravatar.com\/avatar\/459a9613caaaf07f582c3d0841eea68bdd66f533e465e6ba8b9cb45619572cf4?s=96&d=mm&r=g\",\"contentUrl\":\"https:\/\/secure.gravatar.com\/avatar\/459a9613caaaf07f582c3d0841eea68bdd66f533e465e6ba8b9cb45619572cf4?s=96&d=mm&r=g\",\"caption\":\"Redacao VerdadeOn\"},\"url\":\"https:\/\/verdadeon.com.br\/portal\/author\/redacao\/\"}]}<\/script>\n<!-- \/ Yoast SEO plugin. -->","yoast_head_json":{"title":"Or\u00e7amento de Franca para 2025 ter\u00e1 1\u00aa vota\u00e7\u00e3o na C\u00e2mara; previs\u00e3o \u00e9 de R$ 1,6 bilh\u00e3o - VerdadeOn","robots":{"index":"index","follow":"follow","max-snippet":"max-snippet:-1","max-image-preview":"max-image-preview:large","max-video-preview":"max-video-preview:-1"},"canonical":"https:\/\/verdadeon.com.br\/portal\/2024\/08\/24\/orcamento-de-franca-para-2025-tera-1a-votacao-na-camara-previsao-e-de-r-16-bilhao\/","og_locale":"pt_BR","og_type":"article","og_title":"Or\u00e7amento de Franca para 2025 ter\u00e1 1\u00aa vota\u00e7\u00e3o na C\u00e2mara; previs\u00e3o \u00e9 de R$ 1,6 bilh\u00e3o - VerdadeOn","og_description":"Vereadores ainda votam regras para empresas de tiro desportivo Os vereadores se re\u00fanem nesta ter\u00e7a-feira, 27 de agosto, para discuss\u00e3o e vota\u00e7\u00f5es de projetos na\u00a030\u00aa Sess\u00e3o [\u2026]","og_url":"https:\/\/verdadeon.com.br\/portal\/2024\/08\/24\/orcamento-de-franca-para-2025-tera-1a-votacao-na-camara-previsao-e-de-r-16-bilhao\/","og_site_name":"VerdadeOn","article_published_time":"2024-08-24T14:58:20+00:00","og_image":[{"width":868,"height":582,"url":"https:\/\/verdadeon.com.br\/portal\/wp-content\/uploads\/2024\/05\/auditoriounifacef-2-1.jpg","type":"image\/jpeg"}],"author":"Redacao VerdadeOn","twitter_card":"summary_large_image","twitter_misc":{"Escrito por":"Redacao VerdadeOn","Est. tempo de leitura":"4 minutos"},"schema":{"@context":"https:\/\/schema.org","@graph":[{"@type":"WebPage","@id":"https:\/\/verdadeon.com.br\/portal\/2024\/08\/24\/orcamento-de-franca-para-2025-tera-1a-votacao-na-camara-previsao-e-de-r-16-bilhao\/","url":"https:\/\/verdadeon.com.br\/portal\/2024\/08\/24\/orcamento-de-franca-para-2025-tera-1a-votacao-na-camara-previsao-e-de-r-16-bilhao\/","name":"Or\u00e7amento de Franca para 2025 ter\u00e1 1\u00aa vota\u00e7\u00e3o na C\u00e2mara; previs\u00e3o \u00e9 de R$ 1,6 bilh\u00e3o - VerdadeOn","isPartOf":{"@id":"https:\/\/verdadeon.com.br\/portal\/#website"},"primaryImageOfPage":{"@id":"https:\/\/verdadeon.com.br\/portal\/2024\/08\/24\/orcamento-de-franca-para-2025-tera-1a-votacao-na-camara-previsao-e-de-r-16-bilhao\/#primaryimage"},"image":{"@id":"https:\/\/verdadeon.com.br\/portal\/2024\/08\/24\/orcamento-de-franca-para-2025-tera-1a-votacao-na-camara-previsao-e-de-r-16-bilhao\/#primaryimage"},"thumbnailUrl":"https:\/\/i0.wp.com\/verdadeon.com.br\/portal\/wp-content\/uploads\/2024\/05\/auditoriounifacef-2-1.jpg?fit=868%2C582&ssl=1","datePublished":"2024-08-24T14:58:20+00:00","author":{"@id":"https:\/\/verdadeon.com.br\/portal\/#\/schema\/person\/a5060ad1e9ea3df545188fc93ce43d2f"},"breadcrumb":{"@id":"https:\/\/verdadeon.com.br\/portal\/2024\/08\/24\/orcamento-de-franca-para-2025-tera-1a-votacao-na-camara-previsao-e-de-r-16-bilhao\/#breadcrumb"},"inLanguage":"pt-BR","potentialAction":[{"@type":"ReadAction","target":["https:\/\/verdadeon.com.br\/portal\/2024\/08\/24\/orcamento-de-franca-para-2025-tera-1a-votacao-na-camara-previsao-e-de-r-16-bilhao\/"]}]},{"@type":"ImageObject","inLanguage":"pt-BR","@id":"https:\/\/verdadeon.com.br\/portal\/2024\/08\/24\/orcamento-de-franca-para-2025-tera-1a-votacao-na-camara-previsao-e-de-r-16-bilhao\/#primaryimage","url":"https:\/\/i0.wp.com\/verdadeon.com.br\/portal\/wp-content\/uploads\/2024\/05\/auditoriounifacef-2-1.jpg?fit=868%2C582&ssl=1","contentUrl":"https:\/\/i0.wp.com\/verdadeon.com.br\/portal\/wp-content\/uploads\/2024\/05\/auditoriounifacef-2-1.jpg?fit=868%2C582&ssl=1","width":868,"height":582,"caption":"As sess\u00f5es oficiais do Legislativo continuar\u00e3o sendo realizadas no Audit\u00f3rio do Uni-Facef com entrada pela Avenida Ismael Alonso e Alonso, 2400, Bairro S\u00e3o Jos\u00e9, at\u00e9 o fim das obras na C\u00e2mara Municipal (\u00a9Divulga\u00e7\u00e3o)"},{"@type":"BreadcrumbList","@id":"https:\/\/verdadeon.com.br\/portal\/2024\/08\/24\/orcamento-de-franca-para-2025-tera-1a-votacao-na-camara-previsao-e-de-r-16-bilhao\/#breadcrumb","itemListElement":[{"@type":"ListItem","position":1,"name":"In\u00edcio","item":"https:\/\/verdadeon.com.br\/portal\/"},{"@type":"ListItem","position":2,"name":"Or\u00e7amento de Franca para 2025 ter\u00e1 1\u00aa vota\u00e7\u00e3o na C\u00e2mara; previs\u00e3o \u00e9 de R$ 1,6 bilh\u00e3o"}]},{"@type":"WebSite","@id":"https:\/\/verdadeon.com.br\/portal\/#website","url":"https:\/\/verdadeon.com.br\/portal\/","name":"VerdadeOn","description":"Not\u00edcias di\u00e1rias sobre Franca, Regi\u00e3o, Esporte, Cultura, Cotidiano, Colunas. Cobertura nos principais eventos da cidade \u00e9 aqui - Verdadeon Franca","potentialAction":[{"@type":"SearchAction","target":{"@type":"EntryPoint","urlTemplate":"https:\/\/verdadeon.com.br\/portal\/?s={search_term_string}"},"query-input":{"@type":"PropertyValueSpecification","valueRequired":true,"valueName":"search_term_string"}}],"inLanguage":"pt-BR"},{"@type":"Person","@id":"https:\/\/verdadeon.com.br\/portal\/#\/schema\/person\/a5060ad1e9ea3df545188fc93ce43d2f","name":"Redacao VerdadeOn","image":{"@type":"ImageObject","inLanguage":"pt-BR","@id":"https:\/\/verdadeon.com.br\/portal\/#\/schema\/person\/image\/","url":"https:\/\/secure.gravatar.com\/avatar\/459a9613caaaf07f582c3d0841eea68bdd66f533e465e6ba8b9cb45619572cf4?s=96&d=mm&r=g","contentUrl":"https:\/\/secure.gravatar.com\/avatar\/459a9613caaaf07f582c3d0841eea68bdd66f533e465e6ba8b9cb45619572cf4?s=96&d=mm&r=g","caption":"Redacao VerdadeOn"},"url":"https:\/\/verdadeon.com.br\/portal\/author\/redacao\/"}]}},"jetpack_publicize_connections":[],"jetpack_featured_media_url":"https:\/\/i0.wp.com\/verdadeon.com.br\/portal\/wp-content\/uploads\/2024\/05\/auditoriounifacef-2-1.jpg?fit=868%2C582&ssl=1","jetpack_sharing_enabled":true,"_links":{"self":[{"href":"https:\/\/verdadeon.com.br\/portal\/wp-json\/wp\/v2\/posts\/48840","targetHints":{"allow":["GET"]}}],"collection":[{"href":"https:\/\/verdadeon.com.br\/portal\/wp-json\/wp\/v2\/posts"}],"about":[{"href":"https:\/\/verdadeon.com.br\/portal\/wp-json\/wp\/v2\/types\/post"}],"author":[{"embeddable":true,"href":"https:\/\/verdadeon.com.br\/portal\/wp-json\/wp\/v2\/users\/10"}],"replies":[{"embeddable":true,"href":"https:\/\/verdadeon.com.br\/portal\/wp-json\/wp\/v2\/comments?post=48840"}],"version-history":[{"count":1,"href":"https:\/\/verdadeon.com.br\/portal\/wp-json\/wp\/v2\/posts\/48840\/revisions"}],"predecessor-version":[{"id":48841,"href":"https:\/\/verdadeon.com.br\/portal\/wp-json\/wp\/v2\/posts\/48840\/revisions\/48841"}],"wp:featuredmedia":[{"embeddable":true,"href":"https:\/\/verdadeon.com.br\/portal\/wp-json\/wp\/v2\/media\/44777"}],"wp:attachment":[{"href":"https:\/\/verdadeon.com.br\/portal\/wp-json\/wp\/v2\/media?parent=48840"}],"wp:term":[{"taxonomy":"category","embeddable":true,"href":"https:\/\/verdadeon.com.br\/portal\/wp-json\/wp\/v2\/categories?post=48840"},{"taxonomy":"post_tag","embeddable":true,"href":"https:\/\/verdadeon.com.br\/portal\/wp-json\/wp\/v2\/tags?post=48840"}],"curies":[{"name":"wp","href":"https:\/\/api.w.org\/{rel}","templated":true}]}}