{"id":48675,"date":"2024-08-21T13:58:43","date_gmt":"2024-08-21T16:58:43","guid":{"rendered":"https:\/\/verdadeon.com.br\/portal\/?p=48675"},"modified":"2024-08-23T08:20:54","modified_gmt":"2024-08-23T11:20:54","slug":"grande-dia-esta-chegando-mc-dia-feliz-e-neste-sabado","status":"publish","type":"post","link":"https:\/\/verdadeon.com.br\/portal\/2024\/08\/21\/grande-dia-esta-chegando-mc-dia-feliz-e-neste-sabado\/","title":{"rendered":"Grande dia est\u00e1 chegando: MC Dia Feliz \u00e9 neste s\u00e1bado!"},"content":{"rendered":"<h2>Chegou a hora de comprar BigMac e salvar vidas de crian\u00e7as e jovens em tratamento no Hospital do C\u00e2ncer de Franca!<\/h2>\n<p>O McDia Feliz \u00e9 uma das maiores campanhas para arrecada\u00e7\u00e3o de fundos em prol de crian\u00e7as e jovens no Brasil \u2013 e que na cidade de Franca, j\u00e1 h\u00e1 alguns anos tem auxiliado o Hospital do C\u00e2ncer de Franca a oferecer melhores condi\u00e7\u00f5es de ambi\u00eancia durante o tratamento dos pacientes infantojuvenis.<\/p>\n<p>Tony Graciano (foto), presidente volunt\u00e1rio do Grupo Santa Casa de Franca (ao qual pertence o Hospital do C\u00e2ncer), falou sobre a a\u00e7\u00e3o deste ano: \u201cEstamos todos muito animados e engajados, com uma grande expectativa de contar mais uma vez com a participa\u00e7\u00e3o e solidariedade da popula\u00e7\u00e3o e empres\u00e1rios para esta causa t\u00e3o importante que \u00e9 o combate ao c\u00e2ncer infantojuvenil. Crian\u00e7as e jovens de Franca e regi\u00e3o que recebem carinho e tratamento aqui no Hospital do C\u00e2ncer contam com a arrecada\u00e7\u00e3o do McDia Feliz para que possam receber uma aten\u00e7\u00e3o cada vez melhor.<\/p>\n<p>E n\u00f3s contamos com a sua participa\u00e7\u00e3o! Um pouquinho da sua ajuda significa muito para nossos pacientes. Participe conosco!\u201d, concluiu Tony Graciano. O McDia Feliz 2024 deste ano em Franca, acontecer\u00e1 neste s\u00e1bado, dia 24 de agosto, a partir das 10h30, nos quatro restaurantes do McDonald\u2019s de Franca, com a venda do Lanche Big Mac no local, cuja renda ser\u00e1 revertida para o<br \/>\nHospital do C\u00e2ncer de Franca.<\/p>\n<p>Este ano, a campanha contar\u00e1 com a participa\u00e7\u00e3o dos padrinhos Tiago Valentim, Well Miguel e Dr. Ciro de Castro Botto \u2013 e da madrinha Camila Pizzo &#8211; personalidades muito queridas pelo p\u00fablico, sempre muito dispostos a engajar a comunidade de Franca e regi\u00e3o para participar desta a\u00e7\u00e3o e ajudar a salvar vidas dos pacientes.<\/p>\n<p>Al\u00e9m do lanche Big Mac teremos itens promocionais \u00e0 venda no dia nos restaurantes. Aproveitem para ajudar! Saiba mais acessando o banner do McDia Feliz no site: www.santacasadefranca.com.br<\/p>\n<p><img data-recalc-dims=\"1\" loading=\"lazy\" decoding=\"async\" class=\"alignnone size-full wp-image-48792\" src=\"https:\/\/i0.wp.com\/verdadeon.com.br\/portal\/wp-content\/uploads\/2024\/08\/WhatsApp-Image-2024-08-23-at-07.52.20-1.jpeg?resize=711%2C866&#038;ssl=1\" alt=\"\" width=\"711\" height=\"866\" srcset=\"https:\/\/i0.wp.com\/verdadeon.com.br\/portal\/wp-content\/uploads\/2024\/08\/WhatsApp-Image-2024-08-23-at-07.52.20-1.jpeg?w=711&amp;ssl=1 711w, https:\/\/i0.wp.com\/verdadeon.com.br\/portal\/wp-content\/uploads\/2024\/08\/WhatsApp-Image-2024-08-23-at-07.52.20-1.jpeg?resize=246%2C300&amp;ssl=1 246w, https:\/\/i0.wp.com\/verdadeon.com.br\/portal\/wp-content\/uploads\/2024\/08\/WhatsApp-Image-2024-08-23-at-07.52.20-1.jpeg?resize=120%2C146&amp;ssl=1 120w, https:\/\/i0.wp.com\/verdadeon.com.br\/portal\/wp-content\/uploads\/2024\/08\/WhatsApp-Image-2024-08-23-at-07.52.20-1.jpeg?resize=41%2C50&amp;ssl=1 41w, https:\/\/i0.wp.com\/verdadeon.com.br\/portal\/wp-content\/uploads\/2024\/08\/WhatsApp-Image-2024-08-23-at-07.52.20-1.jpeg?resize=62%2C75&amp;ssl=1 62w\" sizes=\"auto, (max-width: 711px) 100vw, 711px\" \/><\/p>\n<p>&nbsp;<\/p>\n","protected":false},"excerpt":{"rendered":"<p>Chegou a hora de comprar BigMac e salvar vidas de crian\u00e7as e jovens em tratamento no Hospital do C\u00e2ncer de Franca! O McDia Feliz \u00e9 uma<span class=\"excerpt-hellip\"> [\u2026]<\/span><\/p>\n","protected":false},"author":10,"featured_media":48676,"comment_status":"open","ping_status":"open","sticky":false,"template":"","format":"standard","meta":{"_jetpack_memberships_contains_paid_content":false,"footnotes":"","jetpack_publicize_message":"","jetpack_publicize_feature_enabled":true,"jetpack_social_post_already_shared":true,"jetpack_social_options":{"image_generator_settings":{"template":"highway","default_image_id":0,"enabled":false},"version":2}},"categories":[28,44],"tags":[],"class_list":["post-48675","post","type-post","status-publish","format-standard","has-post-thumbnail","hentry","category-cotidiano","category-noticias"],"yoast_head":"<!-- This site is optimized with the Yoast SEO plugin v25.6 - https:\/\/yoast.com\/wordpress\/plugins\/seo\/ -->\n<title>Grande dia est\u00e1 chegando: MC Dia Feliz \u00e9 neste s\u00e1bado! - VerdadeOn<\/title>\n<meta name=\"robots\" content=\"index, follow, max-snippet:-1, max-image-preview:large, max-video-preview:-1\" \/>\n<link rel=\"canonical\" href=\"https:\/\/verdadeon.com.br\/portal\/2024\/08\/21\/grande-dia-esta-chegando-mc-dia-feliz-e-neste-sabado\/\" \/>\n<meta property=\"og:locale\" content=\"pt_BR\" \/>\n<meta property=\"og:type\" content=\"article\" \/>\n<meta property=\"og:title\" content=\"Grande dia est\u00e1 chegando: MC Dia Feliz \u00e9 neste s\u00e1bado! - VerdadeOn\" \/>\n<meta property=\"og:description\" content=\"Chegou a hora de comprar BigMac e salvar vidas de crian\u00e7as e jovens em tratamento no Hospital do C\u00e2ncer de Franca! O McDia Feliz \u00e9 uma [\u2026]\" \/>\n<meta property=\"og:url\" content=\"https:\/\/verdadeon.com.br\/portal\/2024\/08\/21\/grande-dia-esta-chegando-mc-dia-feliz-e-neste-sabado\/\" \/>\n<meta property=\"og:site_name\" content=\"VerdadeOn\" \/>\n<meta property=\"article:published_time\" content=\"2024-08-21T16:58:43+00:00\" \/>\n<meta property=\"article:modified_time\" content=\"2024-08-23T11:20:54+00:00\" \/>\n<meta property=\"og:image\" content=\"https:\/\/verdadeon.com.br\/portal\/wp-content\/uploads\/2024\/08\/WhatsApp-Image-2024-08-21-at-12.05.27.jpeg\" \/>\n\t<meta property=\"og:image:width\" content=\"993\" \/>\n\t<meta property=\"og:image:height\" content=\"666\" \/>\n\t<meta property=\"og:image:type\" content=\"image\/jpeg\" \/>\n<meta name=\"author\" content=\"Redacao VerdadeOn\" \/>\n<meta name=\"twitter:card\" content=\"summary_large_image\" \/>\n<meta name=\"twitter:label1\" content=\"Escrito por\" \/>\n\t<meta name=\"twitter:data1\" content=\"Redacao VerdadeOn\" \/>\n\t<meta name=\"twitter:label2\" content=\"Est. tempo de leitura\" \/>\n\t<meta name=\"twitter:data2\" content=\"2 minutos\" \/>\n<script type=\"application\/ld+json\" class=\"yoast-schema-graph\">{\"@context\":\"https:\/\/schema.org\",\"@graph\":[{\"@type\":\"WebPage\",\"@id\":\"https:\/\/verdadeon.com.br\/portal\/2024\/08\/21\/grande-dia-esta-chegando-mc-dia-feliz-e-neste-sabado\/\",\"url\":\"https:\/\/verdadeon.com.br\/portal\/2024\/08\/21\/grande-dia-esta-chegando-mc-dia-feliz-e-neste-sabado\/\",\"name\":\"Grande dia est\u00e1 chegando: MC Dia Feliz \u00e9 neste s\u00e1bado! - VerdadeOn\",\"isPartOf\":{\"@id\":\"https:\/\/verdadeon.com.br\/portal\/#website\"},\"primaryImageOfPage\":{\"@id\":\"https:\/\/verdadeon.com.br\/portal\/2024\/08\/21\/grande-dia-esta-chegando-mc-dia-feliz-e-neste-sabado\/#primaryimage\"},\"image\":{\"@id\":\"https:\/\/verdadeon.com.br\/portal\/2024\/08\/21\/grande-dia-esta-chegando-mc-dia-feliz-e-neste-sabado\/#primaryimage\"},\"thumbnailUrl\":\"https:\/\/i0.wp.com\/verdadeon.com.br\/portal\/wp-content\/uploads\/2024\/08\/WhatsApp-Image-2024-08-21-at-12.05.27.jpeg?fit=993%2C666&ssl=1\",\"datePublished\":\"2024-08-21T16:58:43+00:00\",\"dateModified\":\"2024-08-23T11:20:54+00:00\",\"author\":{\"@id\":\"https:\/\/verdadeon.com.br\/portal\/#\/schema\/person\/a5060ad1e9ea3df545188fc93ce43d2f\"},\"breadcrumb\":{\"@id\":\"https:\/\/verdadeon.com.br\/portal\/2024\/08\/21\/grande-dia-esta-chegando-mc-dia-feliz-e-neste-sabado\/#breadcrumb\"},\"inLanguage\":\"pt-BR\",\"potentialAction\":[{\"@type\":\"ReadAction\",\"target\":[\"https:\/\/verdadeon.com.br\/portal\/2024\/08\/21\/grande-dia-esta-chegando-mc-dia-feliz-e-neste-sabado\/\"]}]},{\"@type\":\"ImageObject\",\"inLanguage\":\"pt-BR\",\"@id\":\"https:\/\/verdadeon.com.br\/portal\/2024\/08\/21\/grande-dia-esta-chegando-mc-dia-feliz-e-neste-sabado\/#primaryimage\",\"url\":\"https:\/\/i0.wp.com\/verdadeon.com.br\/portal\/wp-content\/uploads\/2024\/08\/WhatsApp-Image-2024-08-21-at-12.05.27.jpeg?fit=993%2C666&ssl=1\",\"contentUrl\":\"https:\/\/i0.wp.com\/verdadeon.com.br\/portal\/wp-content\/uploads\/2024\/08\/WhatsApp-Image-2024-08-21-at-12.05.27.jpeg?fit=993%2C666&ssl=1\",\"width\":993,\"height\":666,\"caption\":\"MC Dia Feliz de Franca acontece nos quatro pontos do Mc Donalds na cidade, neste s\u00e1bado, 24 (\u00a9Divulga\u00e7\u00e3o)\"},{\"@type\":\"BreadcrumbList\",\"@id\":\"https:\/\/verdadeon.com.br\/portal\/2024\/08\/21\/grande-dia-esta-chegando-mc-dia-feliz-e-neste-sabado\/#breadcrumb\",\"itemListElement\":[{\"@type\":\"ListItem\",\"position\":1,\"name\":\"In\u00edcio\",\"item\":\"https:\/\/verdadeon.com.br\/portal\/\"},{\"@type\":\"ListItem\",\"position\":2,\"name\":\"Grande dia est\u00e1 chegando: MC Dia Feliz \u00e9 neste s\u00e1bado!\"}]},{\"@type\":\"WebSite\",\"@id\":\"https:\/\/verdadeon.com.br\/portal\/#website\",\"url\":\"https:\/\/verdadeon.com.br\/portal\/\",\"name\":\"VerdadeOn\",\"description\":\"Not\u00edcias di\u00e1rias sobre Franca, Regi\u00e3o, Esporte, Cultura, Cotidiano, Colunas. Cobertura nos principais eventos da cidade \u00e9 aqui - Verdadeon Franca\",\"potentialAction\":[{\"@type\":\"SearchAction\",\"target\":{\"@type\":\"EntryPoint\",\"urlTemplate\":\"https:\/\/verdadeon.com.br\/portal\/?s={search_term_string}\"},\"query-input\":{\"@type\":\"PropertyValueSpecification\",\"valueRequired\":true,\"valueName\":\"search_term_string\"}}],\"inLanguage\":\"pt-BR\"},{\"@type\":\"Person\",\"@id\":\"https:\/\/verdadeon.com.br\/portal\/#\/schema\/person\/a5060ad1e9ea3df545188fc93ce43d2f\",\"name\":\"Redacao VerdadeOn\",\"image\":{\"@type\":\"ImageObject\",\"inLanguage\":\"pt-BR\",\"@id\":\"https:\/\/verdadeon.com.br\/portal\/#\/schema\/person\/image\/\",\"url\":\"https:\/\/secure.gravatar.com\/avatar\/459a9613caaaf07f582c3d0841eea68bdd66f533e465e6ba8b9cb45619572cf4?s=96&d=mm&r=g\",\"contentUrl\":\"https:\/\/secure.gravatar.com\/avatar\/459a9613caaaf07f582c3d0841eea68bdd66f533e465e6ba8b9cb45619572cf4?s=96&d=mm&r=g\",\"caption\":\"Redacao VerdadeOn\"},\"url\":\"https:\/\/verdadeon.com.br\/portal\/author\/redacao\/\"}]}<\/script>\n<!-- \/ Yoast SEO plugin. -->","yoast_head_json":{"title":"Grande dia est\u00e1 chegando: MC Dia Feliz \u00e9 neste s\u00e1bado! - VerdadeOn","robots":{"index":"index","follow":"follow","max-snippet":"max-snippet:-1","max-image-preview":"max-image-preview:large","max-video-preview":"max-video-preview:-1"},"canonical":"https:\/\/verdadeon.com.br\/portal\/2024\/08\/21\/grande-dia-esta-chegando-mc-dia-feliz-e-neste-sabado\/","og_locale":"pt_BR","og_type":"article","og_title":"Grande dia est\u00e1 chegando: MC Dia Feliz \u00e9 neste s\u00e1bado! - VerdadeOn","og_description":"Chegou a hora de comprar BigMac e salvar vidas de crian\u00e7as e jovens em tratamento no Hospital do C\u00e2ncer de Franca! O McDia Feliz \u00e9 uma [\u2026]","og_url":"https:\/\/verdadeon.com.br\/portal\/2024\/08\/21\/grande-dia-esta-chegando-mc-dia-feliz-e-neste-sabado\/","og_site_name":"VerdadeOn","article_published_time":"2024-08-21T16:58:43+00:00","article_modified_time":"2024-08-23T11:20:54+00:00","og_image":[{"width":993,"height":666,"url":"https:\/\/verdadeon.com.br\/portal\/wp-content\/uploads\/2024\/08\/WhatsApp-Image-2024-08-21-at-12.05.27.jpeg","type":"image\/jpeg"}],"author":"Redacao VerdadeOn","twitter_card":"summary_large_image","twitter_misc":{"Escrito por":"Redacao VerdadeOn","Est. tempo de leitura":"2 minutos"},"schema":{"@context":"https:\/\/schema.org","@graph":[{"@type":"WebPage","@id":"https:\/\/verdadeon.com.br\/portal\/2024\/08\/21\/grande-dia-esta-chegando-mc-dia-feliz-e-neste-sabado\/","url":"https:\/\/verdadeon.com.br\/portal\/2024\/08\/21\/grande-dia-esta-chegando-mc-dia-feliz-e-neste-sabado\/","name":"Grande dia est\u00e1 chegando: MC Dia Feliz \u00e9 neste s\u00e1bado! - VerdadeOn","isPartOf":{"@id":"https:\/\/verdadeon.com.br\/portal\/#website"},"primaryImageOfPage":{"@id":"https:\/\/verdadeon.com.br\/portal\/2024\/08\/21\/grande-dia-esta-chegando-mc-dia-feliz-e-neste-sabado\/#primaryimage"},"image":{"@id":"https:\/\/verdadeon.com.br\/portal\/2024\/08\/21\/grande-dia-esta-chegando-mc-dia-feliz-e-neste-sabado\/#primaryimage"},"thumbnailUrl":"https:\/\/i0.wp.com\/verdadeon.com.br\/portal\/wp-content\/uploads\/2024\/08\/WhatsApp-Image-2024-08-21-at-12.05.27.jpeg?fit=993%2C666&ssl=1","datePublished":"2024-08-21T16:58:43+00:00","dateModified":"2024-08-23T11:20:54+00:00","author":{"@id":"https:\/\/verdadeon.com.br\/portal\/#\/schema\/person\/a5060ad1e9ea3df545188fc93ce43d2f"},"breadcrumb":{"@id":"https:\/\/verdadeon.com.br\/portal\/2024\/08\/21\/grande-dia-esta-chegando-mc-dia-feliz-e-neste-sabado\/#breadcrumb"},"inLanguage":"pt-BR","potentialAction":[{"@type":"ReadAction","target":["https:\/\/verdadeon.com.br\/portal\/2024\/08\/21\/grande-dia-esta-chegando-mc-dia-feliz-e-neste-sabado\/"]}]},{"@type":"ImageObject","inLanguage":"pt-BR","@id":"https:\/\/verdadeon.com.br\/portal\/2024\/08\/21\/grande-dia-esta-chegando-mc-dia-feliz-e-neste-sabado\/#primaryimage","url":"https:\/\/i0.wp.com\/verdadeon.com.br\/portal\/wp-content\/uploads\/2024\/08\/WhatsApp-Image-2024-08-21-at-12.05.27.jpeg?fit=993%2C666&ssl=1","contentUrl":"https:\/\/i0.wp.com\/verdadeon.com.br\/portal\/wp-content\/uploads\/2024\/08\/WhatsApp-Image-2024-08-21-at-12.05.27.jpeg?fit=993%2C666&ssl=1","width":993,"height":666,"caption":"MC Dia Feliz de Franca acontece nos quatro pontos do Mc Donalds na cidade, neste s\u00e1bado, 24 (\u00a9Divulga\u00e7\u00e3o)"},{"@type":"BreadcrumbList","@id":"https:\/\/verdadeon.com.br\/portal\/2024\/08\/21\/grande-dia-esta-chegando-mc-dia-feliz-e-neste-sabado\/#breadcrumb","itemListElement":[{"@type":"ListItem","position":1,"name":"In\u00edcio","item":"https:\/\/verdadeon.com.br\/portal\/"},{"@type":"ListItem","position":2,"name":"Grande dia est\u00e1 chegando: MC Dia Feliz \u00e9 neste s\u00e1bado!"}]},{"@type":"WebSite","@id":"https:\/\/verdadeon.com.br\/portal\/#website","url":"https:\/\/verdadeon.com.br\/portal\/","name":"VerdadeOn","description":"Not\u00edcias di\u00e1rias sobre Franca, Regi\u00e3o, Esporte, Cultura, Cotidiano, Colunas. Cobertura nos principais eventos da cidade \u00e9 aqui - Verdadeon Franca","potentialAction":[{"@type":"SearchAction","target":{"@type":"EntryPoint","urlTemplate":"https:\/\/verdadeon.com.br\/portal\/?s={search_term_string}"},"query-input":{"@type":"PropertyValueSpecification","valueRequired":true,"valueName":"search_term_string"}}],"inLanguage":"pt-BR"},{"@type":"Person","@id":"https:\/\/verdadeon.com.br\/portal\/#\/schema\/person\/a5060ad1e9ea3df545188fc93ce43d2f","name":"Redacao VerdadeOn","image":{"@type":"ImageObject","inLanguage":"pt-BR","@id":"https:\/\/verdadeon.com.br\/portal\/#\/schema\/person\/image\/","url":"https:\/\/secure.gravatar.com\/avatar\/459a9613caaaf07f582c3d0841eea68bdd66f533e465e6ba8b9cb45619572cf4?s=96&d=mm&r=g","contentUrl":"https:\/\/secure.gravatar.com\/avatar\/459a9613caaaf07f582c3d0841eea68bdd66f533e465e6ba8b9cb45619572cf4?s=96&d=mm&r=g","caption":"Redacao VerdadeOn"},"url":"https:\/\/verdadeon.com.br\/portal\/author\/redacao\/"}]}},"jetpack_publicize_connections":[],"jetpack_featured_media_url":"https:\/\/i0.wp.com\/verdadeon.com.br\/portal\/wp-content\/uploads\/2024\/08\/WhatsApp-Image-2024-08-21-at-12.05.27.jpeg?fit=993%2C666&ssl=1","jetpack_sharing_enabled":true,"_links":{"self":[{"href":"https:\/\/verdadeon.com.br\/portal\/wp-json\/wp\/v2\/posts\/48675","targetHints":{"allow":["GET"]}}],"collection":[{"href":"https:\/\/verdadeon.com.br\/portal\/wp-json\/wp\/v2\/posts"}],"about":[{"href":"https:\/\/verdadeon.com.br\/portal\/wp-json\/wp\/v2\/types\/post"}],"author":[{"embeddable":true,"href":"https:\/\/verdadeon.com.br\/portal\/wp-json\/wp\/v2\/users\/10"}],"replies":[{"embeddable":true,"href":"https:\/\/verdadeon.com.br\/portal\/wp-json\/wp\/v2\/comments?post=48675"}],"version-history":[{"count":3,"href":"https:\/\/verdadeon.com.br\/portal\/wp-json\/wp\/v2\/posts\/48675\/revisions"}],"predecessor-version":[{"id":48793,"href":"https:\/\/verdadeon.com.br\/portal\/wp-json\/wp\/v2\/posts\/48675\/revisions\/48793"}],"wp:featuredmedia":[{"embeddable":true,"href":"https:\/\/verdadeon.com.br\/portal\/wp-json\/wp\/v2\/media\/48676"}],"wp:attachment":[{"href":"https:\/\/verdadeon.com.br\/portal\/wp-json\/wp\/v2\/media?parent=48675"}],"wp:term":[{"taxonomy":"category","embeddable":true,"href":"https:\/\/verdadeon.com.br\/portal\/wp-json\/wp\/v2\/categories?post=48675"},{"taxonomy":"post_tag","embeddable":true,"href":"https:\/\/verdadeon.com.br\/portal\/wp-json\/wp\/v2\/tags?post=48675"}],"curies":[{"name":"wp","href":"https:\/\/api.w.org\/{rel}","templated":true}]}}