{"id":48642,"date":"2024-08-20T08:00:24","date_gmt":"2024-08-20T11:00:24","guid":{"rendered":"https:\/\/verdadeon.com.br\/portal\/?p=48642"},"modified":"2024-08-20T17:01:03","modified_gmt":"2024-08-20T20:01:03","slug":"aplicativo-pardal-recebe-mais-de-4-mil-denuncias-no-1o-fim-de-semana-de-campanha-eleitoral","status":"publish","type":"post","link":"https:\/\/verdadeon.com.br\/portal\/2024\/08\/20\/aplicativo-pardal-recebe-mais-de-4-mil-denuncias-no-1o-fim-de-semana-de-campanha-eleitoral\/","title":{"rendered":"Aplicativo Pardal recebe mais de 4 mil den\u00fancias no 1\u00ba fim de semana de campanha eleitoral"},"content":{"rendered":"<header class=\"noticia-cabecalho\">\n<h2 class=\"noticia-subtitulo\">Vers\u00e3o atualizada do aplicativo j\u00e1 est\u00e1 dispon\u00edvel nas lojas virtuais<\/h2>\n<\/header>\n<div class=\"noticia__conteudo\">\n<div class=\"noticia__linha\">\n<div class=\"noticia-dados\">\n<div class=\"autor\">\n<p>No primeiro fim de semana de campanha de candidatas e candidatos das Elei\u00e7\u00f5es Municipais deste ano, o aplicativo Pardal 2024, desenvolvido pela Justi\u00e7a Eleitoral, recebeu 4.396 den\u00fancias at\u00e9 as 18h desta segunda-feira (19), vindas principalmente dos estados de S\u00e3o Paulo (695), de Minas Gerais (514) e do Rio Grande do Sul (422).<a href=\"https:\/\/www.tse.jus.br\/comunicacao\/noticias\/2024\/Agosto\/saiba-o-que-e-permitido-e-o-que-e-proibido-na-propaganda-eleitoral-nas-ruas-e-na-internet\">A propaganda eleitoral das Elei\u00e7\u00f5es 2024 para os cargos de prefeito e vereador come\u00e7ou na sexta-feira (16).<\/a><\/p>\n<p>At\u00e9 o momento, a maior parte das den\u00fancias trata de propaganda eleitoral irregular envolvendo candidatas e candidatos ao cargo de vereador: 2.196.<\/p>\n<p>A vers\u00e3o atualizada do aplicativo pode ser baixada gratuitamente nas lojas de dispositivos m\u00f3veis (fa\u00e7a o download no\u202f<a href=\"https:\/\/play.google.com\/store\/apps\/details?id=br.jus.trees.pardalmobile\">Google Play<\/a>\u202fou na\u202f<a href=\"https:\/\/apps.apple.com\/br\/app\/pardal\/id1138128680\">App Store<\/a>).\u00a0Acompanhe as estat\u00edsticas pelo <a href=\"https:\/\/pardal.tse.jus.br\/pardal-web\/\">Pardal Web<\/a>.<\/p>\n<p id=\"titulo-0\"><strong>Portaria sobre o aplicativo\u00a0\u00a0<\/strong><\/p>\n<p>Publicada na sexta (16),\u00a0<a href=\"https:\/\/www.tse.jus.br\/comunicacao\/noticias\/2024\/Agosto\/pardal-2024-recebera-denuncias-de-propaganda-eleitoral-irregular-na-internet\">a Portaria do Tribunal Superior Eleitoral (TSE) n\u00ba 662\/2024 informa sobre a utiliza\u00e7\u00e3o do\u202fapp\u202fpara o encaminhamento de den\u00fancias de propaganda irregular nas elei\u00e7\u00f5es<\/a>. A maior novidade para este ano \u00e9 o uso da ferramenta para denunciar desvios nas campanhas eleitorais na internet.<\/p>\n<p>Desde sexta,\u202fos seguintes servi\u00e7os est\u00e3o dispon\u00edveis para recebimento e acompanhamento das den\u00fancias de irregularidades na propaganda eleitoral: Pardal M\u00f3vel, Pardal Web e Pardal ADM.<\/p>\n<p>No Pardal M\u00f3vel, dispon\u00edvel para smartphone e tablet, \u00e9 poss\u00edvel denunciar propaganda eleitoral irregular na internet e outras formas de propaganda inadequada, devidamente especificadas pelo pr\u00f3prio aplicativo.<\/p>\n<p id=\"titulo-1\"><strong>Outros tipos de den\u00fancia\u202f\u00a0\u00a0<\/strong><\/p>\n<p>\u00c9 importante ressaltar que o Pardal somente recebe den\u00fancias de propaganda eleitoral irregular.\u202fDentro do app, h\u00e1 um bot\u00e3o que direcionar\u00e1 as pessoas denunciantes para o Sistema de Alerta de Desinforma\u00e7\u00e3o Eleitoral (Siade), quando a queixa envolver desinforma\u00e7\u00e3o, e para o Minist\u00e9rio P\u00fablico Eleitoral, se o assunto estiver relacionado a crime eleitoral ou outros il\u00edcitos eleitorais.<\/p>\n<p>Den\u00fancias sobre desinforma\u00e7\u00e3o tamb\u00e9m podem ser feitas pelo\u202f<a href=\"https:\/\/www.tse.jus.br\/comunicacao\/noticias\/2024\/Agosto\/sos-voto-saiba-como-funciona-o-numero-para-denunciar-mentiras-sobre-as-eleicoes-2024\">SOS Voto, por meio do n\u00famero 1491<\/a>.<\/p>\n<\/div>\n<\/div>\n<\/div>\n<\/div>\n","protected":false},"excerpt":{"rendered":"<p>Vers\u00e3o atualizada do aplicativo j\u00e1 est\u00e1 dispon\u00edvel nas lojas virtuais No primeiro fim de semana de campanha de candidatas e candidatos das Elei\u00e7\u00f5es Municipais deste ano,<span class=\"excerpt-hellip\"> [\u2026]<\/span><\/p>\n","protected":false},"author":10,"featured_media":48643,"comment_status":"open","ping_status":"open","sticky":false,"template":"","format":"standard","meta":{"_jetpack_memberships_contains_paid_content":false,"footnotes":"","jetpack_publicize_message":"","jetpack_publicize_feature_enabled":true,"jetpack_social_post_already_shared":true,"jetpack_social_options":{"image_generator_settings":{"template":"highway","default_image_id":0,"enabled":false},"version":2}},"categories":[28,44],"tags":[],"class_list":["post-48642","post","type-post","status-publish","format-standard","has-post-thumbnail","hentry","category-cotidiano","category-noticias"],"yoast_head":"<!-- This site is optimized with the Yoast SEO plugin v25.6 - https:\/\/yoast.com\/wordpress\/plugins\/seo\/ -->\n<title>Aplicativo Pardal recebe mais de 4 mil den\u00fancias no 1\u00ba fim de semana de campanha eleitoral - VerdadeOn<\/title>\n<meta name=\"robots\" content=\"index, follow, max-snippet:-1, max-image-preview:large, max-video-preview:-1\" \/>\n<link rel=\"canonical\" href=\"https:\/\/verdadeon.com.br\/portal\/2024\/08\/20\/aplicativo-pardal-recebe-mais-de-4-mil-denuncias-no-1o-fim-de-semana-de-campanha-eleitoral\/\" \/>\n<meta property=\"og:locale\" content=\"pt_BR\" \/>\n<meta property=\"og:type\" content=\"article\" \/>\n<meta property=\"og:title\" content=\"Aplicativo Pardal recebe mais de 4 mil den\u00fancias no 1\u00ba fim de semana de campanha eleitoral - VerdadeOn\" \/>\n<meta property=\"og:description\" content=\"Vers\u00e3o atualizada do aplicativo j\u00e1 est\u00e1 dispon\u00edvel nas lojas virtuais No primeiro fim de semana de campanha de candidatas e candidatos das Elei\u00e7\u00f5es Municipais deste ano, [\u2026]\" \/>\n<meta property=\"og:url\" content=\"https:\/\/verdadeon.com.br\/portal\/2024\/08\/20\/aplicativo-pardal-recebe-mais-de-4-mil-denuncias-no-1o-fim-de-semana-de-campanha-eleitoral\/\" \/>\n<meta property=\"og:site_name\" content=\"VerdadeOn\" \/>\n<meta property=\"article:published_time\" content=\"2024-08-20T11:00:24+00:00\" \/>\n<meta property=\"article:modified_time\" content=\"2024-08-20T20:01:03+00:00\" \/>\n<meta property=\"og:image\" content=\"https:\/\/verdadeon.com.br\/portal\/wp-content\/uploads\/2024\/08\/c9f740a1-1c93-4b0c-a5d1-f8626a3357ea.jpeg\" \/>\n\t<meta property=\"og:image:width\" content=\"448\" \/>\n\t<meta property=\"og:image:height\" content=\"300\" \/>\n\t<meta property=\"og:image:type\" content=\"image\/jpeg\" \/>\n<meta name=\"author\" content=\"Redacao VerdadeOn\" \/>\n<meta name=\"twitter:card\" content=\"summary_large_image\" \/>\n<meta name=\"twitter:label1\" content=\"Escrito por\" \/>\n\t<meta name=\"twitter:data1\" content=\"Redacao VerdadeOn\" \/>\n\t<meta name=\"twitter:label2\" content=\"Est. tempo de leitura\" \/>\n\t<meta name=\"twitter:data2\" content=\"2 minutos\" \/>\n<script type=\"application\/ld+json\" class=\"yoast-schema-graph\">{\"@context\":\"https:\/\/schema.org\",\"@graph\":[{\"@type\":\"WebPage\",\"@id\":\"https:\/\/verdadeon.com.br\/portal\/2024\/08\/20\/aplicativo-pardal-recebe-mais-de-4-mil-denuncias-no-1o-fim-de-semana-de-campanha-eleitoral\/\",\"url\":\"https:\/\/verdadeon.com.br\/portal\/2024\/08\/20\/aplicativo-pardal-recebe-mais-de-4-mil-denuncias-no-1o-fim-de-semana-de-campanha-eleitoral\/\",\"name\":\"Aplicativo Pardal recebe mais de 4 mil den\u00fancias no 1\u00ba fim de semana de campanha eleitoral - VerdadeOn\",\"isPartOf\":{\"@id\":\"https:\/\/verdadeon.com.br\/portal\/#website\"},\"primaryImageOfPage\":{\"@id\":\"https:\/\/verdadeon.com.br\/portal\/2024\/08\/20\/aplicativo-pardal-recebe-mais-de-4-mil-denuncias-no-1o-fim-de-semana-de-campanha-eleitoral\/#primaryimage\"},\"image\":{\"@id\":\"https:\/\/verdadeon.com.br\/portal\/2024\/08\/20\/aplicativo-pardal-recebe-mais-de-4-mil-denuncias-no-1o-fim-de-semana-de-campanha-eleitoral\/#primaryimage\"},\"thumbnailUrl\":\"https:\/\/i0.wp.com\/verdadeon.com.br\/portal\/wp-content\/uploads\/2024\/08\/c9f740a1-1c93-4b0c-a5d1-f8626a3357ea.jpeg?fit=448%2C300&ssl=1\",\"datePublished\":\"2024-08-20T11:00:24+00:00\",\"dateModified\":\"2024-08-20T20:01:03+00:00\",\"author\":{\"@id\":\"https:\/\/verdadeon.com.br\/portal\/#\/schema\/person\/a5060ad1e9ea3df545188fc93ce43d2f\"},\"breadcrumb\":{\"@id\":\"https:\/\/verdadeon.com.br\/portal\/2024\/08\/20\/aplicativo-pardal-recebe-mais-de-4-mil-denuncias-no-1o-fim-de-semana-de-campanha-eleitoral\/#breadcrumb\"},\"inLanguage\":\"pt-BR\",\"potentialAction\":[{\"@type\":\"ReadAction\",\"target\":[\"https:\/\/verdadeon.com.br\/portal\/2024\/08\/20\/aplicativo-pardal-recebe-mais-de-4-mil-denuncias-no-1o-fim-de-semana-de-campanha-eleitoral\/\"]}]},{\"@type\":\"ImageObject\",\"inLanguage\":\"pt-BR\",\"@id\":\"https:\/\/verdadeon.com.br\/portal\/2024\/08\/20\/aplicativo-pardal-recebe-mais-de-4-mil-denuncias-no-1o-fim-de-semana-de-campanha-eleitoral\/#primaryimage\",\"url\":\"https:\/\/i0.wp.com\/verdadeon.com.br\/portal\/wp-content\/uploads\/2024\/08\/c9f740a1-1c93-4b0c-a5d1-f8626a3357ea.jpeg?fit=448%2C300&ssl=1\",\"contentUrl\":\"https:\/\/i0.wp.com\/verdadeon.com.br\/portal\/wp-content\/uploads\/2024\/08\/c9f740a1-1c93-4b0c-a5d1-f8626a3357ea.jpeg?fit=448%2C300&ssl=1\",\"width\":448,\"height\":300,\"caption\":\"Maior parte das den\u00fancias at\u00e9 o momento tratam de propaganda eleitoral irregular (\u00a9Divulga\u00e7\u00e3o)\"},{\"@type\":\"BreadcrumbList\",\"@id\":\"https:\/\/verdadeon.com.br\/portal\/2024\/08\/20\/aplicativo-pardal-recebe-mais-de-4-mil-denuncias-no-1o-fim-de-semana-de-campanha-eleitoral\/#breadcrumb\",\"itemListElement\":[{\"@type\":\"ListItem\",\"position\":1,\"name\":\"In\u00edcio\",\"item\":\"https:\/\/verdadeon.com.br\/portal\/\"},{\"@type\":\"ListItem\",\"position\":2,\"name\":\"Aplicativo Pardal recebe mais de 4 mil den\u00fancias no 1\u00ba fim de semana de campanha eleitoral\"}]},{\"@type\":\"WebSite\",\"@id\":\"https:\/\/verdadeon.com.br\/portal\/#website\",\"url\":\"https:\/\/verdadeon.com.br\/portal\/\",\"name\":\"VerdadeOn\",\"description\":\"Not\u00edcias di\u00e1rias sobre Franca, Regi\u00e3o, Esporte, Cultura, Cotidiano, Colunas. Cobertura nos principais eventos da cidade \u00e9 aqui - Verdadeon Franca\",\"potentialAction\":[{\"@type\":\"SearchAction\",\"target\":{\"@type\":\"EntryPoint\",\"urlTemplate\":\"https:\/\/verdadeon.com.br\/portal\/?s={search_term_string}\"},\"query-input\":{\"@type\":\"PropertyValueSpecification\",\"valueRequired\":true,\"valueName\":\"search_term_string\"}}],\"inLanguage\":\"pt-BR\"},{\"@type\":\"Person\",\"@id\":\"https:\/\/verdadeon.com.br\/portal\/#\/schema\/person\/a5060ad1e9ea3df545188fc93ce43d2f\",\"name\":\"Redacao VerdadeOn\",\"image\":{\"@type\":\"ImageObject\",\"inLanguage\":\"pt-BR\",\"@id\":\"https:\/\/verdadeon.com.br\/portal\/#\/schema\/person\/image\/\",\"url\":\"https:\/\/secure.gravatar.com\/avatar\/459a9613caaaf07f582c3d0841eea68bdd66f533e465e6ba8b9cb45619572cf4?s=96&d=mm&r=g\",\"contentUrl\":\"https:\/\/secure.gravatar.com\/avatar\/459a9613caaaf07f582c3d0841eea68bdd66f533e465e6ba8b9cb45619572cf4?s=96&d=mm&r=g\",\"caption\":\"Redacao VerdadeOn\"},\"url\":\"https:\/\/verdadeon.com.br\/portal\/author\/redacao\/\"}]}<\/script>\n<!-- \/ Yoast SEO plugin. -->","yoast_head_json":{"title":"Aplicativo Pardal recebe mais de 4 mil den\u00fancias no 1\u00ba fim de semana de campanha eleitoral - VerdadeOn","robots":{"index":"index","follow":"follow","max-snippet":"max-snippet:-1","max-image-preview":"max-image-preview:large","max-video-preview":"max-video-preview:-1"},"canonical":"https:\/\/verdadeon.com.br\/portal\/2024\/08\/20\/aplicativo-pardal-recebe-mais-de-4-mil-denuncias-no-1o-fim-de-semana-de-campanha-eleitoral\/","og_locale":"pt_BR","og_type":"article","og_title":"Aplicativo Pardal recebe mais de 4 mil den\u00fancias no 1\u00ba fim de semana de campanha eleitoral - VerdadeOn","og_description":"Vers\u00e3o atualizada do aplicativo j\u00e1 est\u00e1 dispon\u00edvel nas lojas virtuais No primeiro fim de semana de campanha de candidatas e candidatos das Elei\u00e7\u00f5es Municipais deste ano, [\u2026]","og_url":"https:\/\/verdadeon.com.br\/portal\/2024\/08\/20\/aplicativo-pardal-recebe-mais-de-4-mil-denuncias-no-1o-fim-de-semana-de-campanha-eleitoral\/","og_site_name":"VerdadeOn","article_published_time":"2024-08-20T11:00:24+00:00","article_modified_time":"2024-08-20T20:01:03+00:00","og_image":[{"width":448,"height":300,"url":"https:\/\/verdadeon.com.br\/portal\/wp-content\/uploads\/2024\/08\/c9f740a1-1c93-4b0c-a5d1-f8626a3357ea.jpeg","type":"image\/jpeg"}],"author":"Redacao VerdadeOn","twitter_card":"summary_large_image","twitter_misc":{"Escrito por":"Redacao VerdadeOn","Est. tempo de leitura":"2 minutos"},"schema":{"@context":"https:\/\/schema.org","@graph":[{"@type":"WebPage","@id":"https:\/\/verdadeon.com.br\/portal\/2024\/08\/20\/aplicativo-pardal-recebe-mais-de-4-mil-denuncias-no-1o-fim-de-semana-de-campanha-eleitoral\/","url":"https:\/\/verdadeon.com.br\/portal\/2024\/08\/20\/aplicativo-pardal-recebe-mais-de-4-mil-denuncias-no-1o-fim-de-semana-de-campanha-eleitoral\/","name":"Aplicativo Pardal recebe mais de 4 mil den\u00fancias no 1\u00ba fim de semana de campanha eleitoral - VerdadeOn","isPartOf":{"@id":"https:\/\/verdadeon.com.br\/portal\/#website"},"primaryImageOfPage":{"@id":"https:\/\/verdadeon.com.br\/portal\/2024\/08\/20\/aplicativo-pardal-recebe-mais-de-4-mil-denuncias-no-1o-fim-de-semana-de-campanha-eleitoral\/#primaryimage"},"image":{"@id":"https:\/\/verdadeon.com.br\/portal\/2024\/08\/20\/aplicativo-pardal-recebe-mais-de-4-mil-denuncias-no-1o-fim-de-semana-de-campanha-eleitoral\/#primaryimage"},"thumbnailUrl":"https:\/\/i0.wp.com\/verdadeon.com.br\/portal\/wp-content\/uploads\/2024\/08\/c9f740a1-1c93-4b0c-a5d1-f8626a3357ea.jpeg?fit=448%2C300&ssl=1","datePublished":"2024-08-20T11:00:24+00:00","dateModified":"2024-08-20T20:01:03+00:00","author":{"@id":"https:\/\/verdadeon.com.br\/portal\/#\/schema\/person\/a5060ad1e9ea3df545188fc93ce43d2f"},"breadcrumb":{"@id":"https:\/\/verdadeon.com.br\/portal\/2024\/08\/20\/aplicativo-pardal-recebe-mais-de-4-mil-denuncias-no-1o-fim-de-semana-de-campanha-eleitoral\/#breadcrumb"},"inLanguage":"pt-BR","potentialAction":[{"@type":"ReadAction","target":["https:\/\/verdadeon.com.br\/portal\/2024\/08\/20\/aplicativo-pardal-recebe-mais-de-4-mil-denuncias-no-1o-fim-de-semana-de-campanha-eleitoral\/"]}]},{"@type":"ImageObject","inLanguage":"pt-BR","@id":"https:\/\/verdadeon.com.br\/portal\/2024\/08\/20\/aplicativo-pardal-recebe-mais-de-4-mil-denuncias-no-1o-fim-de-semana-de-campanha-eleitoral\/#primaryimage","url":"https:\/\/i0.wp.com\/verdadeon.com.br\/portal\/wp-content\/uploads\/2024\/08\/c9f740a1-1c93-4b0c-a5d1-f8626a3357ea.jpeg?fit=448%2C300&ssl=1","contentUrl":"https:\/\/i0.wp.com\/verdadeon.com.br\/portal\/wp-content\/uploads\/2024\/08\/c9f740a1-1c93-4b0c-a5d1-f8626a3357ea.jpeg?fit=448%2C300&ssl=1","width":448,"height":300,"caption":"Maior parte das den\u00fancias at\u00e9 o momento tratam de propaganda eleitoral irregular (\u00a9Divulga\u00e7\u00e3o)"},{"@type":"BreadcrumbList","@id":"https:\/\/verdadeon.com.br\/portal\/2024\/08\/20\/aplicativo-pardal-recebe-mais-de-4-mil-denuncias-no-1o-fim-de-semana-de-campanha-eleitoral\/#breadcrumb","itemListElement":[{"@type":"ListItem","position":1,"name":"In\u00edcio","item":"https:\/\/verdadeon.com.br\/portal\/"},{"@type":"ListItem","position":2,"name":"Aplicativo Pardal recebe mais de 4 mil den\u00fancias no 1\u00ba fim de semana de campanha eleitoral"}]},{"@type":"WebSite","@id":"https:\/\/verdadeon.com.br\/portal\/#website","url":"https:\/\/verdadeon.com.br\/portal\/","name":"VerdadeOn","description":"Not\u00edcias di\u00e1rias sobre Franca, Regi\u00e3o, Esporte, Cultura, Cotidiano, Colunas. Cobertura nos principais eventos da cidade \u00e9 aqui - Verdadeon Franca","potentialAction":[{"@type":"SearchAction","target":{"@type":"EntryPoint","urlTemplate":"https:\/\/verdadeon.com.br\/portal\/?s={search_term_string}"},"query-input":{"@type":"PropertyValueSpecification","valueRequired":true,"valueName":"search_term_string"}}],"inLanguage":"pt-BR"},{"@type":"Person","@id":"https:\/\/verdadeon.com.br\/portal\/#\/schema\/person\/a5060ad1e9ea3df545188fc93ce43d2f","name":"Redacao VerdadeOn","image":{"@type":"ImageObject","inLanguage":"pt-BR","@id":"https:\/\/verdadeon.com.br\/portal\/#\/schema\/person\/image\/","url":"https:\/\/secure.gravatar.com\/avatar\/459a9613caaaf07f582c3d0841eea68bdd66f533e465e6ba8b9cb45619572cf4?s=96&d=mm&r=g","contentUrl":"https:\/\/secure.gravatar.com\/avatar\/459a9613caaaf07f582c3d0841eea68bdd66f533e465e6ba8b9cb45619572cf4?s=96&d=mm&r=g","caption":"Redacao VerdadeOn"},"url":"https:\/\/verdadeon.com.br\/portal\/author\/redacao\/"}]}},"jetpack_publicize_connections":[],"jetpack_featured_media_url":"https:\/\/i0.wp.com\/verdadeon.com.br\/portal\/wp-content\/uploads\/2024\/08\/c9f740a1-1c93-4b0c-a5d1-f8626a3357ea.jpeg?fit=448%2C300&ssl=1","jetpack_sharing_enabled":true,"_links":{"self":[{"href":"https:\/\/verdadeon.com.br\/portal\/wp-json\/wp\/v2\/posts\/48642","targetHints":{"allow":["GET"]}}],"collection":[{"href":"https:\/\/verdadeon.com.br\/portal\/wp-json\/wp\/v2\/posts"}],"about":[{"href":"https:\/\/verdadeon.com.br\/portal\/wp-json\/wp\/v2\/types\/post"}],"author":[{"embeddable":true,"href":"https:\/\/verdadeon.com.br\/portal\/wp-json\/wp\/v2\/users\/10"}],"replies":[{"embeddable":true,"href":"https:\/\/verdadeon.com.br\/portal\/wp-json\/wp\/v2\/comments?post=48642"}],"version-history":[{"count":1,"href":"https:\/\/verdadeon.com.br\/portal\/wp-json\/wp\/v2\/posts\/48642\/revisions"}],"predecessor-version":[{"id":48644,"href":"https:\/\/verdadeon.com.br\/portal\/wp-json\/wp\/v2\/posts\/48642\/revisions\/48644"}],"wp:featuredmedia":[{"embeddable":true,"href":"https:\/\/verdadeon.com.br\/portal\/wp-json\/wp\/v2\/media\/48643"}],"wp:attachment":[{"href":"https:\/\/verdadeon.com.br\/portal\/wp-json\/wp\/v2\/media?parent=48642"}],"wp:term":[{"taxonomy":"category","embeddable":true,"href":"https:\/\/verdadeon.com.br\/portal\/wp-json\/wp\/v2\/categories?post=48642"},{"taxonomy":"post_tag","embeddable":true,"href":"https:\/\/verdadeon.com.br\/portal\/wp-json\/wp\/v2\/tags?post=48642"}],"curies":[{"name":"wp","href":"https:\/\/api.w.org\/{rel}","templated":true}]}}