{"id":48580,"date":"2024-08-19T14:55:27","date_gmt":"2024-08-19T17:55:27","guid":{"rendered":"https:\/\/verdadeon.com.br\/portal\/?p=48580"},"modified":"2024-08-19T14:55:27","modified_gmt":"2024-08-19T17:55:27","slug":"regiao-de-franca-recebe-alerta-de-emergencia-sobre-possiveis-riscos-de-incendio-florestal","status":"publish","type":"post","link":"https:\/\/verdadeon.com.br\/portal\/2024\/08\/19\/regiao-de-franca-recebe-alerta-de-emergencia-sobre-possiveis-riscos-de-incendio-florestal\/","title":{"rendered":"Regi\u00e3o de Franca recebe alerta de emerg\u00eancia sobre poss\u00edveis riscos de inc\u00eandio florestal"},"content":{"rendered":"<h2 class=\"excerpt\">Usu\u00e1rios cadastrados no SMS 40199 receberam alerta; mensagem orienta sobre risco de queimada e adverte para pr\u00e1tica criminosa de atear fogo<\/h2>\n<p>O Centro de Gerenciamento de Emerg\u00eancias da Defesa Civil do estado (CGE) emitiu alerta via SMS 40199 para 16 regi\u00f5es do estado de SP sobre o\u00a0<a role=\"link\" href=\"https:\/\/www.defesacivil.sp.gov.br\/nge\/incendio.html\" target=\"_blank\" rel=\"noopener noreferrer\">risco de inc\u00eandios florestais<\/a>.<\/p>\n<p>Receberam a mensagem usu\u00e1rios cadastrados nas seguintes regi\u00f5es: Capital, Regi\u00e3o Metropolitana de SP, Ara\u00e7atuba, Araraquara, Barretos, Bauru, Campinas, Franca, Itapeva, Mar\u00edlia, Presidente Prudente, Registro, Ribeir\u00e3o Preto, S\u00e3o Jose dos Campos, S\u00e3o Jose do Rio Preto e Sorocaba.<\/p>\n<figure id=\"attachment_5935416\" class=\"wp-caption alignnone\"><img data-recalc-dims=\"1\" loading=\"lazy\" decoding=\"async\" class=\"size-full wp-image-5935416\" src=\"https:\/\/i0.wp.com\/www.saopaulo.sp.gov.br\/wp-content\/uploads\/2024\/08\/mapa-risco.png?resize=1220%2C544&#038;ssl=1\" sizes=\"auto, (max-width: 1729px) 100vw, 1729px\" srcset=\"https:\/\/www.saopaulo.sp.gov.br\/wp-content\/uploads\/2024\/08\/mapa-risco.png 1729w, https:\/\/www.saopaulo.sp.gov.br\/wp-content\/uploads\/2024\/08\/mapa-risco-300x134.png 300w, https:\/\/www.saopaulo.sp.gov.br\/wp-content\/uploads\/2024\/08\/mapa-risco-1024x457.png 1024w, https:\/\/www.saopaulo.sp.gov.br\/wp-content\/uploads\/2024\/08\/mapa-risco-768x342.png 768w, https:\/\/www.saopaulo.sp.gov.br\/wp-content\/uploads\/2024\/08\/mapa-risco-1536x685.png 1536w\" alt=\"\" width=\"1220\" height=\"544\" \/><figcaption class=\"wp-caption-text\">Mapa de Risco de Inc\u00eandio da Defesa Civil de SP<\/figcaption><\/figure>\n<p>Segundo o meteorologista do CGE, Willian Minhoto a umidade relativa do ar poder\u00e1 atingir n\u00edveis cr\u00edticos ao longo do dia. Segundo ele, com exce\u00e7\u00e3o do Litoral Paulista, todo o estado atingir\u00e1 n\u00edveis abaixo dos 20% de umidade relativa do ar. As temperaturas tamb\u00e9m subir\u00e3o bastante. Na Capital h\u00e1 previs\u00e3o de m\u00e1xima de 32\u00b0C. Em Ribeir\u00e3o Preto e Ara\u00e7atuba as m\u00e1ximas podem chegar aos 36\u00b0C.<\/p>\n<p>O texto do SMS trazia a seguinte recomenda\u00e7\u00e3o: \u201cRisco elevado para inc\u00eandios florestais na regi\u00e3o. Redobre a aten\u00e7\u00e3o em \u00e1reas de vegeta\u00e7\u00e3o seca. N\u00e3o coloque fogo no mato, isso \u00e9 crime ambiental!\u201d.<\/p>\n<p><strong>Opera\u00e7\u00e3o SP Sem Fogo<\/strong><\/p>\n<p>A Opera\u00e7\u00e3o SP Sem Fogo, do Governo de S\u00e3o Paulo, est\u00e1 desde junho na fase vermelha, em que as a\u00e7\u00f5es de preven\u00e7\u00e3o e combate a focos de inc\u00eandio \u00e9 intensificada. O refor\u00e7o nas a\u00e7\u00f5es ocorre durante o per\u00edodo mais seco do ano, que vai at\u00e9 outubro.<\/p>\n<p>A Opera\u00e7\u00e3o SP Sem Fogo recomenda para toda a popula\u00e7\u00e3o que sejam adotadas medidas de preven\u00e7\u00e3o contra queimadas e inc\u00eandios florestais, tais como:<\/p>\n<ul>\n<li>N\u00e3o solte bal\u00f5es. Bal\u00f5es que usam fogo podem provocar inc\u00eandios florestais;<\/li>\n<li>Evite acender fogueiras, especialmente pr\u00f3ximo \u00e0s matas e florestas;<\/li>\n<li>N\u00e3o utilizar o fogo para fazer limpeza de terrenos ou queimar lixo;<\/li>\n<li>Fa\u00e7a descarte adequado de seus res\u00edduos;<\/li>\n<li>Fa\u00e7a queima controlada somente quando permitido e com autoriza\u00e7\u00e3o da Cetesb;<\/li>\n<li>Em propriedades rurais, construa e mantenha aceiros limpos para evitar a propaga\u00e7\u00e3o do fogo, principalmente pr\u00f3ximo \u00e0s estradas e rodovias e \u00e0s \u00e1reas florestais;<\/li>\n<li>Cadastre-se para receber os alertas da Defesa Civil no seu celular. Basta enviar um SMS com o seu CEP para o n\u00famero 40199<\/li>\n<\/ul>\n<p>Fonte: SP Not\u00edcias<\/p>\n","protected":false},"excerpt":{"rendered":"<p>Usu\u00e1rios cadastrados no SMS 40199 receberam alerta; mensagem orienta sobre risco de queimada e adverte para pr\u00e1tica criminosa de atear fogo O Centro de Gerenciamento de<span class=\"excerpt-hellip\"> [\u2026]<\/span><\/p>\n","protected":false},"author":10,"featured_media":48581,"comment_status":"open","ping_status":"open","sticky":false,"template":"","format":"standard","meta":{"_jetpack_memberships_contains_paid_content":false,"footnotes":"","jetpack_publicize_message":"","jetpack_publicize_feature_enabled":true,"jetpack_social_post_already_shared":true,"jetpack_social_options":{"image_generator_settings":{"template":"highway","default_image_id":0,"enabled":false},"version":2}},"categories":[28,81],"tags":[],"class_list":["post-48580","post","type-post","status-publish","format-standard","has-post-thumbnail","hentry","category-cotidiano","category-manchete"],"yoast_head":"<!-- This site is optimized with the Yoast SEO plugin v25.6 - https:\/\/yoast.com\/wordpress\/plugins\/seo\/ -->\n<title>Regi\u00e3o de Franca recebe alerta de emerg\u00eancia sobre poss\u00edveis riscos de inc\u00eandio florestal - VerdadeOn<\/title>\n<meta name=\"robots\" content=\"index, follow, max-snippet:-1, max-image-preview:large, max-video-preview:-1\" \/>\n<link rel=\"canonical\" href=\"https:\/\/verdadeon.com.br\/portal\/2024\/08\/19\/regiao-de-franca-recebe-alerta-de-emergencia-sobre-possiveis-riscos-de-incendio-florestal\/\" \/>\n<meta property=\"og:locale\" content=\"pt_BR\" \/>\n<meta property=\"og:type\" content=\"article\" \/>\n<meta property=\"og:title\" content=\"Regi\u00e3o de Franca recebe alerta de emerg\u00eancia sobre poss\u00edveis riscos de inc\u00eandio florestal - VerdadeOn\" \/>\n<meta property=\"og:description\" content=\"Usu\u00e1rios cadastrados no SMS 40199 receberam alerta; mensagem orienta sobre risco de queimada e adverte para pr\u00e1tica criminosa de atear fogo O Centro de Gerenciamento de [\u2026]\" \/>\n<meta property=\"og:url\" content=\"https:\/\/verdadeon.com.br\/portal\/2024\/08\/19\/regiao-de-franca-recebe-alerta-de-emergencia-sobre-possiveis-riscos-de-incendio-florestal\/\" \/>\n<meta property=\"og:site_name\" content=\"VerdadeOn\" \/>\n<meta property=\"article:published_time\" content=\"2024-08-19T17:55:27+00:00\" \/>\n<meta property=\"og:image\" content=\"https:\/\/verdadeon.com.br\/portal\/wp-content\/uploads\/2024\/08\/incendio_segundo_dia.jpg\" \/>\n\t<meta property=\"og:image:width\" content=\"1024\" \/>\n\t<meta property=\"og:image:height\" content=\"686\" \/>\n\t<meta property=\"og:image:type\" content=\"image\/jpeg\" \/>\n<meta name=\"author\" content=\"Redacao VerdadeOn\" \/>\n<meta name=\"twitter:card\" content=\"summary_large_image\" \/>\n<meta name=\"twitter:label1\" content=\"Escrito por\" \/>\n\t<meta name=\"twitter:data1\" content=\"Redacao VerdadeOn\" \/>\n\t<meta name=\"twitter:label2\" content=\"Est. tempo de leitura\" \/>\n\t<meta name=\"twitter:data2\" content=\"3 minutos\" \/>\n<script type=\"application\/ld+json\" class=\"yoast-schema-graph\">{\"@context\":\"https:\/\/schema.org\",\"@graph\":[{\"@type\":\"WebPage\",\"@id\":\"https:\/\/verdadeon.com.br\/portal\/2024\/08\/19\/regiao-de-franca-recebe-alerta-de-emergencia-sobre-possiveis-riscos-de-incendio-florestal\/\",\"url\":\"https:\/\/verdadeon.com.br\/portal\/2024\/08\/19\/regiao-de-franca-recebe-alerta-de-emergencia-sobre-possiveis-riscos-de-incendio-florestal\/\",\"name\":\"Regi\u00e3o de Franca recebe alerta de emerg\u00eancia sobre poss\u00edveis riscos de inc\u00eandio florestal - VerdadeOn\",\"isPartOf\":{\"@id\":\"https:\/\/verdadeon.com.br\/portal\/#website\"},\"primaryImageOfPage\":{\"@id\":\"https:\/\/verdadeon.com.br\/portal\/2024\/08\/19\/regiao-de-franca-recebe-alerta-de-emergencia-sobre-possiveis-riscos-de-incendio-florestal\/#primaryimage\"},\"image\":{\"@id\":\"https:\/\/verdadeon.com.br\/portal\/2024\/08\/19\/regiao-de-franca-recebe-alerta-de-emergencia-sobre-possiveis-riscos-de-incendio-florestal\/#primaryimage\"},\"thumbnailUrl\":\"https:\/\/i0.wp.com\/verdadeon.com.br\/portal\/wp-content\/uploads\/2024\/08\/incendio_segundo_dia.jpg?fit=1024%2C686&ssl=1\",\"datePublished\":\"2024-08-19T17:55:27+00:00\",\"author\":{\"@id\":\"https:\/\/verdadeon.com.br\/portal\/#\/schema\/person\/a5060ad1e9ea3df545188fc93ce43d2f\"},\"breadcrumb\":{\"@id\":\"https:\/\/verdadeon.com.br\/portal\/2024\/08\/19\/regiao-de-franca-recebe-alerta-de-emergencia-sobre-possiveis-riscos-de-incendio-florestal\/#breadcrumb\"},\"inLanguage\":\"pt-BR\",\"potentialAction\":[{\"@type\":\"ReadAction\",\"target\":[\"https:\/\/verdadeon.com.br\/portal\/2024\/08\/19\/regiao-de-franca-recebe-alerta-de-emergencia-sobre-possiveis-riscos-de-incendio-florestal\/\"]}]},{\"@type\":\"ImageObject\",\"inLanguage\":\"pt-BR\",\"@id\":\"https:\/\/verdadeon.com.br\/portal\/2024\/08\/19\/regiao-de-franca-recebe-alerta-de-emergencia-sobre-possiveis-riscos-de-incendio-florestal\/#primaryimage\",\"url\":\"https:\/\/i0.wp.com\/verdadeon.com.br\/portal\/wp-content\/uploads\/2024\/08\/incendio_segundo_dia.jpg?fit=1024%2C686&ssl=1\",\"contentUrl\":\"https:\/\/i0.wp.com\/verdadeon.com.br\/portal\/wp-content\/uploads\/2024\/08\/incendio_segundo_dia.jpg?fit=1024%2C686&ssl=1\",\"width\":1024,\"height\":686,\"caption\":\"Mapeamento de regi\u00f5es do Estado de S\u00e3o Paulo com os n\u00edveis de possibilidade de riscos de inc\u00eandio florestais (\u00a9Climatempo\/Governo de SP)\"},{\"@type\":\"BreadcrumbList\",\"@id\":\"https:\/\/verdadeon.com.br\/portal\/2024\/08\/19\/regiao-de-franca-recebe-alerta-de-emergencia-sobre-possiveis-riscos-de-incendio-florestal\/#breadcrumb\",\"itemListElement\":[{\"@type\":\"ListItem\",\"position\":1,\"name\":\"In\u00edcio\",\"item\":\"https:\/\/verdadeon.com.br\/portal\/\"},{\"@type\":\"ListItem\",\"position\":2,\"name\":\"Regi\u00e3o de Franca recebe alerta de emerg\u00eancia sobre poss\u00edveis riscos de inc\u00eandio florestal\"}]},{\"@type\":\"WebSite\",\"@id\":\"https:\/\/verdadeon.com.br\/portal\/#website\",\"url\":\"https:\/\/verdadeon.com.br\/portal\/\",\"name\":\"VerdadeOn\",\"description\":\"Not\u00edcias di\u00e1rias sobre Franca, Regi\u00e3o, Esporte, Cultura, Cotidiano, Colunas. Cobertura nos principais eventos da cidade \u00e9 aqui - Verdadeon Franca\",\"potentialAction\":[{\"@type\":\"SearchAction\",\"target\":{\"@type\":\"EntryPoint\",\"urlTemplate\":\"https:\/\/verdadeon.com.br\/portal\/?s={search_term_string}\"},\"query-input\":{\"@type\":\"PropertyValueSpecification\",\"valueRequired\":true,\"valueName\":\"search_term_string\"}}],\"inLanguage\":\"pt-BR\"},{\"@type\":\"Person\",\"@id\":\"https:\/\/verdadeon.com.br\/portal\/#\/schema\/person\/a5060ad1e9ea3df545188fc93ce43d2f\",\"name\":\"Redacao VerdadeOn\",\"image\":{\"@type\":\"ImageObject\",\"inLanguage\":\"pt-BR\",\"@id\":\"https:\/\/verdadeon.com.br\/portal\/#\/schema\/person\/image\/\",\"url\":\"https:\/\/secure.gravatar.com\/avatar\/459a9613caaaf07f582c3d0841eea68bdd66f533e465e6ba8b9cb45619572cf4?s=96&d=mm&r=g\",\"contentUrl\":\"https:\/\/secure.gravatar.com\/avatar\/459a9613caaaf07f582c3d0841eea68bdd66f533e465e6ba8b9cb45619572cf4?s=96&d=mm&r=g\",\"caption\":\"Redacao VerdadeOn\"},\"url\":\"https:\/\/verdadeon.com.br\/portal\/author\/redacao\/\"}]}<\/script>\n<!-- \/ Yoast SEO plugin. -->","yoast_head_json":{"title":"Regi\u00e3o de Franca recebe alerta de emerg\u00eancia sobre poss\u00edveis riscos de inc\u00eandio florestal - VerdadeOn","robots":{"index":"index","follow":"follow","max-snippet":"max-snippet:-1","max-image-preview":"max-image-preview:large","max-video-preview":"max-video-preview:-1"},"canonical":"https:\/\/verdadeon.com.br\/portal\/2024\/08\/19\/regiao-de-franca-recebe-alerta-de-emergencia-sobre-possiveis-riscos-de-incendio-florestal\/","og_locale":"pt_BR","og_type":"article","og_title":"Regi\u00e3o de Franca recebe alerta de emerg\u00eancia sobre poss\u00edveis riscos de inc\u00eandio florestal - VerdadeOn","og_description":"Usu\u00e1rios cadastrados no SMS 40199 receberam alerta; mensagem orienta sobre risco de queimada e adverte para pr\u00e1tica criminosa de atear fogo O Centro de Gerenciamento de [\u2026]","og_url":"https:\/\/verdadeon.com.br\/portal\/2024\/08\/19\/regiao-de-franca-recebe-alerta-de-emergencia-sobre-possiveis-riscos-de-incendio-florestal\/","og_site_name":"VerdadeOn","article_published_time":"2024-08-19T17:55:27+00:00","og_image":[{"width":1024,"height":686,"url":"https:\/\/verdadeon.com.br\/portal\/wp-content\/uploads\/2024\/08\/incendio_segundo_dia.jpg","type":"image\/jpeg"}],"author":"Redacao VerdadeOn","twitter_card":"summary_large_image","twitter_misc":{"Escrito por":"Redacao VerdadeOn","Est. tempo de leitura":"3 minutos"},"schema":{"@context":"https:\/\/schema.org","@graph":[{"@type":"WebPage","@id":"https:\/\/verdadeon.com.br\/portal\/2024\/08\/19\/regiao-de-franca-recebe-alerta-de-emergencia-sobre-possiveis-riscos-de-incendio-florestal\/","url":"https:\/\/verdadeon.com.br\/portal\/2024\/08\/19\/regiao-de-franca-recebe-alerta-de-emergencia-sobre-possiveis-riscos-de-incendio-florestal\/","name":"Regi\u00e3o de Franca recebe alerta de emerg\u00eancia sobre poss\u00edveis riscos de inc\u00eandio florestal - VerdadeOn","isPartOf":{"@id":"https:\/\/verdadeon.com.br\/portal\/#website"},"primaryImageOfPage":{"@id":"https:\/\/verdadeon.com.br\/portal\/2024\/08\/19\/regiao-de-franca-recebe-alerta-de-emergencia-sobre-possiveis-riscos-de-incendio-florestal\/#primaryimage"},"image":{"@id":"https:\/\/verdadeon.com.br\/portal\/2024\/08\/19\/regiao-de-franca-recebe-alerta-de-emergencia-sobre-possiveis-riscos-de-incendio-florestal\/#primaryimage"},"thumbnailUrl":"https:\/\/i0.wp.com\/verdadeon.com.br\/portal\/wp-content\/uploads\/2024\/08\/incendio_segundo_dia.jpg?fit=1024%2C686&ssl=1","datePublished":"2024-08-19T17:55:27+00:00","author":{"@id":"https:\/\/verdadeon.com.br\/portal\/#\/schema\/person\/a5060ad1e9ea3df545188fc93ce43d2f"},"breadcrumb":{"@id":"https:\/\/verdadeon.com.br\/portal\/2024\/08\/19\/regiao-de-franca-recebe-alerta-de-emergencia-sobre-possiveis-riscos-de-incendio-florestal\/#breadcrumb"},"inLanguage":"pt-BR","potentialAction":[{"@type":"ReadAction","target":["https:\/\/verdadeon.com.br\/portal\/2024\/08\/19\/regiao-de-franca-recebe-alerta-de-emergencia-sobre-possiveis-riscos-de-incendio-florestal\/"]}]},{"@type":"ImageObject","inLanguage":"pt-BR","@id":"https:\/\/verdadeon.com.br\/portal\/2024\/08\/19\/regiao-de-franca-recebe-alerta-de-emergencia-sobre-possiveis-riscos-de-incendio-florestal\/#primaryimage","url":"https:\/\/i0.wp.com\/verdadeon.com.br\/portal\/wp-content\/uploads\/2024\/08\/incendio_segundo_dia.jpg?fit=1024%2C686&ssl=1","contentUrl":"https:\/\/i0.wp.com\/verdadeon.com.br\/portal\/wp-content\/uploads\/2024\/08\/incendio_segundo_dia.jpg?fit=1024%2C686&ssl=1","width":1024,"height":686,"caption":"Mapeamento de regi\u00f5es do Estado de S\u00e3o Paulo com os n\u00edveis de possibilidade de riscos de inc\u00eandio florestais (\u00a9Climatempo\/Governo de SP)"},{"@type":"BreadcrumbList","@id":"https:\/\/verdadeon.com.br\/portal\/2024\/08\/19\/regiao-de-franca-recebe-alerta-de-emergencia-sobre-possiveis-riscos-de-incendio-florestal\/#breadcrumb","itemListElement":[{"@type":"ListItem","position":1,"name":"In\u00edcio","item":"https:\/\/verdadeon.com.br\/portal\/"},{"@type":"ListItem","position":2,"name":"Regi\u00e3o de Franca recebe alerta de emerg\u00eancia sobre poss\u00edveis riscos de inc\u00eandio florestal"}]},{"@type":"WebSite","@id":"https:\/\/verdadeon.com.br\/portal\/#website","url":"https:\/\/verdadeon.com.br\/portal\/","name":"VerdadeOn","description":"Not\u00edcias di\u00e1rias sobre Franca, Regi\u00e3o, Esporte, Cultura, Cotidiano, Colunas. Cobertura nos principais eventos da cidade \u00e9 aqui - Verdadeon Franca","potentialAction":[{"@type":"SearchAction","target":{"@type":"EntryPoint","urlTemplate":"https:\/\/verdadeon.com.br\/portal\/?s={search_term_string}"},"query-input":{"@type":"PropertyValueSpecification","valueRequired":true,"valueName":"search_term_string"}}],"inLanguage":"pt-BR"},{"@type":"Person","@id":"https:\/\/verdadeon.com.br\/portal\/#\/schema\/person\/a5060ad1e9ea3df545188fc93ce43d2f","name":"Redacao VerdadeOn","image":{"@type":"ImageObject","inLanguage":"pt-BR","@id":"https:\/\/verdadeon.com.br\/portal\/#\/schema\/person\/image\/","url":"https:\/\/secure.gravatar.com\/avatar\/459a9613caaaf07f582c3d0841eea68bdd66f533e465e6ba8b9cb45619572cf4?s=96&d=mm&r=g","contentUrl":"https:\/\/secure.gravatar.com\/avatar\/459a9613caaaf07f582c3d0841eea68bdd66f533e465e6ba8b9cb45619572cf4?s=96&d=mm&r=g","caption":"Redacao VerdadeOn"},"url":"https:\/\/verdadeon.com.br\/portal\/author\/redacao\/"}]}},"jetpack_publicize_connections":[],"jetpack_featured_media_url":"https:\/\/i0.wp.com\/verdadeon.com.br\/portal\/wp-content\/uploads\/2024\/08\/incendio_segundo_dia.jpg?fit=1024%2C686&ssl=1","jetpack_sharing_enabled":true,"_links":{"self":[{"href":"https:\/\/verdadeon.com.br\/portal\/wp-json\/wp\/v2\/posts\/48580","targetHints":{"allow":["GET"]}}],"collection":[{"href":"https:\/\/verdadeon.com.br\/portal\/wp-json\/wp\/v2\/posts"}],"about":[{"href":"https:\/\/verdadeon.com.br\/portal\/wp-json\/wp\/v2\/types\/post"}],"author":[{"embeddable":true,"href":"https:\/\/verdadeon.com.br\/portal\/wp-json\/wp\/v2\/users\/10"}],"replies":[{"embeddable":true,"href":"https:\/\/verdadeon.com.br\/portal\/wp-json\/wp\/v2\/comments?post=48580"}],"version-history":[{"count":1,"href":"https:\/\/verdadeon.com.br\/portal\/wp-json\/wp\/v2\/posts\/48580\/revisions"}],"predecessor-version":[{"id":48582,"href":"https:\/\/verdadeon.com.br\/portal\/wp-json\/wp\/v2\/posts\/48580\/revisions\/48582"}],"wp:featuredmedia":[{"embeddable":true,"href":"https:\/\/verdadeon.com.br\/portal\/wp-json\/wp\/v2\/media\/48581"}],"wp:attachment":[{"href":"https:\/\/verdadeon.com.br\/portal\/wp-json\/wp\/v2\/media?parent=48580"}],"wp:term":[{"taxonomy":"category","embeddable":true,"href":"https:\/\/verdadeon.com.br\/portal\/wp-json\/wp\/v2\/categories?post=48580"},{"taxonomy":"post_tag","embeddable":true,"href":"https:\/\/verdadeon.com.br\/portal\/wp-json\/wp\/v2\/tags?post=48580"}],"curies":[{"name":"wp","href":"https:\/\/api.w.org\/{rel}","templated":true}]}}