{"id":48552,"date":"2024-08-17T13:11:28","date_gmt":"2024-08-17T16:11:28","guid":{"rendered":"https:\/\/verdadeon.com.br\/portal\/?p=48552"},"modified":"2024-08-17T13:11:28","modified_gmt":"2024-08-17T16:11:28","slug":"agro-paulista-registra-superavit-de-97-nos-sete-primeiros-meses-do-ano","status":"publish","type":"post","link":"https:\/\/verdadeon.com.br\/portal\/2024\/08\/17\/agro-paulista-registra-superavit-de-97-nos-sete-primeiros-meses-do-ano\/","title":{"rendered":"Agro Paulista registra super\u00e1vit de 9,7% nos sete primeiros meses do ano"},"content":{"rendered":"<h2>O recuo de 0,2% nas exporta\u00e7\u00f5es se deve a menores vendas de soja em gr\u00e3o e de a\u00e7\u00facar refinado<\/h2>\n<p>O agroneg\u00f3cio paulista apresentou resultados positivos no per\u00edodo de janeiro a julho, com as exporta\u00e7\u00f5es crescendo 9,6%, atingindo US$ 16,83 bilh\u00f5es. As importa\u00e7\u00f5es do setor tamb\u00e9m registraram um aumento de 9,3%, totalizando US$ 3,28 bilh\u00f5es. Assim, o saldo da balan\u00e7a comercial do agroneg\u00f3cio paulista permaneceu superavit\u00e1rio, registrando US$ 13,55 bilh\u00f5es, aumento de quase 10% em rela\u00e7\u00e3o ao mesmo per\u00edodo de 2023.<\/p>\n<p>As exporta\u00e7\u00f5es do agroneg\u00f3cio representaram 42,8% do total exportado pelo estado de S\u00e3o Paulo no per\u00edodo, enquanto as importa\u00e7\u00f5es do setor responderam por apenas 7,6% do total das importa\u00e7\u00f5es paulistas. O bom desempenho do agroneg\u00f3cio foi fundamental para evitar um d\u00e9ficit comercial ainda maior no estado, uma vez que os outros setores da economia paulista registraram um d\u00e9ficit de US$ 17,20 bilh\u00f5es. \u201cMais uma vez o bom desempenho da agricultura paulista refletiu nos bons resultados da balan\u00e7a comercial do Estado e contribuiu para um superavit ainda maior\u201d, ressalta Guilherme Piai, secret\u00e1rio de Agricultura e Abastecimento de S\u00e3o Paulo.<\/p>\n<p><strong>Principais Produtos Exportados pelo Agroneg\u00f3cio Paulista<\/strong><\/p>\n<p>Entre janeiro e julho de 2024, os principais produtos exportados pelo agroneg\u00f3cio paulista foram:<\/p>\n<p><strong>\u25cf Complexo sucroalcooleiro:<\/strong>\u00a0US$ 6,51 bilh\u00f5es, com o a\u00e7\u00facar representando 92,2% e o \u00e1lcool et\u00edlico (etanol) 7,8% desse total.<\/p>\n<p><strong>\u25cf Produtos florestais:<\/strong>\u00a0US$ 1,83 bilh\u00e3o, com celulose (54,0%) e papel (38,4%) sendo os principais itens.<\/p>\n<p><strong>\u25cf Carnes:<\/strong>\u00a0US$ 1,81 bilh\u00e3o, com destaque para a carne bovina, que representou 83,4% do total.<\/p>\n<p><strong>\u25cf Complexo soja:<\/strong>\u00a0US$ 1,77 bilh\u00e3o, sendo a soja em gr\u00e3o o principal item, com 81,4% de participa\u00e7\u00e3o.<\/p>\n<p><strong>\u25cf Sucos:\u00a0<\/strong>US$ 1,36 bilh\u00e3o, dos quais 97,6% referem-se ao suco de laranja.<\/p>\n<p>Esses cinco grupos de produtos representaram 79% das exporta\u00e7\u00f5es do agroneg\u00f3cio paulista. O caf\u00e9, tradicional no estado, ocupou a sexta posi\u00e7\u00e3o, com vendas de US$ 737,40 milh\u00f5es, sendo que 73,3% deste total referem-se ao caf\u00e9 verde.<\/p>\n<p>Comparado ao mesmo per\u00edodo de 2023, os grupos que apresentaram maior crescimento em valor exportado foram: complexo sucroalcooleiro (+31,8%), caf\u00e9 (+31%), sucos (+20%), produtos florestais (+15%) e carnes (+4,3%). Por outro lado, o complexo soja registrou uma queda significativa de 36,7% no valor exportado.<\/p>\n<p><strong>Participa\u00e7\u00e3o do Agroneg\u00f3cio Paulista no Brasil<\/strong><\/p>\n<p>No agroneg\u00f3cio, S\u00e3o Paulo representou 17,2% das exporta\u00e7\u00f5es brasileiras do setor, um aumento de 1,4 ponto percentual em rela\u00e7\u00e3o ao mesmo per\u00edodo de 2023.<\/p>\n<p>S\u00e3o Paulo \u00e9 o segundo maior estado exportador do agroneg\u00f3cio brasileiro, com 17,2% de participa\u00e7\u00e3o, atr\u00e1s apenas de Mato Grosso (18,5%). O Paran\u00e1 ocupa a terceira posi\u00e7\u00e3o com 11,1%, seguido por Minas Gerais (9,9%) e Rio Grande do Sul (8,2%).<\/p>\n<p>Os produtos do agroneg\u00f3cio paulista que mais se destacaram nas exporta\u00e7\u00f5es nacionais foram sucos (85,6%), produtos aliment\u00edcios diversos (73,2%) e o complexo sucroalcooleiro (59,0%).<\/p>\n<p>Este panorama reflete o desempenho do com\u00e9rcio exterior do agroneg\u00f3cio paulista e brasileiro nos primeiros sete meses de 2024.<\/p>\n<p><strong>Desempenho do Agroneg\u00f3cio Brasileiro<\/strong><\/p>\n<p>As exporta\u00e7\u00f5es do agroneg\u00f3cio brasileiro cresceram 1% em rela\u00e7\u00e3o ao mesmo per\u00edodo do ano anterior, atingindo US$ 97,80 bilh\u00f5es, representando quase metade (49,3%) das exporta\u00e7\u00f5es totais do pa\u00eds. As importa\u00e7\u00f5es do setor tamb\u00e9m registraram um aumento de 15,9%, totalizando US$ 11,25 bilh\u00f5es, que corresponde a 7,6% das importa\u00e7\u00f5es brasileiras.<\/p>\n<p>O saldo da balan\u00e7a comercial do agroneg\u00f3cio foi positivo, com um super\u00e1vit de US$ 86,55 bilh\u00f5es, embora ligeiramente inferior (-0,7%) ao registrado no mesmo per\u00edodo de 2023. O desempenho robusto do agroneg\u00f3cio foi fundamental para evitar um d\u00e9ficit comercial maior no Brasil, j\u00e1 que os demais setores da economia apresentaram um d\u00e9ficit de US$ 37 bilh\u00f5es nos primeiros sete meses de 2024.<\/p>\n<p><strong>Principais Produtos Exportados pelo Agroneg\u00f3cio Brasileiro<\/strong><\/p>\n<p>Os principais produtos exportados pelo agroneg\u00f3cio brasileiro no per\u00edodo foram:<\/p>\n<p><strong>\u25cf Complexo soja:\u00a0<\/strong>US$ 39,52 bilh\u00f5es, com a soja em gr\u00e3o representando 83,3% e o farelo de soja 14,7%.<\/p>\n<p><strong>\u25cf Carnes:\u00a0<\/strong>US$ 14,18 bilh\u00f5es, com carne bovina (48,1%), carne de frango (38,3%) e carne su\u00edna (11,2%) sendo os principais itens.<\/p>\n<p><strong>\u25cf Complexo sucroalcooleiro:\u00a0<\/strong>US$ 11,04 bilh\u00f5es, com o a\u00e7\u00facar representando 94,1% e o etanol 5,8%.<\/p>\n<p><strong>\u25cf Produtos florestais:\u00a0<\/strong>US$ 9,95 bilh\u00f5es, principalmente celulose (60,5%) e madeira (24,6%).<\/p>\n<p><strong>\u25cf Caf\u00e9:\u00a0<\/strong>US$6,22 bilh\u00f5es, com destaque para o caf\u00e9 verde (91,7%).<\/p>\n<p>Esses cinco grupos representaram 82,8% das exporta\u00e7\u00f5es do agroneg\u00f3cio brasileiro. Comparado ao mesmo per\u00edodo de 2023, o caf\u00e9 (+47,6%), o complexo sucroalcooleiro (+44%), os produtos florestais (+14,9%) e as carnes (+4,2%) tiveram aumentos significativos, enquanto o complexo soja apresentou uma queda de 15,4%. \u201cTradicionais culturas no Estado, como o caf\u00e9 e o setor sucroenerg\u00e9tico t\u00eam sido fundamentais, na hist\u00f3ria do agro paulista, para a gera\u00e7\u00e3o de renda e empregos no campo. O resultado da balan\u00e7a nestes sete meses do ano ratifica todo o trabalho em prol do crescimento e desenvolvimento destes setores desde a \u00e1rea agr\u00edcola, at\u00e9 as agroind\u00fastrias. Al\u00e9m de contribuir com n\u00fameros significativos, caf\u00e9 e cana s\u00e3o s\u00edmbolos de S\u00e3o Paulo\u201d, ressalta Piai.<\/p>\n","protected":false},"excerpt":{"rendered":"<p>O recuo de 0,2% nas exporta\u00e7\u00f5es se deve a menores vendas de soja em gr\u00e3o e de a\u00e7\u00facar refinado O agroneg\u00f3cio paulista apresentou resultados positivos no<span class=\"excerpt-hellip\"> [\u2026]<\/span><\/p>\n","protected":false},"author":10,"featured_media":45656,"comment_status":"open","ping_status":"open","sticky":false,"template":"","format":"standard","meta":{"_jetpack_memberships_contains_paid_content":false,"footnotes":"","jetpack_publicize_message":"","jetpack_publicize_feature_enabled":true,"jetpack_social_post_already_shared":true,"jetpack_social_options":{"image_generator_settings":{"template":"highway","default_image_id":0,"enabled":false},"version":2}},"categories":[28,44],"tags":[],"class_list":["post-48552","post","type-post","status-publish","format-standard","has-post-thumbnail","hentry","category-cotidiano","category-noticias"],"yoast_head":"<!-- This site is optimized with the Yoast SEO plugin v25.6 - https:\/\/yoast.com\/wordpress\/plugins\/seo\/ -->\n<title>Agro Paulista registra super\u00e1vit de 9,7% nos sete primeiros meses do ano - VerdadeOn<\/title>\n<meta name=\"robots\" content=\"index, follow, max-snippet:-1, max-image-preview:large, max-video-preview:-1\" \/>\n<link rel=\"canonical\" href=\"https:\/\/verdadeon.com.br\/portal\/2024\/08\/17\/agro-paulista-registra-superavit-de-97-nos-sete-primeiros-meses-do-ano\/\" \/>\n<meta property=\"og:locale\" content=\"pt_BR\" \/>\n<meta property=\"og:type\" content=\"article\" \/>\n<meta property=\"og:title\" content=\"Agro Paulista registra super\u00e1vit de 9,7% nos sete primeiros meses do ano - VerdadeOn\" \/>\n<meta property=\"og:description\" content=\"O recuo de 0,2% nas exporta\u00e7\u00f5es se deve a menores vendas de soja em gr\u00e3o e de a\u00e7\u00facar refinado O agroneg\u00f3cio paulista apresentou resultados positivos no [\u2026]\" \/>\n<meta property=\"og:url\" content=\"https:\/\/verdadeon.com.br\/portal\/2024\/08\/17\/agro-paulista-registra-superavit-de-97-nos-sete-primeiros-meses-do-ano\/\" \/>\n<meta property=\"og:site_name\" content=\"VerdadeOn\" \/>\n<meta property=\"article:published_time\" content=\"2024-08-17T16:11:28+00:00\" \/>\n<meta property=\"og:image\" content=\"https:\/\/verdadeon.com.br\/portal\/wp-content\/uploads\/2024\/06\/Release_Balanca-Agro-Paulista_10.4-1.jpg\" \/>\n\t<meta property=\"og:image:width\" content=\"1000\" \/>\n\t<meta property=\"og:image:height\" content=\"574\" \/>\n\t<meta property=\"og:image:type\" content=\"image\/jpeg\" \/>\n<meta name=\"author\" content=\"Redacao VerdadeOn\" \/>\n<meta name=\"twitter:card\" content=\"summary_large_image\" \/>\n<meta name=\"twitter:label1\" content=\"Escrito por\" \/>\n\t<meta name=\"twitter:data1\" content=\"Redacao VerdadeOn\" \/>\n\t<meta name=\"twitter:label2\" content=\"Est. tempo de leitura\" \/>\n\t<meta name=\"twitter:data2\" content=\"5 minutos\" \/>\n<script type=\"application\/ld+json\" class=\"yoast-schema-graph\">{\"@context\":\"https:\/\/schema.org\",\"@graph\":[{\"@type\":\"WebPage\",\"@id\":\"https:\/\/verdadeon.com.br\/portal\/2024\/08\/17\/agro-paulista-registra-superavit-de-97-nos-sete-primeiros-meses-do-ano\/\",\"url\":\"https:\/\/verdadeon.com.br\/portal\/2024\/08\/17\/agro-paulista-registra-superavit-de-97-nos-sete-primeiros-meses-do-ano\/\",\"name\":\"Agro Paulista registra super\u00e1vit de 9,7% nos sete primeiros meses do ano - VerdadeOn\",\"isPartOf\":{\"@id\":\"https:\/\/verdadeon.com.br\/portal\/#website\"},\"primaryImageOfPage\":{\"@id\":\"https:\/\/verdadeon.com.br\/portal\/2024\/08\/17\/agro-paulista-registra-superavit-de-97-nos-sete-primeiros-meses-do-ano\/#primaryimage\"},\"image\":{\"@id\":\"https:\/\/verdadeon.com.br\/portal\/2024\/08\/17\/agro-paulista-registra-superavit-de-97-nos-sete-primeiros-meses-do-ano\/#primaryimage\"},\"thumbnailUrl\":\"https:\/\/i0.wp.com\/verdadeon.com.br\/portal\/wp-content\/uploads\/2024\/06\/Release_Balanca-Agro-Paulista_10.4-1.jpg?fit=1000%2C574&ssl=1\",\"datePublished\":\"2024-08-17T16:11:28+00:00\",\"author\":{\"@id\":\"https:\/\/verdadeon.com.br\/portal\/#\/schema\/person\/a5060ad1e9ea3df545188fc93ce43d2f\"},\"breadcrumb\":{\"@id\":\"https:\/\/verdadeon.com.br\/portal\/2024\/08\/17\/agro-paulista-registra-superavit-de-97-nos-sete-primeiros-meses-do-ano\/#breadcrumb\"},\"inLanguage\":\"pt-BR\",\"potentialAction\":[{\"@type\":\"ReadAction\",\"target\":[\"https:\/\/verdadeon.com.br\/portal\/2024\/08\/17\/agro-paulista-registra-superavit-de-97-nos-sete-primeiros-meses-do-ano\/\"]}]},{\"@type\":\"ImageObject\",\"inLanguage\":\"pt-BR\",\"@id\":\"https:\/\/verdadeon.com.br\/portal\/2024\/08\/17\/agro-paulista-registra-superavit-de-97-nos-sete-primeiros-meses-do-ano\/#primaryimage\",\"url\":\"https:\/\/i0.wp.com\/verdadeon.com.br\/portal\/wp-content\/uploads\/2024\/06\/Release_Balanca-Agro-Paulista_10.4-1.jpg?fit=1000%2C574&ssl=1\",\"contentUrl\":\"https:\/\/i0.wp.com\/verdadeon.com.br\/portal\/wp-content\/uploads\/2024\/06\/Release_Balanca-Agro-Paulista_10.4-1.jpg?fit=1000%2C574&ssl=1\",\"width\":1000,\"height\":574,\"caption\":\"Suspens\u00e3o de novas contrata\u00e7\u00f5es de financiamento do Plano Safra 2024\/2025 gera controv\u00e9rsias (\u00a9SP Not\u00edcias)\"},{\"@type\":\"BreadcrumbList\",\"@id\":\"https:\/\/verdadeon.com.br\/portal\/2024\/08\/17\/agro-paulista-registra-superavit-de-97-nos-sete-primeiros-meses-do-ano\/#breadcrumb\",\"itemListElement\":[{\"@type\":\"ListItem\",\"position\":1,\"name\":\"In\u00edcio\",\"item\":\"https:\/\/verdadeon.com.br\/portal\/\"},{\"@type\":\"ListItem\",\"position\":2,\"name\":\"Agro Paulista registra super\u00e1vit de 9,7% nos sete primeiros meses do ano\"}]},{\"@type\":\"WebSite\",\"@id\":\"https:\/\/verdadeon.com.br\/portal\/#website\",\"url\":\"https:\/\/verdadeon.com.br\/portal\/\",\"name\":\"VerdadeOn\",\"description\":\"Not\u00edcias di\u00e1rias sobre Franca, Regi\u00e3o, Esporte, Cultura, Cotidiano, Colunas. Cobertura nos principais eventos da cidade \u00e9 aqui - Verdadeon Franca\",\"potentialAction\":[{\"@type\":\"SearchAction\",\"target\":{\"@type\":\"EntryPoint\",\"urlTemplate\":\"https:\/\/verdadeon.com.br\/portal\/?s={search_term_string}\"},\"query-input\":{\"@type\":\"PropertyValueSpecification\",\"valueRequired\":true,\"valueName\":\"search_term_string\"}}],\"inLanguage\":\"pt-BR\"},{\"@type\":\"Person\",\"@id\":\"https:\/\/verdadeon.com.br\/portal\/#\/schema\/person\/a5060ad1e9ea3df545188fc93ce43d2f\",\"name\":\"Redacao VerdadeOn\",\"image\":{\"@type\":\"ImageObject\",\"inLanguage\":\"pt-BR\",\"@id\":\"https:\/\/verdadeon.com.br\/portal\/#\/schema\/person\/image\/\",\"url\":\"https:\/\/secure.gravatar.com\/avatar\/459a9613caaaf07f582c3d0841eea68bdd66f533e465e6ba8b9cb45619572cf4?s=96&d=mm&r=g\",\"contentUrl\":\"https:\/\/secure.gravatar.com\/avatar\/459a9613caaaf07f582c3d0841eea68bdd66f533e465e6ba8b9cb45619572cf4?s=96&d=mm&r=g\",\"caption\":\"Redacao VerdadeOn\"},\"url\":\"https:\/\/verdadeon.com.br\/portal\/author\/redacao\/\"}]}<\/script>\n<!-- \/ Yoast SEO plugin. -->","yoast_head_json":{"title":"Agro Paulista registra super\u00e1vit de 9,7% nos sete primeiros meses do ano - VerdadeOn","robots":{"index":"index","follow":"follow","max-snippet":"max-snippet:-1","max-image-preview":"max-image-preview:large","max-video-preview":"max-video-preview:-1"},"canonical":"https:\/\/verdadeon.com.br\/portal\/2024\/08\/17\/agro-paulista-registra-superavit-de-97-nos-sete-primeiros-meses-do-ano\/","og_locale":"pt_BR","og_type":"article","og_title":"Agro Paulista registra super\u00e1vit de 9,7% nos sete primeiros meses do ano - VerdadeOn","og_description":"O recuo de 0,2% nas exporta\u00e7\u00f5es se deve a menores vendas de soja em gr\u00e3o e de a\u00e7\u00facar refinado O agroneg\u00f3cio paulista apresentou resultados positivos no [\u2026]","og_url":"https:\/\/verdadeon.com.br\/portal\/2024\/08\/17\/agro-paulista-registra-superavit-de-97-nos-sete-primeiros-meses-do-ano\/","og_site_name":"VerdadeOn","article_published_time":"2024-08-17T16:11:28+00:00","og_image":[{"width":1000,"height":574,"url":"https:\/\/verdadeon.com.br\/portal\/wp-content\/uploads\/2024\/06\/Release_Balanca-Agro-Paulista_10.4-1.jpg","type":"image\/jpeg"}],"author":"Redacao VerdadeOn","twitter_card":"summary_large_image","twitter_misc":{"Escrito por":"Redacao VerdadeOn","Est. tempo de leitura":"5 minutos"},"schema":{"@context":"https:\/\/schema.org","@graph":[{"@type":"WebPage","@id":"https:\/\/verdadeon.com.br\/portal\/2024\/08\/17\/agro-paulista-registra-superavit-de-97-nos-sete-primeiros-meses-do-ano\/","url":"https:\/\/verdadeon.com.br\/portal\/2024\/08\/17\/agro-paulista-registra-superavit-de-97-nos-sete-primeiros-meses-do-ano\/","name":"Agro Paulista registra super\u00e1vit de 9,7% nos sete primeiros meses do ano - VerdadeOn","isPartOf":{"@id":"https:\/\/verdadeon.com.br\/portal\/#website"},"primaryImageOfPage":{"@id":"https:\/\/verdadeon.com.br\/portal\/2024\/08\/17\/agro-paulista-registra-superavit-de-97-nos-sete-primeiros-meses-do-ano\/#primaryimage"},"image":{"@id":"https:\/\/verdadeon.com.br\/portal\/2024\/08\/17\/agro-paulista-registra-superavit-de-97-nos-sete-primeiros-meses-do-ano\/#primaryimage"},"thumbnailUrl":"https:\/\/i0.wp.com\/verdadeon.com.br\/portal\/wp-content\/uploads\/2024\/06\/Release_Balanca-Agro-Paulista_10.4-1.jpg?fit=1000%2C574&ssl=1","datePublished":"2024-08-17T16:11:28+00:00","author":{"@id":"https:\/\/verdadeon.com.br\/portal\/#\/schema\/person\/a5060ad1e9ea3df545188fc93ce43d2f"},"breadcrumb":{"@id":"https:\/\/verdadeon.com.br\/portal\/2024\/08\/17\/agro-paulista-registra-superavit-de-97-nos-sete-primeiros-meses-do-ano\/#breadcrumb"},"inLanguage":"pt-BR","potentialAction":[{"@type":"ReadAction","target":["https:\/\/verdadeon.com.br\/portal\/2024\/08\/17\/agro-paulista-registra-superavit-de-97-nos-sete-primeiros-meses-do-ano\/"]}]},{"@type":"ImageObject","inLanguage":"pt-BR","@id":"https:\/\/verdadeon.com.br\/portal\/2024\/08\/17\/agro-paulista-registra-superavit-de-97-nos-sete-primeiros-meses-do-ano\/#primaryimage","url":"https:\/\/i0.wp.com\/verdadeon.com.br\/portal\/wp-content\/uploads\/2024\/06\/Release_Balanca-Agro-Paulista_10.4-1.jpg?fit=1000%2C574&ssl=1","contentUrl":"https:\/\/i0.wp.com\/verdadeon.com.br\/portal\/wp-content\/uploads\/2024\/06\/Release_Balanca-Agro-Paulista_10.4-1.jpg?fit=1000%2C574&ssl=1","width":1000,"height":574,"caption":"Suspens\u00e3o de novas contrata\u00e7\u00f5es de financiamento do Plano Safra 2024\/2025 gera controv\u00e9rsias (\u00a9SP Not\u00edcias)"},{"@type":"BreadcrumbList","@id":"https:\/\/verdadeon.com.br\/portal\/2024\/08\/17\/agro-paulista-registra-superavit-de-97-nos-sete-primeiros-meses-do-ano\/#breadcrumb","itemListElement":[{"@type":"ListItem","position":1,"name":"In\u00edcio","item":"https:\/\/verdadeon.com.br\/portal\/"},{"@type":"ListItem","position":2,"name":"Agro Paulista registra super\u00e1vit de 9,7% nos sete primeiros meses do ano"}]},{"@type":"WebSite","@id":"https:\/\/verdadeon.com.br\/portal\/#website","url":"https:\/\/verdadeon.com.br\/portal\/","name":"VerdadeOn","description":"Not\u00edcias di\u00e1rias sobre Franca, Regi\u00e3o, Esporte, Cultura, Cotidiano, Colunas. Cobertura nos principais eventos da cidade \u00e9 aqui - Verdadeon Franca","potentialAction":[{"@type":"SearchAction","target":{"@type":"EntryPoint","urlTemplate":"https:\/\/verdadeon.com.br\/portal\/?s={search_term_string}"},"query-input":{"@type":"PropertyValueSpecification","valueRequired":true,"valueName":"search_term_string"}}],"inLanguage":"pt-BR"},{"@type":"Person","@id":"https:\/\/verdadeon.com.br\/portal\/#\/schema\/person\/a5060ad1e9ea3df545188fc93ce43d2f","name":"Redacao VerdadeOn","image":{"@type":"ImageObject","inLanguage":"pt-BR","@id":"https:\/\/verdadeon.com.br\/portal\/#\/schema\/person\/image\/","url":"https:\/\/secure.gravatar.com\/avatar\/459a9613caaaf07f582c3d0841eea68bdd66f533e465e6ba8b9cb45619572cf4?s=96&d=mm&r=g","contentUrl":"https:\/\/secure.gravatar.com\/avatar\/459a9613caaaf07f582c3d0841eea68bdd66f533e465e6ba8b9cb45619572cf4?s=96&d=mm&r=g","caption":"Redacao VerdadeOn"},"url":"https:\/\/verdadeon.com.br\/portal\/author\/redacao\/"}]}},"jetpack_publicize_connections":[],"jetpack_featured_media_url":"https:\/\/i0.wp.com\/verdadeon.com.br\/portal\/wp-content\/uploads\/2024\/06\/Release_Balanca-Agro-Paulista_10.4-1.jpg?fit=1000%2C574&ssl=1","jetpack_sharing_enabled":true,"_links":{"self":[{"href":"https:\/\/verdadeon.com.br\/portal\/wp-json\/wp\/v2\/posts\/48552","targetHints":{"allow":["GET"]}}],"collection":[{"href":"https:\/\/verdadeon.com.br\/portal\/wp-json\/wp\/v2\/posts"}],"about":[{"href":"https:\/\/verdadeon.com.br\/portal\/wp-json\/wp\/v2\/types\/post"}],"author":[{"embeddable":true,"href":"https:\/\/verdadeon.com.br\/portal\/wp-json\/wp\/v2\/users\/10"}],"replies":[{"embeddable":true,"href":"https:\/\/verdadeon.com.br\/portal\/wp-json\/wp\/v2\/comments?post=48552"}],"version-history":[{"count":1,"href":"https:\/\/verdadeon.com.br\/portal\/wp-json\/wp\/v2\/posts\/48552\/revisions"}],"predecessor-version":[{"id":48553,"href":"https:\/\/verdadeon.com.br\/portal\/wp-json\/wp\/v2\/posts\/48552\/revisions\/48553"}],"wp:featuredmedia":[{"embeddable":true,"href":"https:\/\/verdadeon.com.br\/portal\/wp-json\/wp\/v2\/media\/45656"}],"wp:attachment":[{"href":"https:\/\/verdadeon.com.br\/portal\/wp-json\/wp\/v2\/media?parent=48552"}],"wp:term":[{"taxonomy":"category","embeddable":true,"href":"https:\/\/verdadeon.com.br\/portal\/wp-json\/wp\/v2\/categories?post=48552"},{"taxonomy":"post_tag","embeddable":true,"href":"https:\/\/verdadeon.com.br\/portal\/wp-json\/wp\/v2\/tags?post=48552"}],"curies":[{"name":"wp","href":"https:\/\/api.w.org\/{rel}","templated":true}]}}