{"id":48385,"date":"2024-08-14T11:20:31","date_gmt":"2024-08-14T14:20:31","guid":{"rendered":"https:\/\/verdadeon.com.br\/portal\/?p=48385"},"modified":"2024-08-14T11:26:47","modified_gmt":"2024-08-14T14:26:47","slug":"coluna-do-tigrao-14-08-2024","status":"publish","type":"post","link":"https:\/\/verdadeon.com.br\/portal\/2024\/08\/14\/coluna-do-tigrao-14-08-2024\/","title":{"rendered":"Coluna do Tigr\u00e3o &#8211; 14\/08\/2024"},"content":{"rendered":"<h4><strong><img data-recalc-dims=\"1\" loading=\"lazy\" decoding=\"async\" class=\" wp-image-47600 alignleft\" src=\"https:\/\/i0.wp.com\/verdadeon.com.br\/portal\/wp-content\/uploads\/2024\/07\/WhatsApp-Image-2024-07-25-at-13.53.37.jpeg?resize=212%2C212&#038;ssl=1\" alt=\"\" width=\"212\" height=\"212\" srcset=\"https:\/\/i0.wp.com\/verdadeon.com.br\/portal\/wp-content\/uploads\/2024\/07\/WhatsApp-Image-2024-07-25-at-13.53.37.jpeg?w=531&amp;ssl=1 531w, https:\/\/i0.wp.com\/verdadeon.com.br\/portal\/wp-content\/uploads\/2024\/07\/WhatsApp-Image-2024-07-25-at-13.53.37.jpeg?resize=300%2C300&amp;ssl=1 300w, https:\/\/i0.wp.com\/verdadeon.com.br\/portal\/wp-content\/uploads\/2024\/07\/WhatsApp-Image-2024-07-25-at-13.53.37.jpeg?resize=150%2C150&amp;ssl=1 150w, https:\/\/i0.wp.com\/verdadeon.com.br\/portal\/wp-content\/uploads\/2024\/07\/WhatsApp-Image-2024-07-25-at-13.53.37.jpeg?resize=146%2C146&amp;ssl=1 146w, https:\/\/i0.wp.com\/verdadeon.com.br\/portal\/wp-content\/uploads\/2024\/07\/WhatsApp-Image-2024-07-25-at-13.53.37.jpeg?resize=50%2C50&amp;ssl=1 50w, https:\/\/i0.wp.com\/verdadeon.com.br\/portal\/wp-content\/uploads\/2024\/07\/WhatsApp-Image-2024-07-25-at-13.53.37.jpeg?resize=75%2C75&amp;ssl=1 75w, https:\/\/i0.wp.com\/verdadeon.com.br\/portal\/wp-content\/uploads\/2024\/07\/WhatsApp-Image-2024-07-25-at-13.53.37.jpeg?resize=85%2C85&amp;ssl=1 85w, https:\/\/i0.wp.com\/verdadeon.com.br\/portal\/wp-content\/uploads\/2024\/07\/WhatsApp-Image-2024-07-25-at-13.53.37.jpeg?resize=80%2C80&amp;ssl=1 80w\" sizes=\"auto, (max-width: 212px) 100vw, 212px\" \/>Falando s\u00e9rio<\/strong><\/h4>\n<p>Uma comitiva formada por 34 pessoas, entre atletas e equipes de apoio, viaja nas primeiras horas desta quarta-feira, 14, para Itatiba, onde ser\u00e1 disputada a 26\u00aa edi\u00e7\u00e3o dos Jogos da Melhor Idade (JOMIS), fase estadual, para pessoas acima de 60 anos. Com o suporte da Prefeitura e da FEAC (Funda\u00e7\u00e3o Esporte, Arte e Cultura), a delega\u00e7\u00e3o francana estar\u00e1 presente com seis modalidades, sendo elas: damas, xadrez, nata\u00e7\u00e3o, dan\u00e7a de sal\u00e3o, coreografia e v\u00f4lei adaptado feminino e masculino. Antes de declarar torcida pelos competidores de nossa amada cidade, \u00e9 importante lembrar que os projetos para idosos precisam ser cada vez mais trabalhados em nossa sociedade, afinal de contas, s\u00e3o pessoas que batalharam uma vida inteira &#8211; e muitos que ainda est\u00e3o na luta &#8211; e que necessitam de um m\u00ednimo de conforto para seu bem-estar. Digo isso por lembrar-me daqueles que pra se sentirem &#8220;vivos&#8221; requerem uma atividade, que seja uma oportunidade de trabalho, que muitas vezes lhes s\u00e3o negadas em decorr\u00eancia da idade &#8211; por puro preconceito. Volto a dizer: &#8220;muitas vezes&#8221;, n\u00e3o generalizando, afinal de contas, a idade tamb\u00e9m estabelece limites a depender da fun\u00e7\u00e3o como qualquer outro fator. Enfim, muito boa sorte ao nosso munic\u00edpio e que tragam as medalhas que representem todo nosso povo. Estamos juntos nessa!<\/p>\n<h4><strong>V\u00d4LEI ADAPTADO<\/strong><\/h4>\n<p>Atuando na manh\u00e3 do \u00faltimo s\u00e1bado, no gin\u00e1sio do Champagnat, em mais uma rodada do Campeonato Regional da Associa\u00e7\u00e3o Pr\u00f3-Voleibol, (APV), a equipe feminina de Franca 60+ foi campe\u00e3, com tr\u00eas vit\u00f3rias. Estiveram em Franca, equipes de tradi\u00e7\u00e3o na modalidade, como Campinas e Pirassununga, al\u00e9m de Sert\u00e3ozinho. No primeiro jogo, a vit\u00f3ria diante de Sert\u00e3ozinho foi por 2 sets a zero. Contra Campinas, a disputada foi mais acirrada, mais com vit\u00f3ria francana por 2 a 1. Na partida de encerramento da rodada desta etapa, outra vit\u00f3ria, desta vez contra Pirassununga por 2 a 0.<\/p>\n<h4><strong>SANTOS<\/strong><\/h4>\n<p>Com o Brasil no p\u00f3s-clima de decis\u00e3o ol\u00edmpica, o Paulist\u00e3o Feminino regressa com for\u00e7a total. A competi\u00e7\u00e3o foi retomada na semana passada e, na pr\u00f3xima quarta-feira, \u00e0s 16h, a Ferrovi\u00e1ria enfrentar\u00e1 o Santos em uma partida v\u00e1lida pela nona rodada do Campeonato Paulista Feminino 2024. O confronto acontecer\u00e1 direto da Arena Fonte Luminosa, com transmiss\u00e3o ao vivo nos canais do YouTube da Centauro e do Camisa 21, marca de conte\u00fado de futebol da NWB. O duelo entre Ferrovi\u00e1ria e Santos promete ser acirrado. No momento, apenas um ponto separa as Guerreiras Gren\u00e1s das Sereias da Vila na tabela do campeonato. Ambas as equipes est\u00e3o fora da zona de classifica\u00e7\u00e3o e uma simples vit\u00f3ria pode coloc\u00e1-las entre as quatro melhores do campeonato. Restando apenas tr\u00eas rodadas para o final da Primeira Fase, uma vit\u00f3ria na quarta-feira pode ser fundamental para a classifica\u00e7\u00e3o para as semifinais do estadual. A transmiss\u00e3o da Centauro contar\u00e1 com a narra\u00e7\u00e3o de Elaine Trevisan e os coment\u00e1rios de Fran Alves e Juliane Santos, com Fl\u00e1via Verso na reportagem de campo. A partida poder\u00e1 ser acompanhada nos perfis oficiais da Centauro no Youtube, al\u00e9m do Camisa 21 e canais parceiros afiliados da NWB.<\/p>\n<h4><strong>Destaques de Hoje!<\/strong><\/h4>\n<div class=\"mceTemp\"><\/div>\n<div id=\"attachment_48386\" style=\"width: 970px\" class=\"wp-caption alignnone\"><img data-recalc-dims=\"1\" loading=\"lazy\" decoding=\"async\" aria-describedby=\"caption-attachment-48386\" class=\"size-full wp-image-48386\" src=\"https:\/\/i0.wp.com\/verdadeon.com.br\/portal\/wp-content\/uploads\/2024\/08\/WhatsApp-Image-2024-08-12-at-19.30.51.jpeg?resize=960%2C1280&#038;ssl=1\" alt=\"\" width=\"960\" height=\"1280\" srcset=\"https:\/\/i0.wp.com\/verdadeon.com.br\/portal\/wp-content\/uploads\/2024\/08\/WhatsApp-Image-2024-08-12-at-19.30.51.jpeg?w=960&amp;ssl=1 960w, https:\/\/i0.wp.com\/verdadeon.com.br\/portal\/wp-content\/uploads\/2024\/08\/WhatsApp-Image-2024-08-12-at-19.30.51.jpeg?resize=225%2C300&amp;ssl=1 225w, https:\/\/i0.wp.com\/verdadeon.com.br\/portal\/wp-content\/uploads\/2024\/08\/WhatsApp-Image-2024-08-12-at-19.30.51.jpeg?resize=768%2C1024&amp;ssl=1 768w, https:\/\/i0.wp.com\/verdadeon.com.br\/portal\/wp-content\/uploads\/2024\/08\/WhatsApp-Image-2024-08-12-at-19.30.51.jpeg?resize=110%2C146&amp;ssl=1 110w, https:\/\/i0.wp.com\/verdadeon.com.br\/portal\/wp-content\/uploads\/2024\/08\/WhatsApp-Image-2024-08-12-at-19.30.51.jpeg?resize=38%2C50&amp;ssl=1 38w, https:\/\/i0.wp.com\/verdadeon.com.br\/portal\/wp-content\/uploads\/2024\/08\/WhatsApp-Image-2024-08-12-at-19.30.51.jpeg?resize=56%2C75&amp;ssl=1 56w\" sizes=\"auto, (max-width: 960px) 100vw, 960px\" \/><p id=\"caption-attachment-48386\" class=\"wp-caption-text\">A Psicanalista Aline Fernandes de Azevedo com seu filho Bernardo, no Col\u00e9gio Alto Padr\u00e3o! Precisa de elogios?<\/p><\/div>\n<div id=\"attachment_48387\" style=\"width: 1300px\" class=\"wp-caption alignnone\"><img data-recalc-dims=\"1\" loading=\"lazy\" decoding=\"async\" aria-describedby=\"caption-attachment-48387\" class=\"size-full wp-image-48387\" src=\"https:\/\/i0.wp.com\/verdadeon.com.br\/portal\/wp-content\/uploads\/2024\/08\/WhatsApp-Image-2024-08-12-at-15.48.19.jpeg?resize=1220%2C1465&#038;ssl=1\" alt=\"\" width=\"1220\" height=\"1465\" srcset=\"https:\/\/i0.wp.com\/verdadeon.com.br\/portal\/wp-content\/uploads\/2024\/08\/WhatsApp-Image-2024-08-12-at-15.48.19.jpeg?w=1290&amp;ssl=1 1290w, https:\/\/i0.wp.com\/verdadeon.com.br\/portal\/wp-content\/uploads\/2024\/08\/WhatsApp-Image-2024-08-12-at-15.48.19.jpeg?resize=250%2C300&amp;ssl=1 250w, https:\/\/i0.wp.com\/verdadeon.com.br\/portal\/wp-content\/uploads\/2024\/08\/WhatsApp-Image-2024-08-12-at-15.48.19.jpeg?resize=853%2C1024&amp;ssl=1 853w, https:\/\/i0.wp.com\/verdadeon.com.br\/portal\/wp-content\/uploads\/2024\/08\/WhatsApp-Image-2024-08-12-at-15.48.19.jpeg?resize=768%2C922&amp;ssl=1 768w, https:\/\/i0.wp.com\/verdadeon.com.br\/portal\/wp-content\/uploads\/2024\/08\/WhatsApp-Image-2024-08-12-at-15.48.19.jpeg?resize=1279%2C1536&amp;ssl=1 1279w, https:\/\/i0.wp.com\/verdadeon.com.br\/portal\/wp-content\/uploads\/2024\/08\/WhatsApp-Image-2024-08-12-at-15.48.19.jpeg?resize=122%2C146&amp;ssl=1 122w, https:\/\/i0.wp.com\/verdadeon.com.br\/portal\/wp-content\/uploads\/2024\/08\/WhatsApp-Image-2024-08-12-at-15.48.19.jpeg?resize=42%2C50&amp;ssl=1 42w, https:\/\/i0.wp.com\/verdadeon.com.br\/portal\/wp-content\/uploads\/2024\/08\/WhatsApp-Image-2024-08-12-at-15.48.19.jpeg?resize=62%2C75&amp;ssl=1 62w\" sizes=\"auto, (max-width: 1220px) 100vw, 1220px\" \/><p id=\"caption-attachment-48387\" class=\"wp-caption-text\">Bel\u00edssima: Maria Fernanda Veloso nos destaques de nossa coluna de hoje!<\/p><\/div>\n<div id=\"attachment_48388\" style=\"width: 460px\" class=\"wp-caption alignnone\"><img data-recalc-dims=\"1\" loading=\"lazy\" decoding=\"async\" aria-describedby=\"caption-attachment-48388\" class=\"size-full wp-image-48388\" src=\"https:\/\/i0.wp.com\/verdadeon.com.br\/portal\/wp-content\/uploads\/2024\/08\/WhatsApp-Image-2024-08-12-at-20.55.48.jpeg?resize=450%2C800&#038;ssl=1\" alt=\"\" width=\"450\" height=\"800\" srcset=\"https:\/\/i0.wp.com\/verdadeon.com.br\/portal\/wp-content\/uploads\/2024\/08\/WhatsApp-Image-2024-08-12-at-20.55.48.jpeg?w=450&amp;ssl=1 450w, https:\/\/i0.wp.com\/verdadeon.com.br\/portal\/wp-content\/uploads\/2024\/08\/WhatsApp-Image-2024-08-12-at-20.55.48.jpeg?resize=169%2C300&amp;ssl=1 169w, https:\/\/i0.wp.com\/verdadeon.com.br\/portal\/wp-content\/uploads\/2024\/08\/WhatsApp-Image-2024-08-12-at-20.55.48.jpeg?resize=82%2C146&amp;ssl=1 82w, https:\/\/i0.wp.com\/verdadeon.com.br\/portal\/wp-content\/uploads\/2024\/08\/WhatsApp-Image-2024-08-12-at-20.55.48.jpeg?resize=28%2C50&amp;ssl=1 28w, https:\/\/i0.wp.com\/verdadeon.com.br\/portal\/wp-content\/uploads\/2024\/08\/WhatsApp-Image-2024-08-12-at-20.55.48.jpeg?resize=42%2C75&amp;ssl=1 42w\" sizes=\"auto, (max-width: 450px) 100vw, 450px\" \/><p id=\"caption-attachment-48388\" class=\"wp-caption-text\">A lind\u00edssima Karol Rodrigues, sempre muito bem trajada!<\/p><\/div>\n<div id=\"attachment_48389\" style=\"width: 1210px\" class=\"wp-caption alignnone\"><img data-recalc-dims=\"1\" loading=\"lazy\" decoding=\"async\" aria-describedby=\"caption-attachment-48389\" class=\"size-full wp-image-48389\" src=\"https:\/\/i0.wp.com\/verdadeon.com.br\/portal\/wp-content\/uploads\/2024\/08\/WhatsApp-Image-2024-08-13-at-12.00.58.jpeg?resize=1200%2C1600&#038;ssl=1\" alt=\"\" width=\"1200\" height=\"1600\" srcset=\"https:\/\/i0.wp.com\/verdadeon.com.br\/portal\/wp-content\/uploads\/2024\/08\/WhatsApp-Image-2024-08-13-at-12.00.58.jpeg?w=1200&amp;ssl=1 1200w, https:\/\/i0.wp.com\/verdadeon.com.br\/portal\/wp-content\/uploads\/2024\/08\/WhatsApp-Image-2024-08-13-at-12.00.58.jpeg?resize=225%2C300&amp;ssl=1 225w, https:\/\/i0.wp.com\/verdadeon.com.br\/portal\/wp-content\/uploads\/2024\/08\/WhatsApp-Image-2024-08-13-at-12.00.58.jpeg?resize=768%2C1024&amp;ssl=1 768w, https:\/\/i0.wp.com\/verdadeon.com.br\/portal\/wp-content\/uploads\/2024\/08\/WhatsApp-Image-2024-08-13-at-12.00.58.jpeg?resize=1152%2C1536&amp;ssl=1 1152w, https:\/\/i0.wp.com\/verdadeon.com.br\/portal\/wp-content\/uploads\/2024\/08\/WhatsApp-Image-2024-08-13-at-12.00.58.jpeg?resize=110%2C146&amp;ssl=1 110w, https:\/\/i0.wp.com\/verdadeon.com.br\/portal\/wp-content\/uploads\/2024\/08\/WhatsApp-Image-2024-08-13-at-12.00.58.jpeg?resize=38%2C50&amp;ssl=1 38w, https:\/\/i0.wp.com\/verdadeon.com.br\/portal\/wp-content\/uploads\/2024\/08\/WhatsApp-Image-2024-08-13-at-12.00.58.jpeg?resize=56%2C75&amp;ssl=1 56w\" sizes=\"auto, (max-width: 1200px) 100vw, 1200px\" \/><p id=\"caption-attachment-48389\" class=\"wp-caption-text\">O jornalista Lucas Faleiros &#8211; e que pode ser modelo nas horas vagas!<\/p><\/div>\n","protected":false},"excerpt":{"rendered":"<p>Falando s\u00e9rio Uma comitiva formada por 34 pessoas, entre atletas e equipes de apoio, viaja nas primeiras horas desta quarta-feira, 14, para Itatiba, onde ser\u00e1 disputada<span class=\"excerpt-hellip\"> [\u2026]<\/span><\/p>\n","protected":false},"author":10,"featured_media":48390,"comment_status":"open","ping_status":"open","sticky":false,"template":"","format":"standard","meta":{"_jetpack_memberships_contains_paid_content":false,"footnotes":"","jetpack_publicize_message":"","jetpack_publicize_feature_enabled":true,"jetpack_social_post_already_shared":true,"jetpack_social_options":{"image_generator_settings":{"template":"highway","default_image_id":0,"enabled":false},"version":2}},"categories":[92,139],"tags":[68],"class_list":["post-48385","post","type-post","status-publish","format-standard","has-post-thumbnail","hentry","category-colunista","category-tigrao","tag-coluna"],"yoast_head":"<!-- This site is optimized with the Yoast SEO plugin v25.6 - https:\/\/yoast.com\/wordpress\/plugins\/seo\/ -->\n<title>Coluna do Tigr\u00e3o - 14\/08\/2024 - VerdadeOn<\/title>\n<meta name=\"robots\" content=\"index, follow, max-snippet:-1, max-image-preview:large, max-video-preview:-1\" \/>\n<link rel=\"canonical\" href=\"https:\/\/verdadeon.com.br\/portal\/2024\/08\/14\/coluna-do-tigrao-14-08-2024\/\" \/>\n<meta property=\"og:locale\" content=\"pt_BR\" \/>\n<meta property=\"og:type\" content=\"article\" \/>\n<meta property=\"og:title\" content=\"Coluna do Tigr\u00e3o - 14\/08\/2024 - VerdadeOn\" \/>\n<meta property=\"og:description\" content=\"Falando s\u00e9rio Uma comitiva formada por 34 pessoas, entre atletas e equipes de apoio, viaja nas primeiras horas desta quarta-feira, 14, para Itatiba, onde ser\u00e1 disputada [\u2026]\" \/>\n<meta property=\"og:url\" content=\"https:\/\/verdadeon.com.br\/portal\/2024\/08\/14\/coluna-do-tigrao-14-08-2024\/\" \/>\n<meta property=\"og:site_name\" content=\"VerdadeOn\" \/>\n<meta property=\"article:published_time\" content=\"2024-08-14T14:20:31+00:00\" \/>\n<meta property=\"article:modified_time\" content=\"2024-08-14T14:26:47+00:00\" \/>\n<meta property=\"og:image\" content=\"https:\/\/verdadeon.com.br\/portal\/wp-content\/uploads\/2024\/08\/WhatsApp-Image-2024-08-12-at-19.30.51-1.jpeg\" \/>\n\t<meta property=\"og:image:width\" content=\"960\" \/>\n\t<meta property=\"og:image:height\" content=\"643\" \/>\n\t<meta property=\"og:image:type\" content=\"image\/jpeg\" \/>\n<meta name=\"author\" content=\"Redacao VerdadeOn\" \/>\n<meta name=\"twitter:card\" content=\"summary_large_image\" \/>\n<meta name=\"twitter:label1\" content=\"Escrito por\" \/>\n\t<meta name=\"twitter:data1\" content=\"Redacao VerdadeOn\" \/>\n\t<meta name=\"twitter:label2\" content=\"Est. tempo de leitura\" \/>\n\t<meta name=\"twitter:data2\" content=\"5 minutos\" \/>\n<script type=\"application\/ld+json\" class=\"yoast-schema-graph\">{\"@context\":\"https:\/\/schema.org\",\"@graph\":[{\"@type\":\"WebPage\",\"@id\":\"https:\/\/verdadeon.com.br\/portal\/2024\/08\/14\/coluna-do-tigrao-14-08-2024\/\",\"url\":\"https:\/\/verdadeon.com.br\/portal\/2024\/08\/14\/coluna-do-tigrao-14-08-2024\/\",\"name\":\"Coluna do Tigr\u00e3o - 14\/08\/2024 - VerdadeOn\",\"isPartOf\":{\"@id\":\"https:\/\/verdadeon.com.br\/portal\/#website\"},\"primaryImageOfPage\":{\"@id\":\"https:\/\/verdadeon.com.br\/portal\/2024\/08\/14\/coluna-do-tigrao-14-08-2024\/#primaryimage\"},\"image\":{\"@id\":\"https:\/\/verdadeon.com.br\/portal\/2024\/08\/14\/coluna-do-tigrao-14-08-2024\/#primaryimage\"},\"thumbnailUrl\":\"https:\/\/i0.wp.com\/verdadeon.com.br\/portal\/wp-content\/uploads\/2024\/08\/WhatsApp-Image-2024-08-12-at-19.30.51-1.jpeg?fit=960%2C643&ssl=1\",\"datePublished\":\"2024-08-14T14:20:31+00:00\",\"dateModified\":\"2024-08-14T14:26:47+00:00\",\"author\":{\"@id\":\"https:\/\/verdadeon.com.br\/portal\/#\/schema\/person\/a5060ad1e9ea3df545188fc93ce43d2f\"},\"breadcrumb\":{\"@id\":\"https:\/\/verdadeon.com.br\/portal\/2024\/08\/14\/coluna-do-tigrao-14-08-2024\/#breadcrumb\"},\"inLanguage\":\"pt-BR\",\"potentialAction\":[{\"@type\":\"ReadAction\",\"target\":[\"https:\/\/verdadeon.com.br\/portal\/2024\/08\/14\/coluna-do-tigrao-14-08-2024\/\"]}]},{\"@type\":\"ImageObject\",\"inLanguage\":\"pt-BR\",\"@id\":\"https:\/\/verdadeon.com.br\/portal\/2024\/08\/14\/coluna-do-tigrao-14-08-2024\/#primaryimage\",\"url\":\"https:\/\/i0.wp.com\/verdadeon.com.br\/portal\/wp-content\/uploads\/2024\/08\/WhatsApp-Image-2024-08-12-at-19.30.51-1.jpeg?fit=960%2C643&ssl=1\",\"contentUrl\":\"https:\/\/i0.wp.com\/verdadeon.com.br\/portal\/wp-content\/uploads\/2024\/08\/WhatsApp-Image-2024-08-12-at-19.30.51-1.jpeg?fit=960%2C643&ssl=1\",\"width\":960,\"height\":643,\"caption\":\"A Psicanalista Aline Fernandes de Azevedo com seu filho Bernardo, no Col\u00e9gio Alto Padr\u00e3o! Precisa de elogios?\"},{\"@type\":\"BreadcrumbList\",\"@id\":\"https:\/\/verdadeon.com.br\/portal\/2024\/08\/14\/coluna-do-tigrao-14-08-2024\/#breadcrumb\",\"itemListElement\":[{\"@type\":\"ListItem\",\"position\":1,\"name\":\"In\u00edcio\",\"item\":\"https:\/\/verdadeon.com.br\/portal\/\"},{\"@type\":\"ListItem\",\"position\":2,\"name\":\"Coluna do Tigr\u00e3o &#8211; 14\/08\/2024\"}]},{\"@type\":\"WebSite\",\"@id\":\"https:\/\/verdadeon.com.br\/portal\/#website\",\"url\":\"https:\/\/verdadeon.com.br\/portal\/\",\"name\":\"VerdadeOn\",\"description\":\"Not\u00edcias di\u00e1rias sobre Franca, Regi\u00e3o, Esporte, Cultura, Cotidiano, Colunas. Cobertura nos principais eventos da cidade \u00e9 aqui - Verdadeon Franca\",\"potentialAction\":[{\"@type\":\"SearchAction\",\"target\":{\"@type\":\"EntryPoint\",\"urlTemplate\":\"https:\/\/verdadeon.com.br\/portal\/?s={search_term_string}\"},\"query-input\":{\"@type\":\"PropertyValueSpecification\",\"valueRequired\":true,\"valueName\":\"search_term_string\"}}],\"inLanguage\":\"pt-BR\"},{\"@type\":\"Person\",\"@id\":\"https:\/\/verdadeon.com.br\/portal\/#\/schema\/person\/a5060ad1e9ea3df545188fc93ce43d2f\",\"name\":\"Redacao VerdadeOn\",\"image\":{\"@type\":\"ImageObject\",\"inLanguage\":\"pt-BR\",\"@id\":\"https:\/\/verdadeon.com.br\/portal\/#\/schema\/person\/image\/\",\"url\":\"https:\/\/secure.gravatar.com\/avatar\/459a9613caaaf07f582c3d0841eea68bdd66f533e465e6ba8b9cb45619572cf4?s=96&d=mm&r=g\",\"contentUrl\":\"https:\/\/secure.gravatar.com\/avatar\/459a9613caaaf07f582c3d0841eea68bdd66f533e465e6ba8b9cb45619572cf4?s=96&d=mm&r=g\",\"caption\":\"Redacao VerdadeOn\"},\"url\":\"https:\/\/verdadeon.com.br\/portal\/author\/redacao\/\"}]}<\/script>\n<!-- \/ Yoast SEO plugin. -->","yoast_head_json":{"title":"Coluna do Tigr\u00e3o - 14\/08\/2024 - VerdadeOn","robots":{"index":"index","follow":"follow","max-snippet":"max-snippet:-1","max-image-preview":"max-image-preview:large","max-video-preview":"max-video-preview:-1"},"canonical":"https:\/\/verdadeon.com.br\/portal\/2024\/08\/14\/coluna-do-tigrao-14-08-2024\/","og_locale":"pt_BR","og_type":"article","og_title":"Coluna do Tigr\u00e3o - 14\/08\/2024 - VerdadeOn","og_description":"Falando s\u00e9rio Uma comitiva formada por 34 pessoas, entre atletas e equipes de apoio, viaja nas primeiras horas desta quarta-feira, 14, para Itatiba, onde ser\u00e1 disputada [\u2026]","og_url":"https:\/\/verdadeon.com.br\/portal\/2024\/08\/14\/coluna-do-tigrao-14-08-2024\/","og_site_name":"VerdadeOn","article_published_time":"2024-08-14T14:20:31+00:00","article_modified_time":"2024-08-14T14:26:47+00:00","og_image":[{"width":960,"height":643,"url":"https:\/\/verdadeon.com.br\/portal\/wp-content\/uploads\/2024\/08\/WhatsApp-Image-2024-08-12-at-19.30.51-1.jpeg","type":"image\/jpeg"}],"author":"Redacao VerdadeOn","twitter_card":"summary_large_image","twitter_misc":{"Escrito por":"Redacao VerdadeOn","Est. tempo de leitura":"5 minutos"},"schema":{"@context":"https:\/\/schema.org","@graph":[{"@type":"WebPage","@id":"https:\/\/verdadeon.com.br\/portal\/2024\/08\/14\/coluna-do-tigrao-14-08-2024\/","url":"https:\/\/verdadeon.com.br\/portal\/2024\/08\/14\/coluna-do-tigrao-14-08-2024\/","name":"Coluna do Tigr\u00e3o - 14\/08\/2024 - VerdadeOn","isPartOf":{"@id":"https:\/\/verdadeon.com.br\/portal\/#website"},"primaryImageOfPage":{"@id":"https:\/\/verdadeon.com.br\/portal\/2024\/08\/14\/coluna-do-tigrao-14-08-2024\/#primaryimage"},"image":{"@id":"https:\/\/verdadeon.com.br\/portal\/2024\/08\/14\/coluna-do-tigrao-14-08-2024\/#primaryimage"},"thumbnailUrl":"https:\/\/i0.wp.com\/verdadeon.com.br\/portal\/wp-content\/uploads\/2024\/08\/WhatsApp-Image-2024-08-12-at-19.30.51-1.jpeg?fit=960%2C643&ssl=1","datePublished":"2024-08-14T14:20:31+00:00","dateModified":"2024-08-14T14:26:47+00:00","author":{"@id":"https:\/\/verdadeon.com.br\/portal\/#\/schema\/person\/a5060ad1e9ea3df545188fc93ce43d2f"},"breadcrumb":{"@id":"https:\/\/verdadeon.com.br\/portal\/2024\/08\/14\/coluna-do-tigrao-14-08-2024\/#breadcrumb"},"inLanguage":"pt-BR","potentialAction":[{"@type":"ReadAction","target":["https:\/\/verdadeon.com.br\/portal\/2024\/08\/14\/coluna-do-tigrao-14-08-2024\/"]}]},{"@type":"ImageObject","inLanguage":"pt-BR","@id":"https:\/\/verdadeon.com.br\/portal\/2024\/08\/14\/coluna-do-tigrao-14-08-2024\/#primaryimage","url":"https:\/\/i0.wp.com\/verdadeon.com.br\/portal\/wp-content\/uploads\/2024\/08\/WhatsApp-Image-2024-08-12-at-19.30.51-1.jpeg?fit=960%2C643&ssl=1","contentUrl":"https:\/\/i0.wp.com\/verdadeon.com.br\/portal\/wp-content\/uploads\/2024\/08\/WhatsApp-Image-2024-08-12-at-19.30.51-1.jpeg?fit=960%2C643&ssl=1","width":960,"height":643,"caption":"A Psicanalista Aline Fernandes de Azevedo com seu filho Bernardo, no Col\u00e9gio Alto Padr\u00e3o! Precisa de elogios?"},{"@type":"BreadcrumbList","@id":"https:\/\/verdadeon.com.br\/portal\/2024\/08\/14\/coluna-do-tigrao-14-08-2024\/#breadcrumb","itemListElement":[{"@type":"ListItem","position":1,"name":"In\u00edcio","item":"https:\/\/verdadeon.com.br\/portal\/"},{"@type":"ListItem","position":2,"name":"Coluna do Tigr\u00e3o &#8211; 14\/08\/2024"}]},{"@type":"WebSite","@id":"https:\/\/verdadeon.com.br\/portal\/#website","url":"https:\/\/verdadeon.com.br\/portal\/","name":"VerdadeOn","description":"Not\u00edcias di\u00e1rias sobre Franca, Regi\u00e3o, Esporte, Cultura, Cotidiano, Colunas. Cobertura nos principais eventos da cidade \u00e9 aqui - Verdadeon Franca","potentialAction":[{"@type":"SearchAction","target":{"@type":"EntryPoint","urlTemplate":"https:\/\/verdadeon.com.br\/portal\/?s={search_term_string}"},"query-input":{"@type":"PropertyValueSpecification","valueRequired":true,"valueName":"search_term_string"}}],"inLanguage":"pt-BR"},{"@type":"Person","@id":"https:\/\/verdadeon.com.br\/portal\/#\/schema\/person\/a5060ad1e9ea3df545188fc93ce43d2f","name":"Redacao VerdadeOn","image":{"@type":"ImageObject","inLanguage":"pt-BR","@id":"https:\/\/verdadeon.com.br\/portal\/#\/schema\/person\/image\/","url":"https:\/\/secure.gravatar.com\/avatar\/459a9613caaaf07f582c3d0841eea68bdd66f533e465e6ba8b9cb45619572cf4?s=96&d=mm&r=g","contentUrl":"https:\/\/secure.gravatar.com\/avatar\/459a9613caaaf07f582c3d0841eea68bdd66f533e465e6ba8b9cb45619572cf4?s=96&d=mm&r=g","caption":"Redacao VerdadeOn"},"url":"https:\/\/verdadeon.com.br\/portal\/author\/redacao\/"}]}},"jetpack_publicize_connections":[],"jetpack_featured_media_url":"https:\/\/i0.wp.com\/verdadeon.com.br\/portal\/wp-content\/uploads\/2024\/08\/WhatsApp-Image-2024-08-12-at-19.30.51-1.jpeg?fit=960%2C643&ssl=1","jetpack_sharing_enabled":true,"_links":{"self":[{"href":"https:\/\/verdadeon.com.br\/portal\/wp-json\/wp\/v2\/posts\/48385","targetHints":{"allow":["GET"]}}],"collection":[{"href":"https:\/\/verdadeon.com.br\/portal\/wp-json\/wp\/v2\/posts"}],"about":[{"href":"https:\/\/verdadeon.com.br\/portal\/wp-json\/wp\/v2\/types\/post"}],"author":[{"embeddable":true,"href":"https:\/\/verdadeon.com.br\/portal\/wp-json\/wp\/v2\/users\/10"}],"replies":[{"embeddable":true,"href":"https:\/\/verdadeon.com.br\/portal\/wp-json\/wp\/v2\/comments?post=48385"}],"version-history":[{"count":1,"href":"https:\/\/verdadeon.com.br\/portal\/wp-json\/wp\/v2\/posts\/48385\/revisions"}],"predecessor-version":[{"id":48391,"href":"https:\/\/verdadeon.com.br\/portal\/wp-json\/wp\/v2\/posts\/48385\/revisions\/48391"}],"wp:featuredmedia":[{"embeddable":true,"href":"https:\/\/verdadeon.com.br\/portal\/wp-json\/wp\/v2\/media\/48390"}],"wp:attachment":[{"href":"https:\/\/verdadeon.com.br\/portal\/wp-json\/wp\/v2\/media?parent=48385"}],"wp:term":[{"taxonomy":"category","embeddable":true,"href":"https:\/\/verdadeon.com.br\/portal\/wp-json\/wp\/v2\/categories?post=48385"},{"taxonomy":"post_tag","embeddable":true,"href":"https:\/\/verdadeon.com.br\/portal\/wp-json\/wp\/v2\/tags?post=48385"}],"curies":[{"name":"wp","href":"https:\/\/api.w.org\/{rel}","templated":true}]}}