{"id":48250,"date":"2024-08-09T15:00:43","date_gmt":"2024-08-09T18:00:43","guid":{"rendered":"https:\/\/verdadeon.com.br\/portal\/?p=48250"},"modified":"2024-08-09T15:00:43","modified_gmt":"2024-08-09T18:00:43","slug":"selecao-ja-jogou-quase-120-minutos-de-acrescimo-na-olimpiada","status":"publish","type":"post","link":"https:\/\/verdadeon.com.br\/portal\/2024\/08\/09\/selecao-ja-jogou-quase-120-minutos-de-acrescimo-na-olimpiada\/","title":{"rendered":"Sele\u00e7\u00e3o j\u00e1 jogou quase 120 minutos de acr\u00e9scimo na Olimp\u00edada"},"content":{"rendered":"<div>\n<h2 class=\"styles__SumaryBox-sc-1ir5k6-2 hIhRIU\">Foram praticamente seis jogos num per\u00edodo de 13 dias antes da decis\u00e3o<\/h2>\n<\/div>\n<div>\n<div class=\"styles__InformationsPostContainer-sc-1cj7jnq-0 dkFxYR information-post\">\n<div class=\"styles__AuthorBox-sc-1cj7jnq-1 bOQbbs\">\n<p>O tempo curto de prepara\u00e7\u00e3o entre um jogo e outro da Sele\u00e7\u00e3o Brasileira nas Olimp\u00edadas de Paris \u00e9 uma realidade que se apresenta com uma caracter\u00edstica a mais: os acr\u00e9scimos da arbitragem nas cinco partidas disputadas pelo Brasil at\u00e9 aqui correspondem a quase 120 minutos de jogo extra. Tem sido assim desde a fase de grupos.<\/p>\n<p>\u00c9 como se o Brasil tivesse feito seis partidas em 13 dias, quase que um jogo a cada 48 horas, antes mesmo da decis\u00e3o contra os Estados Unidos. Isso foi um dos pontos mais importantes na prepara\u00e7\u00e3o da equipe para os confrontos do mata-mata.<\/p>\n<p><img data-recalc-dims=\"1\" decoding=\"async\" src=\"https:\/\/i0.wp.com\/objectstorage.sa-saopaulo-1.oraclecloud.com\/n\/grsa9ybqykir\/b\/portalcbf\/o\/53896709786_8bacfcceb1_o.jpg?w=1220&#038;ssl=1\" \/><strong>Ant\u00f4nia recebe atendimento m\u00e9dico em jogo contra a Espanha<\/strong><em>Cr\u00e9ditos: Rafael Ribeiro\/CBF<\/em><\/p>\n<p>O que j\u00e1 seria um procedimento de praxe, avaliar as condi\u00e7\u00f5es espec\u00edficas das atletas ao fim dos jogos, passou a ser fundamental na elabora\u00e7\u00e3o das estrat\u00e9gias do t\u00e9cnico Arthur Elias.<\/p>\n<p>Para tratar da quest\u00e3o, a fim de reduzir os impactos desse desgaste nas atletas, entraram em campo diariamente os m\u00e9dicos Lygia Neder e Leandro Shimba, as fisioterapeutas Ana Clara Romancini e Let\u00edcia Ribas, o fisiologista Ronaldo Kobal, a nutricionista Tiemi Saito e os massagistas Leandro Fidelis e Carlos Oliveira. Funcionaram como uma for\u00e7a-tarefa em estado permanente de a\u00e7\u00e3o.<\/p>\n<p><img data-recalc-dims=\"1\" decoding=\"async\" src=\"https:\/\/i0.wp.com\/objectstorage.sa-saopaulo-1.oraclecloud.com\/n\/grsa9ybqykir\/b\/portalcbf\/o\/53905937237_5494cb766d_o.jpg?w=1220&#038;ssl=1\" \/><strong>Comiss\u00e3o t\u00e9cnica tem papel fundamental para a campanha da Sele\u00e7\u00e3o Brasileira nos Jogos Ol\u00edmpicos de Paris<\/strong><em>Cr\u00e9ditos: Rafael Ribeiro\/CBF<\/em><\/p>\n<p>A partir das informa\u00e7\u00f5es coletadas desses profissionais, Arthur Elias readaptava suas ideias, escalando quem apresentava os melhores \u00edndices de recupera\u00e7\u00e3o. Ao mesmo tempo, no entanto, havia as les\u00f5es ou problemas similares que batiam \u00e0 porta da Sele\u00e7\u00e3o ao final de cada partida. Tamires, Ant\u00f4nia, Yaya, Rafaelle e Kerolin passaram por isso.<\/p>\n<p>Numa competi\u00e7\u00e3o curta e sem per\u00edodo de descanso, essas dificuldades j\u00e1 eram previs\u00edveis e pautaram a decis\u00e3o de Arthur para fechar a lista de convocadas. Nada do que ocorreu na campanha da Sele\u00e7\u00e3o nas Olimp\u00edadas de Paris se deu por acaso. Houve planejamento e crit\u00e9rios e uma dedica\u00e7\u00e3o sem igual das jogadoras.<\/p>\n<p>Fonte: CBF<\/p>\n<\/div>\n<\/div>\n<\/div>\n","protected":false},"excerpt":{"rendered":"<p>Foram praticamente seis jogos num per\u00edodo de 13 dias antes da decis\u00e3o O tempo curto de prepara\u00e7\u00e3o entre um jogo e outro da Sele\u00e7\u00e3o Brasileira nas<span class=\"excerpt-hellip\"> [\u2026]<\/span><\/p>\n","protected":false},"author":10,"featured_media":48251,"comment_status":"open","ping_status":"open","sticky":false,"template":"","format":"standard","meta":{"_jetpack_memberships_contains_paid_content":false,"footnotes":"","jetpack_publicize_message":"","jetpack_publicize_feature_enabled":true,"jetpack_social_post_already_shared":true,"jetpack_social_options":{"image_generator_settings":{"template":"highway","default_image_id":0,"enabled":false},"version":2}},"categories":[28,44],"tags":[],"class_list":["post-48250","post","type-post","status-publish","format-standard","has-post-thumbnail","hentry","category-cotidiano","category-noticias"],"yoast_head":"<!-- This site is optimized with the Yoast SEO plugin v25.6 - https:\/\/yoast.com\/wordpress\/plugins\/seo\/ -->\n<title>Sele\u00e7\u00e3o j\u00e1 jogou quase 120 minutos de acr\u00e9scimo na Olimp\u00edada - VerdadeOn<\/title>\n<meta name=\"robots\" content=\"index, follow, max-snippet:-1, max-image-preview:large, max-video-preview:-1\" \/>\n<link rel=\"canonical\" href=\"https:\/\/verdadeon.com.br\/portal\/2024\/08\/09\/selecao-ja-jogou-quase-120-minutos-de-acrescimo-na-olimpiada\/\" \/>\n<meta property=\"og:locale\" content=\"pt_BR\" \/>\n<meta property=\"og:type\" content=\"article\" \/>\n<meta property=\"og:title\" content=\"Sele\u00e7\u00e3o j\u00e1 jogou quase 120 minutos de acr\u00e9scimo na Olimp\u00edada - VerdadeOn\" \/>\n<meta property=\"og:description\" content=\"Foram praticamente seis jogos num per\u00edodo de 13 dias antes da decis\u00e3o O tempo curto de prepara\u00e7\u00e3o entre um jogo e outro da Sele\u00e7\u00e3o Brasileira nas [\u2026]\" \/>\n<meta property=\"og:url\" content=\"https:\/\/verdadeon.com.br\/portal\/2024\/08\/09\/selecao-ja-jogou-quase-120-minutos-de-acrescimo-na-olimpiada\/\" \/>\n<meta property=\"og:site_name\" content=\"VerdadeOn\" \/>\n<meta property=\"article:published_time\" content=\"2024-08-09T18:00:43+00:00\" \/>\n<meta property=\"og:image\" content=\"https:\/\/verdadeon.com.br\/portal\/wp-content\/uploads\/2024\/08\/53906888833_abbb22512a_o-scaled.jpg\" \/>\n\t<meta property=\"og:image:width\" content=\"2560\" \/>\n\t<meta property=\"og:image:height\" content=\"1715\" \/>\n\t<meta property=\"og:image:type\" content=\"image\/jpeg\" \/>\n<meta name=\"author\" content=\"Redacao VerdadeOn\" \/>\n<meta name=\"twitter:card\" content=\"summary_large_image\" \/>\n<meta name=\"twitter:label1\" content=\"Escrito por\" \/>\n\t<meta name=\"twitter:data1\" content=\"Redacao VerdadeOn\" \/>\n\t<meta name=\"twitter:label2\" content=\"Est. tempo de leitura\" \/>\n\t<meta name=\"twitter:data2\" content=\"2 minutos\" \/>\n<script type=\"application\/ld+json\" class=\"yoast-schema-graph\">{\"@context\":\"https:\/\/schema.org\",\"@graph\":[{\"@type\":\"WebPage\",\"@id\":\"https:\/\/verdadeon.com.br\/portal\/2024\/08\/09\/selecao-ja-jogou-quase-120-minutos-de-acrescimo-na-olimpiada\/\",\"url\":\"https:\/\/verdadeon.com.br\/portal\/2024\/08\/09\/selecao-ja-jogou-quase-120-minutos-de-acrescimo-na-olimpiada\/\",\"name\":\"Sele\u00e7\u00e3o j\u00e1 jogou quase 120 minutos de acr\u00e9scimo na Olimp\u00edada - VerdadeOn\",\"isPartOf\":{\"@id\":\"https:\/\/verdadeon.com.br\/portal\/#website\"},\"primaryImageOfPage\":{\"@id\":\"https:\/\/verdadeon.com.br\/portal\/2024\/08\/09\/selecao-ja-jogou-quase-120-minutos-de-acrescimo-na-olimpiada\/#primaryimage\"},\"image\":{\"@id\":\"https:\/\/verdadeon.com.br\/portal\/2024\/08\/09\/selecao-ja-jogou-quase-120-minutos-de-acrescimo-na-olimpiada\/#primaryimage\"},\"thumbnailUrl\":\"https:\/\/i0.wp.com\/verdadeon.com.br\/portal\/wp-content\/uploads\/2024\/08\/53906888833_abbb22512a_o-scaled.jpg?fit=2560%2C1715&ssl=1\",\"datePublished\":\"2024-08-09T18:00:43+00:00\",\"author\":{\"@id\":\"https:\/\/verdadeon.com.br\/portal\/#\/schema\/person\/a5060ad1e9ea3df545188fc93ce43d2f\"},\"breadcrumb\":{\"@id\":\"https:\/\/verdadeon.com.br\/portal\/2024\/08\/09\/selecao-ja-jogou-quase-120-minutos-de-acrescimo-na-olimpiada\/#breadcrumb\"},\"inLanguage\":\"pt-BR\",\"potentialAction\":[{\"@type\":\"ReadAction\",\"target\":[\"https:\/\/verdadeon.com.br\/portal\/2024\/08\/09\/selecao-ja-jogou-quase-120-minutos-de-acrescimo-na-olimpiada\/\"]}]},{\"@type\":\"ImageObject\",\"inLanguage\":\"pt-BR\",\"@id\":\"https:\/\/verdadeon.com.br\/portal\/2024\/08\/09\/selecao-ja-jogou-quase-120-minutos-de-acrescimo-na-olimpiada\/#primaryimage\",\"url\":\"https:\/\/i0.wp.com\/verdadeon.com.br\/portal\/wp-content\/uploads\/2024\/08\/53906888833_abbb22512a_o-scaled.jpg?fit=2560%2C1715&ssl=1\",\"contentUrl\":\"https:\/\/i0.wp.com\/verdadeon.com.br\/portal\/wp-content\/uploads\/2024\/08\/53906888833_abbb22512a_o-scaled.jpg?fit=2560%2C1715&ssl=1\",\"width\":2560,\"height\":1715,\"caption\":\"\u00daltimo jogo da Sele\u00e7\u00e3o Brasileira, que derrotou a Espanha por 4 x 2 (\u00a9Rafael Ribeiro\/CBF)\"},{\"@type\":\"BreadcrumbList\",\"@id\":\"https:\/\/verdadeon.com.br\/portal\/2024\/08\/09\/selecao-ja-jogou-quase-120-minutos-de-acrescimo-na-olimpiada\/#breadcrumb\",\"itemListElement\":[{\"@type\":\"ListItem\",\"position\":1,\"name\":\"In\u00edcio\",\"item\":\"https:\/\/verdadeon.com.br\/portal\/\"},{\"@type\":\"ListItem\",\"position\":2,\"name\":\"Sele\u00e7\u00e3o j\u00e1 jogou quase 120 minutos de acr\u00e9scimo na Olimp\u00edada\"}]},{\"@type\":\"WebSite\",\"@id\":\"https:\/\/verdadeon.com.br\/portal\/#website\",\"url\":\"https:\/\/verdadeon.com.br\/portal\/\",\"name\":\"VerdadeOn\",\"description\":\"Not\u00edcias di\u00e1rias sobre Franca, Regi\u00e3o, Esporte, Cultura, Cotidiano, Colunas. Cobertura nos principais eventos da cidade \u00e9 aqui - Verdadeon Franca\",\"potentialAction\":[{\"@type\":\"SearchAction\",\"target\":{\"@type\":\"EntryPoint\",\"urlTemplate\":\"https:\/\/verdadeon.com.br\/portal\/?s={search_term_string}\"},\"query-input\":{\"@type\":\"PropertyValueSpecification\",\"valueRequired\":true,\"valueName\":\"search_term_string\"}}],\"inLanguage\":\"pt-BR\"},{\"@type\":\"Person\",\"@id\":\"https:\/\/verdadeon.com.br\/portal\/#\/schema\/person\/a5060ad1e9ea3df545188fc93ce43d2f\",\"name\":\"Redacao VerdadeOn\",\"image\":{\"@type\":\"ImageObject\",\"inLanguage\":\"pt-BR\",\"@id\":\"https:\/\/verdadeon.com.br\/portal\/#\/schema\/person\/image\/\",\"url\":\"https:\/\/secure.gravatar.com\/avatar\/459a9613caaaf07f582c3d0841eea68bdd66f533e465e6ba8b9cb45619572cf4?s=96&d=mm&r=g\",\"contentUrl\":\"https:\/\/secure.gravatar.com\/avatar\/459a9613caaaf07f582c3d0841eea68bdd66f533e465e6ba8b9cb45619572cf4?s=96&d=mm&r=g\",\"caption\":\"Redacao VerdadeOn\"},\"url\":\"https:\/\/verdadeon.com.br\/portal\/author\/redacao\/\"}]}<\/script>\n<!-- \/ Yoast SEO plugin. -->","yoast_head_json":{"title":"Sele\u00e7\u00e3o j\u00e1 jogou quase 120 minutos de acr\u00e9scimo na Olimp\u00edada - VerdadeOn","robots":{"index":"index","follow":"follow","max-snippet":"max-snippet:-1","max-image-preview":"max-image-preview:large","max-video-preview":"max-video-preview:-1"},"canonical":"https:\/\/verdadeon.com.br\/portal\/2024\/08\/09\/selecao-ja-jogou-quase-120-minutos-de-acrescimo-na-olimpiada\/","og_locale":"pt_BR","og_type":"article","og_title":"Sele\u00e7\u00e3o j\u00e1 jogou quase 120 minutos de acr\u00e9scimo na Olimp\u00edada - VerdadeOn","og_description":"Foram praticamente seis jogos num per\u00edodo de 13 dias antes da decis\u00e3o O tempo curto de prepara\u00e7\u00e3o entre um jogo e outro da Sele\u00e7\u00e3o Brasileira nas [\u2026]","og_url":"https:\/\/verdadeon.com.br\/portal\/2024\/08\/09\/selecao-ja-jogou-quase-120-minutos-de-acrescimo-na-olimpiada\/","og_site_name":"VerdadeOn","article_published_time":"2024-08-09T18:00:43+00:00","og_image":[{"width":2560,"height":1715,"url":"https:\/\/verdadeon.com.br\/portal\/wp-content\/uploads\/2024\/08\/53906888833_abbb22512a_o-scaled.jpg","type":"image\/jpeg"}],"author":"Redacao VerdadeOn","twitter_card":"summary_large_image","twitter_misc":{"Escrito por":"Redacao VerdadeOn","Est. tempo de leitura":"2 minutos"},"schema":{"@context":"https:\/\/schema.org","@graph":[{"@type":"WebPage","@id":"https:\/\/verdadeon.com.br\/portal\/2024\/08\/09\/selecao-ja-jogou-quase-120-minutos-de-acrescimo-na-olimpiada\/","url":"https:\/\/verdadeon.com.br\/portal\/2024\/08\/09\/selecao-ja-jogou-quase-120-minutos-de-acrescimo-na-olimpiada\/","name":"Sele\u00e7\u00e3o j\u00e1 jogou quase 120 minutos de acr\u00e9scimo na Olimp\u00edada - VerdadeOn","isPartOf":{"@id":"https:\/\/verdadeon.com.br\/portal\/#website"},"primaryImageOfPage":{"@id":"https:\/\/verdadeon.com.br\/portal\/2024\/08\/09\/selecao-ja-jogou-quase-120-minutos-de-acrescimo-na-olimpiada\/#primaryimage"},"image":{"@id":"https:\/\/verdadeon.com.br\/portal\/2024\/08\/09\/selecao-ja-jogou-quase-120-minutos-de-acrescimo-na-olimpiada\/#primaryimage"},"thumbnailUrl":"https:\/\/i0.wp.com\/verdadeon.com.br\/portal\/wp-content\/uploads\/2024\/08\/53906888833_abbb22512a_o-scaled.jpg?fit=2560%2C1715&ssl=1","datePublished":"2024-08-09T18:00:43+00:00","author":{"@id":"https:\/\/verdadeon.com.br\/portal\/#\/schema\/person\/a5060ad1e9ea3df545188fc93ce43d2f"},"breadcrumb":{"@id":"https:\/\/verdadeon.com.br\/portal\/2024\/08\/09\/selecao-ja-jogou-quase-120-minutos-de-acrescimo-na-olimpiada\/#breadcrumb"},"inLanguage":"pt-BR","potentialAction":[{"@type":"ReadAction","target":["https:\/\/verdadeon.com.br\/portal\/2024\/08\/09\/selecao-ja-jogou-quase-120-minutos-de-acrescimo-na-olimpiada\/"]}]},{"@type":"ImageObject","inLanguage":"pt-BR","@id":"https:\/\/verdadeon.com.br\/portal\/2024\/08\/09\/selecao-ja-jogou-quase-120-minutos-de-acrescimo-na-olimpiada\/#primaryimage","url":"https:\/\/i0.wp.com\/verdadeon.com.br\/portal\/wp-content\/uploads\/2024\/08\/53906888833_abbb22512a_o-scaled.jpg?fit=2560%2C1715&ssl=1","contentUrl":"https:\/\/i0.wp.com\/verdadeon.com.br\/portal\/wp-content\/uploads\/2024\/08\/53906888833_abbb22512a_o-scaled.jpg?fit=2560%2C1715&ssl=1","width":2560,"height":1715,"caption":"\u00daltimo jogo da Sele\u00e7\u00e3o Brasileira, que derrotou a Espanha por 4 x 2 (\u00a9Rafael Ribeiro\/CBF)"},{"@type":"BreadcrumbList","@id":"https:\/\/verdadeon.com.br\/portal\/2024\/08\/09\/selecao-ja-jogou-quase-120-minutos-de-acrescimo-na-olimpiada\/#breadcrumb","itemListElement":[{"@type":"ListItem","position":1,"name":"In\u00edcio","item":"https:\/\/verdadeon.com.br\/portal\/"},{"@type":"ListItem","position":2,"name":"Sele\u00e7\u00e3o j\u00e1 jogou quase 120 minutos de acr\u00e9scimo na Olimp\u00edada"}]},{"@type":"WebSite","@id":"https:\/\/verdadeon.com.br\/portal\/#website","url":"https:\/\/verdadeon.com.br\/portal\/","name":"VerdadeOn","description":"Not\u00edcias di\u00e1rias sobre Franca, Regi\u00e3o, Esporte, Cultura, Cotidiano, Colunas. Cobertura nos principais eventos da cidade \u00e9 aqui - Verdadeon Franca","potentialAction":[{"@type":"SearchAction","target":{"@type":"EntryPoint","urlTemplate":"https:\/\/verdadeon.com.br\/portal\/?s={search_term_string}"},"query-input":{"@type":"PropertyValueSpecification","valueRequired":true,"valueName":"search_term_string"}}],"inLanguage":"pt-BR"},{"@type":"Person","@id":"https:\/\/verdadeon.com.br\/portal\/#\/schema\/person\/a5060ad1e9ea3df545188fc93ce43d2f","name":"Redacao VerdadeOn","image":{"@type":"ImageObject","inLanguage":"pt-BR","@id":"https:\/\/verdadeon.com.br\/portal\/#\/schema\/person\/image\/","url":"https:\/\/secure.gravatar.com\/avatar\/459a9613caaaf07f582c3d0841eea68bdd66f533e465e6ba8b9cb45619572cf4?s=96&d=mm&r=g","contentUrl":"https:\/\/secure.gravatar.com\/avatar\/459a9613caaaf07f582c3d0841eea68bdd66f533e465e6ba8b9cb45619572cf4?s=96&d=mm&r=g","caption":"Redacao VerdadeOn"},"url":"https:\/\/verdadeon.com.br\/portal\/author\/redacao\/"}]}},"jetpack_publicize_connections":[],"jetpack_featured_media_url":"https:\/\/i0.wp.com\/verdadeon.com.br\/portal\/wp-content\/uploads\/2024\/08\/53906888833_abbb22512a_o-scaled.jpg?fit=2560%2C1715&ssl=1","jetpack_sharing_enabled":true,"_links":{"self":[{"href":"https:\/\/verdadeon.com.br\/portal\/wp-json\/wp\/v2\/posts\/48250","targetHints":{"allow":["GET"]}}],"collection":[{"href":"https:\/\/verdadeon.com.br\/portal\/wp-json\/wp\/v2\/posts"}],"about":[{"href":"https:\/\/verdadeon.com.br\/portal\/wp-json\/wp\/v2\/types\/post"}],"author":[{"embeddable":true,"href":"https:\/\/verdadeon.com.br\/portal\/wp-json\/wp\/v2\/users\/10"}],"replies":[{"embeddable":true,"href":"https:\/\/verdadeon.com.br\/portal\/wp-json\/wp\/v2\/comments?post=48250"}],"version-history":[{"count":1,"href":"https:\/\/verdadeon.com.br\/portal\/wp-json\/wp\/v2\/posts\/48250\/revisions"}],"predecessor-version":[{"id":48252,"href":"https:\/\/verdadeon.com.br\/portal\/wp-json\/wp\/v2\/posts\/48250\/revisions\/48252"}],"wp:featuredmedia":[{"embeddable":true,"href":"https:\/\/verdadeon.com.br\/portal\/wp-json\/wp\/v2\/media\/48251"}],"wp:attachment":[{"href":"https:\/\/verdadeon.com.br\/portal\/wp-json\/wp\/v2\/media?parent=48250"}],"wp:term":[{"taxonomy":"category","embeddable":true,"href":"https:\/\/verdadeon.com.br\/portal\/wp-json\/wp\/v2\/categories?post=48250"},{"taxonomy":"post_tag","embeddable":true,"href":"https:\/\/verdadeon.com.br\/portal\/wp-json\/wp\/v2\/tags?post=48250"}],"curies":[{"name":"wp","href":"https:\/\/api.w.org\/{rel}","templated":true}]}}