{"id":48235,"date":"2024-08-09T12:38:54","date_gmt":"2024-08-09T15:38:54","guid":{"rendered":"https:\/\/verdadeon.com.br\/portal\/?p=48235"},"modified":"2024-08-09T12:38:54","modified_gmt":"2024-08-09T15:38:54","slug":"biblioteca-recebe-contacao-de-historias-da-viagem-literaria","status":"publish","type":"post","link":"https:\/\/verdadeon.com.br\/portal\/2024\/08\/09\/biblioteca-recebe-contacao-de-historias-da-viagem-literaria\/","title":{"rendered":"Biblioteca recebe &#8216;Conta\u00e7\u00e3o de Hist\u00f3rias da Viagem Liter\u00e1ria&#8217;"},"content":{"rendered":"<h2>Programa\u00e7\u00e3o atende a 235 cidades paulistas<\/h2>\n<p>A Biblioteca Municipal \u2018Am\u00e9rico Maciel de Castro J\u00fanior\u2019 recebe na pr\u00f3xima ter\u00e7a-feira, 13, em duas sess\u00f5es, o m\u00f3dulo &#8216;Conta\u00e7\u00e3o de Hist\u00f3rias: Literatura de Cordel do Programa Viagem Liter\u00e1ria&#8217;, da Secretaria de Cultura, Economia e Ind\u00fastria Criativas do Estado de S\u00e3o Paulo. A programa\u00e7\u00e3o, que vai atender 235 cidades paulistas, tem a parceria entre o Sistema Estadual de Bibliotecas P\u00fablicas do Estado e as prefeituras, gerenciadas pela SP Leituras.<\/p>\n<p>Em Franca, os convidados s\u00e3o Leandro Pedro e Elton Pinheiro, da Companhia \u2018Ih, Contei!, que v\u00e3o narrar suas hist\u00f3rias a partir do t\u00edtulo \u2018Lenga La Lenga: Quando Falam os Bichos\u2019. Eles s\u00e3o contadores de hist\u00f3rias e fundadores da companhia em 2012, que trabalha nas \u00e1reas de leitura, artes c\u00eanicas e cultura popular. As sess\u00f5es est\u00e3o marcadas para \u00e0s 9 horas e 14 horas, no sal\u00e3o da Biblioteca, que est\u00e1 instalada no Col\u00e9gio Champagnat (avenida Champagnat, 1808, Centro). A dupla desenvolve projetos de conta\u00e7\u00e3o de hist\u00f3rias, publica\u00e7\u00e3o de livros, oficinas, festivais, interven\u00e7\u00f5es po\u00e9ticas, produ\u00e7\u00f5es voltadas \u00e0 inf\u00e2ncia, com atividades que j\u00e1 passaram por mais de 60 cidades do pa\u00eds.<\/p>\n<p>O evento ser\u00e1 aberto ao p\u00fablico e os interessados dever\u00e3o confirmar presen\u00e7a pelo telefone (16) 3711-9229.<\/p>\n<p><b>O evento<\/b><\/p>\n<p>A jornada de Conta\u00e7\u00e3o de Hist\u00f3rias come\u00e7ou na \u00faltima ter\u00e7a-feira, em S\u00e3o Jo\u00e3o do Barreiro e seguir\u00e1 at\u00e9 o dia 30 de agosto, com artistas de alto n\u00edvel, partilhando conhecimentos, hist\u00f3rias e interagindo com o p\u00fablico. No per\u00edodo de 2 e 27 de setembro, haver\u00e1 um segundo m\u00f3dulo, Clubes de Leitura: Pr\u00eamios S\u00e3o Paulo de Literatura e de 1\u00ba a 25 de outubro, a \u00faltima etapa do passeio cultural, com o m\u00f3dulo Encontro com Escritores: Pr\u00eamio S\u00e3o Paulo de Literatura.<\/p>\n","protected":false},"excerpt":{"rendered":"<p>Programa\u00e7\u00e3o atende a 235 cidades paulistas A Biblioteca Municipal \u2018Am\u00e9rico Maciel de Castro J\u00fanior\u2019 recebe na pr\u00f3xima ter\u00e7a-feira, 13, em duas sess\u00f5es, o m\u00f3dulo &#8216;Conta\u00e7\u00e3o de<span class=\"excerpt-hellip\"> [\u2026]<\/span><\/p>\n","protected":false},"author":10,"featured_media":48238,"comment_status":"open","ping_status":"open","sticky":false,"template":"","format":"standard","meta":{"_jetpack_memberships_contains_paid_content":false,"footnotes":"","jetpack_publicize_message":"","jetpack_publicize_feature_enabled":true,"jetpack_social_post_already_shared":true,"jetpack_social_options":{"image_generator_settings":{"template":"highway","default_image_id":0,"enabled":false},"version":2}},"categories":[28,44],"tags":[],"class_list":["post-48235","post","type-post","status-publish","format-standard","has-post-thumbnail","hentry","category-cotidiano","category-noticias"],"yoast_head":"<!-- This site is optimized with the Yoast SEO plugin v25.6 - https:\/\/yoast.com\/wordpress\/plugins\/seo\/ -->\n<title>Biblioteca recebe &#039;Conta\u00e7\u00e3o de Hist\u00f3rias da Viagem Liter\u00e1ria&#039; - VerdadeOn<\/title>\n<meta name=\"robots\" content=\"index, follow, max-snippet:-1, max-image-preview:large, max-video-preview:-1\" \/>\n<link rel=\"canonical\" href=\"https:\/\/verdadeon.com.br\/portal\/2024\/08\/09\/biblioteca-recebe-contacao-de-historias-da-viagem-literaria\/\" \/>\n<meta property=\"og:locale\" content=\"pt_BR\" \/>\n<meta property=\"og:type\" content=\"article\" \/>\n<meta property=\"og:title\" content=\"Biblioteca recebe &#039;Conta\u00e7\u00e3o de Hist\u00f3rias da Viagem Liter\u00e1ria&#039; - VerdadeOn\" \/>\n<meta property=\"og:description\" content=\"Programa\u00e7\u00e3o atende a 235 cidades paulistas A Biblioteca Municipal \u2018Am\u00e9rico Maciel de Castro J\u00fanior\u2019 recebe na pr\u00f3xima ter\u00e7a-feira, 13, em duas sess\u00f5es, o m\u00f3dulo &#8216;Conta\u00e7\u00e3o de [\u2026]\" \/>\n<meta property=\"og:url\" content=\"https:\/\/verdadeon.com.br\/portal\/2024\/08\/09\/biblioteca-recebe-contacao-de-historias-da-viagem-literaria\/\" \/>\n<meta property=\"og:site_name\" content=\"VerdadeOn\" \/>\n<meta property=\"article:published_time\" content=\"2024-08-09T15:38:54+00:00\" \/>\n<meta property=\"og:image\" content=\"https:\/\/verdadeon.com.br\/portal\/wp-content\/uploads\/2024\/08\/WhatsApp-Image-2024-08-08-at-10.34.53.jpeg\" \/>\n\t<meta property=\"og:image:width\" content=\"466\" \/>\n\t<meta property=\"og:image:height\" content=\"312\" \/>\n\t<meta property=\"og:image:type\" content=\"image\/jpeg\" \/>\n<meta name=\"author\" content=\"Redacao VerdadeOn\" \/>\n<meta name=\"twitter:card\" content=\"summary_large_image\" \/>\n<meta name=\"twitter:label1\" content=\"Escrito por\" \/>\n\t<meta name=\"twitter:data1\" content=\"Redacao VerdadeOn\" \/>\n\t<meta name=\"twitter:label2\" content=\"Est. tempo de leitura\" \/>\n\t<meta name=\"twitter:data2\" content=\"2 minutos\" \/>\n<script type=\"application\/ld+json\" class=\"yoast-schema-graph\">{\"@context\":\"https:\/\/schema.org\",\"@graph\":[{\"@type\":\"WebPage\",\"@id\":\"https:\/\/verdadeon.com.br\/portal\/2024\/08\/09\/biblioteca-recebe-contacao-de-historias-da-viagem-literaria\/\",\"url\":\"https:\/\/verdadeon.com.br\/portal\/2024\/08\/09\/biblioteca-recebe-contacao-de-historias-da-viagem-literaria\/\",\"name\":\"Biblioteca recebe 'Conta\u00e7\u00e3o de Hist\u00f3rias da Viagem Liter\u00e1ria' - VerdadeOn\",\"isPartOf\":{\"@id\":\"https:\/\/verdadeon.com.br\/portal\/#website\"},\"primaryImageOfPage\":{\"@id\":\"https:\/\/verdadeon.com.br\/portal\/2024\/08\/09\/biblioteca-recebe-contacao-de-historias-da-viagem-literaria\/#primaryimage\"},\"image\":{\"@id\":\"https:\/\/verdadeon.com.br\/portal\/2024\/08\/09\/biblioteca-recebe-contacao-de-historias-da-viagem-literaria\/#primaryimage\"},\"thumbnailUrl\":\"https:\/\/i0.wp.com\/verdadeon.com.br\/portal\/wp-content\/uploads\/2024\/08\/WhatsApp-Image-2024-08-08-at-10.34.53.jpeg?fit=466%2C312&ssl=1\",\"datePublished\":\"2024-08-09T15:38:54+00:00\",\"author\":{\"@id\":\"https:\/\/verdadeon.com.br\/portal\/#\/schema\/person\/a5060ad1e9ea3df545188fc93ce43d2f\"},\"breadcrumb\":{\"@id\":\"https:\/\/verdadeon.com.br\/portal\/2024\/08\/09\/biblioteca-recebe-contacao-de-historias-da-viagem-literaria\/#breadcrumb\"},\"inLanguage\":\"pt-BR\",\"potentialAction\":[{\"@type\":\"ReadAction\",\"target\":[\"https:\/\/verdadeon.com.br\/portal\/2024\/08\/09\/biblioteca-recebe-contacao-de-historias-da-viagem-literaria\/\"]}]},{\"@type\":\"ImageObject\",\"inLanguage\":\"pt-BR\",\"@id\":\"https:\/\/verdadeon.com.br\/portal\/2024\/08\/09\/biblioteca-recebe-contacao-de-historias-da-viagem-literaria\/#primaryimage\",\"url\":\"https:\/\/i0.wp.com\/verdadeon.com.br\/portal\/wp-content\/uploads\/2024\/08\/WhatsApp-Image-2024-08-08-at-10.34.53.jpeg?fit=466%2C312&ssl=1\",\"contentUrl\":\"https:\/\/i0.wp.com\/verdadeon.com.br\/portal\/wp-content\/uploads\/2024\/08\/WhatsApp-Image-2024-08-08-at-10.34.53.jpeg?fit=466%2C312&ssl=1\",\"width\":466,\"height\":312,\"caption\":\"Em Franca, os convidados s\u00e3o Leandro Pedro e Elton Pinheiro, da Companhia \u2018Ih, Contei!, que v\u00e3o narrar suas hist\u00f3rias a partir do t\u00edtulo \u2018Lenga La Lenga: Quando Falam os Bichos\u2019 (\u00a9Divulga\u00e7\u00e3o)\"},{\"@type\":\"BreadcrumbList\",\"@id\":\"https:\/\/verdadeon.com.br\/portal\/2024\/08\/09\/biblioteca-recebe-contacao-de-historias-da-viagem-literaria\/#breadcrumb\",\"itemListElement\":[{\"@type\":\"ListItem\",\"position\":1,\"name\":\"In\u00edcio\",\"item\":\"https:\/\/verdadeon.com.br\/portal\/\"},{\"@type\":\"ListItem\",\"position\":2,\"name\":\"Biblioteca recebe &#8216;Conta\u00e7\u00e3o de Hist\u00f3rias da Viagem Liter\u00e1ria&#8217;\"}]},{\"@type\":\"WebSite\",\"@id\":\"https:\/\/verdadeon.com.br\/portal\/#website\",\"url\":\"https:\/\/verdadeon.com.br\/portal\/\",\"name\":\"VerdadeOn\",\"description\":\"Not\u00edcias di\u00e1rias sobre Franca, Regi\u00e3o, Esporte, Cultura, Cotidiano, Colunas. Cobertura nos principais eventos da cidade \u00e9 aqui - Verdadeon Franca\",\"potentialAction\":[{\"@type\":\"SearchAction\",\"target\":{\"@type\":\"EntryPoint\",\"urlTemplate\":\"https:\/\/verdadeon.com.br\/portal\/?s={search_term_string}\"},\"query-input\":{\"@type\":\"PropertyValueSpecification\",\"valueRequired\":true,\"valueName\":\"search_term_string\"}}],\"inLanguage\":\"pt-BR\"},{\"@type\":\"Person\",\"@id\":\"https:\/\/verdadeon.com.br\/portal\/#\/schema\/person\/a5060ad1e9ea3df545188fc93ce43d2f\",\"name\":\"Redacao VerdadeOn\",\"image\":{\"@type\":\"ImageObject\",\"inLanguage\":\"pt-BR\",\"@id\":\"https:\/\/verdadeon.com.br\/portal\/#\/schema\/person\/image\/\",\"url\":\"https:\/\/secure.gravatar.com\/avatar\/459a9613caaaf07f582c3d0841eea68bdd66f533e465e6ba8b9cb45619572cf4?s=96&d=mm&r=g\",\"contentUrl\":\"https:\/\/secure.gravatar.com\/avatar\/459a9613caaaf07f582c3d0841eea68bdd66f533e465e6ba8b9cb45619572cf4?s=96&d=mm&r=g\",\"caption\":\"Redacao VerdadeOn\"},\"url\":\"https:\/\/verdadeon.com.br\/portal\/author\/redacao\/\"}]}<\/script>\n<!-- \/ Yoast SEO plugin. -->","yoast_head_json":{"title":"Biblioteca recebe 'Conta\u00e7\u00e3o de Hist\u00f3rias da Viagem Liter\u00e1ria' - VerdadeOn","robots":{"index":"index","follow":"follow","max-snippet":"max-snippet:-1","max-image-preview":"max-image-preview:large","max-video-preview":"max-video-preview:-1"},"canonical":"https:\/\/verdadeon.com.br\/portal\/2024\/08\/09\/biblioteca-recebe-contacao-de-historias-da-viagem-literaria\/","og_locale":"pt_BR","og_type":"article","og_title":"Biblioteca recebe 'Conta\u00e7\u00e3o de Hist\u00f3rias da Viagem Liter\u00e1ria' - VerdadeOn","og_description":"Programa\u00e7\u00e3o atende a 235 cidades paulistas A Biblioteca Municipal \u2018Am\u00e9rico Maciel de Castro J\u00fanior\u2019 recebe na pr\u00f3xima ter\u00e7a-feira, 13, em duas sess\u00f5es, o m\u00f3dulo &#8216;Conta\u00e7\u00e3o de [\u2026]","og_url":"https:\/\/verdadeon.com.br\/portal\/2024\/08\/09\/biblioteca-recebe-contacao-de-historias-da-viagem-literaria\/","og_site_name":"VerdadeOn","article_published_time":"2024-08-09T15:38:54+00:00","og_image":[{"width":466,"height":312,"url":"https:\/\/verdadeon.com.br\/portal\/wp-content\/uploads\/2024\/08\/WhatsApp-Image-2024-08-08-at-10.34.53.jpeg","type":"image\/jpeg"}],"author":"Redacao VerdadeOn","twitter_card":"summary_large_image","twitter_misc":{"Escrito por":"Redacao VerdadeOn","Est. tempo de leitura":"2 minutos"},"schema":{"@context":"https:\/\/schema.org","@graph":[{"@type":"WebPage","@id":"https:\/\/verdadeon.com.br\/portal\/2024\/08\/09\/biblioteca-recebe-contacao-de-historias-da-viagem-literaria\/","url":"https:\/\/verdadeon.com.br\/portal\/2024\/08\/09\/biblioteca-recebe-contacao-de-historias-da-viagem-literaria\/","name":"Biblioteca recebe 'Conta\u00e7\u00e3o de Hist\u00f3rias da Viagem Liter\u00e1ria' - VerdadeOn","isPartOf":{"@id":"https:\/\/verdadeon.com.br\/portal\/#website"},"primaryImageOfPage":{"@id":"https:\/\/verdadeon.com.br\/portal\/2024\/08\/09\/biblioteca-recebe-contacao-de-historias-da-viagem-literaria\/#primaryimage"},"image":{"@id":"https:\/\/verdadeon.com.br\/portal\/2024\/08\/09\/biblioteca-recebe-contacao-de-historias-da-viagem-literaria\/#primaryimage"},"thumbnailUrl":"https:\/\/i0.wp.com\/verdadeon.com.br\/portal\/wp-content\/uploads\/2024\/08\/WhatsApp-Image-2024-08-08-at-10.34.53.jpeg?fit=466%2C312&ssl=1","datePublished":"2024-08-09T15:38:54+00:00","author":{"@id":"https:\/\/verdadeon.com.br\/portal\/#\/schema\/person\/a5060ad1e9ea3df545188fc93ce43d2f"},"breadcrumb":{"@id":"https:\/\/verdadeon.com.br\/portal\/2024\/08\/09\/biblioteca-recebe-contacao-de-historias-da-viagem-literaria\/#breadcrumb"},"inLanguage":"pt-BR","potentialAction":[{"@type":"ReadAction","target":["https:\/\/verdadeon.com.br\/portal\/2024\/08\/09\/biblioteca-recebe-contacao-de-historias-da-viagem-literaria\/"]}]},{"@type":"ImageObject","inLanguage":"pt-BR","@id":"https:\/\/verdadeon.com.br\/portal\/2024\/08\/09\/biblioteca-recebe-contacao-de-historias-da-viagem-literaria\/#primaryimage","url":"https:\/\/i0.wp.com\/verdadeon.com.br\/portal\/wp-content\/uploads\/2024\/08\/WhatsApp-Image-2024-08-08-at-10.34.53.jpeg?fit=466%2C312&ssl=1","contentUrl":"https:\/\/i0.wp.com\/verdadeon.com.br\/portal\/wp-content\/uploads\/2024\/08\/WhatsApp-Image-2024-08-08-at-10.34.53.jpeg?fit=466%2C312&ssl=1","width":466,"height":312,"caption":"Em Franca, os convidados s\u00e3o Leandro Pedro e Elton Pinheiro, da Companhia \u2018Ih, Contei!, que v\u00e3o narrar suas hist\u00f3rias a partir do t\u00edtulo \u2018Lenga La Lenga: Quando Falam os Bichos\u2019 (\u00a9Divulga\u00e7\u00e3o)"},{"@type":"BreadcrumbList","@id":"https:\/\/verdadeon.com.br\/portal\/2024\/08\/09\/biblioteca-recebe-contacao-de-historias-da-viagem-literaria\/#breadcrumb","itemListElement":[{"@type":"ListItem","position":1,"name":"In\u00edcio","item":"https:\/\/verdadeon.com.br\/portal\/"},{"@type":"ListItem","position":2,"name":"Biblioteca recebe &#8216;Conta\u00e7\u00e3o de Hist\u00f3rias da Viagem Liter\u00e1ria&#8217;"}]},{"@type":"WebSite","@id":"https:\/\/verdadeon.com.br\/portal\/#website","url":"https:\/\/verdadeon.com.br\/portal\/","name":"VerdadeOn","description":"Not\u00edcias di\u00e1rias sobre Franca, Regi\u00e3o, Esporte, Cultura, Cotidiano, Colunas. Cobertura nos principais eventos da cidade \u00e9 aqui - Verdadeon Franca","potentialAction":[{"@type":"SearchAction","target":{"@type":"EntryPoint","urlTemplate":"https:\/\/verdadeon.com.br\/portal\/?s={search_term_string}"},"query-input":{"@type":"PropertyValueSpecification","valueRequired":true,"valueName":"search_term_string"}}],"inLanguage":"pt-BR"},{"@type":"Person","@id":"https:\/\/verdadeon.com.br\/portal\/#\/schema\/person\/a5060ad1e9ea3df545188fc93ce43d2f","name":"Redacao VerdadeOn","image":{"@type":"ImageObject","inLanguage":"pt-BR","@id":"https:\/\/verdadeon.com.br\/portal\/#\/schema\/person\/image\/","url":"https:\/\/secure.gravatar.com\/avatar\/459a9613caaaf07f582c3d0841eea68bdd66f533e465e6ba8b9cb45619572cf4?s=96&d=mm&r=g","contentUrl":"https:\/\/secure.gravatar.com\/avatar\/459a9613caaaf07f582c3d0841eea68bdd66f533e465e6ba8b9cb45619572cf4?s=96&d=mm&r=g","caption":"Redacao VerdadeOn"},"url":"https:\/\/verdadeon.com.br\/portal\/author\/redacao\/"}]}},"jetpack_publicize_connections":[],"jetpack_featured_media_url":"https:\/\/i0.wp.com\/verdadeon.com.br\/portal\/wp-content\/uploads\/2024\/08\/WhatsApp-Image-2024-08-08-at-10.34.53.jpeg?fit=466%2C312&ssl=1","jetpack_sharing_enabled":true,"_links":{"self":[{"href":"https:\/\/verdadeon.com.br\/portal\/wp-json\/wp\/v2\/posts\/48235","targetHints":{"allow":["GET"]}}],"collection":[{"href":"https:\/\/verdadeon.com.br\/portal\/wp-json\/wp\/v2\/posts"}],"about":[{"href":"https:\/\/verdadeon.com.br\/portal\/wp-json\/wp\/v2\/types\/post"}],"author":[{"embeddable":true,"href":"https:\/\/verdadeon.com.br\/portal\/wp-json\/wp\/v2\/users\/10"}],"replies":[{"embeddable":true,"href":"https:\/\/verdadeon.com.br\/portal\/wp-json\/wp\/v2\/comments?post=48235"}],"version-history":[{"count":1,"href":"https:\/\/verdadeon.com.br\/portal\/wp-json\/wp\/v2\/posts\/48235\/revisions"}],"predecessor-version":[{"id":48239,"href":"https:\/\/verdadeon.com.br\/portal\/wp-json\/wp\/v2\/posts\/48235\/revisions\/48239"}],"wp:featuredmedia":[{"embeddable":true,"href":"https:\/\/verdadeon.com.br\/portal\/wp-json\/wp\/v2\/media\/48238"}],"wp:attachment":[{"href":"https:\/\/verdadeon.com.br\/portal\/wp-json\/wp\/v2\/media?parent=48235"}],"wp:term":[{"taxonomy":"category","embeddable":true,"href":"https:\/\/verdadeon.com.br\/portal\/wp-json\/wp\/v2\/categories?post=48235"},{"taxonomy":"post_tag","embeddable":true,"href":"https:\/\/verdadeon.com.br\/portal\/wp-json\/wp\/v2\/tags?post=48235"}],"curies":[{"name":"wp","href":"https:\/\/api.w.org\/{rel}","templated":true}]}}