{"id":48223,"date":"2024-08-09T11:12:35","date_gmt":"2024-08-09T14:12:35","guid":{"rendered":"https:\/\/verdadeon.com.br\/portal\/?p=48223"},"modified":"2024-08-09T11:18:32","modified_gmt":"2024-08-09T14:18:32","slug":"coluna-do-tigrao-09-08-2024-2","status":"publish","type":"post","link":"https:\/\/verdadeon.com.br\/portal\/2024\/08\/09\/coluna-do-tigrao-09-08-2024-2\/","title":{"rendered":"Coluna do Tigr\u00e3o &#8211; 09\/08\/2024"},"content":{"rendered":"<h4><strong><img data-recalc-dims=\"1\" loading=\"lazy\" decoding=\"async\" class=\" wp-image-47600 alignleft\" src=\"https:\/\/i0.wp.com\/verdadeon.com.br\/portal\/wp-content\/uploads\/2024\/07\/WhatsApp-Image-2024-07-25-at-13.53.37.jpeg?resize=212%2C212&#038;ssl=1\" alt=\"\" width=\"212\" height=\"212\" srcset=\"https:\/\/i0.wp.com\/verdadeon.com.br\/portal\/wp-content\/uploads\/2024\/07\/WhatsApp-Image-2024-07-25-at-13.53.37.jpeg?w=531&amp;ssl=1 531w, https:\/\/i0.wp.com\/verdadeon.com.br\/portal\/wp-content\/uploads\/2024\/07\/WhatsApp-Image-2024-07-25-at-13.53.37.jpeg?resize=300%2C300&amp;ssl=1 300w, https:\/\/i0.wp.com\/verdadeon.com.br\/portal\/wp-content\/uploads\/2024\/07\/WhatsApp-Image-2024-07-25-at-13.53.37.jpeg?resize=150%2C150&amp;ssl=1 150w, https:\/\/i0.wp.com\/verdadeon.com.br\/portal\/wp-content\/uploads\/2024\/07\/WhatsApp-Image-2024-07-25-at-13.53.37.jpeg?resize=146%2C146&amp;ssl=1 146w, https:\/\/i0.wp.com\/verdadeon.com.br\/portal\/wp-content\/uploads\/2024\/07\/WhatsApp-Image-2024-07-25-at-13.53.37.jpeg?resize=50%2C50&amp;ssl=1 50w, https:\/\/i0.wp.com\/verdadeon.com.br\/portal\/wp-content\/uploads\/2024\/07\/WhatsApp-Image-2024-07-25-at-13.53.37.jpeg?resize=75%2C75&amp;ssl=1 75w, https:\/\/i0.wp.com\/verdadeon.com.br\/portal\/wp-content\/uploads\/2024\/07\/WhatsApp-Image-2024-07-25-at-13.53.37.jpeg?resize=85%2C85&amp;ssl=1 85w, https:\/\/i0.wp.com\/verdadeon.com.br\/portal\/wp-content\/uploads\/2024\/07\/WhatsApp-Image-2024-07-25-at-13.53.37.jpeg?resize=80%2C80&amp;ssl=1 80w\" sizes=\"auto, (max-width: 212px) 100vw, 212px\" \/>Falando s\u00e9rio<\/strong><\/h4>\n<p>Precisaram criar um nome para algo corriqueiro entre pessoas tanto de mesmo sexo, como de sexos diferentes &#8211; ou g\u00eaneros, como preferirem. &#8220;Manterrupting&#8221; \u00e9 um neologismo da segunda d\u00e9cada dos anos 2000 utilizado para se referir a um homem que interrompe a linha de racioc\u00ednio de uma mulher. O termo foi criado pela jornalista americana Jessica Bennett em artigo enviado para a revista Time, no ano de 2015. Depois, usado pela influenciadora K\u00e9fera, em 2018, durante o programa &#8216;Encontro&#8217;, da Rede Globo. Recentemente, foi utilizado pela jornalista Natuza Nery, da Globo News, durante sabatina com o tamb\u00e9m jornalista Jos\u00e9 Luiz Datena, atualmente, candidato \u00e0 Prefeitura de S\u00e3o Paulo pelo PSDB. A quem conhece o apresentador, sabe que suas &#8220;interrup\u00e7\u00f5es&#8221; n\u00e3o est\u00e3o exclusivamente ligados ao g\u00eanero de quem com ele conversa. N\u00e3o se trata de defender Datena, mas de perceber o quanto uma contratempo pode ser afundado pelo raso argumento de que aquilo poderia estar acontecendo simplesmente em decorr\u00eancia do g\u00eanero do outro indiv\u00edduo. Bom, se o caso n\u00e3o for este, tamb\u00e9m n\u00e3o caberia portanto a express\u00e3o empregada. Pelo andar da carruagem, chegar\u00e1 tamb\u00e9m o tempo da &#8220;redescoberta&#8221; da escrita, onde entregaremos um papel com nossas respostas ao outro, para n\u00e3o correr o risco de interpel\u00e1-lo. F#da!<\/p>\n<h4><strong>LAN\u00c7AMENTO NA REGI\u00c3O!<\/strong><\/h4>\n<p><img data-recalc-dims=\"1\" loading=\"lazy\" decoding=\"async\" class=\"alignnone size-full wp-image-48229\" src=\"https:\/\/i0.wp.com\/verdadeon.com.br\/portal\/wp-content\/uploads\/2024\/08\/WhatsApp-Image-2024-08-08-at-15.12.54.jpeg?resize=1220%2C1220&#038;ssl=1\" alt=\"\" width=\"1220\" height=\"1220\" srcset=\"https:\/\/i0.wp.com\/verdadeon.com.br\/portal\/wp-content\/uploads\/2024\/08\/WhatsApp-Image-2024-08-08-at-15.12.54.jpeg?w=1600&amp;ssl=1 1600w, https:\/\/i0.wp.com\/verdadeon.com.br\/portal\/wp-content\/uploads\/2024\/08\/WhatsApp-Image-2024-08-08-at-15.12.54.jpeg?resize=300%2C300&amp;ssl=1 300w, https:\/\/i0.wp.com\/verdadeon.com.br\/portal\/wp-content\/uploads\/2024\/08\/WhatsApp-Image-2024-08-08-at-15.12.54.jpeg?resize=1024%2C1024&amp;ssl=1 1024w, https:\/\/i0.wp.com\/verdadeon.com.br\/portal\/wp-content\/uploads\/2024\/08\/WhatsApp-Image-2024-08-08-at-15.12.54.jpeg?resize=150%2C150&amp;ssl=1 150w, https:\/\/i0.wp.com\/verdadeon.com.br\/portal\/wp-content\/uploads\/2024\/08\/WhatsApp-Image-2024-08-08-at-15.12.54.jpeg?resize=768%2C768&amp;ssl=1 768w, https:\/\/i0.wp.com\/verdadeon.com.br\/portal\/wp-content\/uploads\/2024\/08\/WhatsApp-Image-2024-08-08-at-15.12.54.jpeg?resize=1536%2C1536&amp;ssl=1 1536w, https:\/\/i0.wp.com\/verdadeon.com.br\/portal\/wp-content\/uploads\/2024\/08\/WhatsApp-Image-2024-08-08-at-15.12.54.jpeg?resize=146%2C146&amp;ssl=1 146w, https:\/\/i0.wp.com\/verdadeon.com.br\/portal\/wp-content\/uploads\/2024\/08\/WhatsApp-Image-2024-08-08-at-15.12.54.jpeg?resize=50%2C50&amp;ssl=1 50w, https:\/\/i0.wp.com\/verdadeon.com.br\/portal\/wp-content\/uploads\/2024\/08\/WhatsApp-Image-2024-08-08-at-15.12.54.jpeg?resize=75%2C75&amp;ssl=1 75w, https:\/\/i0.wp.com\/verdadeon.com.br\/portal\/wp-content\/uploads\/2024\/08\/WhatsApp-Image-2024-08-08-at-15.12.54.jpeg?resize=85%2C85&amp;ssl=1 85w, https:\/\/i0.wp.com\/verdadeon.com.br\/portal\/wp-content\/uploads\/2024\/08\/WhatsApp-Image-2024-08-08-at-15.12.54.jpeg?resize=80%2C80&amp;ssl=1 80w, https:\/\/i0.wp.com\/verdadeon.com.br\/portal\/wp-content\/uploads\/2024\/08\/WhatsApp-Image-2024-08-08-at-15.12.54.jpeg?resize=1200%2C1200&amp;ssl=1 1200w\" sizes=\"auto, (max-width: 1220px) 100vw, 1220px\" \/>\u00c0 Vera \u00e9 artista francana (cantora, compositora, mc, produtora cultural e atriz) e filha de artistas francanos. Seu pai \u00e9 Luciano Campos C\u00e1ceres, m\u00fasico e artista pl\u00e1stico; sua m\u00e3e, Rita de Cassia Lemes, que \u00e9 atriz e dan\u00e7arina. Neste m\u00eas de agosto, especificamente nesta sexta-feira, 9 de agosto, \u00c0 Vera vem com o lan\u00e7amento de um belo trabalho colaborativo entre a artista e o selo HERvolution, da gravadora Kondzilla, com uma sintonia \u00fanica na obra \u201cSemana Toda\u201d. A parceria surgiu atrav\u00e9s do beatmaker \u00c1vila Beats que produziu o instrumental (beat), e foi gravado no Est\u00fadio da Kondzilla, em S\u00e3o Paulo com mixagem e masteriza\u00e7\u00e3o tamb\u00e9m de Gabriel \u00c1vila. Na m\u00fasica ela fala sobre prazeres da vida e viv\u00eancias do seu corre como mulher artista. Em um dos versos, a express\u00e3o \u201cVem curtir a vida \u00e0 vera\u201d significa \u201ccurtir pra valer, viver muito a vida\u201d. Confira a m\u00fasica Semana Toda, j\u00e1 dispon\u00edvel nas principais plataformas de streaming: https:\/\/orcd.co\/semanatoda.<\/p>\n<h4><strong>GIMA 2024<\/strong><\/h4>\n<p>A 15\u00aa edi\u00e7\u00e3o da GIMA (Feira Cultural do Meio Ambiente da Alta Mogiana), que teve como tema um mergulho cultural na criatividade e na agricultura da Alta Mogiana, terminou no \u00faltimo s\u00e1bado. Foram quatro dias de evento, que contou com apresenta\u00e7\u00f5es de teatro, oficina de jogos, oficina de hip hop e viola caipira, show musical e muito mais. Ao todo, mais de 4 mil pessoas visitaram a feira deste ano. A GIMA \u00e9 realizada pela Labareda Agropecu\u00e1ria, com organiza\u00e7\u00e3o da AZ Furlan Produ\u00e7\u00f5es e o apoio do PROAC da Secretaria Estadual de Cultura e Economia Criativa. A feira \u00e9 voltada para alunos da rede p\u00fablica de ensino das cidades da regi\u00e3o. Na GIMA, as crian\u00e7as desenvolvem atividades ligadas \u00e0 preserva\u00e7\u00e3o do meio ambiente, sustentabilidade e cidadania. Em 2024, participaram da feira os alunos de Batatais, Cristais Paulista, Guar\u00e1, Itirapu\u00e3, Patroc\u00ednio Paulista, Restinga e Ribeir\u00e3o Corrente.<\/p>\n<h4><strong>Destaques de Hoje!<\/strong><\/h4>\n<div class=\"mceTemp\"><\/div>\n<div id=\"attachment_48224\" style=\"width: 760px\" class=\"wp-caption alignnone\"><img data-recalc-dims=\"1\" loading=\"lazy\" decoding=\"async\" aria-describedby=\"caption-attachment-48224\" class=\"size-full wp-image-48224\" src=\"https:\/\/i0.wp.com\/verdadeon.com.br\/portal\/wp-content\/uploads\/2024\/08\/WhatsApp-Image-2024-08-07-at-21.35.04.jpeg?resize=750%2C1334&#038;ssl=1\" alt=\"\" width=\"750\" height=\"1334\" srcset=\"https:\/\/i0.wp.com\/verdadeon.com.br\/portal\/wp-content\/uploads\/2024\/08\/WhatsApp-Image-2024-08-07-at-21.35.04.jpeg?w=750&amp;ssl=1 750w, https:\/\/i0.wp.com\/verdadeon.com.br\/portal\/wp-content\/uploads\/2024\/08\/WhatsApp-Image-2024-08-07-at-21.35.04.jpeg?resize=169%2C300&amp;ssl=1 169w, https:\/\/i0.wp.com\/verdadeon.com.br\/portal\/wp-content\/uploads\/2024\/08\/WhatsApp-Image-2024-08-07-at-21.35.04.jpeg?resize=576%2C1024&amp;ssl=1 576w, https:\/\/i0.wp.com\/verdadeon.com.br\/portal\/wp-content\/uploads\/2024\/08\/WhatsApp-Image-2024-08-07-at-21.35.04.jpeg?resize=82%2C146&amp;ssl=1 82w, https:\/\/i0.wp.com\/verdadeon.com.br\/portal\/wp-content\/uploads\/2024\/08\/WhatsApp-Image-2024-08-07-at-21.35.04.jpeg?resize=28%2C50&amp;ssl=1 28w, https:\/\/i0.wp.com\/verdadeon.com.br\/portal\/wp-content\/uploads\/2024\/08\/WhatsApp-Image-2024-08-07-at-21.35.04.jpeg?resize=42%2C75&amp;ssl=1 42w\" sizes=\"auto, (max-width: 750px) 100vw, 750px\" \/><p id=\"caption-attachment-48224\" class=\"wp-caption-text\">A Graciosa Ana Helena Murari, nos destaques da coluna de hoje!<\/p><\/div>\n<div id=\"attachment_48226\" style=\"width: 1210px\" class=\"wp-caption alignnone\"><img data-recalc-dims=\"1\" loading=\"lazy\" decoding=\"async\" aria-describedby=\"caption-attachment-48226\" class=\"size-full wp-image-48226\" src=\"https:\/\/i0.wp.com\/verdadeon.com.br\/portal\/wp-content\/uploads\/2024\/08\/WhatsApp-Image-2024-08-05-at-20.22.47.jpeg?resize=1200%2C1600&#038;ssl=1\" alt=\"\" width=\"1200\" height=\"1600\" srcset=\"https:\/\/i0.wp.com\/verdadeon.com.br\/portal\/wp-content\/uploads\/2024\/08\/WhatsApp-Image-2024-08-05-at-20.22.47.jpeg?w=1200&amp;ssl=1 1200w, https:\/\/i0.wp.com\/verdadeon.com.br\/portal\/wp-content\/uploads\/2024\/08\/WhatsApp-Image-2024-08-05-at-20.22.47.jpeg?resize=225%2C300&amp;ssl=1 225w, https:\/\/i0.wp.com\/verdadeon.com.br\/portal\/wp-content\/uploads\/2024\/08\/WhatsApp-Image-2024-08-05-at-20.22.47.jpeg?resize=768%2C1024&amp;ssl=1 768w, https:\/\/i0.wp.com\/verdadeon.com.br\/portal\/wp-content\/uploads\/2024\/08\/WhatsApp-Image-2024-08-05-at-20.22.47.jpeg?resize=1152%2C1536&amp;ssl=1 1152w, https:\/\/i0.wp.com\/verdadeon.com.br\/portal\/wp-content\/uploads\/2024\/08\/WhatsApp-Image-2024-08-05-at-20.22.47.jpeg?resize=110%2C146&amp;ssl=1 110w, https:\/\/i0.wp.com\/verdadeon.com.br\/portal\/wp-content\/uploads\/2024\/08\/WhatsApp-Image-2024-08-05-at-20.22.47.jpeg?resize=38%2C50&amp;ssl=1 38w, https:\/\/i0.wp.com\/verdadeon.com.br\/portal\/wp-content\/uploads\/2024\/08\/WhatsApp-Image-2024-08-05-at-20.22.47.jpeg?resize=56%2C75&amp;ssl=1 56w\" sizes=\"auto, (max-width: 1200px) 100vw, 1200px\" \/><p id=\"caption-attachment-48226\" class=\"wp-caption-text\">Grupo &#8216;S\u00f3 nois t\u00e1 baum&#8217;, no Rancho da Cachoeira, em Estreito-SP. Alegria garantida!<\/p><\/div>\n<div id=\"attachment_48227\" style=\"width: 1210px\" class=\"wp-caption alignnone\"><img data-recalc-dims=\"1\" loading=\"lazy\" decoding=\"async\" aria-describedby=\"caption-attachment-48227\" class=\"size-full wp-image-48227\" src=\"https:\/\/i0.wp.com\/verdadeon.com.br\/portal\/wp-content\/uploads\/2024\/08\/WhatsApp-Image-2024-08-07-at-19.34.55-1.jpeg?resize=1200%2C1600&#038;ssl=1\" alt=\"\" width=\"1200\" height=\"1600\" srcset=\"https:\/\/i0.wp.com\/verdadeon.com.br\/portal\/wp-content\/uploads\/2024\/08\/WhatsApp-Image-2024-08-07-at-19.34.55-1.jpeg?w=1200&amp;ssl=1 1200w, https:\/\/i0.wp.com\/verdadeon.com.br\/portal\/wp-content\/uploads\/2024\/08\/WhatsApp-Image-2024-08-07-at-19.34.55-1.jpeg?resize=225%2C300&amp;ssl=1 225w, https:\/\/i0.wp.com\/verdadeon.com.br\/portal\/wp-content\/uploads\/2024\/08\/WhatsApp-Image-2024-08-07-at-19.34.55-1.jpeg?resize=768%2C1024&amp;ssl=1 768w, https:\/\/i0.wp.com\/verdadeon.com.br\/portal\/wp-content\/uploads\/2024\/08\/WhatsApp-Image-2024-08-07-at-19.34.55-1.jpeg?resize=1152%2C1536&amp;ssl=1 1152w, https:\/\/i0.wp.com\/verdadeon.com.br\/portal\/wp-content\/uploads\/2024\/08\/WhatsApp-Image-2024-08-07-at-19.34.55-1.jpeg?resize=110%2C146&amp;ssl=1 110w, https:\/\/i0.wp.com\/verdadeon.com.br\/portal\/wp-content\/uploads\/2024\/08\/WhatsApp-Image-2024-08-07-at-19.34.55-1.jpeg?resize=38%2C50&amp;ssl=1 38w, https:\/\/i0.wp.com\/verdadeon.com.br\/portal\/wp-content\/uploads\/2024\/08\/WhatsApp-Image-2024-08-07-at-19.34.55-1.jpeg?resize=56%2C75&amp;ssl=1 56w\" sizes=\"auto, (max-width: 1200px) 100vw, 1200px\" \/><p id=\"caption-attachment-48227\" class=\"wp-caption-text\">Leeh Oliveira, Carla Pereira e Maria Isadora Oliveira, colecionando mem\u00f3rias na Feira do Livro em Ribeir\u00e3o Preto. Maravilhosas!<\/p><\/div>\n<div id=\"attachment_48228\" style=\"width: 1403px\" class=\"wp-caption alignnone\"><img data-recalc-dims=\"1\" loading=\"lazy\" decoding=\"async\" aria-describedby=\"caption-attachment-48228\" class=\"size-full wp-image-48228\" src=\"https:\/\/i0.wp.com\/verdadeon.com.br\/portal\/wp-content\/uploads\/2024\/08\/WhatsApp-Image-2024-08-08-at-14.46.28.jpeg?resize=1220%2C1401&#038;ssl=1\" alt=\"\" width=\"1220\" height=\"1401\" srcset=\"https:\/\/i0.wp.com\/verdadeon.com.br\/portal\/wp-content\/uploads\/2024\/08\/WhatsApp-Image-2024-08-08-at-14.46.28.jpeg?w=1393&amp;ssl=1 1393w, https:\/\/i0.wp.com\/verdadeon.com.br\/portal\/wp-content\/uploads\/2024\/08\/WhatsApp-Image-2024-08-08-at-14.46.28.jpeg?resize=261%2C300&amp;ssl=1 261w, https:\/\/i0.wp.com\/verdadeon.com.br\/portal\/wp-content\/uploads\/2024\/08\/WhatsApp-Image-2024-08-08-at-14.46.28.jpeg?resize=892%2C1024&amp;ssl=1 892w, https:\/\/i0.wp.com\/verdadeon.com.br\/portal\/wp-content\/uploads\/2024\/08\/WhatsApp-Image-2024-08-08-at-14.46.28.jpeg?resize=768%2C882&amp;ssl=1 768w, https:\/\/i0.wp.com\/verdadeon.com.br\/portal\/wp-content\/uploads\/2024\/08\/WhatsApp-Image-2024-08-08-at-14.46.28.jpeg?resize=1337%2C1536&amp;ssl=1 1337w, https:\/\/i0.wp.com\/verdadeon.com.br\/portal\/wp-content\/uploads\/2024\/08\/WhatsApp-Image-2024-08-08-at-14.46.28.jpeg?resize=127%2C146&amp;ssl=1 127w, https:\/\/i0.wp.com\/verdadeon.com.br\/portal\/wp-content\/uploads\/2024\/08\/WhatsApp-Image-2024-08-08-at-14.46.28.jpeg?resize=44%2C50&amp;ssl=1 44w, https:\/\/i0.wp.com\/verdadeon.com.br\/portal\/wp-content\/uploads\/2024\/08\/WhatsApp-Image-2024-08-08-at-14.46.28.jpeg?resize=65%2C75&amp;ssl=1 65w\" sizes=\"auto, (max-width: 1220px) 100vw, 1220px\" \/><p id=\"caption-attachment-48228\" class=\"wp-caption-text\">Elegant\u00edssima, a cantora \u00c0 Vera lan\u00e7a seu novo hit: &#8216;Semana Toda&#8217;!<\/p><\/div>\n","protected":false},"excerpt":{"rendered":"<p>Falando s\u00e9rio Precisaram criar um nome para algo corriqueiro entre pessoas tanto de mesmo sexo, como de sexos diferentes &#8211; ou g\u00eaneros, como preferirem. &#8220;Manterrupting&#8221; \u00e9<span class=\"excerpt-hellip\"> [\u2026]<\/span><\/p>\n","protected":false},"author":10,"featured_media":48230,"comment_status":"open","ping_status":"open","sticky":false,"template":"","format":"standard","meta":{"_jetpack_memberships_contains_paid_content":false,"footnotes":"","jetpack_publicize_message":"","jetpack_publicize_feature_enabled":true,"jetpack_social_post_already_shared":true,"jetpack_social_options":{"image_generator_settings":{"template":"highway","default_image_id":0,"enabled":false},"version":2}},"categories":[92,139],"tags":[68],"class_list":["post-48223","post","type-post","status-publish","format-standard","has-post-thumbnail","hentry","category-colunista","category-tigrao","tag-coluna"],"yoast_head":"<!-- This site is optimized with the Yoast SEO plugin v25.6 - https:\/\/yoast.com\/wordpress\/plugins\/seo\/ -->\n<title>Coluna do Tigr\u00e3o - 09\/08\/2024 - VerdadeOn<\/title>\n<meta name=\"robots\" content=\"index, follow, max-snippet:-1, max-image-preview:large, max-video-preview:-1\" \/>\n<link rel=\"canonical\" href=\"https:\/\/verdadeon.com.br\/portal\/2024\/08\/09\/coluna-do-tigrao-09-08-2024-2\/\" \/>\n<meta property=\"og:locale\" content=\"pt_BR\" \/>\n<meta property=\"og:type\" content=\"article\" \/>\n<meta property=\"og:title\" content=\"Coluna do Tigr\u00e3o - 09\/08\/2024 - VerdadeOn\" \/>\n<meta property=\"og:description\" content=\"Falando s\u00e9rio Precisaram criar um nome para algo corriqueiro entre pessoas tanto de mesmo sexo, como de sexos diferentes &#8211; ou g\u00eaneros, como preferirem. &#8220;Manterrupting&#8221; \u00e9 [\u2026]\" \/>\n<meta property=\"og:url\" content=\"https:\/\/verdadeon.com.br\/portal\/2024\/08\/09\/coluna-do-tigrao-09-08-2024-2\/\" \/>\n<meta property=\"og:site_name\" content=\"VerdadeOn\" \/>\n<meta property=\"article:published_time\" content=\"2024-08-09T14:12:35+00:00\" \/>\n<meta property=\"article:modified_time\" content=\"2024-08-09T14:18:32+00:00\" \/>\n<meta property=\"og:image\" content=\"https:\/\/verdadeon.com.br\/portal\/wp-content\/uploads\/2024\/08\/WhatsApp-Image-2024-08-08-at-14.46.28-1.jpeg\" \/>\n\t<meta property=\"og:image:width\" content=\"1393\" \/>\n\t<meta property=\"og:image:height\" content=\"933\" \/>\n\t<meta property=\"og:image:type\" content=\"image\/jpeg\" \/>\n<meta name=\"author\" content=\"Redacao VerdadeOn\" \/>\n<meta name=\"twitter:card\" content=\"summary_large_image\" \/>\n<meta name=\"twitter:label1\" content=\"Escrito por\" \/>\n\t<meta name=\"twitter:data1\" content=\"Redacao VerdadeOn\" \/>\n\t<meta name=\"twitter:label2\" content=\"Est. tempo de leitura\" \/>\n\t<meta name=\"twitter:data2\" content=\"5 minutos\" \/>\n<script type=\"application\/ld+json\" class=\"yoast-schema-graph\">{\"@context\":\"https:\/\/schema.org\",\"@graph\":[{\"@type\":\"WebPage\",\"@id\":\"https:\/\/verdadeon.com.br\/portal\/2024\/08\/09\/coluna-do-tigrao-09-08-2024-2\/\",\"url\":\"https:\/\/verdadeon.com.br\/portal\/2024\/08\/09\/coluna-do-tigrao-09-08-2024-2\/\",\"name\":\"Coluna do Tigr\u00e3o - 09\/08\/2024 - VerdadeOn\",\"isPartOf\":{\"@id\":\"https:\/\/verdadeon.com.br\/portal\/#website\"},\"primaryImageOfPage\":{\"@id\":\"https:\/\/verdadeon.com.br\/portal\/2024\/08\/09\/coluna-do-tigrao-09-08-2024-2\/#primaryimage\"},\"image\":{\"@id\":\"https:\/\/verdadeon.com.br\/portal\/2024\/08\/09\/coluna-do-tigrao-09-08-2024-2\/#primaryimage\"},\"thumbnailUrl\":\"https:\/\/i0.wp.com\/verdadeon.com.br\/portal\/wp-content\/uploads\/2024\/08\/WhatsApp-Image-2024-08-08-at-14.46.28-1.jpeg?fit=1393%2C933&ssl=1\",\"datePublished\":\"2024-08-09T14:12:35+00:00\",\"dateModified\":\"2024-08-09T14:18:32+00:00\",\"author\":{\"@id\":\"https:\/\/verdadeon.com.br\/portal\/#\/schema\/person\/a5060ad1e9ea3df545188fc93ce43d2f\"},\"breadcrumb\":{\"@id\":\"https:\/\/verdadeon.com.br\/portal\/2024\/08\/09\/coluna-do-tigrao-09-08-2024-2\/#breadcrumb\"},\"inLanguage\":\"pt-BR\",\"potentialAction\":[{\"@type\":\"ReadAction\",\"target\":[\"https:\/\/verdadeon.com.br\/portal\/2024\/08\/09\/coluna-do-tigrao-09-08-2024-2\/\"]}]},{\"@type\":\"ImageObject\",\"inLanguage\":\"pt-BR\",\"@id\":\"https:\/\/verdadeon.com.br\/portal\/2024\/08\/09\/coluna-do-tigrao-09-08-2024-2\/#primaryimage\",\"url\":\"https:\/\/i0.wp.com\/verdadeon.com.br\/portal\/wp-content\/uploads\/2024\/08\/WhatsApp-Image-2024-08-08-at-14.46.28-1.jpeg?fit=1393%2C933&ssl=1\",\"contentUrl\":\"https:\/\/i0.wp.com\/verdadeon.com.br\/portal\/wp-content\/uploads\/2024\/08\/WhatsApp-Image-2024-08-08-at-14.46.28-1.jpeg?fit=1393%2C933&ssl=1\",\"width\":1393,\"height\":933,\"caption\":\"Elegant\u00edssima, a cantora \u00c0 Vera lan\u00e7a seu novo hit: 'Semana Toda'!\"},{\"@type\":\"BreadcrumbList\",\"@id\":\"https:\/\/verdadeon.com.br\/portal\/2024\/08\/09\/coluna-do-tigrao-09-08-2024-2\/#breadcrumb\",\"itemListElement\":[{\"@type\":\"ListItem\",\"position\":1,\"name\":\"In\u00edcio\",\"item\":\"https:\/\/verdadeon.com.br\/portal\/\"},{\"@type\":\"ListItem\",\"position\":2,\"name\":\"Coluna do Tigr\u00e3o &#8211; 09\/08\/2024\"}]},{\"@type\":\"WebSite\",\"@id\":\"https:\/\/verdadeon.com.br\/portal\/#website\",\"url\":\"https:\/\/verdadeon.com.br\/portal\/\",\"name\":\"VerdadeOn\",\"description\":\"Not\u00edcias di\u00e1rias sobre Franca, Regi\u00e3o, Esporte, Cultura, Cotidiano, Colunas. Cobertura nos principais eventos da cidade \u00e9 aqui - Verdadeon Franca\",\"potentialAction\":[{\"@type\":\"SearchAction\",\"target\":{\"@type\":\"EntryPoint\",\"urlTemplate\":\"https:\/\/verdadeon.com.br\/portal\/?s={search_term_string}\"},\"query-input\":{\"@type\":\"PropertyValueSpecification\",\"valueRequired\":true,\"valueName\":\"search_term_string\"}}],\"inLanguage\":\"pt-BR\"},{\"@type\":\"Person\",\"@id\":\"https:\/\/verdadeon.com.br\/portal\/#\/schema\/person\/a5060ad1e9ea3df545188fc93ce43d2f\",\"name\":\"Redacao VerdadeOn\",\"image\":{\"@type\":\"ImageObject\",\"inLanguage\":\"pt-BR\",\"@id\":\"https:\/\/verdadeon.com.br\/portal\/#\/schema\/person\/image\/\",\"url\":\"https:\/\/secure.gravatar.com\/avatar\/459a9613caaaf07f582c3d0841eea68bdd66f533e465e6ba8b9cb45619572cf4?s=96&d=mm&r=g\",\"contentUrl\":\"https:\/\/secure.gravatar.com\/avatar\/459a9613caaaf07f582c3d0841eea68bdd66f533e465e6ba8b9cb45619572cf4?s=96&d=mm&r=g\",\"caption\":\"Redacao VerdadeOn\"},\"url\":\"https:\/\/verdadeon.com.br\/portal\/author\/redacao\/\"}]}<\/script>\n<!-- \/ Yoast SEO plugin. -->","yoast_head_json":{"title":"Coluna do Tigr\u00e3o - 09\/08\/2024 - VerdadeOn","robots":{"index":"index","follow":"follow","max-snippet":"max-snippet:-1","max-image-preview":"max-image-preview:large","max-video-preview":"max-video-preview:-1"},"canonical":"https:\/\/verdadeon.com.br\/portal\/2024\/08\/09\/coluna-do-tigrao-09-08-2024-2\/","og_locale":"pt_BR","og_type":"article","og_title":"Coluna do Tigr\u00e3o - 09\/08\/2024 - VerdadeOn","og_description":"Falando s\u00e9rio Precisaram criar um nome para algo corriqueiro entre pessoas tanto de mesmo sexo, como de sexos diferentes &#8211; ou g\u00eaneros, como preferirem. &#8220;Manterrupting&#8221; \u00e9 [\u2026]","og_url":"https:\/\/verdadeon.com.br\/portal\/2024\/08\/09\/coluna-do-tigrao-09-08-2024-2\/","og_site_name":"VerdadeOn","article_published_time":"2024-08-09T14:12:35+00:00","article_modified_time":"2024-08-09T14:18:32+00:00","og_image":[{"width":1393,"height":933,"url":"https:\/\/verdadeon.com.br\/portal\/wp-content\/uploads\/2024\/08\/WhatsApp-Image-2024-08-08-at-14.46.28-1.jpeg","type":"image\/jpeg"}],"author":"Redacao VerdadeOn","twitter_card":"summary_large_image","twitter_misc":{"Escrito por":"Redacao VerdadeOn","Est. tempo de leitura":"5 minutos"},"schema":{"@context":"https:\/\/schema.org","@graph":[{"@type":"WebPage","@id":"https:\/\/verdadeon.com.br\/portal\/2024\/08\/09\/coluna-do-tigrao-09-08-2024-2\/","url":"https:\/\/verdadeon.com.br\/portal\/2024\/08\/09\/coluna-do-tigrao-09-08-2024-2\/","name":"Coluna do Tigr\u00e3o - 09\/08\/2024 - VerdadeOn","isPartOf":{"@id":"https:\/\/verdadeon.com.br\/portal\/#website"},"primaryImageOfPage":{"@id":"https:\/\/verdadeon.com.br\/portal\/2024\/08\/09\/coluna-do-tigrao-09-08-2024-2\/#primaryimage"},"image":{"@id":"https:\/\/verdadeon.com.br\/portal\/2024\/08\/09\/coluna-do-tigrao-09-08-2024-2\/#primaryimage"},"thumbnailUrl":"https:\/\/i0.wp.com\/verdadeon.com.br\/portal\/wp-content\/uploads\/2024\/08\/WhatsApp-Image-2024-08-08-at-14.46.28-1.jpeg?fit=1393%2C933&ssl=1","datePublished":"2024-08-09T14:12:35+00:00","dateModified":"2024-08-09T14:18:32+00:00","author":{"@id":"https:\/\/verdadeon.com.br\/portal\/#\/schema\/person\/a5060ad1e9ea3df545188fc93ce43d2f"},"breadcrumb":{"@id":"https:\/\/verdadeon.com.br\/portal\/2024\/08\/09\/coluna-do-tigrao-09-08-2024-2\/#breadcrumb"},"inLanguage":"pt-BR","potentialAction":[{"@type":"ReadAction","target":["https:\/\/verdadeon.com.br\/portal\/2024\/08\/09\/coluna-do-tigrao-09-08-2024-2\/"]}]},{"@type":"ImageObject","inLanguage":"pt-BR","@id":"https:\/\/verdadeon.com.br\/portal\/2024\/08\/09\/coluna-do-tigrao-09-08-2024-2\/#primaryimage","url":"https:\/\/i0.wp.com\/verdadeon.com.br\/portal\/wp-content\/uploads\/2024\/08\/WhatsApp-Image-2024-08-08-at-14.46.28-1.jpeg?fit=1393%2C933&ssl=1","contentUrl":"https:\/\/i0.wp.com\/verdadeon.com.br\/portal\/wp-content\/uploads\/2024\/08\/WhatsApp-Image-2024-08-08-at-14.46.28-1.jpeg?fit=1393%2C933&ssl=1","width":1393,"height":933,"caption":"Elegant\u00edssima, a cantora \u00c0 Vera lan\u00e7a seu novo hit: 'Semana Toda'!"},{"@type":"BreadcrumbList","@id":"https:\/\/verdadeon.com.br\/portal\/2024\/08\/09\/coluna-do-tigrao-09-08-2024-2\/#breadcrumb","itemListElement":[{"@type":"ListItem","position":1,"name":"In\u00edcio","item":"https:\/\/verdadeon.com.br\/portal\/"},{"@type":"ListItem","position":2,"name":"Coluna do Tigr\u00e3o &#8211; 09\/08\/2024"}]},{"@type":"WebSite","@id":"https:\/\/verdadeon.com.br\/portal\/#website","url":"https:\/\/verdadeon.com.br\/portal\/","name":"VerdadeOn","description":"Not\u00edcias di\u00e1rias sobre Franca, Regi\u00e3o, Esporte, Cultura, Cotidiano, Colunas. Cobertura nos principais eventos da cidade \u00e9 aqui - Verdadeon Franca","potentialAction":[{"@type":"SearchAction","target":{"@type":"EntryPoint","urlTemplate":"https:\/\/verdadeon.com.br\/portal\/?s={search_term_string}"},"query-input":{"@type":"PropertyValueSpecification","valueRequired":true,"valueName":"search_term_string"}}],"inLanguage":"pt-BR"},{"@type":"Person","@id":"https:\/\/verdadeon.com.br\/portal\/#\/schema\/person\/a5060ad1e9ea3df545188fc93ce43d2f","name":"Redacao VerdadeOn","image":{"@type":"ImageObject","inLanguage":"pt-BR","@id":"https:\/\/verdadeon.com.br\/portal\/#\/schema\/person\/image\/","url":"https:\/\/secure.gravatar.com\/avatar\/459a9613caaaf07f582c3d0841eea68bdd66f533e465e6ba8b9cb45619572cf4?s=96&d=mm&r=g","contentUrl":"https:\/\/secure.gravatar.com\/avatar\/459a9613caaaf07f582c3d0841eea68bdd66f533e465e6ba8b9cb45619572cf4?s=96&d=mm&r=g","caption":"Redacao VerdadeOn"},"url":"https:\/\/verdadeon.com.br\/portal\/author\/redacao\/"}]}},"jetpack_publicize_connections":[],"jetpack_featured_media_url":"https:\/\/i0.wp.com\/verdadeon.com.br\/portal\/wp-content\/uploads\/2024\/08\/WhatsApp-Image-2024-08-08-at-14.46.28-1.jpeg?fit=1393%2C933&ssl=1","jetpack_sharing_enabled":true,"_links":{"self":[{"href":"https:\/\/verdadeon.com.br\/portal\/wp-json\/wp\/v2\/posts\/48223","targetHints":{"allow":["GET"]}}],"collection":[{"href":"https:\/\/verdadeon.com.br\/portal\/wp-json\/wp\/v2\/posts"}],"about":[{"href":"https:\/\/verdadeon.com.br\/portal\/wp-json\/wp\/v2\/types\/post"}],"author":[{"embeddable":true,"href":"https:\/\/verdadeon.com.br\/portal\/wp-json\/wp\/v2\/users\/10"}],"replies":[{"embeddable":true,"href":"https:\/\/verdadeon.com.br\/portal\/wp-json\/wp\/v2\/comments?post=48223"}],"version-history":[{"count":1,"href":"https:\/\/verdadeon.com.br\/portal\/wp-json\/wp\/v2\/posts\/48223\/revisions"}],"predecessor-version":[{"id":48231,"href":"https:\/\/verdadeon.com.br\/portal\/wp-json\/wp\/v2\/posts\/48223\/revisions\/48231"}],"wp:featuredmedia":[{"embeddable":true,"href":"https:\/\/verdadeon.com.br\/portal\/wp-json\/wp\/v2\/media\/48230"}],"wp:attachment":[{"href":"https:\/\/verdadeon.com.br\/portal\/wp-json\/wp\/v2\/media?parent=48223"}],"wp:term":[{"taxonomy":"category","embeddable":true,"href":"https:\/\/verdadeon.com.br\/portal\/wp-json\/wp\/v2\/categories?post=48223"},{"taxonomy":"post_tag","embeddable":true,"href":"https:\/\/verdadeon.com.br\/portal\/wp-json\/wp\/v2\/tags?post=48223"}],"curies":[{"name":"wp","href":"https:\/\/api.w.org\/{rel}","templated":true}]}}