{"id":48222,"date":"2024-08-09T15:35:42","date_gmt":"2024-08-09T18:35:42","guid":{"rendered":"https:\/\/verdadeon.com.br\/portal\/?p=48222"},"modified":"2024-08-10T11:40:56","modified_gmt":"2024-08-10T14:40:56","slug":"lixo-hospitalar-e-encontrado-em-terreno-baldio-no-jardim-piratininga","status":"publish","type":"post","link":"https:\/\/verdadeon.com.br\/portal\/2024\/08\/09\/lixo-hospitalar-e-encontrado-em-terreno-baldio-no-jardim-piratininga\/","title":{"rendered":"Lixo hospitalar \u00e9 encontrado em terreno baldio no Jardim Piratininga"},"content":{"rendered":"<h2>Nome da cl\u00ednica foi encontrado entre os descartes; Vigil\u00e2ncia e Guarda Civil devem tomar provid\u00eancias<\/h2>\n<p>Nesta semana, enquanto passeava com seu cachorro de estima\u00e7\u00e3o, um mun\u00edcipe encontrou lixo hospitalar descartado em um terreno baldio da Rua Juiz Dr. Rafael Infante Faleiros, no Jardim Piratininga II, em Franca. O ocorrido foi compartilhado com os vizinhos, que acionaram a Vigil\u00e2ncia Sanit\u00e1ria.<\/p>\n<p>Segundo relato de vizinhos, cerca de duas horas depois, uma equipe da Guarda Civil Municipal esteve junto com um fiscal para constatar a ocorr\u00eancia. Uma das denunciantes afirmam que a gravidade do despojamento de um lixo de hospital em local inapropriado levou \u00e0 queixa, j\u00e1 que a coleta destes res\u00edduos \u00e9 diferenciada, exigindo uma destina\u00e7\u00e3o adequada.<\/p>\n<p><img data-recalc-dims=\"1\" loading=\"lazy\" decoding=\"async\" class=\"alignnone size-full wp-image-48255\" src=\"https:\/\/i0.wp.com\/verdadeon.com.br\/portal\/wp-content\/uploads\/2024\/08\/AnyConv.com__WhatsApp-Image-2024-08-09-at-15.03.34.jpg?resize=900%2C1600&#038;ssl=1\" alt=\"\" width=\"900\" height=\"1600\" srcset=\"https:\/\/i0.wp.com\/verdadeon.com.br\/portal\/wp-content\/uploads\/2024\/08\/AnyConv.com__WhatsApp-Image-2024-08-09-at-15.03.34.jpg?w=900&amp;ssl=1 900w, https:\/\/i0.wp.com\/verdadeon.com.br\/portal\/wp-content\/uploads\/2024\/08\/AnyConv.com__WhatsApp-Image-2024-08-09-at-15.03.34.jpg?resize=169%2C300&amp;ssl=1 169w, https:\/\/i0.wp.com\/verdadeon.com.br\/portal\/wp-content\/uploads\/2024\/08\/AnyConv.com__WhatsApp-Image-2024-08-09-at-15.03.34.jpg?resize=576%2C1024&amp;ssl=1 576w, https:\/\/i0.wp.com\/verdadeon.com.br\/portal\/wp-content\/uploads\/2024\/08\/AnyConv.com__WhatsApp-Image-2024-08-09-at-15.03.34.jpg?resize=768%2C1365&amp;ssl=1 768w, https:\/\/i0.wp.com\/verdadeon.com.br\/portal\/wp-content\/uploads\/2024\/08\/AnyConv.com__WhatsApp-Image-2024-08-09-at-15.03.34.jpg?resize=864%2C1536&amp;ssl=1 864w, https:\/\/i0.wp.com\/verdadeon.com.br\/portal\/wp-content\/uploads\/2024\/08\/AnyConv.com__WhatsApp-Image-2024-08-09-at-15.03.34.jpg?resize=82%2C146&amp;ssl=1 82w, https:\/\/i0.wp.com\/verdadeon.com.br\/portal\/wp-content\/uploads\/2024\/08\/AnyConv.com__WhatsApp-Image-2024-08-09-at-15.03.34.jpg?resize=28%2C50&amp;ssl=1 28w, https:\/\/i0.wp.com\/verdadeon.com.br\/portal\/wp-content\/uploads\/2024\/08\/AnyConv.com__WhatsApp-Image-2024-08-09-at-15.03.34.jpg?resize=42%2C75&amp;ssl=1 42w\" sizes=\"auto, (max-width: 900px) 100vw, 900px\" \/><\/p>\n<p>&#8220;As empresas pagam por quilo esta coleta. Talvez a empresa que fez este descarte que \u00e9 muito perigoso, pois al\u00e9m de ser infectante, envolve a parte ambiental, n\u00e3o quis gastar pra pagar o descarte correto. Outra motiva\u00e7\u00e3o \u00e9 que a situa\u00e7\u00e3o de desrespeito e a falta de consci\u00eancia das pessoas est\u00e3o deixando os moradores do bairro tristes com tantos descartes de lixos nos terrenos vazios do bairro. Est\u00e1 ficando constante e desenfreado&#8221;, afirma uma das vizinhas, que preferiu n\u00e3o ser identificada. Vale lembrar que esta n\u00e3o \u00e9 a primeira vez que o despojo de medicamentos ou outros tipos de lixo s\u00e3o deixados no local.<\/p>\n<p>De acordo com um dos moradores, ainda ontem foi visualizado materiais escolares abandonados no espa\u00e7o mencionado, mas a Coleta Seletiva, realiza os trabalhos de praxe normalmente \u00e0s quartas-feiras, no bairro, ou seja, as pr\u00f3prias pessoas n\u00e3o est\u00e3o respeitando o manejo correto.<\/p>\n<p>&#8220;Faltam pol\u00edticas p\u00fablicas para a quest\u00e3o de conscientiza\u00e7\u00e3o na popula\u00e7\u00e3o: aplicar multas e notifica\u00e7\u00f5es para os propriet\u00e1rios dos terrenos vazios, onde o mato toma conta e assim abre espa\u00e7o para o lixo, insetos pe\u00e7onhentos, queimadas e agora at\u00e9 lixo hospitalar; falta divulga\u00e7\u00e3o e ter mais pontos de coleta, al\u00e9m de ser uma vez na semana o caminh\u00e3o que passa pelo bairro, ter mais ecopontos. Algumas pessoas simplesmente n\u00e3o sabem ou n\u00e3o tem educa\u00e7\u00e3o para lidar com o pr\u00f3prio lixo e reciclagem. A cidade est\u00e1 crescendo e n\u00e3o est\u00e3o acompanhando com implementa\u00e7\u00e3o de coisas novas&#8221;, critica.<\/p>\n<p>A reportagem foi informada que, com a deixa pelo incidente, os moradores come\u00e7aram a protocolar mais pedidos de limpeza nos terrenos do bairro. Segundo a Lei Federal n\u00b0 9.605\/1998, o descarte irregular se enquadra na Lei de Crimes Ambientais, com penalidade prevista no artigo 54. A pr\u00e1tica pode levar \u00e0 reclus\u00e3o, deten\u00e7\u00e3o ou pagamento de multa.<\/p>\n<p><img data-recalc-dims=\"1\" loading=\"lazy\" decoding=\"async\" class=\"alignnone size-full wp-image-48256\" src=\"https:\/\/i0.wp.com\/verdadeon.com.br\/portal\/wp-content\/uploads\/2024\/08\/AnyConv.com__WhatsApp-Image-2024-08-09-at-15.08.49.jpg?resize=900%2C1600&#038;ssl=1\" alt=\"\" width=\"900\" height=\"1600\" srcset=\"https:\/\/i0.wp.com\/verdadeon.com.br\/portal\/wp-content\/uploads\/2024\/08\/AnyConv.com__WhatsApp-Image-2024-08-09-at-15.08.49.jpg?w=900&amp;ssl=1 900w, https:\/\/i0.wp.com\/verdadeon.com.br\/portal\/wp-content\/uploads\/2024\/08\/AnyConv.com__WhatsApp-Image-2024-08-09-at-15.08.49.jpg?resize=169%2C300&amp;ssl=1 169w, https:\/\/i0.wp.com\/verdadeon.com.br\/portal\/wp-content\/uploads\/2024\/08\/AnyConv.com__WhatsApp-Image-2024-08-09-at-15.08.49.jpg?resize=576%2C1024&amp;ssl=1 576w, https:\/\/i0.wp.com\/verdadeon.com.br\/portal\/wp-content\/uploads\/2024\/08\/AnyConv.com__WhatsApp-Image-2024-08-09-at-15.08.49.jpg?resize=768%2C1365&amp;ssl=1 768w, https:\/\/i0.wp.com\/verdadeon.com.br\/portal\/wp-content\/uploads\/2024\/08\/AnyConv.com__WhatsApp-Image-2024-08-09-at-15.08.49.jpg?resize=864%2C1536&amp;ssl=1 864w, https:\/\/i0.wp.com\/verdadeon.com.br\/portal\/wp-content\/uploads\/2024\/08\/AnyConv.com__WhatsApp-Image-2024-08-09-at-15.08.49.jpg?resize=82%2C146&amp;ssl=1 82w, https:\/\/i0.wp.com\/verdadeon.com.br\/portal\/wp-content\/uploads\/2024\/08\/AnyConv.com__WhatsApp-Image-2024-08-09-at-15.08.49.jpg?resize=28%2C50&amp;ssl=1 28w, https:\/\/i0.wp.com\/verdadeon.com.br\/portal\/wp-content\/uploads\/2024\/08\/AnyConv.com__WhatsApp-Image-2024-08-09-at-15.08.49.jpg?resize=42%2C75&amp;ssl=1 42w\" sizes=\"auto, (max-width: 900px) 100vw, 900px\" \/><\/p>\n<p><strong>Posicionamento<\/strong><\/p>\n<p>Solicitamos um posicionamento da Prefeitura a respeito dos acontecimentos, bem como orienta\u00e7\u00f5es \u00e0 popula\u00e7\u00e3o para evitar que ocasi\u00f5es como essas se repitam, entretanto, ainda n\u00e3o fomos respondidos. Atualizaremos a mat\u00e9ria no site caso nossa solicita\u00e7\u00e3o seja atendida.<\/p>\n<p>&nbsp;<\/p>\n<p><strong><em>**Atualiza\u00e7\u00e3o<\/em><\/strong><\/p>\n<p><em>Ap\u00f3s o fechamento da mat\u00e9ria, a Prefeitura de Franca entrou em contato com a equipe do Jornal Verdade e informou que ap\u00f3s as den\u00fancias serem recebidas, a Vigil\u00e2ncia Sanit\u00e1ria realiza a fiscaliza\u00e7\u00e3o e realiza os procedimentos necess\u00e1rios. Confira a nota na \u00edntegra:<\/em><\/p>\n<div><em>&#8220;A Secretaria de Sa\u00fade informa que ao receber a den\u00fancia de descarte de lixo hospitalar de forma inadequada, uma equipe da Vigil\u00e2ncia Sanit\u00e1ria Municipal \u00e9 direcionada para avalia\u00e7\u00e3o do local e, caso seja constatada qualquer irregularidade incompat\u00edvel com as legisla\u00e7\u00f5es vigentes, s\u00e3o tomadas as medidas necess\u00e1rias para a identifica\u00e7\u00e3o, notifica\u00e7\u00e3o e responsabiliza\u00e7\u00e3o do autor do descarte.&#8221;<\/em><\/div>\n","protected":false},"excerpt":{"rendered":"<p>Nome da cl\u00ednica foi encontrado entre os descartes; Vigil\u00e2ncia e Guarda Civil devem tomar provid\u00eancias Nesta semana, enquanto passeava com seu cachorro de estima\u00e7\u00e3o, um mun\u00edcipe<span class=\"excerpt-hellip\"> [\u2026]<\/span><\/p>\n","protected":false},"author":10,"featured_media":48254,"comment_status":"open","ping_status":"open","sticky":false,"template":"","format":"standard","meta":{"_jetpack_memberships_contains_paid_content":false,"footnotes":"","jetpack_publicize_message":"","jetpack_publicize_feature_enabled":true,"jetpack_social_post_already_shared":true,"jetpack_social_options":{"image_generator_settings":{"template":"highway","default_image_id":0,"enabled":false},"version":2}},"categories":[28,81],"tags":[],"class_list":["post-48222","post","type-post","status-publish","format-standard","has-post-thumbnail","hentry","category-cotidiano","category-manchete"],"yoast_head":"<!-- This site is optimized with the Yoast SEO plugin v25.6 - https:\/\/yoast.com\/wordpress\/plugins\/seo\/ -->\n<title>Lixo hospitalar \u00e9 encontrado em terreno baldio no Jardim Piratininga - VerdadeOn<\/title>\n<meta name=\"robots\" content=\"index, follow, max-snippet:-1, max-image-preview:large, max-video-preview:-1\" \/>\n<link rel=\"canonical\" href=\"https:\/\/verdadeon.com.br\/portal\/2024\/08\/09\/lixo-hospitalar-e-encontrado-em-terreno-baldio-no-jardim-piratininga\/\" \/>\n<meta property=\"og:locale\" content=\"pt_BR\" \/>\n<meta property=\"og:type\" content=\"article\" \/>\n<meta property=\"og:title\" content=\"Lixo hospitalar \u00e9 encontrado em terreno baldio no Jardim Piratininga - VerdadeOn\" \/>\n<meta property=\"og:description\" content=\"Nome da cl\u00ednica foi encontrado entre os descartes; Vigil\u00e2ncia e Guarda Civil devem tomar provid\u00eancias Nesta semana, enquanto passeava com seu cachorro de estima\u00e7\u00e3o, um mun\u00edcipe [\u2026]\" \/>\n<meta property=\"og:url\" content=\"https:\/\/verdadeon.com.br\/portal\/2024\/08\/09\/lixo-hospitalar-e-encontrado-em-terreno-baldio-no-jardim-piratininga\/\" \/>\n<meta property=\"og:site_name\" content=\"VerdadeOn\" \/>\n<meta property=\"article:published_time\" content=\"2024-08-09T18:35:42+00:00\" \/>\n<meta property=\"article:modified_time\" content=\"2024-08-10T14:40:56+00:00\" \/>\n<meta property=\"og:image\" content=\"https:\/\/verdadeon.com.br\/portal\/wp-content\/uploads\/2024\/08\/AnyConv.com__WhatsApp-Image-2024-08-09-at-15.03.17.jpg\" \/>\n\t<meta property=\"og:image:width\" content=\"674\" \/>\n\t<meta property=\"og:image:height\" content=\"451\" \/>\n\t<meta property=\"og:image:type\" content=\"image\/jpeg\" \/>\n<meta name=\"author\" content=\"Redacao VerdadeOn\" \/>\n<meta name=\"twitter:card\" content=\"summary_large_image\" \/>\n<meta name=\"twitter:label1\" content=\"Escrito por\" \/>\n\t<meta name=\"twitter:data1\" content=\"Redacao VerdadeOn\" \/>\n\t<meta name=\"twitter:label2\" content=\"Est. tempo de leitura\" \/>\n\t<meta name=\"twitter:data2\" content=\"4 minutos\" \/>\n<script type=\"application\/ld+json\" class=\"yoast-schema-graph\">{\"@context\":\"https:\/\/schema.org\",\"@graph\":[{\"@type\":\"WebPage\",\"@id\":\"https:\/\/verdadeon.com.br\/portal\/2024\/08\/09\/lixo-hospitalar-e-encontrado-em-terreno-baldio-no-jardim-piratininga\/\",\"url\":\"https:\/\/verdadeon.com.br\/portal\/2024\/08\/09\/lixo-hospitalar-e-encontrado-em-terreno-baldio-no-jardim-piratininga\/\",\"name\":\"Lixo hospitalar \u00e9 encontrado em terreno baldio no Jardim Piratininga - VerdadeOn\",\"isPartOf\":{\"@id\":\"https:\/\/verdadeon.com.br\/portal\/#website\"},\"primaryImageOfPage\":{\"@id\":\"https:\/\/verdadeon.com.br\/portal\/2024\/08\/09\/lixo-hospitalar-e-encontrado-em-terreno-baldio-no-jardim-piratininga\/#primaryimage\"},\"image\":{\"@id\":\"https:\/\/verdadeon.com.br\/portal\/2024\/08\/09\/lixo-hospitalar-e-encontrado-em-terreno-baldio-no-jardim-piratininga\/#primaryimage\"},\"thumbnailUrl\":\"https:\/\/i0.wp.com\/verdadeon.com.br\/portal\/wp-content\/uploads\/2024\/08\/AnyConv.com__WhatsApp-Image-2024-08-09-at-15.03.17.jpg?fit=674%2C451&ssl=1\",\"datePublished\":\"2024-08-09T18:35:42+00:00\",\"dateModified\":\"2024-08-10T14:40:56+00:00\",\"author\":{\"@id\":\"https:\/\/verdadeon.com.br\/portal\/#\/schema\/person\/a5060ad1e9ea3df545188fc93ce43d2f\"},\"breadcrumb\":{\"@id\":\"https:\/\/verdadeon.com.br\/portal\/2024\/08\/09\/lixo-hospitalar-e-encontrado-em-terreno-baldio-no-jardim-piratininga\/#breadcrumb\"},\"inLanguage\":\"pt-BR\",\"potentialAction\":[{\"@type\":\"ReadAction\",\"target\":[\"https:\/\/verdadeon.com.br\/portal\/2024\/08\/09\/lixo-hospitalar-e-encontrado-em-terreno-baldio-no-jardim-piratininga\/\"]}]},{\"@type\":\"ImageObject\",\"inLanguage\":\"pt-BR\",\"@id\":\"https:\/\/verdadeon.com.br\/portal\/2024\/08\/09\/lixo-hospitalar-e-encontrado-em-terreno-baldio-no-jardim-piratininga\/#primaryimage\",\"url\":\"https:\/\/i0.wp.com\/verdadeon.com.br\/portal\/wp-content\/uploads\/2024\/08\/AnyConv.com__WhatsApp-Image-2024-08-09-at-15.03.17.jpg?fit=674%2C451&ssl=1\",\"contentUrl\":\"https:\/\/i0.wp.com\/verdadeon.com.br\/portal\/wp-content\/uploads\/2024\/08\/AnyConv.com__WhatsApp-Image-2024-08-09-at-15.03.17.jpg?fit=674%2C451&ssl=1\",\"width\":674,\"height\":451,\"caption\":\"Lixo hospitalar abandonado emt terreno do Jardim Piratininga II (\u00a9Divulga\u00e7\u00e3o)\"},{\"@type\":\"BreadcrumbList\",\"@id\":\"https:\/\/verdadeon.com.br\/portal\/2024\/08\/09\/lixo-hospitalar-e-encontrado-em-terreno-baldio-no-jardim-piratininga\/#breadcrumb\",\"itemListElement\":[{\"@type\":\"ListItem\",\"position\":1,\"name\":\"In\u00edcio\",\"item\":\"https:\/\/verdadeon.com.br\/portal\/\"},{\"@type\":\"ListItem\",\"position\":2,\"name\":\"Lixo hospitalar \u00e9 encontrado em terreno baldio no Jardim Piratininga\"}]},{\"@type\":\"WebSite\",\"@id\":\"https:\/\/verdadeon.com.br\/portal\/#website\",\"url\":\"https:\/\/verdadeon.com.br\/portal\/\",\"name\":\"VerdadeOn\",\"description\":\"Not\u00edcias di\u00e1rias sobre Franca, Regi\u00e3o, Esporte, Cultura, Cotidiano, Colunas. Cobertura nos principais eventos da cidade \u00e9 aqui - Verdadeon Franca\",\"potentialAction\":[{\"@type\":\"SearchAction\",\"target\":{\"@type\":\"EntryPoint\",\"urlTemplate\":\"https:\/\/verdadeon.com.br\/portal\/?s={search_term_string}\"},\"query-input\":{\"@type\":\"PropertyValueSpecification\",\"valueRequired\":true,\"valueName\":\"search_term_string\"}}],\"inLanguage\":\"pt-BR\"},{\"@type\":\"Person\",\"@id\":\"https:\/\/verdadeon.com.br\/portal\/#\/schema\/person\/a5060ad1e9ea3df545188fc93ce43d2f\",\"name\":\"Redacao VerdadeOn\",\"image\":{\"@type\":\"ImageObject\",\"inLanguage\":\"pt-BR\",\"@id\":\"https:\/\/verdadeon.com.br\/portal\/#\/schema\/person\/image\/\",\"url\":\"https:\/\/secure.gravatar.com\/avatar\/459a9613caaaf07f582c3d0841eea68bdd66f533e465e6ba8b9cb45619572cf4?s=96&d=mm&r=g\",\"contentUrl\":\"https:\/\/secure.gravatar.com\/avatar\/459a9613caaaf07f582c3d0841eea68bdd66f533e465e6ba8b9cb45619572cf4?s=96&d=mm&r=g\",\"caption\":\"Redacao VerdadeOn\"},\"url\":\"https:\/\/verdadeon.com.br\/portal\/author\/redacao\/\"}]}<\/script>\n<!-- \/ Yoast SEO plugin. -->","yoast_head_json":{"title":"Lixo hospitalar \u00e9 encontrado em terreno baldio no Jardim Piratininga - VerdadeOn","robots":{"index":"index","follow":"follow","max-snippet":"max-snippet:-1","max-image-preview":"max-image-preview:large","max-video-preview":"max-video-preview:-1"},"canonical":"https:\/\/verdadeon.com.br\/portal\/2024\/08\/09\/lixo-hospitalar-e-encontrado-em-terreno-baldio-no-jardim-piratininga\/","og_locale":"pt_BR","og_type":"article","og_title":"Lixo hospitalar \u00e9 encontrado em terreno baldio no Jardim Piratininga - VerdadeOn","og_description":"Nome da cl\u00ednica foi encontrado entre os descartes; Vigil\u00e2ncia e Guarda Civil devem tomar provid\u00eancias Nesta semana, enquanto passeava com seu cachorro de estima\u00e7\u00e3o, um mun\u00edcipe [\u2026]","og_url":"https:\/\/verdadeon.com.br\/portal\/2024\/08\/09\/lixo-hospitalar-e-encontrado-em-terreno-baldio-no-jardim-piratininga\/","og_site_name":"VerdadeOn","article_published_time":"2024-08-09T18:35:42+00:00","article_modified_time":"2024-08-10T14:40:56+00:00","og_image":[{"width":674,"height":451,"url":"https:\/\/verdadeon.com.br\/portal\/wp-content\/uploads\/2024\/08\/AnyConv.com__WhatsApp-Image-2024-08-09-at-15.03.17.jpg","type":"image\/jpeg"}],"author":"Redacao VerdadeOn","twitter_card":"summary_large_image","twitter_misc":{"Escrito por":"Redacao VerdadeOn","Est. tempo de leitura":"4 minutos"},"schema":{"@context":"https:\/\/schema.org","@graph":[{"@type":"WebPage","@id":"https:\/\/verdadeon.com.br\/portal\/2024\/08\/09\/lixo-hospitalar-e-encontrado-em-terreno-baldio-no-jardim-piratininga\/","url":"https:\/\/verdadeon.com.br\/portal\/2024\/08\/09\/lixo-hospitalar-e-encontrado-em-terreno-baldio-no-jardim-piratininga\/","name":"Lixo hospitalar \u00e9 encontrado em terreno baldio no Jardim Piratininga - VerdadeOn","isPartOf":{"@id":"https:\/\/verdadeon.com.br\/portal\/#website"},"primaryImageOfPage":{"@id":"https:\/\/verdadeon.com.br\/portal\/2024\/08\/09\/lixo-hospitalar-e-encontrado-em-terreno-baldio-no-jardim-piratininga\/#primaryimage"},"image":{"@id":"https:\/\/verdadeon.com.br\/portal\/2024\/08\/09\/lixo-hospitalar-e-encontrado-em-terreno-baldio-no-jardim-piratininga\/#primaryimage"},"thumbnailUrl":"https:\/\/i0.wp.com\/verdadeon.com.br\/portal\/wp-content\/uploads\/2024\/08\/AnyConv.com__WhatsApp-Image-2024-08-09-at-15.03.17.jpg?fit=674%2C451&ssl=1","datePublished":"2024-08-09T18:35:42+00:00","dateModified":"2024-08-10T14:40:56+00:00","author":{"@id":"https:\/\/verdadeon.com.br\/portal\/#\/schema\/person\/a5060ad1e9ea3df545188fc93ce43d2f"},"breadcrumb":{"@id":"https:\/\/verdadeon.com.br\/portal\/2024\/08\/09\/lixo-hospitalar-e-encontrado-em-terreno-baldio-no-jardim-piratininga\/#breadcrumb"},"inLanguage":"pt-BR","potentialAction":[{"@type":"ReadAction","target":["https:\/\/verdadeon.com.br\/portal\/2024\/08\/09\/lixo-hospitalar-e-encontrado-em-terreno-baldio-no-jardim-piratininga\/"]}]},{"@type":"ImageObject","inLanguage":"pt-BR","@id":"https:\/\/verdadeon.com.br\/portal\/2024\/08\/09\/lixo-hospitalar-e-encontrado-em-terreno-baldio-no-jardim-piratininga\/#primaryimage","url":"https:\/\/i0.wp.com\/verdadeon.com.br\/portal\/wp-content\/uploads\/2024\/08\/AnyConv.com__WhatsApp-Image-2024-08-09-at-15.03.17.jpg?fit=674%2C451&ssl=1","contentUrl":"https:\/\/i0.wp.com\/verdadeon.com.br\/portal\/wp-content\/uploads\/2024\/08\/AnyConv.com__WhatsApp-Image-2024-08-09-at-15.03.17.jpg?fit=674%2C451&ssl=1","width":674,"height":451,"caption":"Lixo hospitalar abandonado emt terreno do Jardim Piratininga II (\u00a9Divulga\u00e7\u00e3o)"},{"@type":"BreadcrumbList","@id":"https:\/\/verdadeon.com.br\/portal\/2024\/08\/09\/lixo-hospitalar-e-encontrado-em-terreno-baldio-no-jardim-piratininga\/#breadcrumb","itemListElement":[{"@type":"ListItem","position":1,"name":"In\u00edcio","item":"https:\/\/verdadeon.com.br\/portal\/"},{"@type":"ListItem","position":2,"name":"Lixo hospitalar \u00e9 encontrado em terreno baldio no Jardim Piratininga"}]},{"@type":"WebSite","@id":"https:\/\/verdadeon.com.br\/portal\/#website","url":"https:\/\/verdadeon.com.br\/portal\/","name":"VerdadeOn","description":"Not\u00edcias di\u00e1rias sobre Franca, Regi\u00e3o, Esporte, Cultura, Cotidiano, Colunas. Cobertura nos principais eventos da cidade \u00e9 aqui - Verdadeon Franca","potentialAction":[{"@type":"SearchAction","target":{"@type":"EntryPoint","urlTemplate":"https:\/\/verdadeon.com.br\/portal\/?s={search_term_string}"},"query-input":{"@type":"PropertyValueSpecification","valueRequired":true,"valueName":"search_term_string"}}],"inLanguage":"pt-BR"},{"@type":"Person","@id":"https:\/\/verdadeon.com.br\/portal\/#\/schema\/person\/a5060ad1e9ea3df545188fc93ce43d2f","name":"Redacao VerdadeOn","image":{"@type":"ImageObject","inLanguage":"pt-BR","@id":"https:\/\/verdadeon.com.br\/portal\/#\/schema\/person\/image\/","url":"https:\/\/secure.gravatar.com\/avatar\/459a9613caaaf07f582c3d0841eea68bdd66f533e465e6ba8b9cb45619572cf4?s=96&d=mm&r=g","contentUrl":"https:\/\/secure.gravatar.com\/avatar\/459a9613caaaf07f582c3d0841eea68bdd66f533e465e6ba8b9cb45619572cf4?s=96&d=mm&r=g","caption":"Redacao VerdadeOn"},"url":"https:\/\/verdadeon.com.br\/portal\/author\/redacao\/"}]}},"jetpack_publicize_connections":[],"jetpack_featured_media_url":"https:\/\/i0.wp.com\/verdadeon.com.br\/portal\/wp-content\/uploads\/2024\/08\/AnyConv.com__WhatsApp-Image-2024-08-09-at-15.03.17.jpg?fit=674%2C451&ssl=1","jetpack_sharing_enabled":true,"_links":{"self":[{"href":"https:\/\/verdadeon.com.br\/portal\/wp-json\/wp\/v2\/posts\/48222","targetHints":{"allow":["GET"]}}],"collection":[{"href":"https:\/\/verdadeon.com.br\/portal\/wp-json\/wp\/v2\/posts"}],"about":[{"href":"https:\/\/verdadeon.com.br\/portal\/wp-json\/wp\/v2\/types\/post"}],"author":[{"embeddable":true,"href":"https:\/\/verdadeon.com.br\/portal\/wp-json\/wp\/v2\/users\/10"}],"replies":[{"embeddable":true,"href":"https:\/\/verdadeon.com.br\/portal\/wp-json\/wp\/v2\/comments?post=48222"}],"version-history":[{"count":4,"href":"https:\/\/verdadeon.com.br\/portal\/wp-json\/wp\/v2\/posts\/48222\/revisions"}],"predecessor-version":[{"id":48268,"href":"https:\/\/verdadeon.com.br\/portal\/wp-json\/wp\/v2\/posts\/48222\/revisions\/48268"}],"wp:featuredmedia":[{"embeddable":true,"href":"https:\/\/verdadeon.com.br\/portal\/wp-json\/wp\/v2\/media\/48254"}],"wp:attachment":[{"href":"https:\/\/verdadeon.com.br\/portal\/wp-json\/wp\/v2\/media?parent=48222"}],"wp:term":[{"taxonomy":"category","embeddable":true,"href":"https:\/\/verdadeon.com.br\/portal\/wp-json\/wp\/v2\/categories?post=48222"},{"taxonomy":"post_tag","embeddable":true,"href":"https:\/\/verdadeon.com.br\/portal\/wp-json\/wp\/v2\/tags?post=48222"}],"curies":[{"name":"wp","href":"https:\/\/api.w.org\/{rel}","templated":true}]}}