{"id":48020,"date":"2024-08-03T10:37:23","date_gmt":"2024-08-03T13:37:23","guid":{"rendered":"https:\/\/verdadeon.com.br\/portal\/?p=48020"},"modified":"2024-08-03T10:37:23","modified_gmt":"2024-08-03T13:37:23","slug":"educacao-de-sp-aplica-prova-de-recuperacao-para-estudantes-a-partir-de-segunda-5","status":"publish","type":"post","link":"https:\/\/verdadeon.com.br\/portal\/2024\/08\/03\/educacao-de-sp-aplica-prova-de-recuperacao-para-estudantes-a-partir-de-segunda-5\/","title":{"rendered":"Educa\u00e7\u00e3o de SP aplica prova de recupera\u00e7\u00e3o para estudantes a partir de segunda (5)"},"content":{"rendered":"<h2 class=\"excerpt\">Alunos com bom desempenho na avalia\u00e7\u00e3o ter\u00e3o a menor nota entre os bimestres anteriores substitu\u00edda pelo resultado<\/h2>\n<p>A Secretaria da Educa\u00e7\u00e3o do Estado de S\u00e3o Paulo (Seduc-SP) aplica no in\u00edcio da pr\u00f3xima semana, segunda e ter\u00e7a-feira (5 e 6), as provas de recupera\u00e7\u00e3o para estudantes do 5\u00ba ano do Ensino Fundamental \u00e0 3\u00aa s\u00e9rie do Ensino M\u00e9dio. Dever\u00e3o fazer as provas os alunos que alcan\u00e7aram notas menores de cinco no primeiro e segundo bimestre deste ano.\u00a0<a role=\"link\" href=\"https:\/\/www.saopaulo.sp.gov.br\/spnoticias\/ultimas-noticias\/sp-tera-recuperacao-semestral-para-alunos-da-rede-estadual-com-baixo-rendimento\/\">As avalia\u00e7\u00f5es podem substituir a menor nota entre os dois primeiros bimestres do ano letivo.\u00a0<\/a><\/p>\n<p>As provas ser\u00e3o aplicadas durante o hor\u00e1rio de aulas e todos os estudantes podem participar, independentemente se eles foram ou n\u00e3o encaminhados para as aulas de refor\u00e7o. As escolas t\u00eam autonomia para decidir os dias das provas de cada disciplina \u2013 no dia 5 ou 6. As aulas de recupera\u00e7\u00e3o foram ministradas na \u00faltima semana de aulas, no in\u00edcio do m\u00eas de julho, e nesta semana, desde o retorno do recesso, na segunda-feira (29).<\/p>\n<p>\u201cNossas escolas est\u00e3o fazendo um esfor\u00e7o muito grande para que os alunos n\u00e3o fiquem para tr\u00e1s. Aqueles alunos que est\u00e3o com defasagem, com nota vermelha, est\u00e3o no foco do trabalho dos nossos professores e escolas. Nesta semana, assim como no in\u00edcio do m\u00eas, os estudantes participam do refor\u00e7o para rever temas de maior dificuldade para que, a partir de segunda-feira, dia 5 de agosto, eles fa\u00e7am a prova de recupera\u00e7\u00e3o para superar suas notas vermelhas\u201d, afirma o secret\u00e1rio da Educa\u00e7\u00e3o, Renato Feder.<\/p>\n<p>Considerando que as notas da prova de recupera\u00e7\u00e3o tamb\u00e9m podem substituir uma das notas do primeiro ou segundo bimestre \u2014 mesmo para aqueles alunos que tiraram notas 6, 7 ou 8, por exemplo \u2014, todos os estudantes dos anos e s\u00e9ries avaliados poder\u00e3o ser beneficiados com a revis\u00e3o de notas e atualiza\u00e7\u00f5es do boletim escolar. Sendo assim, a prova poder\u00e1 ser feita por 2,5 milh\u00f5es de estudantes.<\/p>\n<p>Caso haja necessidade, a Seduc-SP definiu para os dias 8 e 9 de agosto a repescagem da recupera\u00e7\u00e3o.\u00a0No final deste ano letivo, o refor\u00e7o e as provas de recupera\u00e7\u00e3o tamb\u00e9m ser\u00e3o oferecidos para aqueles com dificuldades no 3\u00ba e 4\u00ba bimestre.<\/p>\n<p>Fonte: SP Not\u00edcias<\/p>\n","protected":false},"excerpt":{"rendered":"<p>Alunos com bom desempenho na avalia\u00e7\u00e3o ter\u00e3o a menor nota entre os bimestres anteriores substitu\u00edda pelo resultado A Secretaria da Educa\u00e7\u00e3o do Estado de S\u00e3o Paulo<span class=\"excerpt-hellip\"> [\u2026]<\/span><\/p>\n","protected":false},"author":10,"featured_media":33242,"comment_status":"open","ping_status":"open","sticky":false,"template":"","format":"standard","meta":{"_jetpack_memberships_contains_paid_content":false,"footnotes":"","jetpack_publicize_message":"","jetpack_publicize_feature_enabled":true,"jetpack_social_post_already_shared":true,"jetpack_social_options":{"image_generator_settings":{"template":"highway","default_image_id":0,"enabled":false},"version":2}},"categories":[28,44],"tags":[],"class_list":["post-48020","post","type-post","status-publish","format-standard","has-post-thumbnail","hentry","category-cotidiano","category-noticias"],"yoast_head":"<!-- This site is optimized with the Yoast SEO plugin v25.6 - https:\/\/yoast.com\/wordpress\/plugins\/seo\/ -->\n<title>Educa\u00e7\u00e3o de SP aplica prova de recupera\u00e7\u00e3o para estudantes a partir de segunda (5) - VerdadeOn<\/title>\n<meta name=\"robots\" content=\"index, follow, max-snippet:-1, max-image-preview:large, max-video-preview:-1\" \/>\n<link rel=\"canonical\" href=\"https:\/\/verdadeon.com.br\/portal\/2024\/08\/03\/educacao-de-sp-aplica-prova-de-recuperacao-para-estudantes-a-partir-de-segunda-5\/\" \/>\n<meta property=\"og:locale\" content=\"pt_BR\" \/>\n<meta property=\"og:type\" content=\"article\" \/>\n<meta property=\"og:title\" content=\"Educa\u00e7\u00e3o de SP aplica prova de recupera\u00e7\u00e3o para estudantes a partir de segunda (5) - VerdadeOn\" \/>\n<meta property=\"og:description\" content=\"Alunos com bom desempenho na avalia\u00e7\u00e3o ter\u00e3o a menor nota entre os bimestres anteriores substitu\u00edda pelo resultado A Secretaria da Educa\u00e7\u00e3o do Estado de S\u00e3o Paulo [\u2026]\" \/>\n<meta property=\"og:url\" content=\"https:\/\/verdadeon.com.br\/portal\/2024\/08\/03\/educacao-de-sp-aplica-prova-de-recuperacao-para-estudantes-a-partir-de-segunda-5\/\" \/>\n<meta property=\"og:site_name\" content=\"VerdadeOn\" \/>\n<meta property=\"article:published_time\" content=\"2024-08-03T13:37:23+00:00\" \/>\n<meta property=\"og:image\" content=\"https:\/\/verdadeon.com.br\/portal\/wp-content\/uploads\/2023\/04\/52309152525_63197bbaa7_c.jpg\" \/>\n\t<meta property=\"og:image:width\" content=\"1000\" \/>\n\t<meta property=\"og:image:height\" content=\"670\" \/>\n\t<meta property=\"og:image:type\" content=\"image\/jpeg\" \/>\n<meta name=\"author\" content=\"Redacao VerdadeOn\" \/>\n<meta name=\"twitter:card\" content=\"summary_large_image\" \/>\n<meta name=\"twitter:label1\" content=\"Escrito por\" \/>\n\t<meta name=\"twitter:data1\" content=\"Redacao VerdadeOn\" \/>\n\t<meta name=\"twitter:label2\" content=\"Est. tempo de leitura\" \/>\n\t<meta name=\"twitter:data2\" content=\"2 minutos\" \/>\n<script type=\"application\/ld+json\" class=\"yoast-schema-graph\">{\"@context\":\"https:\/\/schema.org\",\"@graph\":[{\"@type\":\"WebPage\",\"@id\":\"https:\/\/verdadeon.com.br\/portal\/2024\/08\/03\/educacao-de-sp-aplica-prova-de-recuperacao-para-estudantes-a-partir-de-segunda-5\/\",\"url\":\"https:\/\/verdadeon.com.br\/portal\/2024\/08\/03\/educacao-de-sp-aplica-prova-de-recuperacao-para-estudantes-a-partir-de-segunda-5\/\",\"name\":\"Educa\u00e7\u00e3o de SP aplica prova de recupera\u00e7\u00e3o para estudantes a partir de segunda (5) - VerdadeOn\",\"isPartOf\":{\"@id\":\"https:\/\/verdadeon.com.br\/portal\/#website\"},\"primaryImageOfPage\":{\"@id\":\"https:\/\/verdadeon.com.br\/portal\/2024\/08\/03\/educacao-de-sp-aplica-prova-de-recuperacao-para-estudantes-a-partir-de-segunda-5\/#primaryimage\"},\"image\":{\"@id\":\"https:\/\/verdadeon.com.br\/portal\/2024\/08\/03\/educacao-de-sp-aplica-prova-de-recuperacao-para-estudantes-a-partir-de-segunda-5\/#primaryimage\"},\"thumbnailUrl\":\"https:\/\/i0.wp.com\/verdadeon.com.br\/portal\/wp-content\/uploads\/2023\/04\/52309152525_63197bbaa7_c.jpg?fit=1000%2C670&ssl=1\",\"datePublished\":\"2024-08-03T13:37:23+00:00\",\"author\":{\"@id\":\"https:\/\/verdadeon.com.br\/portal\/#\/schema\/person\/a5060ad1e9ea3df545188fc93ce43d2f\"},\"breadcrumb\":{\"@id\":\"https:\/\/verdadeon.com.br\/portal\/2024\/08\/03\/educacao-de-sp-aplica-prova-de-recuperacao-para-estudantes-a-partir-de-segunda-5\/#breadcrumb\"},\"inLanguage\":\"pt-BR\",\"potentialAction\":[{\"@type\":\"ReadAction\",\"target\":[\"https:\/\/verdadeon.com.br\/portal\/2024\/08\/03\/educacao-de-sp-aplica-prova-de-recuperacao-para-estudantes-a-partir-de-segunda-5\/\"]}]},{\"@type\":\"ImageObject\",\"inLanguage\":\"pt-BR\",\"@id\":\"https:\/\/verdadeon.com.br\/portal\/2024\/08\/03\/educacao-de-sp-aplica-prova-de-recuperacao-para-estudantes-a-partir-de-segunda-5\/#primaryimage\",\"url\":\"https:\/\/i0.wp.com\/verdadeon.com.br\/portal\/wp-content\/uploads\/2023\/04\/52309152525_63197bbaa7_c.jpg?fit=1000%2C670&ssl=1\",\"contentUrl\":\"https:\/\/i0.wp.com\/verdadeon.com.br\/portal\/wp-content\/uploads\/2023\/04\/52309152525_63197bbaa7_c.jpg?fit=1000%2C670&ssl=1\",\"width\":1000,\"height\":670,\"caption\":\"As provas ser\u00e3o aplicadas durante o hor\u00e1rio de aulas e todos os estudantes podem participar, independentemente se eles foram ou n\u00e3o encaminhados para as aulas de refor\u00e7o (\u00a9Governo do Estado de S\u00e3o Paulo)\"},{\"@type\":\"BreadcrumbList\",\"@id\":\"https:\/\/verdadeon.com.br\/portal\/2024\/08\/03\/educacao-de-sp-aplica-prova-de-recuperacao-para-estudantes-a-partir-de-segunda-5\/#breadcrumb\",\"itemListElement\":[{\"@type\":\"ListItem\",\"position\":1,\"name\":\"In\u00edcio\",\"item\":\"https:\/\/verdadeon.com.br\/portal\/\"},{\"@type\":\"ListItem\",\"position\":2,\"name\":\"Educa\u00e7\u00e3o de SP aplica prova de recupera\u00e7\u00e3o para estudantes a partir de segunda (5)\"}]},{\"@type\":\"WebSite\",\"@id\":\"https:\/\/verdadeon.com.br\/portal\/#website\",\"url\":\"https:\/\/verdadeon.com.br\/portal\/\",\"name\":\"VerdadeOn\",\"description\":\"Not\u00edcias di\u00e1rias sobre Franca, Regi\u00e3o, Esporte, Cultura, Cotidiano, Colunas. Cobertura nos principais eventos da cidade \u00e9 aqui - Verdadeon Franca\",\"potentialAction\":[{\"@type\":\"SearchAction\",\"target\":{\"@type\":\"EntryPoint\",\"urlTemplate\":\"https:\/\/verdadeon.com.br\/portal\/?s={search_term_string}\"},\"query-input\":{\"@type\":\"PropertyValueSpecification\",\"valueRequired\":true,\"valueName\":\"search_term_string\"}}],\"inLanguage\":\"pt-BR\"},{\"@type\":\"Person\",\"@id\":\"https:\/\/verdadeon.com.br\/portal\/#\/schema\/person\/a5060ad1e9ea3df545188fc93ce43d2f\",\"name\":\"Redacao VerdadeOn\",\"image\":{\"@type\":\"ImageObject\",\"inLanguage\":\"pt-BR\",\"@id\":\"https:\/\/verdadeon.com.br\/portal\/#\/schema\/person\/image\/\",\"url\":\"https:\/\/secure.gravatar.com\/avatar\/459a9613caaaf07f582c3d0841eea68bdd66f533e465e6ba8b9cb45619572cf4?s=96&d=mm&r=g\",\"contentUrl\":\"https:\/\/secure.gravatar.com\/avatar\/459a9613caaaf07f582c3d0841eea68bdd66f533e465e6ba8b9cb45619572cf4?s=96&d=mm&r=g\",\"caption\":\"Redacao VerdadeOn\"},\"url\":\"https:\/\/verdadeon.com.br\/portal\/author\/redacao\/\"}]}<\/script>\n<!-- \/ Yoast SEO plugin. -->","yoast_head_json":{"title":"Educa\u00e7\u00e3o de SP aplica prova de recupera\u00e7\u00e3o para estudantes a partir de segunda (5) - VerdadeOn","robots":{"index":"index","follow":"follow","max-snippet":"max-snippet:-1","max-image-preview":"max-image-preview:large","max-video-preview":"max-video-preview:-1"},"canonical":"https:\/\/verdadeon.com.br\/portal\/2024\/08\/03\/educacao-de-sp-aplica-prova-de-recuperacao-para-estudantes-a-partir-de-segunda-5\/","og_locale":"pt_BR","og_type":"article","og_title":"Educa\u00e7\u00e3o de SP aplica prova de recupera\u00e7\u00e3o para estudantes a partir de segunda (5) - VerdadeOn","og_description":"Alunos com bom desempenho na avalia\u00e7\u00e3o ter\u00e3o a menor nota entre os bimestres anteriores substitu\u00edda pelo resultado A Secretaria da Educa\u00e7\u00e3o do Estado de S\u00e3o Paulo [\u2026]","og_url":"https:\/\/verdadeon.com.br\/portal\/2024\/08\/03\/educacao-de-sp-aplica-prova-de-recuperacao-para-estudantes-a-partir-de-segunda-5\/","og_site_name":"VerdadeOn","article_published_time":"2024-08-03T13:37:23+00:00","og_image":[{"width":1000,"height":670,"url":"https:\/\/verdadeon.com.br\/portal\/wp-content\/uploads\/2023\/04\/52309152525_63197bbaa7_c.jpg","type":"image\/jpeg"}],"author":"Redacao VerdadeOn","twitter_card":"summary_large_image","twitter_misc":{"Escrito por":"Redacao VerdadeOn","Est. tempo de leitura":"2 minutos"},"schema":{"@context":"https:\/\/schema.org","@graph":[{"@type":"WebPage","@id":"https:\/\/verdadeon.com.br\/portal\/2024\/08\/03\/educacao-de-sp-aplica-prova-de-recuperacao-para-estudantes-a-partir-de-segunda-5\/","url":"https:\/\/verdadeon.com.br\/portal\/2024\/08\/03\/educacao-de-sp-aplica-prova-de-recuperacao-para-estudantes-a-partir-de-segunda-5\/","name":"Educa\u00e7\u00e3o de SP aplica prova de recupera\u00e7\u00e3o para estudantes a partir de segunda (5) - VerdadeOn","isPartOf":{"@id":"https:\/\/verdadeon.com.br\/portal\/#website"},"primaryImageOfPage":{"@id":"https:\/\/verdadeon.com.br\/portal\/2024\/08\/03\/educacao-de-sp-aplica-prova-de-recuperacao-para-estudantes-a-partir-de-segunda-5\/#primaryimage"},"image":{"@id":"https:\/\/verdadeon.com.br\/portal\/2024\/08\/03\/educacao-de-sp-aplica-prova-de-recuperacao-para-estudantes-a-partir-de-segunda-5\/#primaryimage"},"thumbnailUrl":"https:\/\/i0.wp.com\/verdadeon.com.br\/portal\/wp-content\/uploads\/2023\/04\/52309152525_63197bbaa7_c.jpg?fit=1000%2C670&ssl=1","datePublished":"2024-08-03T13:37:23+00:00","author":{"@id":"https:\/\/verdadeon.com.br\/portal\/#\/schema\/person\/a5060ad1e9ea3df545188fc93ce43d2f"},"breadcrumb":{"@id":"https:\/\/verdadeon.com.br\/portal\/2024\/08\/03\/educacao-de-sp-aplica-prova-de-recuperacao-para-estudantes-a-partir-de-segunda-5\/#breadcrumb"},"inLanguage":"pt-BR","potentialAction":[{"@type":"ReadAction","target":["https:\/\/verdadeon.com.br\/portal\/2024\/08\/03\/educacao-de-sp-aplica-prova-de-recuperacao-para-estudantes-a-partir-de-segunda-5\/"]}]},{"@type":"ImageObject","inLanguage":"pt-BR","@id":"https:\/\/verdadeon.com.br\/portal\/2024\/08\/03\/educacao-de-sp-aplica-prova-de-recuperacao-para-estudantes-a-partir-de-segunda-5\/#primaryimage","url":"https:\/\/i0.wp.com\/verdadeon.com.br\/portal\/wp-content\/uploads\/2023\/04\/52309152525_63197bbaa7_c.jpg?fit=1000%2C670&ssl=1","contentUrl":"https:\/\/i0.wp.com\/verdadeon.com.br\/portal\/wp-content\/uploads\/2023\/04\/52309152525_63197bbaa7_c.jpg?fit=1000%2C670&ssl=1","width":1000,"height":670,"caption":"As provas ser\u00e3o aplicadas durante o hor\u00e1rio de aulas e todos os estudantes podem participar, independentemente se eles foram ou n\u00e3o encaminhados para as aulas de refor\u00e7o (\u00a9Governo do Estado de S\u00e3o Paulo)"},{"@type":"BreadcrumbList","@id":"https:\/\/verdadeon.com.br\/portal\/2024\/08\/03\/educacao-de-sp-aplica-prova-de-recuperacao-para-estudantes-a-partir-de-segunda-5\/#breadcrumb","itemListElement":[{"@type":"ListItem","position":1,"name":"In\u00edcio","item":"https:\/\/verdadeon.com.br\/portal\/"},{"@type":"ListItem","position":2,"name":"Educa\u00e7\u00e3o de SP aplica prova de recupera\u00e7\u00e3o para estudantes a partir de segunda (5)"}]},{"@type":"WebSite","@id":"https:\/\/verdadeon.com.br\/portal\/#website","url":"https:\/\/verdadeon.com.br\/portal\/","name":"VerdadeOn","description":"Not\u00edcias di\u00e1rias sobre Franca, Regi\u00e3o, Esporte, Cultura, Cotidiano, Colunas. Cobertura nos principais eventos da cidade \u00e9 aqui - Verdadeon Franca","potentialAction":[{"@type":"SearchAction","target":{"@type":"EntryPoint","urlTemplate":"https:\/\/verdadeon.com.br\/portal\/?s={search_term_string}"},"query-input":{"@type":"PropertyValueSpecification","valueRequired":true,"valueName":"search_term_string"}}],"inLanguage":"pt-BR"},{"@type":"Person","@id":"https:\/\/verdadeon.com.br\/portal\/#\/schema\/person\/a5060ad1e9ea3df545188fc93ce43d2f","name":"Redacao VerdadeOn","image":{"@type":"ImageObject","inLanguage":"pt-BR","@id":"https:\/\/verdadeon.com.br\/portal\/#\/schema\/person\/image\/","url":"https:\/\/secure.gravatar.com\/avatar\/459a9613caaaf07f582c3d0841eea68bdd66f533e465e6ba8b9cb45619572cf4?s=96&d=mm&r=g","contentUrl":"https:\/\/secure.gravatar.com\/avatar\/459a9613caaaf07f582c3d0841eea68bdd66f533e465e6ba8b9cb45619572cf4?s=96&d=mm&r=g","caption":"Redacao VerdadeOn"},"url":"https:\/\/verdadeon.com.br\/portal\/author\/redacao\/"}]}},"jetpack_publicize_connections":[],"jetpack_featured_media_url":"https:\/\/i0.wp.com\/verdadeon.com.br\/portal\/wp-content\/uploads\/2023\/04\/52309152525_63197bbaa7_c.jpg?fit=1000%2C670&ssl=1","jetpack_sharing_enabled":true,"_links":{"self":[{"href":"https:\/\/verdadeon.com.br\/portal\/wp-json\/wp\/v2\/posts\/48020","targetHints":{"allow":["GET"]}}],"collection":[{"href":"https:\/\/verdadeon.com.br\/portal\/wp-json\/wp\/v2\/posts"}],"about":[{"href":"https:\/\/verdadeon.com.br\/portal\/wp-json\/wp\/v2\/types\/post"}],"author":[{"embeddable":true,"href":"https:\/\/verdadeon.com.br\/portal\/wp-json\/wp\/v2\/users\/10"}],"replies":[{"embeddable":true,"href":"https:\/\/verdadeon.com.br\/portal\/wp-json\/wp\/v2\/comments?post=48020"}],"version-history":[{"count":1,"href":"https:\/\/verdadeon.com.br\/portal\/wp-json\/wp\/v2\/posts\/48020\/revisions"}],"predecessor-version":[{"id":48021,"href":"https:\/\/verdadeon.com.br\/portal\/wp-json\/wp\/v2\/posts\/48020\/revisions\/48021"}],"wp:featuredmedia":[{"embeddable":true,"href":"https:\/\/verdadeon.com.br\/portal\/wp-json\/wp\/v2\/media\/33242"}],"wp:attachment":[{"href":"https:\/\/verdadeon.com.br\/portal\/wp-json\/wp\/v2\/media?parent=48020"}],"wp:term":[{"taxonomy":"category","embeddable":true,"href":"https:\/\/verdadeon.com.br\/portal\/wp-json\/wp\/v2\/categories?post=48020"},{"taxonomy":"post_tag","embeddable":true,"href":"https:\/\/verdadeon.com.br\/portal\/wp-json\/wp\/v2\/tags?post=48020"}],"curies":[{"name":"wp","href":"https:\/\/api.w.org\/{rel}","templated":true}]}}