{"id":4796,"date":"2020-03-10T07:20:55","date_gmt":"2020-03-10T10:20:55","guid":{"rendered":"http:\/\/verdadeon.com.br\/portal\/?p=4796"},"modified":"2020-03-10T14:35:29","modified_gmt":"2020-03-10T17:35:29","slug":"como-criar-o-seu-mostro","status":"publish","type":"post","link":"https:\/\/verdadeon.com.br\/portal\/2020\/03\/10\/como-criar-o-seu-mostro\/","title":{"rendered":"Como criar o seu monstro?"},"content":{"rendered":"<h2>Projeto cultural prop\u00f5e ao p\u00fablico um di\u00e1logo entre os nossos monstros internos. [Inbox] se apresentar\u00e1 em Franca neste fim de semana<\/h2>\n<p>&nbsp;<\/p>\n<p>Provocar a escuta e o di\u00e1logo entre nossos monstros internos. Reconhecer nossas pr\u00f3prias qualidades estranhas, diferentes e prec\u00e1rias com o objetivo de expor, compartilhar e desmistificar nossas pr\u00f3prias monstruosidades. \u00c9 com esta ideia e o desejo de repensar o modo que as pessoas se relacionam umas com as outras e, especialmente com as suas diferen\u00e7as, que artistas francanos apresentar\u00e3o neste fim de semana, dias 14 e 15 de mar\u00e7o, o projeto cultural [Inbox]. No s\u00e1bado a apresenta\u00e7\u00e3o acontece na Pra\u00e7a Carlos Pacheco, no Centro, e no domingo na Pra\u00e7a da Jucentude, no Jd. Redentor.<br \/>\n\u201cTratamos da intimidade, da humanidade, da conviv\u00eancia, diferen\u00e7a, dos acordos silenciosos, da complexidade do amor e a fragilidade das rela\u00e7\u00f5es humanas. H\u00e1 uma urg\u00eancia em repensarmos os modos pelos quais estamos nos relacionando com o pr\u00f3ximo e com as diferen\u00e7as\u201d, explicou a produtora do grupo, Elisa do Nascimento, 31.<br \/>\nO projeto nasceu do encontro de artistas francanos durante a oficina &#8220;Como criar o seu monstro?&#8221;, ofertada pela diretora art\u00edstica Aline Vallim, em maio do ano passado. Ap\u00f3s a experi\u00eancia e diante da provocativa da tem\u00e1tica o grupo &#8211; que conta com 15 integrantes entre equipe t\u00e9cnica, bailarinos e produ\u00e7\u00e3o &#8211; decidiu se unir e propor ao p\u00fablico colocar seus monstros para fora e assim fazer com que os mesmos sejam vistos de dentro.<br \/>\n\u201cA nossa proposta \u00e9 oferecer uma possibilidade de olh\u00e1-los (os monstros) de frente e nos olhos, principalmente a partir da perspectiva do corpo e do movimento\u201d, disse a produtora.<br \/>\nA escolha do espa\u00e7o c\u00eanico do [Inbox] parte da refer\u00eancia est\u00e9tica do teatro lambe-lambe, tamb\u00e9m conhecido como teatro de miniaturas, apresentando uma linguagem de formas animadas que ocupam um espa\u00e7o c\u00eanico m\u00ednimo formado por um palco em miniatura confinado em uma caixa preta de dimens\u00f5es reduzidas.<br \/>\n\u201cNo nosso espa\u00e7o esta realidade \u00e9 conduzida a escala humana e s\u00e3o apresentadas cenas de curta dura\u00e7\u00e3o. Os expectadores ir\u00e3o espiar e usufruir da proposta coreogr\u00e1fica c\u00eanica de cada monstro\/pessoa que se colocar\u00e1 dentro da caixa para ser observado. O projeto trata da investiga\u00e7\u00e3o em dan\u00e7a contempor\u00e2nea, provocando a escuta e di\u00e1logo entre nossos monstros\u201d, finalizou.<br \/>\nAp\u00f3s todas as apresenta\u00e7\u00f5es o grupo realizar\u00e1 um bate-papo sobre o processo de constru\u00e7\u00e3o, os monstros e as impress\u00f5es de todo o p\u00fablico sobre o projeto apresentado.<\/p>\n<p>[Inbox] na regi\u00e3o<br \/>\nAl\u00e9m das apresenta\u00e7\u00f5es em Franca, o grupo [Inbox] tamb\u00e9m estar\u00e1 em outras tr\u00eas cidades da regi\u00e3o: Batatais, Brodowski e Ribeir\u00e3o Preto.<br \/>\nA primeira a receber o projeto cultural ser\u00e1 Brodowski, no dia 29 de mar\u00e7o, na Pra\u00e7a C\u00e2ndido Portinari. Em Ribeir\u00e3o Preto as apresenta\u00e7\u00f5es ser\u00e3o no dia 19 de abril, na Favela do Simioni, Barrac\u00e3o, na Avenida Magid Sim\u00e3o Trad, 1721- Adelino Simioni, Zona Norte da cidade. E, por fim, os moradores de Batatais ter\u00e3o a oportunidade de apreciar as apresenta\u00e7\u00f5es que acontecer\u00e3o na Pra\u00e7a Conego Joaquim Alves, no Centro da Cidade.<br \/>\nTodas as apresenta\u00e7\u00f5es s\u00e3o gratuitas e est\u00e3o previstas para acontecer \u00e0s 16 e \u00e0s 19 horas, nos tr\u00eas munic\u00edpios. Tamb\u00e9m ocorrer\u00e3o bate-papos.<br \/>\nO projeto \u00e9 financiado pelo ProAC (Programa de A\u00e7\u00e3o Cultural) da Secretaria da Cultura do Estado e tem apoio de artistas e secretarias municipais.<\/p>\n","protected":false},"excerpt":{"rendered":"<p>Projeto cultural prop\u00f5e ao p\u00fablico um di\u00e1logo entre os nossos monstros internos. [Inbox] se apresentar\u00e1 em Franca neste fim de semana &nbsp; Provocar a escuta e<span class=\"excerpt-hellip\"> [\u2026]<\/span><\/p>\n","protected":false},"author":10,"featured_media":4801,"comment_status":"open","ping_status":"open","sticky":false,"template":"","format":"standard","meta":{"_jetpack_memberships_contains_paid_content":false,"footnotes":"","jetpack_publicize_message":"","jetpack_publicize_feature_enabled":true,"jetpack_social_post_already_shared":false,"jetpack_social_options":{"image_generator_settings":{"template":"highway","default_image_id":0,"enabled":false},"version":2}},"categories":[28,81],"tags":[],"class_list":["post-4796","post","type-post","status-publish","format-standard","has-post-thumbnail","hentry","category-cotidiano","category-manchete"],"yoast_head":"<!-- This site is optimized with the Yoast SEO plugin v25.6 - https:\/\/yoast.com\/wordpress\/plugins\/seo\/ -->\n<title>Como criar o seu monstro? - VerdadeOn<\/title>\n<meta name=\"robots\" content=\"index, follow, max-snippet:-1, max-image-preview:large, max-video-preview:-1\" \/>\n<link rel=\"canonical\" href=\"https:\/\/verdadeon.com.br\/portal\/2020\/03\/10\/como-criar-o-seu-mostro\/\" \/>\n<meta property=\"og:locale\" content=\"pt_BR\" \/>\n<meta property=\"og:type\" content=\"article\" \/>\n<meta property=\"og:title\" content=\"Como criar o seu monstro? - VerdadeOn\" \/>\n<meta property=\"og:description\" content=\"Projeto cultural prop\u00f5e ao p\u00fablico um di\u00e1logo entre os nossos monstros internos. [Inbox] se apresentar\u00e1 em Franca neste fim de semana &nbsp; Provocar a escuta e [\u2026]\" \/>\n<meta property=\"og:url\" content=\"https:\/\/verdadeon.com.br\/portal\/2020\/03\/10\/como-criar-o-seu-mostro\/\" \/>\n<meta property=\"og:site_name\" content=\"VerdadeOn\" \/>\n<meta property=\"article:published_time\" content=\"2020-03-10T10:20:55+00:00\" \/>\n<meta property=\"article:modified_time\" content=\"2020-03-10T17:35:29+00:00\" \/>\n<meta property=\"og:image\" content=\"https:\/\/verdadeon.com.br\/portal\/wp-content\/uploads\/2020\/03\/WhatsApp-Image-2020-03-09-at-17.11.43.jpg\" \/>\n\t<meta property=\"og:image:width\" content=\"1000\" \/>\n\t<meta property=\"og:image:height\" content=\"666\" \/>\n\t<meta property=\"og:image:type\" content=\"image\/jpeg\" \/>\n<meta name=\"author\" content=\"Redacao VerdadeOn\" \/>\n<meta name=\"twitter:card\" content=\"summary_large_image\" \/>\n<meta name=\"twitter:label1\" content=\"Escrito por\" \/>\n\t<meta name=\"twitter:data1\" content=\"Redacao VerdadeOn\" \/>\n\t<meta name=\"twitter:label2\" content=\"Est. tempo de leitura\" \/>\n\t<meta name=\"twitter:data2\" content=\"3 minutos\" \/>\n<script type=\"application\/ld+json\" class=\"yoast-schema-graph\">{\"@context\":\"https:\/\/schema.org\",\"@graph\":[{\"@type\":\"WebPage\",\"@id\":\"https:\/\/verdadeon.com.br\/portal\/2020\/03\/10\/como-criar-o-seu-mostro\/\",\"url\":\"https:\/\/verdadeon.com.br\/portal\/2020\/03\/10\/como-criar-o-seu-mostro\/\",\"name\":\"Como criar o seu monstro? - VerdadeOn\",\"isPartOf\":{\"@id\":\"https:\/\/verdadeon.com.br\/portal\/#website\"},\"primaryImageOfPage\":{\"@id\":\"https:\/\/verdadeon.com.br\/portal\/2020\/03\/10\/como-criar-o-seu-mostro\/#primaryimage\"},\"image\":{\"@id\":\"https:\/\/verdadeon.com.br\/portal\/2020\/03\/10\/como-criar-o-seu-mostro\/#primaryimage\"},\"thumbnailUrl\":\"https:\/\/i0.wp.com\/verdadeon.com.br\/portal\/wp-content\/uploads\/2020\/03\/WhatsApp-Image-2020-03-09-at-17.11.43.jpg?fit=1000%2C666&ssl=1\",\"datePublished\":\"2020-03-10T10:20:55+00:00\",\"dateModified\":\"2020-03-10T17:35:29+00:00\",\"author\":{\"@id\":\"https:\/\/verdadeon.com.br\/portal\/#\/schema\/person\/a5060ad1e9ea3df545188fc93ce43d2f\"},\"breadcrumb\":{\"@id\":\"https:\/\/verdadeon.com.br\/portal\/2020\/03\/10\/como-criar-o-seu-mostro\/#breadcrumb\"},\"inLanguage\":\"pt-BR\",\"potentialAction\":[{\"@type\":\"ReadAction\",\"target\":[\"https:\/\/verdadeon.com.br\/portal\/2020\/03\/10\/como-criar-o-seu-mostro\/\"]}]},{\"@type\":\"ImageObject\",\"inLanguage\":\"pt-BR\",\"@id\":\"https:\/\/verdadeon.com.br\/portal\/2020\/03\/10\/como-criar-o-seu-mostro\/#primaryimage\",\"url\":\"https:\/\/i0.wp.com\/verdadeon.com.br\/portal\/wp-content\/uploads\/2020\/03\/WhatsApp-Image-2020-03-09-at-17.11.43.jpg?fit=1000%2C666&ssl=1\",\"contentUrl\":\"https:\/\/i0.wp.com\/verdadeon.com.br\/portal\/wp-content\/uploads\/2020\/03\/WhatsApp-Image-2020-03-09-at-17.11.43.jpg?fit=1000%2C666&ssl=1\",\"width\":1000,\"height\":666,\"caption\":\"cultura - Artistas francanos provocam a escuta e o di\u00e1logo entre nossos monstros internos. P\u00fablico poder\u00e1 apreciar apresenta\u00e7\u00f5es no pr\u00f3ximo fim de semana, dias 14 e 15, em Franca, nas pra\u00e7as Carlos Pacheco, no Centro e da Juventude, no Jardim Redentor | Foto: Divulga\u00e7\u00e3o\/Aline Cristina\"},{\"@type\":\"BreadcrumbList\",\"@id\":\"https:\/\/verdadeon.com.br\/portal\/2020\/03\/10\/como-criar-o-seu-mostro\/#breadcrumb\",\"itemListElement\":[{\"@type\":\"ListItem\",\"position\":1,\"name\":\"In\u00edcio\",\"item\":\"https:\/\/verdadeon.com.br\/portal\/\"},{\"@type\":\"ListItem\",\"position\":2,\"name\":\"Como criar o seu monstro?\"}]},{\"@type\":\"WebSite\",\"@id\":\"https:\/\/verdadeon.com.br\/portal\/#website\",\"url\":\"https:\/\/verdadeon.com.br\/portal\/\",\"name\":\"VerdadeOn\",\"description\":\"Not\u00edcias di\u00e1rias sobre Franca, Regi\u00e3o, Esporte, Cultura, Cotidiano, Colunas. Cobertura nos principais eventos da cidade \u00e9 aqui - Verdadeon Franca\",\"potentialAction\":[{\"@type\":\"SearchAction\",\"target\":{\"@type\":\"EntryPoint\",\"urlTemplate\":\"https:\/\/verdadeon.com.br\/portal\/?s={search_term_string}\"},\"query-input\":{\"@type\":\"PropertyValueSpecification\",\"valueRequired\":true,\"valueName\":\"search_term_string\"}}],\"inLanguage\":\"pt-BR\"},{\"@type\":\"Person\",\"@id\":\"https:\/\/verdadeon.com.br\/portal\/#\/schema\/person\/a5060ad1e9ea3df545188fc93ce43d2f\",\"name\":\"Redacao VerdadeOn\",\"image\":{\"@type\":\"ImageObject\",\"inLanguage\":\"pt-BR\",\"@id\":\"https:\/\/verdadeon.com.br\/portal\/#\/schema\/person\/image\/\",\"url\":\"https:\/\/secure.gravatar.com\/avatar\/459a9613caaaf07f582c3d0841eea68bdd66f533e465e6ba8b9cb45619572cf4?s=96&d=mm&r=g\",\"contentUrl\":\"https:\/\/secure.gravatar.com\/avatar\/459a9613caaaf07f582c3d0841eea68bdd66f533e465e6ba8b9cb45619572cf4?s=96&d=mm&r=g\",\"caption\":\"Redacao VerdadeOn\"},\"url\":\"https:\/\/verdadeon.com.br\/portal\/author\/redacao\/\"}]}<\/script>\n<!-- \/ Yoast SEO plugin. -->","yoast_head_json":{"title":"Como criar o seu monstro? - VerdadeOn","robots":{"index":"index","follow":"follow","max-snippet":"max-snippet:-1","max-image-preview":"max-image-preview:large","max-video-preview":"max-video-preview:-1"},"canonical":"https:\/\/verdadeon.com.br\/portal\/2020\/03\/10\/como-criar-o-seu-mostro\/","og_locale":"pt_BR","og_type":"article","og_title":"Como criar o seu monstro? - VerdadeOn","og_description":"Projeto cultural prop\u00f5e ao p\u00fablico um di\u00e1logo entre os nossos monstros internos. [Inbox] se apresentar\u00e1 em Franca neste fim de semana &nbsp; Provocar a escuta e [\u2026]","og_url":"https:\/\/verdadeon.com.br\/portal\/2020\/03\/10\/como-criar-o-seu-mostro\/","og_site_name":"VerdadeOn","article_published_time":"2020-03-10T10:20:55+00:00","article_modified_time":"2020-03-10T17:35:29+00:00","og_image":[{"width":1000,"height":666,"url":"https:\/\/verdadeon.com.br\/portal\/wp-content\/uploads\/2020\/03\/WhatsApp-Image-2020-03-09-at-17.11.43.jpg","type":"image\/jpeg"}],"author":"Redacao VerdadeOn","twitter_card":"summary_large_image","twitter_misc":{"Escrito por":"Redacao VerdadeOn","Est. tempo de leitura":"3 minutos"},"schema":{"@context":"https:\/\/schema.org","@graph":[{"@type":"WebPage","@id":"https:\/\/verdadeon.com.br\/portal\/2020\/03\/10\/como-criar-o-seu-mostro\/","url":"https:\/\/verdadeon.com.br\/portal\/2020\/03\/10\/como-criar-o-seu-mostro\/","name":"Como criar o seu monstro? - VerdadeOn","isPartOf":{"@id":"https:\/\/verdadeon.com.br\/portal\/#website"},"primaryImageOfPage":{"@id":"https:\/\/verdadeon.com.br\/portal\/2020\/03\/10\/como-criar-o-seu-mostro\/#primaryimage"},"image":{"@id":"https:\/\/verdadeon.com.br\/portal\/2020\/03\/10\/como-criar-o-seu-mostro\/#primaryimage"},"thumbnailUrl":"https:\/\/i0.wp.com\/verdadeon.com.br\/portal\/wp-content\/uploads\/2020\/03\/WhatsApp-Image-2020-03-09-at-17.11.43.jpg?fit=1000%2C666&ssl=1","datePublished":"2020-03-10T10:20:55+00:00","dateModified":"2020-03-10T17:35:29+00:00","author":{"@id":"https:\/\/verdadeon.com.br\/portal\/#\/schema\/person\/a5060ad1e9ea3df545188fc93ce43d2f"},"breadcrumb":{"@id":"https:\/\/verdadeon.com.br\/portal\/2020\/03\/10\/como-criar-o-seu-mostro\/#breadcrumb"},"inLanguage":"pt-BR","potentialAction":[{"@type":"ReadAction","target":["https:\/\/verdadeon.com.br\/portal\/2020\/03\/10\/como-criar-o-seu-mostro\/"]}]},{"@type":"ImageObject","inLanguage":"pt-BR","@id":"https:\/\/verdadeon.com.br\/portal\/2020\/03\/10\/como-criar-o-seu-mostro\/#primaryimage","url":"https:\/\/i0.wp.com\/verdadeon.com.br\/portal\/wp-content\/uploads\/2020\/03\/WhatsApp-Image-2020-03-09-at-17.11.43.jpg?fit=1000%2C666&ssl=1","contentUrl":"https:\/\/i0.wp.com\/verdadeon.com.br\/portal\/wp-content\/uploads\/2020\/03\/WhatsApp-Image-2020-03-09-at-17.11.43.jpg?fit=1000%2C666&ssl=1","width":1000,"height":666,"caption":"cultura - Artistas francanos provocam a escuta e o di\u00e1logo entre nossos monstros internos. P\u00fablico poder\u00e1 apreciar apresenta\u00e7\u00f5es no pr\u00f3ximo fim de semana, dias 14 e 15, em Franca, nas pra\u00e7as Carlos Pacheco, no Centro e da Juventude, no Jardim Redentor | Foto: Divulga\u00e7\u00e3o\/Aline Cristina"},{"@type":"BreadcrumbList","@id":"https:\/\/verdadeon.com.br\/portal\/2020\/03\/10\/como-criar-o-seu-mostro\/#breadcrumb","itemListElement":[{"@type":"ListItem","position":1,"name":"In\u00edcio","item":"https:\/\/verdadeon.com.br\/portal\/"},{"@type":"ListItem","position":2,"name":"Como criar o seu monstro?"}]},{"@type":"WebSite","@id":"https:\/\/verdadeon.com.br\/portal\/#website","url":"https:\/\/verdadeon.com.br\/portal\/","name":"VerdadeOn","description":"Not\u00edcias di\u00e1rias sobre Franca, Regi\u00e3o, Esporte, Cultura, Cotidiano, Colunas. Cobertura nos principais eventos da cidade \u00e9 aqui - Verdadeon Franca","potentialAction":[{"@type":"SearchAction","target":{"@type":"EntryPoint","urlTemplate":"https:\/\/verdadeon.com.br\/portal\/?s={search_term_string}"},"query-input":{"@type":"PropertyValueSpecification","valueRequired":true,"valueName":"search_term_string"}}],"inLanguage":"pt-BR"},{"@type":"Person","@id":"https:\/\/verdadeon.com.br\/portal\/#\/schema\/person\/a5060ad1e9ea3df545188fc93ce43d2f","name":"Redacao VerdadeOn","image":{"@type":"ImageObject","inLanguage":"pt-BR","@id":"https:\/\/verdadeon.com.br\/portal\/#\/schema\/person\/image\/","url":"https:\/\/secure.gravatar.com\/avatar\/459a9613caaaf07f582c3d0841eea68bdd66f533e465e6ba8b9cb45619572cf4?s=96&d=mm&r=g","contentUrl":"https:\/\/secure.gravatar.com\/avatar\/459a9613caaaf07f582c3d0841eea68bdd66f533e465e6ba8b9cb45619572cf4?s=96&d=mm&r=g","caption":"Redacao VerdadeOn"},"url":"https:\/\/verdadeon.com.br\/portal\/author\/redacao\/"}]}},"jetpack_publicize_connections":[],"jetpack_featured_media_url":"https:\/\/i0.wp.com\/verdadeon.com.br\/portal\/wp-content\/uploads\/2020\/03\/WhatsApp-Image-2020-03-09-at-17.11.43.jpg?fit=1000%2C666&ssl=1","jetpack_sharing_enabled":true,"_links":{"self":[{"href":"https:\/\/verdadeon.com.br\/portal\/wp-json\/wp\/v2\/posts\/4796","targetHints":{"allow":["GET"]}}],"collection":[{"href":"https:\/\/verdadeon.com.br\/portal\/wp-json\/wp\/v2\/posts"}],"about":[{"href":"https:\/\/verdadeon.com.br\/portal\/wp-json\/wp\/v2\/types\/post"}],"author":[{"embeddable":true,"href":"https:\/\/verdadeon.com.br\/portal\/wp-json\/wp\/v2\/users\/10"}],"replies":[{"embeddable":true,"href":"https:\/\/verdadeon.com.br\/portal\/wp-json\/wp\/v2\/comments?post=4796"}],"version-history":[{"count":0,"href":"https:\/\/verdadeon.com.br\/portal\/wp-json\/wp\/v2\/posts\/4796\/revisions"}],"wp:featuredmedia":[{"embeddable":true,"href":"https:\/\/verdadeon.com.br\/portal\/wp-json\/wp\/v2\/media\/4801"}],"wp:attachment":[{"href":"https:\/\/verdadeon.com.br\/portal\/wp-json\/wp\/v2\/media?parent=4796"}],"wp:term":[{"taxonomy":"category","embeddable":true,"href":"https:\/\/verdadeon.com.br\/portal\/wp-json\/wp\/v2\/categories?post=4796"},{"taxonomy":"post_tag","embeddable":true,"href":"https:\/\/verdadeon.com.br\/portal\/wp-json\/wp\/v2\/tags?post=4796"}],"curies":[{"name":"wp","href":"https:\/\/api.w.org\/{rel}","templated":true}]}}