{"id":47951,"date":"2024-08-02T10:30:26","date_gmt":"2024-08-02T13:30:26","guid":{"rendered":"https:\/\/verdadeon.com.br\/portal\/?p=47951"},"modified":"2024-08-02T10:32:07","modified_gmt":"2024-08-02T13:32:07","slug":"coluna-do-tigrao-02-08-2024","status":"publish","type":"post","link":"https:\/\/verdadeon.com.br\/portal\/2024\/08\/02\/coluna-do-tigrao-02-08-2024\/","title":{"rendered":"Coluna do Tigr\u00e3o &#8211; 02\/08\/2024"},"content":{"rendered":"<h4><strong><img data-recalc-dims=\"1\" loading=\"lazy\" decoding=\"async\" class=\" wp-image-47600 alignleft\" src=\"https:\/\/i0.wp.com\/verdadeon.com.br\/portal\/wp-content\/uploads\/2024\/07\/WhatsApp-Image-2024-07-25-at-13.53.37.jpeg?resize=212%2C212&#038;ssl=1\" alt=\"\" width=\"212\" height=\"212\" srcset=\"https:\/\/i0.wp.com\/verdadeon.com.br\/portal\/wp-content\/uploads\/2024\/07\/WhatsApp-Image-2024-07-25-at-13.53.37.jpeg?w=531&amp;ssl=1 531w, https:\/\/i0.wp.com\/verdadeon.com.br\/portal\/wp-content\/uploads\/2024\/07\/WhatsApp-Image-2024-07-25-at-13.53.37.jpeg?resize=300%2C300&amp;ssl=1 300w, https:\/\/i0.wp.com\/verdadeon.com.br\/portal\/wp-content\/uploads\/2024\/07\/WhatsApp-Image-2024-07-25-at-13.53.37.jpeg?resize=150%2C150&amp;ssl=1 150w, https:\/\/i0.wp.com\/verdadeon.com.br\/portal\/wp-content\/uploads\/2024\/07\/WhatsApp-Image-2024-07-25-at-13.53.37.jpeg?resize=146%2C146&amp;ssl=1 146w, https:\/\/i0.wp.com\/verdadeon.com.br\/portal\/wp-content\/uploads\/2024\/07\/WhatsApp-Image-2024-07-25-at-13.53.37.jpeg?resize=50%2C50&amp;ssl=1 50w, https:\/\/i0.wp.com\/verdadeon.com.br\/portal\/wp-content\/uploads\/2024\/07\/WhatsApp-Image-2024-07-25-at-13.53.37.jpeg?resize=75%2C75&amp;ssl=1 75w, https:\/\/i0.wp.com\/verdadeon.com.br\/portal\/wp-content\/uploads\/2024\/07\/WhatsApp-Image-2024-07-25-at-13.53.37.jpeg?resize=85%2C85&amp;ssl=1 85w, https:\/\/i0.wp.com\/verdadeon.com.br\/portal\/wp-content\/uploads\/2024\/07\/WhatsApp-Image-2024-07-25-at-13.53.37.jpeg?resize=80%2C80&amp;ssl=1 80w\" sizes=\"auto, (max-width: 212px) 100vw, 212px\" \/>Falando s\u00e9rio<\/strong><\/h4>\n<p>J\u00e1 come\u00e7aram as tentativas por parte da imprensa brasileira de alocar os expurgos da esquerda para o campo da direita, obviamente, a fim da manipular o pensamento do eleitorado mais leigo sobre as pautas que os dois espectros separadamente defendem. Recentemente, o comentarista da GloboNews, Valdo Cruz, questionou o fato de a Venezuela ser de esquerda destacando que, seu governo, \u00e9 &#8220;conservador, contra o aborto, contra o casamento gay, militarista, aliado de evang\u00e9licos&#8230; \u00c9 mais um governo de esquerda de fachada que n\u00e3o respeita a democracia&#8221;. Em primeiro lugar, o governo do &#8220;presidente&#8221; Nicol\u00e1s Maduro pode ser tudo, exceto conservador. O conservadorismo, para se resumir, \u00e9 contar com os avan\u00e7os da humanidade sem que, para isso, a sociedade precise ser remoldada dos p\u00e9s \u00e0 cabe\u00e7a, deixando \u00e0 merc\u00ea tudo aquilo que foi conquistado ao longo dos s\u00e9culos e sem subverter o natural em detrimento de pequenos grupos pol\u00edticos que bradam pelo &#8220;mundo melhor&#8221;. Em segundo, chega a ser jocoso encaixar na direita o &#8216;Partido Socialista Unido de Venezuela (PSUV)&#8217;, de preceitos revolucion\u00e1rios e anti-imperialista, como descrito em seu estatuto. N\u00e3o \u00e0 toa, a vit\u00f3ria de Maduro s\u00f3 foi reconhecida por pa\u00edses que v\u00e3o da esquerda \u00e0 extrema-esquerda. Mas, j\u00e1 fizeram isso at\u00e9 com o Partido Nacional-Socialista dos Trabalhadores Alem\u00e3es &#8211; um filho que a canhota nunca assumiu&#8230;<\/p>\n<h4><strong>CRCSP<\/strong><\/h4>\n<p>O Conselho Regional de Contabilidade do Estado de S\u00e3o Paulo (CRCSP) refor\u00e7a a obrigatoriedade de envio das justificativas de n\u00e3o cumprimento da pontua\u00e7\u00e3o m\u00ednima do Programa de Educa\u00e7\u00e3o Profissional Continuada (PEPC) de 2023, at\u00e9 o fim do prazo, 31 de agosto, conforme estipulado pelo Conselho Federal de Contabilidade (CFC). A pontua\u00e7\u00e3o m\u00ednima do PEPC \u00e9 de 40 pontos, que podem ser alcan\u00e7ados ao longo do ano, por meio da participa\u00e7\u00e3o em atividades de doc\u00eancia, participa\u00e7\u00e3o em bancas acad\u00eamicas, comiss\u00f5es t\u00e9cnicas, grupos de estudos e atividades de produ\u00e7\u00e3o intelectual, bem como atividades de aquisi\u00e7\u00e3o de conhecimento, realizadas pelas entidades congra\u00e7adas, como os CRCs, por exemplo.<\/p>\n<h4><strong>ATRATIVOS OL\u00cdMPICOS<\/strong><\/h4>\n<p>Os Jogos Ol\u00edmpicos funcionam como uma vitrine para esportes que os brasileiros acompanham pouco fora do evento. Gin\u00e1stica, nata\u00e7\u00e3o e atletismo t\u00eam o interesse multiplicado durante o evento, o que \u00e9 fundamental para visibilidade dessas pr\u00e1ticas. No topo da lista de interesse aparece a paix\u00e3o nacional, o futebol, citado por 68% dos que pretendem acompanhar as olimp\u00edadas, seguido por v\u00f4lei (61%), gin\u00e1stica art\u00edstica (55%), nata\u00e7\u00e3o (52%) e atletismo (51%). \u00c9 o que aponta a pesquisa realizada pelo Instituto Locomotiva e QuestionPro. A gin\u00e1stica art\u00edstica \u00e9 um exemplo das pr\u00e1ticas que multiplicam seu interesse durante os jogos: 55% das pessoas desejam acompanhar gin\u00e1stica art\u00edstica durante o evento, mas fora das Olimp\u00edadas apenas 16% costumam assistir. O atletismo tamb\u00e9m ilustra esse fen\u00f4meno: 51% planejam assistir nas Olimp\u00edadas, contra apenas 16% que assistem mesmo fora do per\u00edodo do evento. Para nata\u00e7\u00e3o 52% planejam assistir nas Olimp\u00edadas, contra 19% que assistem fora do per\u00edodo do evento. Para gin\u00e1stica r\u00edtmica 40% planejam assistir nas Olimp\u00edadas, contra apenas 11% que assistem fora do per\u00edodo do evento. V\u00f4lei de praia 40% planejam assistir nas Olimp\u00edadas, contra 17% que assistem mesmo fora do per\u00edodo do evento. Ou seja, para diversos esportes as Olimp\u00edadas s\u00e3o um momento \u00fanico de visibilidade.<\/p>\n<h4><strong>Destaques de Hoje!<\/strong><\/h4>\n<div class=\"mceTemp\"><\/div>\n<div id=\"attachment_47952\" style=\"width: 1930px\" class=\"wp-caption alignnone\"><img data-recalc-dims=\"1\" loading=\"lazy\" decoding=\"async\" aria-describedby=\"caption-attachment-47952\" class=\"size-full wp-image-47952\" src=\"https:\/\/i0.wp.com\/verdadeon.com.br\/portal\/wp-content\/uploads\/2024\/08\/WhatsApp-Image-2024-08-01-at-14.40.47-scaled.jpeg?resize=1220%2C1627&#038;ssl=1\" alt=\"\" width=\"1220\" height=\"1627\" srcset=\"https:\/\/i0.wp.com\/verdadeon.com.br\/portal\/wp-content\/uploads\/2024\/08\/WhatsApp-Image-2024-08-01-at-14.40.47-scaled.jpeg?w=1920&amp;ssl=1 1920w, https:\/\/i0.wp.com\/verdadeon.com.br\/portal\/wp-content\/uploads\/2024\/08\/WhatsApp-Image-2024-08-01-at-14.40.47-scaled.jpeg?resize=225%2C300&amp;ssl=1 225w, https:\/\/i0.wp.com\/verdadeon.com.br\/portal\/wp-content\/uploads\/2024\/08\/WhatsApp-Image-2024-08-01-at-14.40.47-scaled.jpeg?resize=768%2C1024&amp;ssl=1 768w, https:\/\/i0.wp.com\/verdadeon.com.br\/portal\/wp-content\/uploads\/2024\/08\/WhatsApp-Image-2024-08-01-at-14.40.47-scaled.jpeg?resize=1152%2C1536&amp;ssl=1 1152w, https:\/\/i0.wp.com\/verdadeon.com.br\/portal\/wp-content\/uploads\/2024\/08\/WhatsApp-Image-2024-08-01-at-14.40.47-scaled.jpeg?resize=1536%2C2048&amp;ssl=1 1536w, https:\/\/i0.wp.com\/verdadeon.com.br\/portal\/wp-content\/uploads\/2024\/08\/WhatsApp-Image-2024-08-01-at-14.40.47-scaled.jpeg?resize=110%2C146&amp;ssl=1 110w, https:\/\/i0.wp.com\/verdadeon.com.br\/portal\/wp-content\/uploads\/2024\/08\/WhatsApp-Image-2024-08-01-at-14.40.47-scaled.jpeg?resize=38%2C50&amp;ssl=1 38w, https:\/\/i0.wp.com\/verdadeon.com.br\/portal\/wp-content\/uploads\/2024\/08\/WhatsApp-Image-2024-08-01-at-14.40.47-scaled.jpeg?resize=56%2C75&amp;ssl=1 56w\" sizes=\"auto, (max-width: 1220px) 100vw, 1220px\" \/><p id=\"caption-attachment-47952\" class=\"wp-caption-text\">Camila Rigoni e Fernanda Vieira, que se formaram em Contabilidade pela ETEC, na \u00faltima quarta-feira, 31. Parab\u00e9ns e sucesso!<\/p><\/div>\n<div id=\"attachment_47953\" style=\"width: 1210px\" class=\"wp-caption alignnone\"><img data-recalc-dims=\"1\" loading=\"lazy\" decoding=\"async\" aria-describedby=\"caption-attachment-47953\" class=\"size-full wp-image-47953\" src=\"https:\/\/i0.wp.com\/verdadeon.com.br\/portal\/wp-content\/uploads\/2024\/08\/WhatsApp-Image-2024-07-31-at-19.44.09.jpeg?resize=1200%2C1600&#038;ssl=1\" alt=\"\" width=\"1200\" height=\"1600\" srcset=\"https:\/\/i0.wp.com\/verdadeon.com.br\/portal\/wp-content\/uploads\/2024\/08\/WhatsApp-Image-2024-07-31-at-19.44.09.jpeg?w=1200&amp;ssl=1 1200w, https:\/\/i0.wp.com\/verdadeon.com.br\/portal\/wp-content\/uploads\/2024\/08\/WhatsApp-Image-2024-07-31-at-19.44.09.jpeg?resize=225%2C300&amp;ssl=1 225w, https:\/\/i0.wp.com\/verdadeon.com.br\/portal\/wp-content\/uploads\/2024\/08\/WhatsApp-Image-2024-07-31-at-19.44.09.jpeg?resize=768%2C1024&amp;ssl=1 768w, https:\/\/i0.wp.com\/verdadeon.com.br\/portal\/wp-content\/uploads\/2024\/08\/WhatsApp-Image-2024-07-31-at-19.44.09.jpeg?resize=1152%2C1536&amp;ssl=1 1152w, https:\/\/i0.wp.com\/verdadeon.com.br\/portal\/wp-content\/uploads\/2024\/08\/WhatsApp-Image-2024-07-31-at-19.44.09.jpeg?resize=110%2C146&amp;ssl=1 110w, https:\/\/i0.wp.com\/verdadeon.com.br\/portal\/wp-content\/uploads\/2024\/08\/WhatsApp-Image-2024-07-31-at-19.44.09.jpeg?resize=38%2C50&amp;ssl=1 38w, https:\/\/i0.wp.com\/verdadeon.com.br\/portal\/wp-content\/uploads\/2024\/08\/WhatsApp-Image-2024-07-31-at-19.44.09.jpeg?resize=56%2C75&amp;ssl=1 56w\" sizes=\"auto, (max-width: 1200px) 100vw, 1200px\" \/><p id=\"caption-attachment-47953\" class=\"wp-caption-text\">Val\u00e9ria e M\u00e1rcio Squarize, em passeio por Campos do Jord\u00e3o. Arrasaram!<\/p><\/div>\n<div id=\"attachment_47954\" style=\"width: 1095px\" class=\"wp-caption alignnone\"><img data-recalc-dims=\"1\" loading=\"lazy\" decoding=\"async\" aria-describedby=\"caption-attachment-47954\" class=\"size-full wp-image-47954\" src=\"https:\/\/i0.wp.com\/verdadeon.com.br\/portal\/wp-content\/uploads\/2024\/08\/WhatsApp-Image-2024-07-16-at-23.16.54.jpeg?resize=1085%2C908&#038;ssl=1\" alt=\"\" width=\"1085\" height=\"908\" srcset=\"https:\/\/i0.wp.com\/verdadeon.com.br\/portal\/wp-content\/uploads\/2024\/08\/WhatsApp-Image-2024-07-16-at-23.16.54.jpeg?w=1085&amp;ssl=1 1085w, https:\/\/i0.wp.com\/verdadeon.com.br\/portal\/wp-content\/uploads\/2024\/08\/WhatsApp-Image-2024-07-16-at-23.16.54.jpeg?resize=300%2C251&amp;ssl=1 300w, https:\/\/i0.wp.com\/verdadeon.com.br\/portal\/wp-content\/uploads\/2024\/08\/WhatsApp-Image-2024-07-16-at-23.16.54.jpeg?resize=1024%2C857&amp;ssl=1 1024w, https:\/\/i0.wp.com\/verdadeon.com.br\/portal\/wp-content\/uploads\/2024\/08\/WhatsApp-Image-2024-07-16-at-23.16.54.jpeg?resize=768%2C643&amp;ssl=1 768w, https:\/\/i0.wp.com\/verdadeon.com.br\/portal\/wp-content\/uploads\/2024\/08\/WhatsApp-Image-2024-07-16-at-23.16.54.jpeg?resize=174%2C146&amp;ssl=1 174w, https:\/\/i0.wp.com\/verdadeon.com.br\/portal\/wp-content\/uploads\/2024\/08\/WhatsApp-Image-2024-07-16-at-23.16.54.jpeg?resize=50%2C42&amp;ssl=1 50w, https:\/\/i0.wp.com\/verdadeon.com.br\/portal\/wp-content\/uploads\/2024\/08\/WhatsApp-Image-2024-07-16-at-23.16.54.jpeg?resize=90%2C75&amp;ssl=1 90w\" sizes=\"auto, (max-width: 1085px) 100vw, 1085px\" \/><p id=\"caption-attachment-47954\" class=\"wp-caption-text\">O professor da capoeira Mateus (Jap\u00e3o) com sua esposa Joice e seus filhos Luis Ant\u00f4nio e Luis Ot\u00e1vio! Felicidades \u00e0 fam\u00edlia!<\/p><\/div>\n<div id=\"attachment_47955\" style=\"width: 1210px\" class=\"wp-caption alignnone\"><img data-recalc-dims=\"1\" loading=\"lazy\" decoding=\"async\" aria-describedby=\"caption-attachment-47955\" class=\"size-full wp-image-47955\" src=\"https:\/\/i0.wp.com\/verdadeon.com.br\/portal\/wp-content\/uploads\/2024\/08\/WhatsApp-Image-2024-07-31-at-22.57.53.jpeg?resize=1200%2C1600&#038;ssl=1\" alt=\"\" width=\"1200\" height=\"1600\" srcset=\"https:\/\/i0.wp.com\/verdadeon.com.br\/portal\/wp-content\/uploads\/2024\/08\/WhatsApp-Image-2024-07-31-at-22.57.53.jpeg?w=1200&amp;ssl=1 1200w, https:\/\/i0.wp.com\/verdadeon.com.br\/portal\/wp-content\/uploads\/2024\/08\/WhatsApp-Image-2024-07-31-at-22.57.53.jpeg?resize=225%2C300&amp;ssl=1 225w, https:\/\/i0.wp.com\/verdadeon.com.br\/portal\/wp-content\/uploads\/2024\/08\/WhatsApp-Image-2024-07-31-at-22.57.53.jpeg?resize=768%2C1024&amp;ssl=1 768w, https:\/\/i0.wp.com\/verdadeon.com.br\/portal\/wp-content\/uploads\/2024\/08\/WhatsApp-Image-2024-07-31-at-22.57.53.jpeg?resize=1152%2C1536&amp;ssl=1 1152w, https:\/\/i0.wp.com\/verdadeon.com.br\/portal\/wp-content\/uploads\/2024\/08\/WhatsApp-Image-2024-07-31-at-22.57.53.jpeg?resize=110%2C146&amp;ssl=1 110w, https:\/\/i0.wp.com\/verdadeon.com.br\/portal\/wp-content\/uploads\/2024\/08\/WhatsApp-Image-2024-07-31-at-22.57.53.jpeg?resize=38%2C50&amp;ssl=1 38w, https:\/\/i0.wp.com\/verdadeon.com.br\/portal\/wp-content\/uploads\/2024\/08\/WhatsApp-Image-2024-07-31-at-22.57.53.jpeg?resize=56%2C75&amp;ssl=1 56w\" sizes=\"auto, (max-width: 1200px) 100vw, 1200px\" \/><p id=\"caption-attachment-47955\" class=\"wp-caption-text\">Este colunista com os formados da turma de Secretariado da ETEC: Isadora Ferreira, Jo\u00e3o Victor Bosco e Morgana Souza. Parab\u00e9ns e sucesso!<\/p><\/div>\n","protected":false},"excerpt":{"rendered":"<p>Falando s\u00e9rio J\u00e1 come\u00e7aram as tentativas por parte da imprensa brasileira de alocar os expurgos da esquerda para o campo da direita, obviamente, a fim da<span class=\"excerpt-hellip\"> [\u2026]<\/span><\/p>\n","protected":false},"author":10,"featured_media":47956,"comment_status":"open","ping_status":"open","sticky":false,"template":"","format":"standard","meta":{"_jetpack_memberships_contains_paid_content":false,"footnotes":"","jetpack_publicize_message":"","jetpack_publicize_feature_enabled":true,"jetpack_social_post_already_shared":true,"jetpack_social_options":{"image_generator_settings":{"template":"highway","default_image_id":0,"enabled":false},"version":2}},"categories":[92,139],"tags":[68],"class_list":["post-47951","post","type-post","status-publish","format-standard","has-post-thumbnail","hentry","category-colunista","category-tigrao","tag-coluna"],"yoast_head":"<!-- This site is optimized with the Yoast SEO plugin v25.6 - https:\/\/yoast.com\/wordpress\/plugins\/seo\/ -->\n<title>Coluna do Tigr\u00e3o - 02\/08\/2024 - VerdadeOn<\/title>\n<meta name=\"robots\" content=\"index, follow, max-snippet:-1, max-image-preview:large, max-video-preview:-1\" \/>\n<link rel=\"canonical\" href=\"https:\/\/verdadeon.com.br\/portal\/2024\/08\/02\/coluna-do-tigrao-02-08-2024\/\" \/>\n<meta property=\"og:locale\" content=\"pt_BR\" \/>\n<meta property=\"og:type\" content=\"article\" \/>\n<meta property=\"og:title\" content=\"Coluna do Tigr\u00e3o - 02\/08\/2024 - VerdadeOn\" \/>\n<meta property=\"og:description\" content=\"Falando s\u00e9rio J\u00e1 come\u00e7aram as tentativas por parte da imprensa brasileira de alocar os expurgos da esquerda para o campo da direita, obviamente, a fim da [\u2026]\" \/>\n<meta property=\"og:url\" content=\"https:\/\/verdadeon.com.br\/portal\/2024\/08\/02\/coluna-do-tigrao-02-08-2024\/\" \/>\n<meta property=\"og:site_name\" content=\"VerdadeOn\" \/>\n<meta property=\"article:published_time\" content=\"2024-08-02T13:30:26+00:00\" \/>\n<meta property=\"article:modified_time\" content=\"2024-08-02T13:32:07+00:00\" \/>\n<meta property=\"og:image\" content=\"https:\/\/verdadeon.com.br\/portal\/wp-content\/uploads\/2024\/08\/WhatsApp-Image-2024-07-31-at-22.57.53-1.jpeg\" \/>\n\t<meta property=\"og:image:width\" content=\"1200\" \/>\n\t<meta property=\"og:image:height\" content=\"804\" \/>\n\t<meta property=\"og:image:type\" content=\"image\/jpeg\" \/>\n<meta name=\"author\" content=\"Redacao VerdadeOn\" \/>\n<meta name=\"twitter:card\" content=\"summary_large_image\" \/>\n<meta name=\"twitter:label1\" content=\"Escrito por\" \/>\n\t<meta name=\"twitter:data1\" content=\"Redacao VerdadeOn\" \/>\n\t<meta name=\"twitter:label2\" content=\"Est. tempo de leitura\" \/>\n\t<meta name=\"twitter:data2\" content=\"5 minutos\" \/>\n<script type=\"application\/ld+json\" class=\"yoast-schema-graph\">{\"@context\":\"https:\/\/schema.org\",\"@graph\":[{\"@type\":\"WebPage\",\"@id\":\"https:\/\/verdadeon.com.br\/portal\/2024\/08\/02\/coluna-do-tigrao-02-08-2024\/\",\"url\":\"https:\/\/verdadeon.com.br\/portal\/2024\/08\/02\/coluna-do-tigrao-02-08-2024\/\",\"name\":\"Coluna do Tigr\u00e3o - 02\/08\/2024 - VerdadeOn\",\"isPartOf\":{\"@id\":\"https:\/\/verdadeon.com.br\/portal\/#website\"},\"primaryImageOfPage\":{\"@id\":\"https:\/\/verdadeon.com.br\/portal\/2024\/08\/02\/coluna-do-tigrao-02-08-2024\/#primaryimage\"},\"image\":{\"@id\":\"https:\/\/verdadeon.com.br\/portal\/2024\/08\/02\/coluna-do-tigrao-02-08-2024\/#primaryimage\"},\"thumbnailUrl\":\"https:\/\/i0.wp.com\/verdadeon.com.br\/portal\/wp-content\/uploads\/2024\/08\/WhatsApp-Image-2024-07-31-at-22.57.53-1.jpeg?fit=1200%2C804&ssl=1\",\"datePublished\":\"2024-08-02T13:30:26+00:00\",\"dateModified\":\"2024-08-02T13:32:07+00:00\",\"author\":{\"@id\":\"https:\/\/verdadeon.com.br\/portal\/#\/schema\/person\/a5060ad1e9ea3df545188fc93ce43d2f\"},\"breadcrumb\":{\"@id\":\"https:\/\/verdadeon.com.br\/portal\/2024\/08\/02\/coluna-do-tigrao-02-08-2024\/#breadcrumb\"},\"inLanguage\":\"pt-BR\",\"potentialAction\":[{\"@type\":\"ReadAction\",\"target\":[\"https:\/\/verdadeon.com.br\/portal\/2024\/08\/02\/coluna-do-tigrao-02-08-2024\/\"]}]},{\"@type\":\"ImageObject\",\"inLanguage\":\"pt-BR\",\"@id\":\"https:\/\/verdadeon.com.br\/portal\/2024\/08\/02\/coluna-do-tigrao-02-08-2024\/#primaryimage\",\"url\":\"https:\/\/i0.wp.com\/verdadeon.com.br\/portal\/wp-content\/uploads\/2024\/08\/WhatsApp-Image-2024-07-31-at-22.57.53-1.jpeg?fit=1200%2C804&ssl=1\",\"contentUrl\":\"https:\/\/i0.wp.com\/verdadeon.com.br\/portal\/wp-content\/uploads\/2024\/08\/WhatsApp-Image-2024-07-31-at-22.57.53-1.jpeg?fit=1200%2C804&ssl=1\",\"width\":1200,\"height\":804,\"caption\":\"Este colunista com os formados da turma de Secretariado da ETEC: Isadora Ferreira, Jo\u00e3o Victor Bosco e Morgana Souza. Parab\u00e9ns e sucesso!\"},{\"@type\":\"BreadcrumbList\",\"@id\":\"https:\/\/verdadeon.com.br\/portal\/2024\/08\/02\/coluna-do-tigrao-02-08-2024\/#breadcrumb\",\"itemListElement\":[{\"@type\":\"ListItem\",\"position\":1,\"name\":\"In\u00edcio\",\"item\":\"https:\/\/verdadeon.com.br\/portal\/\"},{\"@type\":\"ListItem\",\"position\":2,\"name\":\"Coluna do Tigr\u00e3o &#8211; 02\/08\/2024\"}]},{\"@type\":\"WebSite\",\"@id\":\"https:\/\/verdadeon.com.br\/portal\/#website\",\"url\":\"https:\/\/verdadeon.com.br\/portal\/\",\"name\":\"VerdadeOn\",\"description\":\"Not\u00edcias di\u00e1rias sobre Franca, Regi\u00e3o, Esporte, Cultura, Cotidiano, Colunas. Cobertura nos principais eventos da cidade \u00e9 aqui - Verdadeon Franca\",\"potentialAction\":[{\"@type\":\"SearchAction\",\"target\":{\"@type\":\"EntryPoint\",\"urlTemplate\":\"https:\/\/verdadeon.com.br\/portal\/?s={search_term_string}\"},\"query-input\":{\"@type\":\"PropertyValueSpecification\",\"valueRequired\":true,\"valueName\":\"search_term_string\"}}],\"inLanguage\":\"pt-BR\"},{\"@type\":\"Person\",\"@id\":\"https:\/\/verdadeon.com.br\/portal\/#\/schema\/person\/a5060ad1e9ea3df545188fc93ce43d2f\",\"name\":\"Redacao VerdadeOn\",\"image\":{\"@type\":\"ImageObject\",\"inLanguage\":\"pt-BR\",\"@id\":\"https:\/\/verdadeon.com.br\/portal\/#\/schema\/person\/image\/\",\"url\":\"https:\/\/secure.gravatar.com\/avatar\/459a9613caaaf07f582c3d0841eea68bdd66f533e465e6ba8b9cb45619572cf4?s=96&d=mm&r=g\",\"contentUrl\":\"https:\/\/secure.gravatar.com\/avatar\/459a9613caaaf07f582c3d0841eea68bdd66f533e465e6ba8b9cb45619572cf4?s=96&d=mm&r=g\",\"caption\":\"Redacao VerdadeOn\"},\"url\":\"https:\/\/verdadeon.com.br\/portal\/author\/redacao\/\"}]}<\/script>\n<!-- \/ Yoast SEO plugin. -->","yoast_head_json":{"title":"Coluna do Tigr\u00e3o - 02\/08\/2024 - VerdadeOn","robots":{"index":"index","follow":"follow","max-snippet":"max-snippet:-1","max-image-preview":"max-image-preview:large","max-video-preview":"max-video-preview:-1"},"canonical":"https:\/\/verdadeon.com.br\/portal\/2024\/08\/02\/coluna-do-tigrao-02-08-2024\/","og_locale":"pt_BR","og_type":"article","og_title":"Coluna do Tigr\u00e3o - 02\/08\/2024 - VerdadeOn","og_description":"Falando s\u00e9rio J\u00e1 come\u00e7aram as tentativas por parte da imprensa brasileira de alocar os expurgos da esquerda para o campo da direita, obviamente, a fim da [\u2026]","og_url":"https:\/\/verdadeon.com.br\/portal\/2024\/08\/02\/coluna-do-tigrao-02-08-2024\/","og_site_name":"VerdadeOn","article_published_time":"2024-08-02T13:30:26+00:00","article_modified_time":"2024-08-02T13:32:07+00:00","og_image":[{"width":1200,"height":804,"url":"https:\/\/verdadeon.com.br\/portal\/wp-content\/uploads\/2024\/08\/WhatsApp-Image-2024-07-31-at-22.57.53-1.jpeg","type":"image\/jpeg"}],"author":"Redacao VerdadeOn","twitter_card":"summary_large_image","twitter_misc":{"Escrito por":"Redacao VerdadeOn","Est. tempo de leitura":"5 minutos"},"schema":{"@context":"https:\/\/schema.org","@graph":[{"@type":"WebPage","@id":"https:\/\/verdadeon.com.br\/portal\/2024\/08\/02\/coluna-do-tigrao-02-08-2024\/","url":"https:\/\/verdadeon.com.br\/portal\/2024\/08\/02\/coluna-do-tigrao-02-08-2024\/","name":"Coluna do Tigr\u00e3o - 02\/08\/2024 - VerdadeOn","isPartOf":{"@id":"https:\/\/verdadeon.com.br\/portal\/#website"},"primaryImageOfPage":{"@id":"https:\/\/verdadeon.com.br\/portal\/2024\/08\/02\/coluna-do-tigrao-02-08-2024\/#primaryimage"},"image":{"@id":"https:\/\/verdadeon.com.br\/portal\/2024\/08\/02\/coluna-do-tigrao-02-08-2024\/#primaryimage"},"thumbnailUrl":"https:\/\/i0.wp.com\/verdadeon.com.br\/portal\/wp-content\/uploads\/2024\/08\/WhatsApp-Image-2024-07-31-at-22.57.53-1.jpeg?fit=1200%2C804&ssl=1","datePublished":"2024-08-02T13:30:26+00:00","dateModified":"2024-08-02T13:32:07+00:00","author":{"@id":"https:\/\/verdadeon.com.br\/portal\/#\/schema\/person\/a5060ad1e9ea3df545188fc93ce43d2f"},"breadcrumb":{"@id":"https:\/\/verdadeon.com.br\/portal\/2024\/08\/02\/coluna-do-tigrao-02-08-2024\/#breadcrumb"},"inLanguage":"pt-BR","potentialAction":[{"@type":"ReadAction","target":["https:\/\/verdadeon.com.br\/portal\/2024\/08\/02\/coluna-do-tigrao-02-08-2024\/"]}]},{"@type":"ImageObject","inLanguage":"pt-BR","@id":"https:\/\/verdadeon.com.br\/portal\/2024\/08\/02\/coluna-do-tigrao-02-08-2024\/#primaryimage","url":"https:\/\/i0.wp.com\/verdadeon.com.br\/portal\/wp-content\/uploads\/2024\/08\/WhatsApp-Image-2024-07-31-at-22.57.53-1.jpeg?fit=1200%2C804&ssl=1","contentUrl":"https:\/\/i0.wp.com\/verdadeon.com.br\/portal\/wp-content\/uploads\/2024\/08\/WhatsApp-Image-2024-07-31-at-22.57.53-1.jpeg?fit=1200%2C804&ssl=1","width":1200,"height":804,"caption":"Este colunista com os formados da turma de Secretariado da ETEC: Isadora Ferreira, Jo\u00e3o Victor Bosco e Morgana Souza. Parab\u00e9ns e sucesso!"},{"@type":"BreadcrumbList","@id":"https:\/\/verdadeon.com.br\/portal\/2024\/08\/02\/coluna-do-tigrao-02-08-2024\/#breadcrumb","itemListElement":[{"@type":"ListItem","position":1,"name":"In\u00edcio","item":"https:\/\/verdadeon.com.br\/portal\/"},{"@type":"ListItem","position":2,"name":"Coluna do Tigr\u00e3o &#8211; 02\/08\/2024"}]},{"@type":"WebSite","@id":"https:\/\/verdadeon.com.br\/portal\/#website","url":"https:\/\/verdadeon.com.br\/portal\/","name":"VerdadeOn","description":"Not\u00edcias di\u00e1rias sobre Franca, Regi\u00e3o, Esporte, Cultura, Cotidiano, Colunas. Cobertura nos principais eventos da cidade \u00e9 aqui - Verdadeon Franca","potentialAction":[{"@type":"SearchAction","target":{"@type":"EntryPoint","urlTemplate":"https:\/\/verdadeon.com.br\/portal\/?s={search_term_string}"},"query-input":{"@type":"PropertyValueSpecification","valueRequired":true,"valueName":"search_term_string"}}],"inLanguage":"pt-BR"},{"@type":"Person","@id":"https:\/\/verdadeon.com.br\/portal\/#\/schema\/person\/a5060ad1e9ea3df545188fc93ce43d2f","name":"Redacao VerdadeOn","image":{"@type":"ImageObject","inLanguage":"pt-BR","@id":"https:\/\/verdadeon.com.br\/portal\/#\/schema\/person\/image\/","url":"https:\/\/secure.gravatar.com\/avatar\/459a9613caaaf07f582c3d0841eea68bdd66f533e465e6ba8b9cb45619572cf4?s=96&d=mm&r=g","contentUrl":"https:\/\/secure.gravatar.com\/avatar\/459a9613caaaf07f582c3d0841eea68bdd66f533e465e6ba8b9cb45619572cf4?s=96&d=mm&r=g","caption":"Redacao VerdadeOn"},"url":"https:\/\/verdadeon.com.br\/portal\/author\/redacao\/"}]}},"jetpack_publicize_connections":[],"jetpack_featured_media_url":"https:\/\/i0.wp.com\/verdadeon.com.br\/portal\/wp-content\/uploads\/2024\/08\/WhatsApp-Image-2024-07-31-at-22.57.53-1.jpeg?fit=1200%2C804&ssl=1","jetpack_sharing_enabled":true,"_links":{"self":[{"href":"https:\/\/verdadeon.com.br\/portal\/wp-json\/wp\/v2\/posts\/47951","targetHints":{"allow":["GET"]}}],"collection":[{"href":"https:\/\/verdadeon.com.br\/portal\/wp-json\/wp\/v2\/posts"}],"about":[{"href":"https:\/\/verdadeon.com.br\/portal\/wp-json\/wp\/v2\/types\/post"}],"author":[{"embeddable":true,"href":"https:\/\/verdadeon.com.br\/portal\/wp-json\/wp\/v2\/users\/10"}],"replies":[{"embeddable":true,"href":"https:\/\/verdadeon.com.br\/portal\/wp-json\/wp\/v2\/comments?post=47951"}],"version-history":[{"count":2,"href":"https:\/\/verdadeon.com.br\/portal\/wp-json\/wp\/v2\/posts\/47951\/revisions"}],"predecessor-version":[{"id":47958,"href":"https:\/\/verdadeon.com.br\/portal\/wp-json\/wp\/v2\/posts\/47951\/revisions\/47958"}],"wp:featuredmedia":[{"embeddable":true,"href":"https:\/\/verdadeon.com.br\/portal\/wp-json\/wp\/v2\/media\/47956"}],"wp:attachment":[{"href":"https:\/\/verdadeon.com.br\/portal\/wp-json\/wp\/v2\/media?parent=47951"}],"wp:term":[{"taxonomy":"category","embeddable":true,"href":"https:\/\/verdadeon.com.br\/portal\/wp-json\/wp\/v2\/categories?post=47951"},{"taxonomy":"post_tag","embeddable":true,"href":"https:\/\/verdadeon.com.br\/portal\/wp-json\/wp\/v2\/tags?post=47951"}],"curies":[{"name":"wp","href":"https:\/\/api.w.org\/{rel}","templated":true}]}}