{"id":47939,"date":"2024-08-01T12:39:26","date_gmt":"2024-08-01T15:39:26","guid":{"rendered":"https:\/\/verdadeon.com.br\/portal\/?p=47939"},"modified":"2024-08-01T14:55:28","modified_gmt":"2024-08-01T17:55:28","slug":"brasil-quer-chegar-a-70-de-aleitamento-materno-exclusivo-ate-2030","status":"publish","type":"post","link":"https:\/\/verdadeon.com.br\/portal\/2024\/08\/01\/brasil-quer-chegar-a-70-de-aleitamento-materno-exclusivo-ate-2030\/","title":{"rendered":"Brasil quer chegar a 70% de aleitamento materno exclusivo at\u00e9 2030"},"content":{"rendered":"<div class=\"row\">\n<h2 class=\"col-10 offset-1 animated fadeInDown dealy-900 display-8 display-md-8 alt-font font-italic my-1 text-center\">Semana Mundial da Amamenta\u00e7\u00e3o \u00e9 celebrada de 1\u00ba a 7 de agosto<\/h2>\n<p>Dados do Estudo Nacional de Alimenta\u00e7\u00e3o e Nutri\u00e7\u00e3o Infantil, publicado em 2021, indicam que a preval\u00eancia de aleitamento materno exclusivo entre crian\u00e7as menores de 6 meses no Brasil era de 45,8%. O \u00edndice, apesar de baixo, representa um avan\u00e7o em rela\u00e7\u00e3o \u00e0s \u00faltimas d\u00e9cadas \u2013 em 1986, por exemplo, o percentual no pa\u00eds foi apenas 3%.<img data-recalc-dims=\"1\" decoding=\"async\" src=\"https:\/\/i0.wp.com\/agenciabrasil.ebc.com.br\/ebc.png?w=1220&#038;ssl=1\" \/><img data-recalc-dims=\"1\" decoding=\"async\" src=\"https:\/\/i0.wp.com\/agenciabrasil.ebc.com.br\/ebc.gif?w=1220&#038;ssl=1\" \/><\/p>\n<p>Nos anos de 1970, as crian\u00e7as brasileiras eram amamentadas, em m\u00e9dia, por dois meses e meio. Atualmente, a dura\u00e7\u00e3o m\u00e9dia \u00e9 16 meses, o equivalente a 1 ano e quatro meses de vida. A meta estabelecida pela Organiza\u00e7\u00e3o Mundial da Sa\u00fade (OMS) \u00e9 que, at\u00e9 2025, pelo menos 50% das crian\u00e7as de at\u00e9 6 meses sejam amamentadas exclusivamente.<\/p>\n<div class=\"dnd-widget-wrapper context-grande_6colunas type-image atom-align-left\">\n<div class=\"dnd-atom-rendered\">\n<div class=\"shadow overflow-hidden rounded-lg d-block w-100\">\n<div style=\"width: 473px\" class=\"wp-caption aligncenter\"><img data-recalc-dims=\"1\" loading=\"lazy\" decoding=\"async\" class=\"flex-fill img-cover\" title=\"Marcelo Camargo\/Ag\u00eancia Brasil\" src=\"https:\/\/i0.wp.com\/imagens.ebc.com.br\/tI6L33cSEwPxnYLbGr436NeT8lk%3D\/463x0\/smart\/https%3A\/\/agenciabrasil.ebc.com.br\/sites\/default\/files\/thumbnails\/image\/2024\/07\/17\/nisia-bom-dia_mcamgo_abr_17072024-3.jpg?resize=463%2C309&#038;ssl=1\" alt=\"Bras\u00edlia (DF), 17\/07\/2024 - A ministra da Sa\u00fade, N\u00edsia Trindade, durante entrevista ao programa \" width=\"463\" height=\"309\" \/><p class=\"wp-caption-text\">Ministra da Sa\u00fade, N\u00edsia Trindade. Foto:\u00a0Marcelo Camargo\/Ag\u00eancia Brasil<\/p><\/div>\n<\/div>\n<\/div>\n<div class=\"dnd-caption-wrapper\">\n<div><\/div>\n<div class=\"meta\">A expectativa do governo brasileiro \u00e9 que esse \u00edndice chegue a 70% at\u00e9 2030. \u201cQue melhoremos ainda mais esses n\u00fameros rumo \u00e0 meta dos 70% de aleitamento materno exclusivo at\u00e9 os 6 meses. Que possamos dar esse exemplo a outros pa\u00edses\u201d, avaliou a ministra da Sa\u00fade, N\u00edsia Trindade. \u201cO Brasil \u00e9 refer\u00eancia naquilo que a sa\u00fade p\u00fablica mais sabe fazer: unir conhecimento cientifico, gest\u00e3o e mobiliza\u00e7\u00e3o social.\u201d<\/div>\n<\/div>\n<\/div>\n<p><strong>Campanha<\/strong><\/p>\n<p>No primeiro dia da Semana Mundial da Amamenta\u00e7\u00e3o, celebrada de 1\u00ba a 7 de agosto, o minist\u00e9rio refor\u00e7ou que a amamenta\u00e7\u00e3o \u00e9 a forma de prote\u00e7\u00e3o mais econ\u00f4mica e eficaz para redu\u00e7\u00e3o da mortalidade infantil, com grande impacto na sa\u00fade da crian\u00e7a, diminuindo a ocorr\u00eancia de diarreias, afec\u00e7\u00f5es perinatais e infec\u00e7\u00f5es, principais causas de morte entre rec\u00e9m-nascidos.<\/p>\n<p>Ao mesmo tempo, traz in\u00fameros benef\u00edcios para a sa\u00fade da mulher, como a redu\u00e7\u00e3o das chances de desenvolver c\u00e2ncer de mama e de ov\u00e1rio. \u201cA amamenta\u00e7\u00e3o n\u00e3o deve ser tratada como um privil\u00e9gio e sim como um direito de crian\u00e7as e m\u00e3es. Al\u00e9m de direito, ela \u00e9 fundamental para a garantia da vida dessas crian\u00e7as e dessas m\u00e3es\u201d, avaliou o secret\u00e1rio adjunto de Aten\u00e7\u00e3o Prim\u00e1ria \u00e0 Sa\u00fade, Jersey Timoteo.<\/p>\n<p><strong>Relato<\/strong><\/p>\n<p>La\u00eds Costa \u00e9 pesquisadora da Funda\u00e7\u00e3o Oswaldo Cruz (Fiocruz) e m\u00e3e de duas crian\u00e7as. Ela conta que, quando ambas as filhas nasceram, produziu bastante leite, mas, com a primog\u00eanita, saiu da maternidade com a f\u00f3rmula prescrita, para que a beb\u00ea se alimentasse com leite artificial. J\u00e1 com a segunda filha, La\u00eds deixou a maternidade amamentando a crian\u00e7a.<\/p>\n<p>\u201cA grande diferen\u00e7a entre as minhas duas filhas \u00e9 que a primog\u00eanita nasceu com s\u00edndrome de Down. Havia um pressuposto de que a doen\u00e7a a impediria de mamar. Isso \u00e9 um mito. Fam\u00edlias de crian\u00e7as com s\u00edndrome de Down saem com f\u00f3rmula prescrita, mas, quando chegam no banco de leite ou numa informa\u00e7\u00e3o precisa, consegue garantir esse direito \u00e0 vida.\u201d<\/p>\n<p>\u201cMinha filha primog\u00eanita nasceu com uma cardiopatia e claro, que o leite humano \u2013 a gente j\u00e1 sabe disso \u2013 \u00e9 o melhor alimento para todos os beb\u00eas, mas ele beneficia proporcionalmente ainda mais alguns. Ele protege ainda mais alguns que precisam de mais prote\u00e7\u00e3o. A pergunta \u00e9: por que, das minhas filhas, aquela que precisava de mais prote\u00e7\u00e3o foi aquela privada desse direito fundamental para a garantia da vida?\u201d<\/p>\n<p>Fonte: Ag\u00eancia Brasil<\/p>\n<\/div>\n","protected":false},"excerpt":{"rendered":"<p>Semana Mundial da Amamenta\u00e7\u00e3o \u00e9 celebrada de 1\u00ba a 7 de agosto Dados do Estudo Nacional de Alimenta\u00e7\u00e3o e Nutri\u00e7\u00e3o Infantil, publicado em 2021, indicam que<span class=\"excerpt-hellip\"> [\u2026]<\/span><\/p>\n","protected":false},"author":10,"featured_media":47940,"comment_status":"open","ping_status":"open","sticky":false,"template":"","format":"standard","meta":{"_jetpack_memberships_contains_paid_content":false,"footnotes":"","jetpack_publicize_message":"","jetpack_publicize_feature_enabled":true,"jetpack_social_post_already_shared":true,"jetpack_social_options":{"image_generator_settings":{"template":"highway","default_image_id":0,"enabled":false},"version":2}},"categories":[28,44],"tags":[],"class_list":["post-47939","post","type-post","status-publish","format-standard","has-post-thumbnail","hentry","category-cotidiano","category-noticias"],"yoast_head":"<!-- This site is optimized with the Yoast SEO plugin v25.6 - https:\/\/yoast.com\/wordpress\/plugins\/seo\/ -->\n<title>Brasil quer chegar a 70% de aleitamento materno exclusivo at\u00e9 2030 - VerdadeOn<\/title>\n<meta name=\"robots\" content=\"index, follow, max-snippet:-1, max-image-preview:large, max-video-preview:-1\" \/>\n<link rel=\"canonical\" href=\"https:\/\/verdadeon.com.br\/portal\/2024\/08\/01\/brasil-quer-chegar-a-70-de-aleitamento-materno-exclusivo-ate-2030\/\" \/>\n<meta property=\"og:locale\" content=\"pt_BR\" \/>\n<meta property=\"og:type\" content=\"article\" \/>\n<meta property=\"og:title\" content=\"Brasil quer chegar a 70% de aleitamento materno exclusivo at\u00e9 2030 - VerdadeOn\" \/>\n<meta property=\"og:description\" content=\"Semana Mundial da Amamenta\u00e7\u00e3o \u00e9 celebrada de 1\u00ba a 7 de agosto Dados do Estudo Nacional de Alimenta\u00e7\u00e3o e Nutri\u00e7\u00e3o Infantil, publicado em 2021, indicam que [\u2026]\" \/>\n<meta property=\"og:url\" content=\"https:\/\/verdadeon.com.br\/portal\/2024\/08\/01\/brasil-quer-chegar-a-70-de-aleitamento-materno-exclusivo-ate-2030\/\" \/>\n<meta property=\"og:site_name\" content=\"VerdadeOn\" \/>\n<meta property=\"article:published_time\" content=\"2024-08-01T15:39:26+00:00\" \/>\n<meta property=\"article:modified_time\" content=\"2024-08-01T17:55:28+00:00\" \/>\n<meta property=\"og:image\" content=\"https:\/\/verdadeon.com.br\/portal\/wp-content\/uploads\/2024\/08\/AnyConv.com__ffraz_abr20180811_1306.jpg\" \/>\n\t<meta property=\"og:image:width\" content=\"1044\" \/>\n\t<meta property=\"og:image:height\" content=\"700\" \/>\n\t<meta property=\"og:image:type\" content=\"image\/jpeg\" \/>\n<meta name=\"author\" content=\"Redacao VerdadeOn\" \/>\n<meta name=\"twitter:card\" content=\"summary_large_image\" \/>\n<meta name=\"twitter:label1\" content=\"Escrito por\" \/>\n\t<meta name=\"twitter:data1\" content=\"Redacao VerdadeOn\" \/>\n\t<meta name=\"twitter:label2\" content=\"Est. tempo de leitura\" \/>\n\t<meta name=\"twitter:data2\" content=\"4 minutos\" \/>\n<script type=\"application\/ld+json\" class=\"yoast-schema-graph\">{\"@context\":\"https:\/\/schema.org\",\"@graph\":[{\"@type\":\"WebPage\",\"@id\":\"https:\/\/verdadeon.com.br\/portal\/2024\/08\/01\/brasil-quer-chegar-a-70-de-aleitamento-materno-exclusivo-ate-2030\/\",\"url\":\"https:\/\/verdadeon.com.br\/portal\/2024\/08\/01\/brasil-quer-chegar-a-70-de-aleitamento-materno-exclusivo-ate-2030\/\",\"name\":\"Brasil quer chegar a 70% de aleitamento materno exclusivo at\u00e9 2030 - VerdadeOn\",\"isPartOf\":{\"@id\":\"https:\/\/verdadeon.com.br\/portal\/#website\"},\"primaryImageOfPage\":{\"@id\":\"https:\/\/verdadeon.com.br\/portal\/2024\/08\/01\/brasil-quer-chegar-a-70-de-aleitamento-materno-exclusivo-ate-2030\/#primaryimage\"},\"image\":{\"@id\":\"https:\/\/verdadeon.com.br\/portal\/2024\/08\/01\/brasil-quer-chegar-a-70-de-aleitamento-materno-exclusivo-ate-2030\/#primaryimage\"},\"thumbnailUrl\":\"https:\/\/i0.wp.com\/verdadeon.com.br\/portal\/wp-content\/uploads\/2024\/08\/AnyConv.com__ffraz_abr20180811_1306.jpg?fit=1044%2C700&ssl=1\",\"datePublished\":\"2024-08-01T15:39:26+00:00\",\"dateModified\":\"2024-08-01T17:55:28+00:00\",\"author\":{\"@id\":\"https:\/\/verdadeon.com.br\/portal\/#\/schema\/person\/a5060ad1e9ea3df545188fc93ce43d2f\"},\"breadcrumb\":{\"@id\":\"https:\/\/verdadeon.com.br\/portal\/2024\/08\/01\/brasil-quer-chegar-a-70-de-aleitamento-materno-exclusivo-ate-2030\/#breadcrumb\"},\"inLanguage\":\"pt-BR\",\"potentialAction\":[{\"@type\":\"ReadAction\",\"target\":[\"https:\/\/verdadeon.com.br\/portal\/2024\/08\/01\/brasil-quer-chegar-a-70-de-aleitamento-materno-exclusivo-ate-2030\/\"]}]},{\"@type\":\"ImageObject\",\"inLanguage\":\"pt-BR\",\"@id\":\"https:\/\/verdadeon.com.br\/portal\/2024\/08\/01\/brasil-quer-chegar-a-70-de-aleitamento-materno-exclusivo-ate-2030\/#primaryimage\",\"url\":\"https:\/\/i0.wp.com\/verdadeon.com.br\/portal\/wp-content\/uploads\/2024\/08\/AnyConv.com__ffraz_abr20180811_1306.jpg?fit=1044%2C700&ssl=1\",\"contentUrl\":\"https:\/\/i0.wp.com\/verdadeon.com.br\/portal\/wp-content\/uploads\/2024\/08\/AnyConv.com__ffraz_abr20180811_1306.jpg?fit=1044%2C700&ssl=1\",\"width\":1044,\"height\":700,\"caption\":\"Nos anos de 1970, as crian\u00e7as brasileiras eram amamentadas, em m\u00e9dia, por dois meses e meio. Atualmente, a dura\u00e7\u00e3o m\u00e9dia \u00e9 16 meses (\u00a9Fernando Fraz\u00e3o\/Ag\u00eancia Brasil)\"},{\"@type\":\"BreadcrumbList\",\"@id\":\"https:\/\/verdadeon.com.br\/portal\/2024\/08\/01\/brasil-quer-chegar-a-70-de-aleitamento-materno-exclusivo-ate-2030\/#breadcrumb\",\"itemListElement\":[{\"@type\":\"ListItem\",\"position\":1,\"name\":\"In\u00edcio\",\"item\":\"https:\/\/verdadeon.com.br\/portal\/\"},{\"@type\":\"ListItem\",\"position\":2,\"name\":\"Brasil quer chegar a 70% de aleitamento materno exclusivo at\u00e9 2030\"}]},{\"@type\":\"WebSite\",\"@id\":\"https:\/\/verdadeon.com.br\/portal\/#website\",\"url\":\"https:\/\/verdadeon.com.br\/portal\/\",\"name\":\"VerdadeOn\",\"description\":\"Not\u00edcias di\u00e1rias sobre Franca, Regi\u00e3o, Esporte, Cultura, Cotidiano, Colunas. Cobertura nos principais eventos da cidade \u00e9 aqui - Verdadeon Franca\",\"potentialAction\":[{\"@type\":\"SearchAction\",\"target\":{\"@type\":\"EntryPoint\",\"urlTemplate\":\"https:\/\/verdadeon.com.br\/portal\/?s={search_term_string}\"},\"query-input\":{\"@type\":\"PropertyValueSpecification\",\"valueRequired\":true,\"valueName\":\"search_term_string\"}}],\"inLanguage\":\"pt-BR\"},{\"@type\":\"Person\",\"@id\":\"https:\/\/verdadeon.com.br\/portal\/#\/schema\/person\/a5060ad1e9ea3df545188fc93ce43d2f\",\"name\":\"Redacao VerdadeOn\",\"image\":{\"@type\":\"ImageObject\",\"inLanguage\":\"pt-BR\",\"@id\":\"https:\/\/verdadeon.com.br\/portal\/#\/schema\/person\/image\/\",\"url\":\"https:\/\/secure.gravatar.com\/avatar\/459a9613caaaf07f582c3d0841eea68bdd66f533e465e6ba8b9cb45619572cf4?s=96&d=mm&r=g\",\"contentUrl\":\"https:\/\/secure.gravatar.com\/avatar\/459a9613caaaf07f582c3d0841eea68bdd66f533e465e6ba8b9cb45619572cf4?s=96&d=mm&r=g\",\"caption\":\"Redacao VerdadeOn\"},\"url\":\"https:\/\/verdadeon.com.br\/portal\/author\/redacao\/\"}]}<\/script>\n<!-- \/ Yoast SEO plugin. -->","yoast_head_json":{"title":"Brasil quer chegar a 70% de aleitamento materno exclusivo at\u00e9 2030 - VerdadeOn","robots":{"index":"index","follow":"follow","max-snippet":"max-snippet:-1","max-image-preview":"max-image-preview:large","max-video-preview":"max-video-preview:-1"},"canonical":"https:\/\/verdadeon.com.br\/portal\/2024\/08\/01\/brasil-quer-chegar-a-70-de-aleitamento-materno-exclusivo-ate-2030\/","og_locale":"pt_BR","og_type":"article","og_title":"Brasil quer chegar a 70% de aleitamento materno exclusivo at\u00e9 2030 - VerdadeOn","og_description":"Semana Mundial da Amamenta\u00e7\u00e3o \u00e9 celebrada de 1\u00ba a 7 de agosto Dados do Estudo Nacional de Alimenta\u00e7\u00e3o e Nutri\u00e7\u00e3o Infantil, publicado em 2021, indicam que [\u2026]","og_url":"https:\/\/verdadeon.com.br\/portal\/2024\/08\/01\/brasil-quer-chegar-a-70-de-aleitamento-materno-exclusivo-ate-2030\/","og_site_name":"VerdadeOn","article_published_time":"2024-08-01T15:39:26+00:00","article_modified_time":"2024-08-01T17:55:28+00:00","og_image":[{"width":1044,"height":700,"url":"https:\/\/verdadeon.com.br\/portal\/wp-content\/uploads\/2024\/08\/AnyConv.com__ffraz_abr20180811_1306.jpg","type":"image\/jpeg"}],"author":"Redacao VerdadeOn","twitter_card":"summary_large_image","twitter_misc":{"Escrito por":"Redacao VerdadeOn","Est. tempo de leitura":"4 minutos"},"schema":{"@context":"https:\/\/schema.org","@graph":[{"@type":"WebPage","@id":"https:\/\/verdadeon.com.br\/portal\/2024\/08\/01\/brasil-quer-chegar-a-70-de-aleitamento-materno-exclusivo-ate-2030\/","url":"https:\/\/verdadeon.com.br\/portal\/2024\/08\/01\/brasil-quer-chegar-a-70-de-aleitamento-materno-exclusivo-ate-2030\/","name":"Brasil quer chegar a 70% de aleitamento materno exclusivo at\u00e9 2030 - VerdadeOn","isPartOf":{"@id":"https:\/\/verdadeon.com.br\/portal\/#website"},"primaryImageOfPage":{"@id":"https:\/\/verdadeon.com.br\/portal\/2024\/08\/01\/brasil-quer-chegar-a-70-de-aleitamento-materno-exclusivo-ate-2030\/#primaryimage"},"image":{"@id":"https:\/\/verdadeon.com.br\/portal\/2024\/08\/01\/brasil-quer-chegar-a-70-de-aleitamento-materno-exclusivo-ate-2030\/#primaryimage"},"thumbnailUrl":"https:\/\/i0.wp.com\/verdadeon.com.br\/portal\/wp-content\/uploads\/2024\/08\/AnyConv.com__ffraz_abr20180811_1306.jpg?fit=1044%2C700&ssl=1","datePublished":"2024-08-01T15:39:26+00:00","dateModified":"2024-08-01T17:55:28+00:00","author":{"@id":"https:\/\/verdadeon.com.br\/portal\/#\/schema\/person\/a5060ad1e9ea3df545188fc93ce43d2f"},"breadcrumb":{"@id":"https:\/\/verdadeon.com.br\/portal\/2024\/08\/01\/brasil-quer-chegar-a-70-de-aleitamento-materno-exclusivo-ate-2030\/#breadcrumb"},"inLanguage":"pt-BR","potentialAction":[{"@type":"ReadAction","target":["https:\/\/verdadeon.com.br\/portal\/2024\/08\/01\/brasil-quer-chegar-a-70-de-aleitamento-materno-exclusivo-ate-2030\/"]}]},{"@type":"ImageObject","inLanguage":"pt-BR","@id":"https:\/\/verdadeon.com.br\/portal\/2024\/08\/01\/brasil-quer-chegar-a-70-de-aleitamento-materno-exclusivo-ate-2030\/#primaryimage","url":"https:\/\/i0.wp.com\/verdadeon.com.br\/portal\/wp-content\/uploads\/2024\/08\/AnyConv.com__ffraz_abr20180811_1306.jpg?fit=1044%2C700&ssl=1","contentUrl":"https:\/\/i0.wp.com\/verdadeon.com.br\/portal\/wp-content\/uploads\/2024\/08\/AnyConv.com__ffraz_abr20180811_1306.jpg?fit=1044%2C700&ssl=1","width":1044,"height":700,"caption":"Nos anos de 1970, as crian\u00e7as brasileiras eram amamentadas, em m\u00e9dia, por dois meses e meio. Atualmente, a dura\u00e7\u00e3o m\u00e9dia \u00e9 16 meses (\u00a9Fernando Fraz\u00e3o\/Ag\u00eancia Brasil)"},{"@type":"BreadcrumbList","@id":"https:\/\/verdadeon.com.br\/portal\/2024\/08\/01\/brasil-quer-chegar-a-70-de-aleitamento-materno-exclusivo-ate-2030\/#breadcrumb","itemListElement":[{"@type":"ListItem","position":1,"name":"In\u00edcio","item":"https:\/\/verdadeon.com.br\/portal\/"},{"@type":"ListItem","position":2,"name":"Brasil quer chegar a 70% de aleitamento materno exclusivo at\u00e9 2030"}]},{"@type":"WebSite","@id":"https:\/\/verdadeon.com.br\/portal\/#website","url":"https:\/\/verdadeon.com.br\/portal\/","name":"VerdadeOn","description":"Not\u00edcias di\u00e1rias sobre Franca, Regi\u00e3o, Esporte, Cultura, Cotidiano, Colunas. Cobertura nos principais eventos da cidade \u00e9 aqui - Verdadeon Franca","potentialAction":[{"@type":"SearchAction","target":{"@type":"EntryPoint","urlTemplate":"https:\/\/verdadeon.com.br\/portal\/?s={search_term_string}"},"query-input":{"@type":"PropertyValueSpecification","valueRequired":true,"valueName":"search_term_string"}}],"inLanguage":"pt-BR"},{"@type":"Person","@id":"https:\/\/verdadeon.com.br\/portal\/#\/schema\/person\/a5060ad1e9ea3df545188fc93ce43d2f","name":"Redacao VerdadeOn","image":{"@type":"ImageObject","inLanguage":"pt-BR","@id":"https:\/\/verdadeon.com.br\/portal\/#\/schema\/person\/image\/","url":"https:\/\/secure.gravatar.com\/avatar\/459a9613caaaf07f582c3d0841eea68bdd66f533e465e6ba8b9cb45619572cf4?s=96&d=mm&r=g","contentUrl":"https:\/\/secure.gravatar.com\/avatar\/459a9613caaaf07f582c3d0841eea68bdd66f533e465e6ba8b9cb45619572cf4?s=96&d=mm&r=g","caption":"Redacao VerdadeOn"},"url":"https:\/\/verdadeon.com.br\/portal\/author\/redacao\/"}]}},"jetpack_publicize_connections":[],"jetpack_featured_media_url":"https:\/\/i0.wp.com\/verdadeon.com.br\/portal\/wp-content\/uploads\/2024\/08\/AnyConv.com__ffraz_abr20180811_1306.jpg?fit=1044%2C700&ssl=1","jetpack_sharing_enabled":true,"_links":{"self":[{"href":"https:\/\/verdadeon.com.br\/portal\/wp-json\/wp\/v2\/posts\/47939","targetHints":{"allow":["GET"]}}],"collection":[{"href":"https:\/\/verdadeon.com.br\/portal\/wp-json\/wp\/v2\/posts"}],"about":[{"href":"https:\/\/verdadeon.com.br\/portal\/wp-json\/wp\/v2\/types\/post"}],"author":[{"embeddable":true,"href":"https:\/\/verdadeon.com.br\/portal\/wp-json\/wp\/v2\/users\/10"}],"replies":[{"embeddable":true,"href":"https:\/\/verdadeon.com.br\/portal\/wp-json\/wp\/v2\/comments?post=47939"}],"version-history":[{"count":1,"href":"https:\/\/verdadeon.com.br\/portal\/wp-json\/wp\/v2\/posts\/47939\/revisions"}],"predecessor-version":[{"id":47941,"href":"https:\/\/verdadeon.com.br\/portal\/wp-json\/wp\/v2\/posts\/47939\/revisions\/47941"}],"wp:featuredmedia":[{"embeddable":true,"href":"https:\/\/verdadeon.com.br\/portal\/wp-json\/wp\/v2\/media\/47940"}],"wp:attachment":[{"href":"https:\/\/verdadeon.com.br\/portal\/wp-json\/wp\/v2\/media?parent=47939"}],"wp:term":[{"taxonomy":"category","embeddable":true,"href":"https:\/\/verdadeon.com.br\/portal\/wp-json\/wp\/v2\/categories?post=47939"},{"taxonomy":"post_tag","embeddable":true,"href":"https:\/\/verdadeon.com.br\/portal\/wp-json\/wp\/v2\/tags?post=47939"}],"curies":[{"name":"wp","href":"https:\/\/api.w.org\/{rel}","templated":true}]}}