{"id":4792,"date":"2020-03-10T07:30:31","date_gmt":"2020-03-10T10:30:31","guid":{"rendered":"http:\/\/verdadeon.com.br\/portal\/?p=4792"},"modified":"2020-03-09T22:38:33","modified_gmt":"2020-03-10T01:38:33","slug":"eleicoes-franca-ja-tem-9-nomes-para-prefeitura","status":"publish","type":"post","link":"https:\/\/verdadeon.com.br\/portal\/2020\/03\/10\/eleicoes-franca-ja-tem-9-nomes-para-prefeitura\/","title":{"rendered":"Elei\u00e7\u00f5es: Franca j\u00e1 tem 9 nomes para prefeitura"},"content":{"rendered":"<h2>Partidos come\u00e7am a definir estrat\u00e9gias para corrida eleitoral<\/h2>\n<p>Reportagem Fernando de Paula<\/p>\n<p>Adermis Marini; Alexandre Ferreira; Fl\u00e1via Lancha; Gilson de Souza; Ismar Tavares; Jo\u00e3o Rocha; Mar\u00edlia Martins; Orivaldo Donzelli e Rafael Bruxellas, estes s\u00e3o os nomes dos pr\u00e9-candidatos que pleiteiam a cadeira de prefeito(a) de Franca.<br \/>\nNa manh\u00e3 de domingo (8), o PSDB realizou uma conven\u00e7\u00e3o na C\u00e2mara de Franca, onde vereadores, prefeitos, lideran\u00e7as do partido e pr\u00e9-candidatos se reuniram para tra\u00e7ar estrat\u00e9gias e articula\u00e7\u00f5es para as elei\u00e7\u00f5es de outubro. O presidente estadual do PSDB, Marco Vinholi foi quem conduziu a reuni\u00e3o.<br \/>\nDurante o encontro o ex-prefeito de Franca, Sidnei Rocha reafirmou que n\u00e3o pretende concorrer ao cargo e que o nome do partido era Adermis. A fala veio por conta de rumores que davam conta de que o partido optaria por ele para enfrentar o atual prefeito Gilson de Souza, repetindo o segundo turno de 2016, quando Rocha foi derrotado, mas a possibilidade foi descartada pelo pr\u00f3prio pol\u00edtico.<br \/>\nAos poucos o cen\u00e1rio eleitoral de Franca vai se desenhando, com nomes antes n\u00e3o pensados, como o de Orivaldo Donzelli que sair\u00e1 pelo PTB, do vereador Pastor Ot\u00e1vio, que chegou a anunciar que concorreria ao cargo de prefeito pelo partido, caso Fl\u00e1via Lancha n\u00e3o aceitasse o pedido da legenda. Hoje Lancha est\u00e1 no PSD de Gilberto Kassab, que inclusive veio \u00e0 cidade para o evento de filia\u00e7\u00e3o da pol\u00edtica no final do m\u00eas de janeiro.<br \/>\nA lista segue com nomes de Alexandre Ferreira, que se filiou ao MDB, o atual prefeito Gilson de Souza que deve tentar a reelei\u00e7\u00e3o pelo DEM, Ismar Tavares pelo Patriota, Jo\u00e3o Rocha, da ala que se intitula conservadora do PSL, e dois partidos de esquerda que entraram na disputa: Mar\u00edlia Martins pelo PSOL, que foi a primeira da cidade a se declarar pr\u00e9-candidata, e Rafael Bruxellas, pelo PT, que foi escolhido ap\u00f3s conven\u00e7\u00e3o.<\/p>\n","protected":false},"excerpt":{"rendered":"<p>Partidos come\u00e7am a definir estrat\u00e9gias para corrida eleitoral Reportagem Fernando de Paula Adermis Marini; Alexandre Ferreira; Fl\u00e1via Lancha; Gilson de Souza; Ismar Tavares; Jo\u00e3o Rocha; Mar\u00edlia<span class=\"excerpt-hellip\"> [\u2026]<\/span><\/p>\n","protected":false},"author":10,"featured_media":4793,"comment_status":"open","ping_status":"open","sticky":false,"template":"","format":"standard","meta":{"_jetpack_memberships_contains_paid_content":false,"footnotes":"","jetpack_publicize_message":"","jetpack_publicize_feature_enabled":true,"jetpack_social_post_already_shared":false,"jetpack_social_options":{"image_generator_settings":{"template":"highway","default_image_id":0,"enabled":false},"version":2}},"categories":[28,81],"tags":[],"class_list":["post-4792","post","type-post","status-publish","format-standard","has-post-thumbnail","hentry","category-cotidiano","category-manchete"],"yoast_head":"<!-- This site is optimized with the Yoast SEO plugin v25.6 - https:\/\/yoast.com\/wordpress\/plugins\/seo\/ -->\n<title>Elei\u00e7\u00f5es: Franca j\u00e1 tem 9 nomes para prefeitura - VerdadeOn<\/title>\n<meta name=\"robots\" content=\"index, follow, max-snippet:-1, max-image-preview:large, max-video-preview:-1\" \/>\n<link rel=\"canonical\" href=\"https:\/\/verdadeon.com.br\/portal\/2020\/03\/10\/eleicoes-franca-ja-tem-9-nomes-para-prefeitura\/\" \/>\n<meta property=\"og:locale\" content=\"pt_BR\" \/>\n<meta property=\"og:type\" content=\"article\" \/>\n<meta property=\"og:title\" content=\"Elei\u00e7\u00f5es: Franca j\u00e1 tem 9 nomes para prefeitura - VerdadeOn\" \/>\n<meta property=\"og:description\" content=\"Partidos come\u00e7am a definir estrat\u00e9gias para corrida eleitoral Reportagem Fernando de Paula Adermis Marini; Alexandre Ferreira; Fl\u00e1via Lancha; Gilson de Souza; Ismar Tavares; Jo\u00e3o Rocha; Mar\u00edlia [\u2026]\" \/>\n<meta property=\"og:url\" content=\"https:\/\/verdadeon.com.br\/portal\/2020\/03\/10\/eleicoes-franca-ja-tem-9-nomes-para-prefeitura\/\" \/>\n<meta property=\"og:site_name\" content=\"VerdadeOn\" \/>\n<meta property=\"article:published_time\" content=\"2020-03-10T10:30:31+00:00\" \/>\n<meta property=\"og:image\" content=\"https:\/\/verdadeon.com.br\/portal\/wp-content\/uploads\/2020\/03\/Prefeitura-fachada-foto-Lindomar-Cailton-2.jpg\" \/>\n\t<meta property=\"og:image:width\" content=\"1000\" \/>\n\t<meta property=\"og:image:height\" content=\"668\" \/>\n\t<meta property=\"og:image:type\" content=\"image\/jpeg\" \/>\n<meta name=\"author\" content=\"Redacao VerdadeOn\" \/>\n<meta name=\"twitter:card\" content=\"summary_large_image\" \/>\n<meta name=\"twitter:label1\" content=\"Escrito por\" \/>\n\t<meta name=\"twitter:data1\" content=\"Redacao VerdadeOn\" \/>\n\t<meta name=\"twitter:label2\" content=\"Est. tempo de leitura\" \/>\n\t<meta name=\"twitter:data2\" content=\"2 minutos\" \/>\n<script type=\"application\/ld+json\" class=\"yoast-schema-graph\">{\"@context\":\"https:\/\/schema.org\",\"@graph\":[{\"@type\":\"WebPage\",\"@id\":\"https:\/\/verdadeon.com.br\/portal\/2020\/03\/10\/eleicoes-franca-ja-tem-9-nomes-para-prefeitura\/\",\"url\":\"https:\/\/verdadeon.com.br\/portal\/2020\/03\/10\/eleicoes-franca-ja-tem-9-nomes-para-prefeitura\/\",\"name\":\"Elei\u00e7\u00f5es: Franca j\u00e1 tem 9 nomes para prefeitura - VerdadeOn\",\"isPartOf\":{\"@id\":\"https:\/\/verdadeon.com.br\/portal\/#website\"},\"primaryImageOfPage\":{\"@id\":\"https:\/\/verdadeon.com.br\/portal\/2020\/03\/10\/eleicoes-franca-ja-tem-9-nomes-para-prefeitura\/#primaryimage\"},\"image\":{\"@id\":\"https:\/\/verdadeon.com.br\/portal\/2020\/03\/10\/eleicoes-franca-ja-tem-9-nomes-para-prefeitura\/#primaryimage\"},\"thumbnailUrl\":\"https:\/\/i0.wp.com\/verdadeon.com.br\/portal\/wp-content\/uploads\/2020\/03\/Prefeitura-fachada-foto-Lindomar-Cailton-2.jpg?fit=1000%2C668&ssl=1\",\"datePublished\":\"2020-03-10T10:30:31+00:00\",\"author\":{\"@id\":\"https:\/\/verdadeon.com.br\/portal\/#\/schema\/person\/a5060ad1e9ea3df545188fc93ce43d2f\"},\"breadcrumb\":{\"@id\":\"https:\/\/verdadeon.com.br\/portal\/2020\/03\/10\/eleicoes-franca-ja-tem-9-nomes-para-prefeitura\/#breadcrumb\"},\"inLanguage\":\"pt-BR\",\"potentialAction\":[{\"@type\":\"ReadAction\",\"target\":[\"https:\/\/verdadeon.com.br\/portal\/2020\/03\/10\/eleicoes-franca-ja-tem-9-nomes-para-prefeitura\/\"]}]},{\"@type\":\"ImageObject\",\"inLanguage\":\"pt-BR\",\"@id\":\"https:\/\/verdadeon.com.br\/portal\/2020\/03\/10\/eleicoes-franca-ja-tem-9-nomes-para-prefeitura\/#primaryimage\",\"url\":\"https:\/\/i0.wp.com\/verdadeon.com.br\/portal\/wp-content\/uploads\/2020\/03\/Prefeitura-fachada-foto-Lindomar-Cailton-2.jpg?fit=1000%2C668&ssl=1\",\"contentUrl\":\"https:\/\/i0.wp.com\/verdadeon.com.br\/portal\/wp-content\/uploads\/2020\/03\/Prefeitura-fachada-foto-Lindomar-Cailton-2.jpg?fit=1000%2C668&ssl=1\",\"width\":1000,\"height\":668,\"caption\":\"Corrida - Cargo de prefeito em Franca j\u00e1 tem nove postulantes at\u00e9 o momento. No \u00faltimo domingo (8), PSDB reafirmou o nome de Adermis Marini como candidato da legenda | Foto: Lindomar Cailton\"},{\"@type\":\"BreadcrumbList\",\"@id\":\"https:\/\/verdadeon.com.br\/portal\/2020\/03\/10\/eleicoes-franca-ja-tem-9-nomes-para-prefeitura\/#breadcrumb\",\"itemListElement\":[{\"@type\":\"ListItem\",\"position\":1,\"name\":\"In\u00edcio\",\"item\":\"https:\/\/verdadeon.com.br\/portal\/\"},{\"@type\":\"ListItem\",\"position\":2,\"name\":\"Elei\u00e7\u00f5es: Franca j\u00e1 tem 9 nomes para prefeitura\"}]},{\"@type\":\"WebSite\",\"@id\":\"https:\/\/verdadeon.com.br\/portal\/#website\",\"url\":\"https:\/\/verdadeon.com.br\/portal\/\",\"name\":\"VerdadeOn\",\"description\":\"Not\u00edcias di\u00e1rias sobre Franca, Regi\u00e3o, Esporte, Cultura, Cotidiano, Colunas. Cobertura nos principais eventos da cidade \u00e9 aqui - Verdadeon Franca\",\"potentialAction\":[{\"@type\":\"SearchAction\",\"target\":{\"@type\":\"EntryPoint\",\"urlTemplate\":\"https:\/\/verdadeon.com.br\/portal\/?s={search_term_string}\"},\"query-input\":{\"@type\":\"PropertyValueSpecification\",\"valueRequired\":true,\"valueName\":\"search_term_string\"}}],\"inLanguage\":\"pt-BR\"},{\"@type\":\"Person\",\"@id\":\"https:\/\/verdadeon.com.br\/portal\/#\/schema\/person\/a5060ad1e9ea3df545188fc93ce43d2f\",\"name\":\"Redacao VerdadeOn\",\"image\":{\"@type\":\"ImageObject\",\"inLanguage\":\"pt-BR\",\"@id\":\"https:\/\/verdadeon.com.br\/portal\/#\/schema\/person\/image\/\",\"url\":\"https:\/\/secure.gravatar.com\/avatar\/459a9613caaaf07f582c3d0841eea68bdd66f533e465e6ba8b9cb45619572cf4?s=96&d=mm&r=g\",\"contentUrl\":\"https:\/\/secure.gravatar.com\/avatar\/459a9613caaaf07f582c3d0841eea68bdd66f533e465e6ba8b9cb45619572cf4?s=96&d=mm&r=g\",\"caption\":\"Redacao VerdadeOn\"},\"url\":\"https:\/\/verdadeon.com.br\/portal\/author\/redacao\/\"}]}<\/script>\n<!-- \/ Yoast SEO plugin. -->","yoast_head_json":{"title":"Elei\u00e7\u00f5es: Franca j\u00e1 tem 9 nomes para prefeitura - VerdadeOn","robots":{"index":"index","follow":"follow","max-snippet":"max-snippet:-1","max-image-preview":"max-image-preview:large","max-video-preview":"max-video-preview:-1"},"canonical":"https:\/\/verdadeon.com.br\/portal\/2020\/03\/10\/eleicoes-franca-ja-tem-9-nomes-para-prefeitura\/","og_locale":"pt_BR","og_type":"article","og_title":"Elei\u00e7\u00f5es: Franca j\u00e1 tem 9 nomes para prefeitura - VerdadeOn","og_description":"Partidos come\u00e7am a definir estrat\u00e9gias para corrida eleitoral Reportagem Fernando de Paula Adermis Marini; Alexandre Ferreira; Fl\u00e1via Lancha; Gilson de Souza; Ismar Tavares; Jo\u00e3o Rocha; Mar\u00edlia [\u2026]","og_url":"https:\/\/verdadeon.com.br\/portal\/2020\/03\/10\/eleicoes-franca-ja-tem-9-nomes-para-prefeitura\/","og_site_name":"VerdadeOn","article_published_time":"2020-03-10T10:30:31+00:00","og_image":[{"width":1000,"height":668,"url":"https:\/\/verdadeon.com.br\/portal\/wp-content\/uploads\/2020\/03\/Prefeitura-fachada-foto-Lindomar-Cailton-2.jpg","type":"image\/jpeg"}],"author":"Redacao VerdadeOn","twitter_card":"summary_large_image","twitter_misc":{"Escrito por":"Redacao VerdadeOn","Est. tempo de leitura":"2 minutos"},"schema":{"@context":"https:\/\/schema.org","@graph":[{"@type":"WebPage","@id":"https:\/\/verdadeon.com.br\/portal\/2020\/03\/10\/eleicoes-franca-ja-tem-9-nomes-para-prefeitura\/","url":"https:\/\/verdadeon.com.br\/portal\/2020\/03\/10\/eleicoes-franca-ja-tem-9-nomes-para-prefeitura\/","name":"Elei\u00e7\u00f5es: Franca j\u00e1 tem 9 nomes para prefeitura - VerdadeOn","isPartOf":{"@id":"https:\/\/verdadeon.com.br\/portal\/#website"},"primaryImageOfPage":{"@id":"https:\/\/verdadeon.com.br\/portal\/2020\/03\/10\/eleicoes-franca-ja-tem-9-nomes-para-prefeitura\/#primaryimage"},"image":{"@id":"https:\/\/verdadeon.com.br\/portal\/2020\/03\/10\/eleicoes-franca-ja-tem-9-nomes-para-prefeitura\/#primaryimage"},"thumbnailUrl":"https:\/\/i0.wp.com\/verdadeon.com.br\/portal\/wp-content\/uploads\/2020\/03\/Prefeitura-fachada-foto-Lindomar-Cailton-2.jpg?fit=1000%2C668&ssl=1","datePublished":"2020-03-10T10:30:31+00:00","author":{"@id":"https:\/\/verdadeon.com.br\/portal\/#\/schema\/person\/a5060ad1e9ea3df545188fc93ce43d2f"},"breadcrumb":{"@id":"https:\/\/verdadeon.com.br\/portal\/2020\/03\/10\/eleicoes-franca-ja-tem-9-nomes-para-prefeitura\/#breadcrumb"},"inLanguage":"pt-BR","potentialAction":[{"@type":"ReadAction","target":["https:\/\/verdadeon.com.br\/portal\/2020\/03\/10\/eleicoes-franca-ja-tem-9-nomes-para-prefeitura\/"]}]},{"@type":"ImageObject","inLanguage":"pt-BR","@id":"https:\/\/verdadeon.com.br\/portal\/2020\/03\/10\/eleicoes-franca-ja-tem-9-nomes-para-prefeitura\/#primaryimage","url":"https:\/\/i0.wp.com\/verdadeon.com.br\/portal\/wp-content\/uploads\/2020\/03\/Prefeitura-fachada-foto-Lindomar-Cailton-2.jpg?fit=1000%2C668&ssl=1","contentUrl":"https:\/\/i0.wp.com\/verdadeon.com.br\/portal\/wp-content\/uploads\/2020\/03\/Prefeitura-fachada-foto-Lindomar-Cailton-2.jpg?fit=1000%2C668&ssl=1","width":1000,"height":668,"caption":"Corrida - Cargo de prefeito em Franca j\u00e1 tem nove postulantes at\u00e9 o momento. No \u00faltimo domingo (8), PSDB reafirmou o nome de Adermis Marini como candidato da legenda | Foto: Lindomar Cailton"},{"@type":"BreadcrumbList","@id":"https:\/\/verdadeon.com.br\/portal\/2020\/03\/10\/eleicoes-franca-ja-tem-9-nomes-para-prefeitura\/#breadcrumb","itemListElement":[{"@type":"ListItem","position":1,"name":"In\u00edcio","item":"https:\/\/verdadeon.com.br\/portal\/"},{"@type":"ListItem","position":2,"name":"Elei\u00e7\u00f5es: Franca j\u00e1 tem 9 nomes para prefeitura"}]},{"@type":"WebSite","@id":"https:\/\/verdadeon.com.br\/portal\/#website","url":"https:\/\/verdadeon.com.br\/portal\/","name":"VerdadeOn","description":"Not\u00edcias di\u00e1rias sobre Franca, Regi\u00e3o, Esporte, Cultura, Cotidiano, Colunas. Cobertura nos principais eventos da cidade \u00e9 aqui - Verdadeon Franca","potentialAction":[{"@type":"SearchAction","target":{"@type":"EntryPoint","urlTemplate":"https:\/\/verdadeon.com.br\/portal\/?s={search_term_string}"},"query-input":{"@type":"PropertyValueSpecification","valueRequired":true,"valueName":"search_term_string"}}],"inLanguage":"pt-BR"},{"@type":"Person","@id":"https:\/\/verdadeon.com.br\/portal\/#\/schema\/person\/a5060ad1e9ea3df545188fc93ce43d2f","name":"Redacao VerdadeOn","image":{"@type":"ImageObject","inLanguage":"pt-BR","@id":"https:\/\/verdadeon.com.br\/portal\/#\/schema\/person\/image\/","url":"https:\/\/secure.gravatar.com\/avatar\/459a9613caaaf07f582c3d0841eea68bdd66f533e465e6ba8b9cb45619572cf4?s=96&d=mm&r=g","contentUrl":"https:\/\/secure.gravatar.com\/avatar\/459a9613caaaf07f582c3d0841eea68bdd66f533e465e6ba8b9cb45619572cf4?s=96&d=mm&r=g","caption":"Redacao VerdadeOn"},"url":"https:\/\/verdadeon.com.br\/portal\/author\/redacao\/"}]}},"jetpack_publicize_connections":[],"jetpack_featured_media_url":"https:\/\/i0.wp.com\/verdadeon.com.br\/portal\/wp-content\/uploads\/2020\/03\/Prefeitura-fachada-foto-Lindomar-Cailton-2.jpg?fit=1000%2C668&ssl=1","jetpack_sharing_enabled":true,"_links":{"self":[{"href":"https:\/\/verdadeon.com.br\/portal\/wp-json\/wp\/v2\/posts\/4792","targetHints":{"allow":["GET"]}}],"collection":[{"href":"https:\/\/verdadeon.com.br\/portal\/wp-json\/wp\/v2\/posts"}],"about":[{"href":"https:\/\/verdadeon.com.br\/portal\/wp-json\/wp\/v2\/types\/post"}],"author":[{"embeddable":true,"href":"https:\/\/verdadeon.com.br\/portal\/wp-json\/wp\/v2\/users\/10"}],"replies":[{"embeddable":true,"href":"https:\/\/verdadeon.com.br\/portal\/wp-json\/wp\/v2\/comments?post=4792"}],"version-history":[{"count":0,"href":"https:\/\/verdadeon.com.br\/portal\/wp-json\/wp\/v2\/posts\/4792\/revisions"}],"wp:featuredmedia":[{"embeddable":true,"href":"https:\/\/verdadeon.com.br\/portal\/wp-json\/wp\/v2\/media\/4793"}],"wp:attachment":[{"href":"https:\/\/verdadeon.com.br\/portal\/wp-json\/wp\/v2\/media?parent=4792"}],"wp:term":[{"taxonomy":"category","embeddable":true,"href":"https:\/\/verdadeon.com.br\/portal\/wp-json\/wp\/v2\/categories?post=4792"},{"taxonomy":"post_tag","embeddable":true,"href":"https:\/\/verdadeon.com.br\/portal\/wp-json\/wp\/v2\/tags?post=4792"}],"curies":[{"name":"wp","href":"https:\/\/api.w.org\/{rel}","templated":true}]}}