{"id":47914,"date":"2024-08-01T12:04:53","date_gmt":"2024-08-01T15:04:53","guid":{"rendered":"https:\/\/verdadeon.com.br\/portal\/?p=47914"},"modified":"2024-08-01T12:04:53","modified_gmt":"2024-08-01T15:04:53","slug":"prefeitura-abre-chamamento-publico-para-gestao-do-bosque-dos-angicos","status":"publish","type":"post","link":"https:\/\/verdadeon.com.br\/portal\/2024\/08\/01\/prefeitura-abre-chamamento-publico-para-gestao-do-bosque-dos-angicos\/","title":{"rendered":"Prefeitura abre chamamento p\u00fablico para gest\u00e3o do &#8216;Bosque dos Angicos&#8217;"},"content":{"rendered":"<h2>Interessados dever\u00e3o apresentar as propostas no per\u00edodo de 1\u00ba a 31 de agosto, no hor\u00e1rio de 08h30 \u00e0s 16 horas, na sede da Secretaria de Meio Ambiente<\/h2>\n<p>A Secretaria de Meio Ambiente abriu Chamamento P\u00fablico para a sele\u00e7\u00e3o de organiza\u00e7\u00e3o da sociedade civil para firmar parceria, por meio de Termo de Colabora\u00e7\u00e3o, para o servi\u00e7o de gest\u00e3o do Parque Ecol\u00f3gico &#8220;Sebasti\u00e3o Branquinho&#8221;, conhecido como &#8216;Bosque dos Angicos&#8217;, localizado no Bairro S\u00e3o Joaquim. O extrato do edital foi publicado no Di\u00e1rio Oficial do Munic\u00edpio desta quarta-feira, 31. O documento completo poder\u00e1 ser conferido no Portal da Transpar\u00eancia, no link\u00a0<a href=\"https:\/\/www.franca.sp.gov.br\/portal-transparencia\/paginas\/publica\/consulta_licitacao.xhtml?ano=2024&amp;mod=9&amp;num=6\" target=\"_blank\" rel=\"noopener\" data-saferedirecturl=\"https:\/\/www.google.com\/url?q=https:\/\/www.franca.sp.gov.br\/portal-transparencia\/paginas\/publica\/consulta_licitacao.xhtml?ano%3D2024%26mod%3D9%26num%3D6&amp;source=gmail&amp;ust=1722605005503000&amp;usg=AOvVaw2pRtQ74-bH75MmKdNG0hXp\">https:\/\/www.franca.sp.gov.br\/<wbr \/>portal-transparencia\/paginas\/<wbr \/>publica\/consulta_licitacao.<wbr \/>xhtml?ano=2024&amp;mod=9&amp;num=6<\/a>\u00a0.<\/p>\n<p>Poder\u00e3o participar do processo, as organiza\u00e7\u00f5es da sociedade civil (OSCs), que tenham objetivos voltados \u00e0 promo\u00e7\u00e3o de atividades e finalidades de relev\u00e2ncia p\u00fablica e social; em caso de dissolu\u00e7\u00e3o da entidade, o respectivo patrim\u00f4nio l\u00edquido seja transferido a outra pessoa jur\u00eddica de igual natureza que preencha os requisitos desta lei e cujo objeto social seja, preferencialmente, o mesmo da entidade extinta; tenham escritura\u00e7\u00e3o de acordo com os princ\u00edpios fundamentais de contabilidade e com as Normas Brasileiras de Contabilidade; possua no m\u00ednimo um ano de exist\u00eancia, com cadastro ativo, comprovados por meio de documenta\u00e7\u00e3o emitida pela Secretaria da Receita Federal do Brasil, com base no Cadastro Nacional da Pessoa Jur\u00eddica (CNPJ); possua experi\u00eancia pr\u00e9via na realiza\u00e7\u00e3o, com efetividade, do objeto da parceria ou de natureza semelhante; possua instala\u00e7\u00f5es, condi\u00e7\u00f5es materiais e capacidade t\u00e9cnica e operacional para o desenvolvimento das atividades previstas e o cumprimento das metas estabelecidas; sejam sediadas ou com representa\u00e7\u00e3o atuante e reconhecida na cidade h\u00e1, no m\u00ednimo, um ano, e que comprovem atua\u00e7\u00e3o em atividades correlatas ao objeto do edital.<\/p>\n<p>Os interessados dever\u00e3o apresentar as propostas no per\u00edodo de 1\u00ba a 31 de agosto, no hor\u00e1rio de 08h30 \u00e0s 16 horas, na sede da Secretaria de Meio Ambiente, que fica na avenida Nazira Aidar, 2400 &#8211; Jardim Redentor, contendo a documenta\u00e7\u00e3o exigida no edital e um plano de trabalho, contemplando as descri\u00e7\u00f5es dos objetivos do projeto, identificando as a\u00e7\u00f5es que devem ser cumpridas, cronograma de execu\u00e7\u00e3o de metas a serem atingidas, previs\u00e3o de receitas e de despesas a serem realizadas, aplica\u00e7\u00e3o dos recursos, dentre outros.<\/p>\n<p>A entidade vencedora ser\u00e1 respons\u00e1vel pela administra\u00e7\u00e3o do parque, onde dever\u00e1 disponibilizar servi\u00e7os de m\u00e3o-de-obra de limpeza, jardinagem e seguran\u00e7a, diariamente, incluindo finais de semana, feriados e suas emendas, \u00a0respeitando as leis e encargos trabalhistas, em que os trabalhadores s\u00e3o contratados para cumprir jornada de 44 horas semanais; previs\u00e3o de projetos e a\u00e7\u00f5es que valorizem e promovam a sa\u00fade, bem-estar, atividades educacionais, culturais, comunit\u00e1rias, de integra\u00e7\u00e3o social e de conscientiza\u00e7\u00e3o ambiental dos visitantes, visando melhorias para o atendimento dos visitantes, no hor\u00e1rio das 7 \u00e0s 19 horas, de segunda-feira a domingos e feriados. O prazo de vig\u00eancia do Termo de Colabora\u00e7\u00e3o ser\u00e1 de 12 meses a contar da data de assinatura, podendo ser prorrogado at\u00e9 o limite m\u00e1ximo de 60 meses, com transfer\u00eancia de recursos no valor de at\u00e9 R$ 217.053,60.<\/p>\n<p>O resultado do chamamento p\u00fablico ser\u00e1 publicado no Di\u00e1rio Of\u00edcial do Munic\u00edpio.<\/p>\n","protected":false},"excerpt":{"rendered":"<p>Interessados dever\u00e3o apresentar as propostas no per\u00edodo de 1\u00ba a 31 de agosto, no hor\u00e1rio de 08h30 \u00e0s 16 horas, na sede da Secretaria de Meio<span class=\"excerpt-hellip\"> [\u2026]<\/span><\/p>\n","protected":false},"author":10,"featured_media":47915,"comment_status":"open","ping_status":"open","sticky":false,"template":"","format":"standard","meta":{"_jetpack_memberships_contains_paid_content":false,"footnotes":"","jetpack_publicize_message":"","jetpack_publicize_feature_enabled":true,"jetpack_social_post_already_shared":true,"jetpack_social_options":{"image_generator_settings":{"template":"highway","default_image_id":0,"enabled":false},"version":2}},"categories":[28,44],"tags":[],"class_list":["post-47914","post","type-post","status-publish","format-standard","has-post-thumbnail","hentry","category-cotidiano","category-noticias"],"yoast_head":"<!-- This site is optimized with the Yoast SEO plugin v25.6 - https:\/\/yoast.com\/wordpress\/plugins\/seo\/ -->\n<title>Prefeitura abre chamamento p\u00fablico para gest\u00e3o do &#039;Bosque dos Angicos&#039; - VerdadeOn<\/title>\n<meta name=\"robots\" content=\"index, follow, max-snippet:-1, max-image-preview:large, max-video-preview:-1\" \/>\n<link rel=\"canonical\" href=\"https:\/\/verdadeon.com.br\/portal\/2024\/08\/01\/prefeitura-abre-chamamento-publico-para-gestao-do-bosque-dos-angicos\/\" \/>\n<meta property=\"og:locale\" content=\"pt_BR\" \/>\n<meta property=\"og:type\" content=\"article\" \/>\n<meta property=\"og:title\" content=\"Prefeitura abre chamamento p\u00fablico para gest\u00e3o do &#039;Bosque dos Angicos&#039; - VerdadeOn\" \/>\n<meta property=\"og:description\" content=\"Interessados dever\u00e3o apresentar as propostas no per\u00edodo de 1\u00ba a 31 de agosto, no hor\u00e1rio de 08h30 \u00e0s 16 horas, na sede da Secretaria de Meio [\u2026]\" \/>\n<meta property=\"og:url\" content=\"https:\/\/verdadeon.com.br\/portal\/2024\/08\/01\/prefeitura-abre-chamamento-publico-para-gestao-do-bosque-dos-angicos\/\" \/>\n<meta property=\"og:site_name\" content=\"VerdadeOn\" \/>\n<meta property=\"article:published_time\" content=\"2024-08-01T15:04:53+00:00\" \/>\n<meta property=\"og:image\" content=\"https:\/\/verdadeon.com.br\/portal\/wp-content\/uploads\/2024\/08\/Bosque-dos-Angicos-scaled.jpg\" \/>\n\t<meta property=\"og:image:width\" content=\"2560\" \/>\n\t<meta property=\"og:image:height\" content=\"1715\" \/>\n\t<meta property=\"og:image:type\" content=\"image\/jpeg\" \/>\n<meta name=\"author\" content=\"Redacao VerdadeOn\" \/>\n<meta name=\"twitter:card\" content=\"summary_large_image\" \/>\n<meta name=\"twitter:label1\" content=\"Escrito por\" \/>\n\t<meta name=\"twitter:data1\" content=\"Redacao VerdadeOn\" \/>\n\t<meta name=\"twitter:label2\" content=\"Est. tempo de leitura\" \/>\n\t<meta name=\"twitter:data2\" content=\"3 minutos\" \/>\n<script type=\"application\/ld+json\" class=\"yoast-schema-graph\">{\"@context\":\"https:\/\/schema.org\",\"@graph\":[{\"@type\":\"WebPage\",\"@id\":\"https:\/\/verdadeon.com.br\/portal\/2024\/08\/01\/prefeitura-abre-chamamento-publico-para-gestao-do-bosque-dos-angicos\/\",\"url\":\"https:\/\/verdadeon.com.br\/portal\/2024\/08\/01\/prefeitura-abre-chamamento-publico-para-gestao-do-bosque-dos-angicos\/\",\"name\":\"Prefeitura abre chamamento p\u00fablico para gest\u00e3o do 'Bosque dos Angicos' - VerdadeOn\",\"isPartOf\":{\"@id\":\"https:\/\/verdadeon.com.br\/portal\/#website\"},\"primaryImageOfPage\":{\"@id\":\"https:\/\/verdadeon.com.br\/portal\/2024\/08\/01\/prefeitura-abre-chamamento-publico-para-gestao-do-bosque-dos-angicos\/#primaryimage\"},\"image\":{\"@id\":\"https:\/\/verdadeon.com.br\/portal\/2024\/08\/01\/prefeitura-abre-chamamento-publico-para-gestao-do-bosque-dos-angicos\/#primaryimage\"},\"thumbnailUrl\":\"https:\/\/i0.wp.com\/verdadeon.com.br\/portal\/wp-content\/uploads\/2024\/08\/Bosque-dos-Angicos-scaled.jpg?fit=2560%2C1715&ssl=1\",\"datePublished\":\"2024-08-01T15:04:53+00:00\",\"author\":{\"@id\":\"https:\/\/verdadeon.com.br\/portal\/#\/schema\/person\/a5060ad1e9ea3df545188fc93ce43d2f\"},\"breadcrumb\":{\"@id\":\"https:\/\/verdadeon.com.br\/portal\/2024\/08\/01\/prefeitura-abre-chamamento-publico-para-gestao-do-bosque-dos-angicos\/#breadcrumb\"},\"inLanguage\":\"pt-BR\",\"potentialAction\":[{\"@type\":\"ReadAction\",\"target\":[\"https:\/\/verdadeon.com.br\/portal\/2024\/08\/01\/prefeitura-abre-chamamento-publico-para-gestao-do-bosque-dos-angicos\/\"]}]},{\"@type\":\"ImageObject\",\"inLanguage\":\"pt-BR\",\"@id\":\"https:\/\/verdadeon.com.br\/portal\/2024\/08\/01\/prefeitura-abre-chamamento-publico-para-gestao-do-bosque-dos-angicos\/#primaryimage\",\"url\":\"https:\/\/i0.wp.com\/verdadeon.com.br\/portal\/wp-content\/uploads\/2024\/08\/Bosque-dos-Angicos-scaled.jpg?fit=2560%2C1715&ssl=1\",\"contentUrl\":\"https:\/\/i0.wp.com\/verdadeon.com.br\/portal\/wp-content\/uploads\/2024\/08\/Bosque-dos-Angicos-scaled.jpg?fit=2560%2C1715&ssl=1\",\"width\":2560,\"height\":1715,\"caption\":\"Parque Ecol\u00f3gico \\\"Sebasti\u00e3o Branquinho\\\", o 'Bosque dos Angicos', localizado no Bairro S\u00e3o Joaquim (\u00a9Divulga\u00e7\u00e3o)\"},{\"@type\":\"BreadcrumbList\",\"@id\":\"https:\/\/verdadeon.com.br\/portal\/2024\/08\/01\/prefeitura-abre-chamamento-publico-para-gestao-do-bosque-dos-angicos\/#breadcrumb\",\"itemListElement\":[{\"@type\":\"ListItem\",\"position\":1,\"name\":\"In\u00edcio\",\"item\":\"https:\/\/verdadeon.com.br\/portal\/\"},{\"@type\":\"ListItem\",\"position\":2,\"name\":\"Prefeitura abre chamamento p\u00fablico para gest\u00e3o do &#8216;Bosque dos Angicos&#8217;\"}]},{\"@type\":\"WebSite\",\"@id\":\"https:\/\/verdadeon.com.br\/portal\/#website\",\"url\":\"https:\/\/verdadeon.com.br\/portal\/\",\"name\":\"VerdadeOn\",\"description\":\"Not\u00edcias di\u00e1rias sobre Franca, Regi\u00e3o, Esporte, Cultura, Cotidiano, Colunas. Cobertura nos principais eventos da cidade \u00e9 aqui - Verdadeon Franca\",\"potentialAction\":[{\"@type\":\"SearchAction\",\"target\":{\"@type\":\"EntryPoint\",\"urlTemplate\":\"https:\/\/verdadeon.com.br\/portal\/?s={search_term_string}\"},\"query-input\":{\"@type\":\"PropertyValueSpecification\",\"valueRequired\":true,\"valueName\":\"search_term_string\"}}],\"inLanguage\":\"pt-BR\"},{\"@type\":\"Person\",\"@id\":\"https:\/\/verdadeon.com.br\/portal\/#\/schema\/person\/a5060ad1e9ea3df545188fc93ce43d2f\",\"name\":\"Redacao VerdadeOn\",\"image\":{\"@type\":\"ImageObject\",\"inLanguage\":\"pt-BR\",\"@id\":\"https:\/\/verdadeon.com.br\/portal\/#\/schema\/person\/image\/\",\"url\":\"https:\/\/secure.gravatar.com\/avatar\/459a9613caaaf07f582c3d0841eea68bdd66f533e465e6ba8b9cb45619572cf4?s=96&d=mm&r=g\",\"contentUrl\":\"https:\/\/secure.gravatar.com\/avatar\/459a9613caaaf07f582c3d0841eea68bdd66f533e465e6ba8b9cb45619572cf4?s=96&d=mm&r=g\",\"caption\":\"Redacao VerdadeOn\"},\"url\":\"https:\/\/verdadeon.com.br\/portal\/author\/redacao\/\"}]}<\/script>\n<!-- \/ Yoast SEO plugin. -->","yoast_head_json":{"title":"Prefeitura abre chamamento p\u00fablico para gest\u00e3o do 'Bosque dos Angicos' - VerdadeOn","robots":{"index":"index","follow":"follow","max-snippet":"max-snippet:-1","max-image-preview":"max-image-preview:large","max-video-preview":"max-video-preview:-1"},"canonical":"https:\/\/verdadeon.com.br\/portal\/2024\/08\/01\/prefeitura-abre-chamamento-publico-para-gestao-do-bosque-dos-angicos\/","og_locale":"pt_BR","og_type":"article","og_title":"Prefeitura abre chamamento p\u00fablico para gest\u00e3o do 'Bosque dos Angicos' - VerdadeOn","og_description":"Interessados dever\u00e3o apresentar as propostas no per\u00edodo de 1\u00ba a 31 de agosto, no hor\u00e1rio de 08h30 \u00e0s 16 horas, na sede da Secretaria de Meio [\u2026]","og_url":"https:\/\/verdadeon.com.br\/portal\/2024\/08\/01\/prefeitura-abre-chamamento-publico-para-gestao-do-bosque-dos-angicos\/","og_site_name":"VerdadeOn","article_published_time":"2024-08-01T15:04:53+00:00","og_image":[{"width":2560,"height":1715,"url":"https:\/\/verdadeon.com.br\/portal\/wp-content\/uploads\/2024\/08\/Bosque-dos-Angicos-scaled.jpg","type":"image\/jpeg"}],"author":"Redacao VerdadeOn","twitter_card":"summary_large_image","twitter_misc":{"Escrito por":"Redacao VerdadeOn","Est. tempo de leitura":"3 minutos"},"schema":{"@context":"https:\/\/schema.org","@graph":[{"@type":"WebPage","@id":"https:\/\/verdadeon.com.br\/portal\/2024\/08\/01\/prefeitura-abre-chamamento-publico-para-gestao-do-bosque-dos-angicos\/","url":"https:\/\/verdadeon.com.br\/portal\/2024\/08\/01\/prefeitura-abre-chamamento-publico-para-gestao-do-bosque-dos-angicos\/","name":"Prefeitura abre chamamento p\u00fablico para gest\u00e3o do 'Bosque dos Angicos' - VerdadeOn","isPartOf":{"@id":"https:\/\/verdadeon.com.br\/portal\/#website"},"primaryImageOfPage":{"@id":"https:\/\/verdadeon.com.br\/portal\/2024\/08\/01\/prefeitura-abre-chamamento-publico-para-gestao-do-bosque-dos-angicos\/#primaryimage"},"image":{"@id":"https:\/\/verdadeon.com.br\/portal\/2024\/08\/01\/prefeitura-abre-chamamento-publico-para-gestao-do-bosque-dos-angicos\/#primaryimage"},"thumbnailUrl":"https:\/\/i0.wp.com\/verdadeon.com.br\/portal\/wp-content\/uploads\/2024\/08\/Bosque-dos-Angicos-scaled.jpg?fit=2560%2C1715&ssl=1","datePublished":"2024-08-01T15:04:53+00:00","author":{"@id":"https:\/\/verdadeon.com.br\/portal\/#\/schema\/person\/a5060ad1e9ea3df545188fc93ce43d2f"},"breadcrumb":{"@id":"https:\/\/verdadeon.com.br\/portal\/2024\/08\/01\/prefeitura-abre-chamamento-publico-para-gestao-do-bosque-dos-angicos\/#breadcrumb"},"inLanguage":"pt-BR","potentialAction":[{"@type":"ReadAction","target":["https:\/\/verdadeon.com.br\/portal\/2024\/08\/01\/prefeitura-abre-chamamento-publico-para-gestao-do-bosque-dos-angicos\/"]}]},{"@type":"ImageObject","inLanguage":"pt-BR","@id":"https:\/\/verdadeon.com.br\/portal\/2024\/08\/01\/prefeitura-abre-chamamento-publico-para-gestao-do-bosque-dos-angicos\/#primaryimage","url":"https:\/\/i0.wp.com\/verdadeon.com.br\/portal\/wp-content\/uploads\/2024\/08\/Bosque-dos-Angicos-scaled.jpg?fit=2560%2C1715&ssl=1","contentUrl":"https:\/\/i0.wp.com\/verdadeon.com.br\/portal\/wp-content\/uploads\/2024\/08\/Bosque-dos-Angicos-scaled.jpg?fit=2560%2C1715&ssl=1","width":2560,"height":1715,"caption":"Parque Ecol\u00f3gico \"Sebasti\u00e3o Branquinho\", o 'Bosque dos Angicos', localizado no Bairro S\u00e3o Joaquim (\u00a9Divulga\u00e7\u00e3o)"},{"@type":"BreadcrumbList","@id":"https:\/\/verdadeon.com.br\/portal\/2024\/08\/01\/prefeitura-abre-chamamento-publico-para-gestao-do-bosque-dos-angicos\/#breadcrumb","itemListElement":[{"@type":"ListItem","position":1,"name":"In\u00edcio","item":"https:\/\/verdadeon.com.br\/portal\/"},{"@type":"ListItem","position":2,"name":"Prefeitura abre chamamento p\u00fablico para gest\u00e3o do &#8216;Bosque dos Angicos&#8217;"}]},{"@type":"WebSite","@id":"https:\/\/verdadeon.com.br\/portal\/#website","url":"https:\/\/verdadeon.com.br\/portal\/","name":"VerdadeOn","description":"Not\u00edcias di\u00e1rias sobre Franca, Regi\u00e3o, Esporte, Cultura, Cotidiano, Colunas. Cobertura nos principais eventos da cidade \u00e9 aqui - Verdadeon Franca","potentialAction":[{"@type":"SearchAction","target":{"@type":"EntryPoint","urlTemplate":"https:\/\/verdadeon.com.br\/portal\/?s={search_term_string}"},"query-input":{"@type":"PropertyValueSpecification","valueRequired":true,"valueName":"search_term_string"}}],"inLanguage":"pt-BR"},{"@type":"Person","@id":"https:\/\/verdadeon.com.br\/portal\/#\/schema\/person\/a5060ad1e9ea3df545188fc93ce43d2f","name":"Redacao VerdadeOn","image":{"@type":"ImageObject","inLanguage":"pt-BR","@id":"https:\/\/verdadeon.com.br\/portal\/#\/schema\/person\/image\/","url":"https:\/\/secure.gravatar.com\/avatar\/459a9613caaaf07f582c3d0841eea68bdd66f533e465e6ba8b9cb45619572cf4?s=96&d=mm&r=g","contentUrl":"https:\/\/secure.gravatar.com\/avatar\/459a9613caaaf07f582c3d0841eea68bdd66f533e465e6ba8b9cb45619572cf4?s=96&d=mm&r=g","caption":"Redacao VerdadeOn"},"url":"https:\/\/verdadeon.com.br\/portal\/author\/redacao\/"}]}},"jetpack_publicize_connections":[],"jetpack_featured_media_url":"https:\/\/i0.wp.com\/verdadeon.com.br\/portal\/wp-content\/uploads\/2024\/08\/Bosque-dos-Angicos-scaled.jpg?fit=2560%2C1715&ssl=1","jetpack_sharing_enabled":true,"_links":{"self":[{"href":"https:\/\/verdadeon.com.br\/portal\/wp-json\/wp\/v2\/posts\/47914","targetHints":{"allow":["GET"]}}],"collection":[{"href":"https:\/\/verdadeon.com.br\/portal\/wp-json\/wp\/v2\/posts"}],"about":[{"href":"https:\/\/verdadeon.com.br\/portal\/wp-json\/wp\/v2\/types\/post"}],"author":[{"embeddable":true,"href":"https:\/\/verdadeon.com.br\/portal\/wp-json\/wp\/v2\/users\/10"}],"replies":[{"embeddable":true,"href":"https:\/\/verdadeon.com.br\/portal\/wp-json\/wp\/v2\/comments?post=47914"}],"version-history":[{"count":1,"href":"https:\/\/verdadeon.com.br\/portal\/wp-json\/wp\/v2\/posts\/47914\/revisions"}],"predecessor-version":[{"id":47916,"href":"https:\/\/verdadeon.com.br\/portal\/wp-json\/wp\/v2\/posts\/47914\/revisions\/47916"}],"wp:featuredmedia":[{"embeddable":true,"href":"https:\/\/verdadeon.com.br\/portal\/wp-json\/wp\/v2\/media\/47915"}],"wp:attachment":[{"href":"https:\/\/verdadeon.com.br\/portal\/wp-json\/wp\/v2\/media?parent=47914"}],"wp:term":[{"taxonomy":"category","embeddable":true,"href":"https:\/\/verdadeon.com.br\/portal\/wp-json\/wp\/v2\/categories?post=47914"},{"taxonomy":"post_tag","embeddable":true,"href":"https:\/\/verdadeon.com.br\/portal\/wp-json\/wp\/v2\/tags?post=47914"}],"curies":[{"name":"wp","href":"https:\/\/api.w.org\/{rel}","templated":true}]}}