{"id":47889,"date":"2024-07-31T19:35:28","date_gmt":"2024-07-31T22:35:28","guid":{"rendered":"https:\/\/verdadeon.com.br\/portal\/?p=47889"},"modified":"2024-07-31T19:35:28","modified_gmt":"2024-07-31T22:35:28","slug":"psd-franca-confirma-convencao-do-partido-para-esta-quinta-feira","status":"publish","type":"post","link":"https:\/\/verdadeon.com.br\/portal\/2024\/07\/31\/psd-franca-confirma-convencao-do-partido-para-esta-quinta-feira\/","title":{"rendered":"PSD \/Franca confirma conven\u00e7\u00e3o do partido para esta quinta-feira"},"content":{"rendered":"<h2>Conven\u00e7\u00e3o do partido para as elei\u00e7\u00f5es municipais ser\u00e1 na noite desta quinta-feira, no Hotel Comfort<\/h2>\n<p>O PSD (Partido Social Democr\u00e1tico) em Franca realiza nesta quinta-feira, dia 1\u00ba, sua Conven\u00e7\u00e3o Partid\u00e1ria para as elei\u00e7\u00f5es municipais deste ano. O partido, comandado pelo advogado Pedro Jos\u00e9 Lancha, deve confirmar o apoio \u00e0 candidatura do prefeito Alexandre Ferreira \u00e0 reelei\u00e7\u00e3o e nomes para uma vaga na C\u00e2mara Municipal.<\/p>\n<p>Segundo a empres\u00e1ria Fl\u00e1via Lancha, coordenadora regional do PSD, o partido decidiu realizar sua conven\u00e7\u00e3o em separado por conta da data escolhida pela coliga\u00e7\u00e3o de Alexandre. \u201cOs partidos decidiram que seria no dia 3 de agosto e, justamente, nesta data acontece a GIMA. N\u00e3o tinha como desmarcar\u201d, explicou. Fl\u00e1via \u00e9 idealizadora e organizadora da GIMA h\u00e1 mais de 15 anos.<\/p>\n<p>Fl\u00e1via era tida como principal advers\u00e1ria de Alexandre nestas elei\u00e7\u00f5es, mas surpreendeu a todos ao decidir abrir m\u00e3o da candidatura \u00e0 Prefeitura para apoiar a reelei\u00e7\u00e3o de seu ent\u00e3o advers\u00e1rio. \u201cFranca precisa de uni\u00e3o. Juntos, tenho certeza de que eu e o Alexandre poderemos fazer muito mais pela cidade e por nossa gente\u201d, disse.<\/p>\n<p>Al\u00e9m do apoio ao prefeito Alexandre, o PSD ainda confirmar\u00e1 uma das chapas de candidatos a vereador. Na chapa do PSD, est\u00e3o tr\u00eas dos atuais vereadores: Daniel Bassi (l\u00edder do partido na C\u00e2mara), Pastor Palamoni e Zezinho Cabeleireiro. Outros nomes s\u00e3o o ex-vereador Diretor Marcos e o empres\u00e1rio Luiz Frei. No time das mulheres, est\u00e3o a professora Andreia Braguim, a l\u00edder comunit\u00e1ria Sandra Israel, e a treinadora Marysol do Esporte.<\/p>\n<p>Fechando a chapa, ainda est\u00e3o o apresentador do podcast Dialetou, Lyniker Rafael, o servidor p\u00fablico Claudinei Castro, o empres\u00e1rio Ronaldo e a servidora municipal Irm\u00e3 Alicia. Ainda integram o time do PSD Franca Xuxa e Z\u00e9 Butina, ligados ao futebol amador, e Talida do Milho, que trabalha como ambulante. \u201cNossa expectativa \u00e9 conseguir eleger pelo menos tr\u00eas vereadores. Nosso grupo \u00e9 forte, muito dedicado e com trabalho concreto na cidade\u201d, disse o presidente.<\/p>\n<p>A Conven\u00e7\u00e3o do PSD ser\u00e1 nesta quinta-feira, a partir das 19h30, no sal\u00e3o do Restaurante Baunilha, no Comfort Hotel<\/p>\n<p>&nbsp;<\/p>\n<p>&nbsp;<\/p>\n","protected":false},"excerpt":{"rendered":"<p>Conven\u00e7\u00e3o do partido para as elei\u00e7\u00f5es municipais ser\u00e1 na noite desta quinta-feira, no Hotel Comfort O PSD (Partido Social Democr\u00e1tico) em Franca realiza nesta quinta-feira, dia<span class=\"excerpt-hellip\"> [\u2026]<\/span><\/p>\n","protected":false},"author":4,"featured_media":47890,"comment_status":"open","ping_status":"open","sticky":false,"template":"","format":"standard","meta":{"_jetpack_memberships_contains_paid_content":false,"footnotes":"","jetpack_publicize_message":"","jetpack_publicize_feature_enabled":true,"jetpack_social_post_already_shared":true,"jetpack_social_options":{"image_generator_settings":{"template":"highway","default_image_id":0,"enabled":false},"version":2}},"categories":[28],"tags":[],"class_list":["post-47889","post","type-post","status-publish","format-standard","has-post-thumbnail","hentry","category-cotidiano"],"yoast_head":"<!-- This site is optimized with the Yoast SEO plugin v25.6 - https:\/\/yoast.com\/wordpress\/plugins\/seo\/ -->\n<title>PSD \/Franca confirma conven\u00e7\u00e3o do partido para esta quinta-feira - VerdadeOn<\/title>\n<meta name=\"robots\" content=\"index, follow, max-snippet:-1, max-image-preview:large, max-video-preview:-1\" \/>\n<link rel=\"canonical\" href=\"https:\/\/verdadeon.com.br\/portal\/2024\/07\/31\/psd-franca-confirma-convencao-do-partido-para-esta-quinta-feira\/\" \/>\n<meta property=\"og:locale\" content=\"pt_BR\" \/>\n<meta property=\"og:type\" content=\"article\" \/>\n<meta property=\"og:title\" content=\"PSD \/Franca confirma conven\u00e7\u00e3o do partido para esta quinta-feira - VerdadeOn\" \/>\n<meta property=\"og:description\" content=\"Conven\u00e7\u00e3o do partido para as elei\u00e7\u00f5es municipais ser\u00e1 na noite desta quinta-feira, no Hotel Comfort O PSD (Partido Social Democr\u00e1tico) em Franca realiza nesta quinta-feira, dia [\u2026]\" \/>\n<meta property=\"og:url\" content=\"https:\/\/verdadeon.com.br\/portal\/2024\/07\/31\/psd-franca-confirma-convencao-do-partido-para-esta-quinta-feira\/\" \/>\n<meta property=\"og:site_name\" content=\"VerdadeOn\" \/>\n<meta property=\"article:published_time\" content=\"2024-07-31T22:35:28+00:00\" \/>\n<meta property=\"og:image\" content=\"https:\/\/verdadeon.com.br\/portal\/wp-content\/uploads\/2024\/07\/WhatsApp-Image-2024-07-31-at-16.37.08.jpeg\" \/>\n\t<meta property=\"og:image:width\" content=\"1280\" \/>\n\t<meta property=\"og:image:height\" content=\"960\" \/>\n\t<meta property=\"og:image:type\" content=\"image\/jpeg\" \/>\n<meta name=\"author\" content=\"Fernando Calixto\" \/>\n<meta name=\"twitter:card\" content=\"summary_large_image\" \/>\n<meta name=\"twitter:label1\" content=\"Escrito por\" \/>\n\t<meta name=\"twitter:data1\" content=\"Fernando Calixto\" \/>\n\t<meta name=\"twitter:label2\" content=\"Est. tempo de leitura\" \/>\n\t<meta name=\"twitter:data2\" content=\"2 minutos\" \/>\n<script type=\"application\/ld+json\" class=\"yoast-schema-graph\">{\"@context\":\"https:\/\/schema.org\",\"@graph\":[{\"@type\":\"WebPage\",\"@id\":\"https:\/\/verdadeon.com.br\/portal\/2024\/07\/31\/psd-franca-confirma-convencao-do-partido-para-esta-quinta-feira\/\",\"url\":\"https:\/\/verdadeon.com.br\/portal\/2024\/07\/31\/psd-franca-confirma-convencao-do-partido-para-esta-quinta-feira\/\",\"name\":\"PSD \/Franca confirma conven\u00e7\u00e3o do partido para esta quinta-feira - VerdadeOn\",\"isPartOf\":{\"@id\":\"https:\/\/verdadeon.com.br\/portal\/#website\"},\"primaryImageOfPage\":{\"@id\":\"https:\/\/verdadeon.com.br\/portal\/2024\/07\/31\/psd-franca-confirma-convencao-do-partido-para-esta-quinta-feira\/#primaryimage\"},\"image\":{\"@id\":\"https:\/\/verdadeon.com.br\/portal\/2024\/07\/31\/psd-franca-confirma-convencao-do-partido-para-esta-quinta-feira\/#primaryimage\"},\"thumbnailUrl\":\"https:\/\/i0.wp.com\/verdadeon.com.br\/portal\/wp-content\/uploads\/2024\/07\/WhatsApp-Image-2024-07-31-at-16.37.08.jpeg?fit=1280%2C960&ssl=1\",\"datePublished\":\"2024-07-31T22:35:28+00:00\",\"author\":{\"@id\":\"https:\/\/verdadeon.com.br\/portal\/#\/schema\/person\/8994718f49ee62ba5610471e29ca1f62\"},\"breadcrumb\":{\"@id\":\"https:\/\/verdadeon.com.br\/portal\/2024\/07\/31\/psd-franca-confirma-convencao-do-partido-para-esta-quinta-feira\/#breadcrumb\"},\"inLanguage\":\"pt-BR\",\"potentialAction\":[{\"@type\":\"ReadAction\",\"target\":[\"https:\/\/verdadeon.com.br\/portal\/2024\/07\/31\/psd-franca-confirma-convencao-do-partido-para-esta-quinta-feira\/\"]}]},{\"@type\":\"ImageObject\",\"inLanguage\":\"pt-BR\",\"@id\":\"https:\/\/verdadeon.com.br\/portal\/2024\/07\/31\/psd-franca-confirma-convencao-do-partido-para-esta-quinta-feira\/#primaryimage\",\"url\":\"https:\/\/i0.wp.com\/verdadeon.com.br\/portal\/wp-content\/uploads\/2024\/07\/WhatsApp-Image-2024-07-31-at-16.37.08.jpeg?fit=1280%2C960&ssl=1\",\"contentUrl\":\"https:\/\/i0.wp.com\/verdadeon.com.br\/portal\/wp-content\/uploads\/2024\/07\/WhatsApp-Image-2024-07-31-at-16.37.08.jpeg?fit=1280%2C960&ssl=1\",\"width\":1280,\"height\":960,\"caption\":\"Pr\u00e9-candidatos a vereador pelo PSD e por outros partidos posam para foto com o presidente do PSD\/Franca Pedro Jos\u00e9 Lancha e com a coordenadora Fl\u00e1via Lancha e o presidente nacional do partido, Gilberto Kassab\"},{\"@type\":\"BreadcrumbList\",\"@id\":\"https:\/\/verdadeon.com.br\/portal\/2024\/07\/31\/psd-franca-confirma-convencao-do-partido-para-esta-quinta-feira\/#breadcrumb\",\"itemListElement\":[{\"@type\":\"ListItem\",\"position\":1,\"name\":\"In\u00edcio\",\"item\":\"https:\/\/verdadeon.com.br\/portal\/\"},{\"@type\":\"ListItem\",\"position\":2,\"name\":\"PSD \/Franca confirma conven\u00e7\u00e3o do partido para esta quinta-feira\"}]},{\"@type\":\"WebSite\",\"@id\":\"https:\/\/verdadeon.com.br\/portal\/#website\",\"url\":\"https:\/\/verdadeon.com.br\/portal\/\",\"name\":\"VerdadeOn\",\"description\":\"Not\u00edcias di\u00e1rias sobre Franca, Regi\u00e3o, Esporte, Cultura, Cotidiano, Colunas. Cobertura nos principais eventos da cidade \u00e9 aqui - Verdadeon Franca\",\"potentialAction\":[{\"@type\":\"SearchAction\",\"target\":{\"@type\":\"EntryPoint\",\"urlTemplate\":\"https:\/\/verdadeon.com.br\/portal\/?s={search_term_string}\"},\"query-input\":{\"@type\":\"PropertyValueSpecification\",\"valueRequired\":true,\"valueName\":\"search_term_string\"}}],\"inLanguage\":\"pt-BR\"},{\"@type\":\"Person\",\"@id\":\"https:\/\/verdadeon.com.br\/portal\/#\/schema\/person\/8994718f49ee62ba5610471e29ca1f62\",\"name\":\"Fernando Calixto\",\"image\":{\"@type\":\"ImageObject\",\"inLanguage\":\"pt-BR\",\"@id\":\"https:\/\/verdadeon.com.br\/portal\/#\/schema\/person\/image\/\",\"url\":\"https:\/\/secure.gravatar.com\/avatar\/7578910c24966c0316c340f9dbd601e93ee9f9212e1033968b367af9306bd9fb?s=96&d=mm&r=g\",\"contentUrl\":\"https:\/\/secure.gravatar.com\/avatar\/7578910c24966c0316c340f9dbd601e93ee9f9212e1033968b367af9306bd9fb?s=96&d=mm&r=g\",\"caption\":\"Fernando Calixto\"},\"url\":\"https:\/\/verdadeon.com.br\/portal\/author\/fernando-calixto\/\"}]}<\/script>\n<!-- \/ Yoast SEO plugin. -->","yoast_head_json":{"title":"PSD \/Franca confirma conven\u00e7\u00e3o do partido para esta quinta-feira - VerdadeOn","robots":{"index":"index","follow":"follow","max-snippet":"max-snippet:-1","max-image-preview":"max-image-preview:large","max-video-preview":"max-video-preview:-1"},"canonical":"https:\/\/verdadeon.com.br\/portal\/2024\/07\/31\/psd-franca-confirma-convencao-do-partido-para-esta-quinta-feira\/","og_locale":"pt_BR","og_type":"article","og_title":"PSD \/Franca confirma conven\u00e7\u00e3o do partido para esta quinta-feira - VerdadeOn","og_description":"Conven\u00e7\u00e3o do partido para as elei\u00e7\u00f5es municipais ser\u00e1 na noite desta quinta-feira, no Hotel Comfort O PSD (Partido Social Democr\u00e1tico) em Franca realiza nesta quinta-feira, dia [\u2026]","og_url":"https:\/\/verdadeon.com.br\/portal\/2024\/07\/31\/psd-franca-confirma-convencao-do-partido-para-esta-quinta-feira\/","og_site_name":"VerdadeOn","article_published_time":"2024-07-31T22:35:28+00:00","og_image":[{"width":1280,"height":960,"url":"https:\/\/verdadeon.com.br\/portal\/wp-content\/uploads\/2024\/07\/WhatsApp-Image-2024-07-31-at-16.37.08.jpeg","type":"image\/jpeg"}],"author":"Fernando Calixto","twitter_card":"summary_large_image","twitter_misc":{"Escrito por":"Fernando Calixto","Est. tempo de leitura":"2 minutos"},"schema":{"@context":"https:\/\/schema.org","@graph":[{"@type":"WebPage","@id":"https:\/\/verdadeon.com.br\/portal\/2024\/07\/31\/psd-franca-confirma-convencao-do-partido-para-esta-quinta-feira\/","url":"https:\/\/verdadeon.com.br\/portal\/2024\/07\/31\/psd-franca-confirma-convencao-do-partido-para-esta-quinta-feira\/","name":"PSD \/Franca confirma conven\u00e7\u00e3o do partido para esta quinta-feira - VerdadeOn","isPartOf":{"@id":"https:\/\/verdadeon.com.br\/portal\/#website"},"primaryImageOfPage":{"@id":"https:\/\/verdadeon.com.br\/portal\/2024\/07\/31\/psd-franca-confirma-convencao-do-partido-para-esta-quinta-feira\/#primaryimage"},"image":{"@id":"https:\/\/verdadeon.com.br\/portal\/2024\/07\/31\/psd-franca-confirma-convencao-do-partido-para-esta-quinta-feira\/#primaryimage"},"thumbnailUrl":"https:\/\/i0.wp.com\/verdadeon.com.br\/portal\/wp-content\/uploads\/2024\/07\/WhatsApp-Image-2024-07-31-at-16.37.08.jpeg?fit=1280%2C960&ssl=1","datePublished":"2024-07-31T22:35:28+00:00","author":{"@id":"https:\/\/verdadeon.com.br\/portal\/#\/schema\/person\/8994718f49ee62ba5610471e29ca1f62"},"breadcrumb":{"@id":"https:\/\/verdadeon.com.br\/portal\/2024\/07\/31\/psd-franca-confirma-convencao-do-partido-para-esta-quinta-feira\/#breadcrumb"},"inLanguage":"pt-BR","potentialAction":[{"@type":"ReadAction","target":["https:\/\/verdadeon.com.br\/portal\/2024\/07\/31\/psd-franca-confirma-convencao-do-partido-para-esta-quinta-feira\/"]}]},{"@type":"ImageObject","inLanguage":"pt-BR","@id":"https:\/\/verdadeon.com.br\/portal\/2024\/07\/31\/psd-franca-confirma-convencao-do-partido-para-esta-quinta-feira\/#primaryimage","url":"https:\/\/i0.wp.com\/verdadeon.com.br\/portal\/wp-content\/uploads\/2024\/07\/WhatsApp-Image-2024-07-31-at-16.37.08.jpeg?fit=1280%2C960&ssl=1","contentUrl":"https:\/\/i0.wp.com\/verdadeon.com.br\/portal\/wp-content\/uploads\/2024\/07\/WhatsApp-Image-2024-07-31-at-16.37.08.jpeg?fit=1280%2C960&ssl=1","width":1280,"height":960,"caption":"Pr\u00e9-candidatos a vereador pelo PSD e por outros partidos posam para foto com o presidente do PSD\/Franca Pedro Jos\u00e9 Lancha e com a coordenadora Fl\u00e1via Lancha e o presidente nacional do partido, Gilberto Kassab"},{"@type":"BreadcrumbList","@id":"https:\/\/verdadeon.com.br\/portal\/2024\/07\/31\/psd-franca-confirma-convencao-do-partido-para-esta-quinta-feira\/#breadcrumb","itemListElement":[{"@type":"ListItem","position":1,"name":"In\u00edcio","item":"https:\/\/verdadeon.com.br\/portal\/"},{"@type":"ListItem","position":2,"name":"PSD \/Franca confirma conven\u00e7\u00e3o do partido para esta quinta-feira"}]},{"@type":"WebSite","@id":"https:\/\/verdadeon.com.br\/portal\/#website","url":"https:\/\/verdadeon.com.br\/portal\/","name":"VerdadeOn","description":"Not\u00edcias di\u00e1rias sobre Franca, Regi\u00e3o, Esporte, Cultura, Cotidiano, Colunas. Cobertura nos principais eventos da cidade \u00e9 aqui - Verdadeon Franca","potentialAction":[{"@type":"SearchAction","target":{"@type":"EntryPoint","urlTemplate":"https:\/\/verdadeon.com.br\/portal\/?s={search_term_string}"},"query-input":{"@type":"PropertyValueSpecification","valueRequired":true,"valueName":"search_term_string"}}],"inLanguage":"pt-BR"},{"@type":"Person","@id":"https:\/\/verdadeon.com.br\/portal\/#\/schema\/person\/8994718f49ee62ba5610471e29ca1f62","name":"Fernando Calixto","image":{"@type":"ImageObject","inLanguage":"pt-BR","@id":"https:\/\/verdadeon.com.br\/portal\/#\/schema\/person\/image\/","url":"https:\/\/secure.gravatar.com\/avatar\/7578910c24966c0316c340f9dbd601e93ee9f9212e1033968b367af9306bd9fb?s=96&d=mm&r=g","contentUrl":"https:\/\/secure.gravatar.com\/avatar\/7578910c24966c0316c340f9dbd601e93ee9f9212e1033968b367af9306bd9fb?s=96&d=mm&r=g","caption":"Fernando Calixto"},"url":"https:\/\/verdadeon.com.br\/portal\/author\/fernando-calixto\/"}]}},"jetpack_publicize_connections":[],"jetpack_featured_media_url":"https:\/\/i0.wp.com\/verdadeon.com.br\/portal\/wp-content\/uploads\/2024\/07\/WhatsApp-Image-2024-07-31-at-16.37.08.jpeg?fit=1280%2C960&ssl=1","jetpack_sharing_enabled":true,"_links":{"self":[{"href":"https:\/\/verdadeon.com.br\/portal\/wp-json\/wp\/v2\/posts\/47889","targetHints":{"allow":["GET"]}}],"collection":[{"href":"https:\/\/verdadeon.com.br\/portal\/wp-json\/wp\/v2\/posts"}],"about":[{"href":"https:\/\/verdadeon.com.br\/portal\/wp-json\/wp\/v2\/types\/post"}],"author":[{"embeddable":true,"href":"https:\/\/verdadeon.com.br\/portal\/wp-json\/wp\/v2\/users\/4"}],"replies":[{"embeddable":true,"href":"https:\/\/verdadeon.com.br\/portal\/wp-json\/wp\/v2\/comments?post=47889"}],"version-history":[{"count":1,"href":"https:\/\/verdadeon.com.br\/portal\/wp-json\/wp\/v2\/posts\/47889\/revisions"}],"predecessor-version":[{"id":47891,"href":"https:\/\/verdadeon.com.br\/portal\/wp-json\/wp\/v2\/posts\/47889\/revisions\/47891"}],"wp:featuredmedia":[{"embeddable":true,"href":"https:\/\/verdadeon.com.br\/portal\/wp-json\/wp\/v2\/media\/47890"}],"wp:attachment":[{"href":"https:\/\/verdadeon.com.br\/portal\/wp-json\/wp\/v2\/media?parent=47889"}],"wp:term":[{"taxonomy":"category","embeddable":true,"href":"https:\/\/verdadeon.com.br\/portal\/wp-json\/wp\/v2\/categories?post=47889"},{"taxonomy":"post_tag","embeddable":true,"href":"https:\/\/verdadeon.com.br\/portal\/wp-json\/wp\/v2\/tags?post=47889"}],"curies":[{"name":"wp","href":"https:\/\/api.w.org\/{rel}","templated":true}]}}