{"id":47870,"date":"2024-07-31T18:21:59","date_gmt":"2024-07-31T21:21:59","guid":{"rendered":"https:\/\/verdadeon.com.br\/portal\/?p=47870"},"modified":"2024-07-31T18:24:28","modified_gmt":"2024-07-31T21:24:28","slug":"hospital-do-cancer-de-franca-lanca-campanha-do-mcdia-feliz-2024","status":"publish","type":"post","link":"https:\/\/verdadeon.com.br\/portal\/2024\/07\/31\/hospital-do-cancer-de-franca-lanca-campanha-do-mcdia-feliz-2024\/","title":{"rendered":"Hospital do C\u00e2ncer de Franca lan\u00e7a campanha do McDia Feliz 2024"},"content":{"rendered":"<h3>Evento aconteceu na unidade do McDonald\u2019s localizada na Avenida Integra\u00e7\u00e3o<\/h3>\n<p>Em mais uma demonstra\u00e7\u00e3o de solidariedade, a cidade de Franca se prepara para a 36\u00aa edi\u00e7\u00e3o do McDia Feliz. A campanha, que acontece no dia 24 de agosto, tem como objetivo arrecadar fundos para o Hospital do C\u00e2ncer de Franca, garantindo assim um tratamento de qualidade para crian\u00e7as e adolescentes com c\u00e2ncer.<\/p>\n<p>O lan\u00e7amento oficial da campanha ocorreu nesta quarta-feira, na unidade do McDonald&#8217;s localizada na Avenida Integra\u00e7\u00e3o, com a presen\u00e7a de autoridades, volunt\u00e1rios e parceiros. A iniciativa conta com o apoio de toda a comunidade francana e tem como principal objetivo transformar sorrisos em esperan\u00e7a.<\/p>\n<p><strong>Cada Big Mac faz a diferen\u00e7a.<\/strong><br \/>\nNeste dia especial, todo o valor arrecadado com a venda dos Big Macs ser\u00e1 destinado ao Hospital do C\u00e2ncer de Franca. Segundo Tony Graciano, presidente volunt\u00e1rio do Grupo Santa Casa de Franca, \u201ca campanha McDia Feliz tem sido fundamental para a aquisi\u00e7\u00e3o de equipamentos e a melhoria da infraestrutura do hospital, proporcionando mais conforto e humaniza\u00e7\u00e3o aos pacientes e seus familiares\u201d.<\/p>\n<p><strong>Volunt\u00e1rios e parceiros unidos por uma causa.<\/strong><br \/>\nA campanha conta com a participa\u00e7\u00e3o de diversos volunt\u00e1rios, como Camila Pizzo e Thiago Valentim, que se colocam \u00e0 disposi\u00e7\u00e3o para divulgar a causa e incentivar a participa\u00e7\u00e3o da popula\u00e7\u00e3o. \u201cSinto-me muito honrada em ser madrinha mais uma vez do McDia Feliz. Sempre digo sim ao Hospital do C\u00e2ncer de Franca, pois tenho um hist\u00f3rico familiar com a causa, minha av\u00f3 Patr\u00edcia sendo um exemplo. Ao acompanhar de perto o trabalho realizado e ver a import\u00e2ncia de cada centavo para as melhorias na \u00e1rea infantil de pediatria, meu cora\u00e7\u00e3o se enche de alegria. Convido todos os francanos e moradores da nossa microrregi\u00e3o a participarem no dia 24 de agosto, Dia do McDia Feliz, e a adquirirem os kits\u201d, afirma Camila.<\/p>\n<p>Thiago Valentim tamb\u00e9m falou da import\u00e2ncia deste dia: \u201cPara mim \u00e9 uma grande honra ser lembrado mais uma vez. Ali\u00e1s, j\u00e1 me sinto integrado ao grupo. Portanto, se me convidam ou n\u00e3o para padrinho, sinto-me um dos mensageiros do McDia Feliz. Acredito que essa campanha, al\u00e9m da solidariedade, oferece um produto delicioso e mundialmente conhecido: o Big Mac. Ao adquirir um lanche, a fam\u00edlia toda \u00e9 beneficiada, e ainda \u00e9 poss\u00edvel comprar outros itens como camisetas, garrafas e bolsas t\u00e9rmicas. Com essas compras, contribu\u00edmos para uma doa\u00e7\u00e3o, gerando um ciclo virtuoso em prol do bem. Convido todos a participarem no dia 24 ou a fazerem suas doa\u00e7\u00f5es antecipadas. Apoie o McDia Feliz para ajudar e ser um tijolinho a mais nas obras do nosso Hospital do C\u00e2ncer\u201d, concluiu Valentim.<\/p>\n<p><strong>Como participar.<\/strong><br \/>\nPara participar do McDia Feliz, basta adquirir um Big Mac em qualquer uma das quatro unidades do McDonald\u2019s de Franca no dia 24 de agosto. Al\u00e9m do lanche, a campanha oferece diversos produtos como camisetas, garrafas e sacolas, com toda a renda revertida para o Hospital do C\u00e2ncer.<\/p>\n<p><strong>Fa\u00e7a a diferen\u00e7a!<\/strong><\/p>\n<p>O McDia Feliz \u00e9 mais do que uma campanha, \u00e9 uma oportunidade de demonstrar solidariedade e fazer a diferen\u00e7a na vida de muitas pessoas. Ajude a salvar vidas!<\/p>\n<p><img data-recalc-dims=\"1\" loading=\"lazy\" decoding=\"async\" class=\"alignnone size-full wp-image-47872\" src=\"https:\/\/i0.wp.com\/verdadeon.com.br\/portal\/wp-content\/uploads\/2024\/07\/WhatsApp-Image-2024-07-31-at-17.53.07.jpeg?resize=1220%2C549&#038;ssl=1\" alt=\"\" width=\"1220\" height=\"549\" srcset=\"https:\/\/i0.wp.com\/verdadeon.com.br\/portal\/wp-content\/uploads\/2024\/07\/WhatsApp-Image-2024-07-31-at-17.53.07.jpeg?w=1600&amp;ssl=1 1600w, https:\/\/i0.wp.com\/verdadeon.com.br\/portal\/wp-content\/uploads\/2024\/07\/WhatsApp-Image-2024-07-31-at-17.53.07.jpeg?resize=300%2C135&amp;ssl=1 300w, https:\/\/i0.wp.com\/verdadeon.com.br\/portal\/wp-content\/uploads\/2024\/07\/WhatsApp-Image-2024-07-31-at-17.53.07.jpeg?resize=1024%2C461&amp;ssl=1 1024w, https:\/\/i0.wp.com\/verdadeon.com.br\/portal\/wp-content\/uploads\/2024\/07\/WhatsApp-Image-2024-07-31-at-17.53.07.jpeg?resize=768%2C346&amp;ssl=1 768w, https:\/\/i0.wp.com\/verdadeon.com.br\/portal\/wp-content\/uploads\/2024\/07\/WhatsApp-Image-2024-07-31-at-17.53.07.jpeg?resize=1536%2C691&amp;ssl=1 1536w, https:\/\/i0.wp.com\/verdadeon.com.br\/portal\/wp-content\/uploads\/2024\/07\/WhatsApp-Image-2024-07-31-at-17.53.07.jpeg?resize=260%2C117&amp;ssl=1 260w, https:\/\/i0.wp.com\/verdadeon.com.br\/portal\/wp-content\/uploads\/2024\/07\/WhatsApp-Image-2024-07-31-at-17.53.07.jpeg?resize=50%2C23&amp;ssl=1 50w, https:\/\/i0.wp.com\/verdadeon.com.br\/portal\/wp-content\/uploads\/2024\/07\/WhatsApp-Image-2024-07-31-at-17.53.07.jpeg?resize=150%2C68&amp;ssl=1 150w\" sizes=\"auto, (max-width: 1220px) 100vw, 1220px\" \/><\/p>\n<p>&nbsp;<\/p>\n<p><img data-recalc-dims=\"1\" loading=\"lazy\" decoding=\"async\" class=\"alignnone size-full wp-image-47875\" src=\"https:\/\/i0.wp.com\/verdadeon.com.br\/portal\/wp-content\/uploads\/2024\/07\/WhatsApp-Image-2024-07-31-at-16.24.29.jpeg?resize=1198%2C1600&#038;ssl=1\" alt=\"\" width=\"1198\" height=\"1600\" srcset=\"https:\/\/i0.wp.com\/verdadeon.com.br\/portal\/wp-content\/uploads\/2024\/07\/WhatsApp-Image-2024-07-31-at-16.24.29.jpeg?w=1198&amp;ssl=1 1198w, https:\/\/i0.wp.com\/verdadeon.com.br\/portal\/wp-content\/uploads\/2024\/07\/WhatsApp-Image-2024-07-31-at-16.24.29.jpeg?resize=225%2C300&amp;ssl=1 225w, https:\/\/i0.wp.com\/verdadeon.com.br\/portal\/wp-content\/uploads\/2024\/07\/WhatsApp-Image-2024-07-31-at-16.24.29.jpeg?resize=767%2C1024&amp;ssl=1 767w, https:\/\/i0.wp.com\/verdadeon.com.br\/portal\/wp-content\/uploads\/2024\/07\/WhatsApp-Image-2024-07-31-at-16.24.29.jpeg?resize=768%2C1026&amp;ssl=1 768w, https:\/\/i0.wp.com\/verdadeon.com.br\/portal\/wp-content\/uploads\/2024\/07\/WhatsApp-Image-2024-07-31-at-16.24.29.jpeg?resize=1150%2C1536&amp;ssl=1 1150w, https:\/\/i0.wp.com\/verdadeon.com.br\/portal\/wp-content\/uploads\/2024\/07\/WhatsApp-Image-2024-07-31-at-16.24.29.jpeg?resize=109%2C146&amp;ssl=1 109w, https:\/\/i0.wp.com\/verdadeon.com.br\/portal\/wp-content\/uploads\/2024\/07\/WhatsApp-Image-2024-07-31-at-16.24.29.jpeg?resize=37%2C50&amp;ssl=1 37w, https:\/\/i0.wp.com\/verdadeon.com.br\/portal\/wp-content\/uploads\/2024\/07\/WhatsApp-Image-2024-07-31-at-16.24.29.jpeg?resize=56%2C75&amp;ssl=1 56w\" sizes=\"auto, (max-width: 1198px) 100vw, 1198px\" \/><\/p>\n","protected":false},"excerpt":{"rendered":"<p>Evento aconteceu na unidade do McDonald\u2019s localizada na Avenida Integra\u00e7\u00e3o Em mais uma demonstra\u00e7\u00e3o de solidariedade, a cidade de Franca se prepara para a 36\u00aa edi\u00e7\u00e3o<span class=\"excerpt-hellip\"> [\u2026]<\/span><\/p>\n","protected":false},"author":4,"featured_media":47871,"comment_status":"open","ping_status":"open","sticky":false,"template":"","format":"standard","meta":{"_jetpack_memberships_contains_paid_content":false,"footnotes":"","jetpack_publicize_message":"","jetpack_publicize_feature_enabled":true,"jetpack_social_post_already_shared":true,"jetpack_social_options":{"image_generator_settings":{"template":"highway","default_image_id":0,"enabled":false},"version":2}},"categories":[28,81],"tags":[],"class_list":["post-47870","post","type-post","status-publish","format-standard","has-post-thumbnail","hentry","category-cotidiano","category-manchete"],"yoast_head":"<!-- This site is optimized with the Yoast SEO plugin v25.6 - https:\/\/yoast.com\/wordpress\/plugins\/seo\/ -->\n<title>Hospital do C\u00e2ncer de Franca lan\u00e7a campanha do McDia Feliz 2024 - VerdadeOn<\/title>\n<meta name=\"robots\" content=\"index, follow, max-snippet:-1, max-image-preview:large, max-video-preview:-1\" \/>\n<link rel=\"canonical\" href=\"https:\/\/verdadeon.com.br\/portal\/2024\/07\/31\/hospital-do-cancer-de-franca-lanca-campanha-do-mcdia-feliz-2024\/\" \/>\n<meta property=\"og:locale\" content=\"pt_BR\" \/>\n<meta property=\"og:type\" content=\"article\" \/>\n<meta property=\"og:title\" content=\"Hospital do C\u00e2ncer de Franca lan\u00e7a campanha do McDia Feliz 2024 - VerdadeOn\" \/>\n<meta property=\"og:description\" content=\"Evento aconteceu na unidade do McDonald\u2019s localizada na Avenida Integra\u00e7\u00e3o Em mais uma demonstra\u00e7\u00e3o de solidariedade, a cidade de Franca se prepara para a 36\u00aa edi\u00e7\u00e3o [\u2026]\" \/>\n<meta property=\"og:url\" content=\"https:\/\/verdadeon.com.br\/portal\/2024\/07\/31\/hospital-do-cancer-de-franca-lanca-campanha-do-mcdia-feliz-2024\/\" \/>\n<meta property=\"og:site_name\" content=\"VerdadeOn\" \/>\n<meta property=\"article:published_time\" content=\"2024-07-31T21:21:59+00:00\" \/>\n<meta property=\"article:modified_time\" content=\"2024-07-31T21:24:28+00:00\" \/>\n<meta property=\"og:image\" content=\"https:\/\/verdadeon.com.br\/portal\/wp-content\/uploads\/2024\/07\/WhatsApp-Image-2024-07-31-at-17.53.09.jpeg\" \/>\n\t<meta property=\"og:image:width\" content=\"1075\" \/>\n\t<meta property=\"og:image:height\" content=\"720\" \/>\n\t<meta property=\"og:image:type\" content=\"image\/jpeg\" \/>\n<meta name=\"author\" content=\"Fernando Calixto\" \/>\n<meta name=\"twitter:card\" content=\"summary_large_image\" \/>\n<meta name=\"twitter:label1\" content=\"Escrito por\" \/>\n\t<meta name=\"twitter:data1\" content=\"Fernando Calixto\" \/>\n\t<meta name=\"twitter:label2\" content=\"Est. tempo de leitura\" \/>\n\t<meta name=\"twitter:data2\" content=\"3 minutos\" \/>\n<script type=\"application\/ld+json\" class=\"yoast-schema-graph\">{\"@context\":\"https:\/\/schema.org\",\"@graph\":[{\"@type\":\"WebPage\",\"@id\":\"https:\/\/verdadeon.com.br\/portal\/2024\/07\/31\/hospital-do-cancer-de-franca-lanca-campanha-do-mcdia-feliz-2024\/\",\"url\":\"https:\/\/verdadeon.com.br\/portal\/2024\/07\/31\/hospital-do-cancer-de-franca-lanca-campanha-do-mcdia-feliz-2024\/\",\"name\":\"Hospital do C\u00e2ncer de Franca lan\u00e7a campanha do McDia Feliz 2024 - VerdadeOn\",\"isPartOf\":{\"@id\":\"https:\/\/verdadeon.com.br\/portal\/#website\"},\"primaryImageOfPage\":{\"@id\":\"https:\/\/verdadeon.com.br\/portal\/2024\/07\/31\/hospital-do-cancer-de-franca-lanca-campanha-do-mcdia-feliz-2024\/#primaryimage\"},\"image\":{\"@id\":\"https:\/\/verdadeon.com.br\/portal\/2024\/07\/31\/hospital-do-cancer-de-franca-lanca-campanha-do-mcdia-feliz-2024\/#primaryimage\"},\"thumbnailUrl\":\"https:\/\/i0.wp.com\/verdadeon.com.br\/portal\/wp-content\/uploads\/2024\/07\/WhatsApp-Image-2024-07-31-at-17.53.09.jpeg?fit=1075%2C720&ssl=1\",\"datePublished\":\"2024-07-31T21:21:59+00:00\",\"dateModified\":\"2024-07-31T21:24:28+00:00\",\"author\":{\"@id\":\"https:\/\/verdadeon.com.br\/portal\/#\/schema\/person\/8994718f49ee62ba5610471e29ca1f62\"},\"breadcrumb\":{\"@id\":\"https:\/\/verdadeon.com.br\/portal\/2024\/07\/31\/hospital-do-cancer-de-franca-lanca-campanha-do-mcdia-feliz-2024\/#breadcrumb\"},\"inLanguage\":\"pt-BR\",\"potentialAction\":[{\"@type\":\"ReadAction\",\"target\":[\"https:\/\/verdadeon.com.br\/portal\/2024\/07\/31\/hospital-do-cancer-de-franca-lanca-campanha-do-mcdia-feliz-2024\/\"]}]},{\"@type\":\"ImageObject\",\"inLanguage\":\"pt-BR\",\"@id\":\"https:\/\/verdadeon.com.br\/portal\/2024\/07\/31\/hospital-do-cancer-de-franca-lanca-campanha-do-mcdia-feliz-2024\/#primaryimage\",\"url\":\"https:\/\/i0.wp.com\/verdadeon.com.br\/portal\/wp-content\/uploads\/2024\/07\/WhatsApp-Image-2024-07-31-at-17.53.09.jpeg?fit=1075%2C720&ssl=1\",\"contentUrl\":\"https:\/\/i0.wp.com\/verdadeon.com.br\/portal\/wp-content\/uploads\/2024\/07\/WhatsApp-Image-2024-07-31-at-17.53.09.jpeg?fit=1075%2C720&ssl=1\",\"width\":1075,\"height\":720},{\"@type\":\"BreadcrumbList\",\"@id\":\"https:\/\/verdadeon.com.br\/portal\/2024\/07\/31\/hospital-do-cancer-de-franca-lanca-campanha-do-mcdia-feliz-2024\/#breadcrumb\",\"itemListElement\":[{\"@type\":\"ListItem\",\"position\":1,\"name\":\"In\u00edcio\",\"item\":\"https:\/\/verdadeon.com.br\/portal\/\"},{\"@type\":\"ListItem\",\"position\":2,\"name\":\"Hospital do C\u00e2ncer de Franca lan\u00e7a campanha do McDia Feliz 2024\"}]},{\"@type\":\"WebSite\",\"@id\":\"https:\/\/verdadeon.com.br\/portal\/#website\",\"url\":\"https:\/\/verdadeon.com.br\/portal\/\",\"name\":\"VerdadeOn\",\"description\":\"Not\u00edcias di\u00e1rias sobre Franca, Regi\u00e3o, Esporte, Cultura, Cotidiano, Colunas. Cobertura nos principais eventos da cidade \u00e9 aqui - Verdadeon Franca\",\"potentialAction\":[{\"@type\":\"SearchAction\",\"target\":{\"@type\":\"EntryPoint\",\"urlTemplate\":\"https:\/\/verdadeon.com.br\/portal\/?s={search_term_string}\"},\"query-input\":{\"@type\":\"PropertyValueSpecification\",\"valueRequired\":true,\"valueName\":\"search_term_string\"}}],\"inLanguage\":\"pt-BR\"},{\"@type\":\"Person\",\"@id\":\"https:\/\/verdadeon.com.br\/portal\/#\/schema\/person\/8994718f49ee62ba5610471e29ca1f62\",\"name\":\"Fernando Calixto\",\"image\":{\"@type\":\"ImageObject\",\"inLanguage\":\"pt-BR\",\"@id\":\"https:\/\/verdadeon.com.br\/portal\/#\/schema\/person\/image\/\",\"url\":\"https:\/\/secure.gravatar.com\/avatar\/7578910c24966c0316c340f9dbd601e93ee9f9212e1033968b367af9306bd9fb?s=96&d=mm&r=g\",\"contentUrl\":\"https:\/\/secure.gravatar.com\/avatar\/7578910c24966c0316c340f9dbd601e93ee9f9212e1033968b367af9306bd9fb?s=96&d=mm&r=g\",\"caption\":\"Fernando Calixto\"},\"url\":\"https:\/\/verdadeon.com.br\/portal\/author\/fernando-calixto\/\"}]}<\/script>\n<!-- \/ Yoast SEO plugin. -->","yoast_head_json":{"title":"Hospital do C\u00e2ncer de Franca lan\u00e7a campanha do McDia Feliz 2024 - VerdadeOn","robots":{"index":"index","follow":"follow","max-snippet":"max-snippet:-1","max-image-preview":"max-image-preview:large","max-video-preview":"max-video-preview:-1"},"canonical":"https:\/\/verdadeon.com.br\/portal\/2024\/07\/31\/hospital-do-cancer-de-franca-lanca-campanha-do-mcdia-feliz-2024\/","og_locale":"pt_BR","og_type":"article","og_title":"Hospital do C\u00e2ncer de Franca lan\u00e7a campanha do McDia Feliz 2024 - VerdadeOn","og_description":"Evento aconteceu na unidade do McDonald\u2019s localizada na Avenida Integra\u00e7\u00e3o Em mais uma demonstra\u00e7\u00e3o de solidariedade, a cidade de Franca se prepara para a 36\u00aa edi\u00e7\u00e3o [\u2026]","og_url":"https:\/\/verdadeon.com.br\/portal\/2024\/07\/31\/hospital-do-cancer-de-franca-lanca-campanha-do-mcdia-feliz-2024\/","og_site_name":"VerdadeOn","article_published_time":"2024-07-31T21:21:59+00:00","article_modified_time":"2024-07-31T21:24:28+00:00","og_image":[{"width":1075,"height":720,"url":"https:\/\/verdadeon.com.br\/portal\/wp-content\/uploads\/2024\/07\/WhatsApp-Image-2024-07-31-at-17.53.09.jpeg","type":"image\/jpeg"}],"author":"Fernando Calixto","twitter_card":"summary_large_image","twitter_misc":{"Escrito por":"Fernando Calixto","Est. tempo de leitura":"3 minutos"},"schema":{"@context":"https:\/\/schema.org","@graph":[{"@type":"WebPage","@id":"https:\/\/verdadeon.com.br\/portal\/2024\/07\/31\/hospital-do-cancer-de-franca-lanca-campanha-do-mcdia-feliz-2024\/","url":"https:\/\/verdadeon.com.br\/portal\/2024\/07\/31\/hospital-do-cancer-de-franca-lanca-campanha-do-mcdia-feliz-2024\/","name":"Hospital do C\u00e2ncer de Franca lan\u00e7a campanha do McDia Feliz 2024 - VerdadeOn","isPartOf":{"@id":"https:\/\/verdadeon.com.br\/portal\/#website"},"primaryImageOfPage":{"@id":"https:\/\/verdadeon.com.br\/portal\/2024\/07\/31\/hospital-do-cancer-de-franca-lanca-campanha-do-mcdia-feliz-2024\/#primaryimage"},"image":{"@id":"https:\/\/verdadeon.com.br\/portal\/2024\/07\/31\/hospital-do-cancer-de-franca-lanca-campanha-do-mcdia-feliz-2024\/#primaryimage"},"thumbnailUrl":"https:\/\/i0.wp.com\/verdadeon.com.br\/portal\/wp-content\/uploads\/2024\/07\/WhatsApp-Image-2024-07-31-at-17.53.09.jpeg?fit=1075%2C720&ssl=1","datePublished":"2024-07-31T21:21:59+00:00","dateModified":"2024-07-31T21:24:28+00:00","author":{"@id":"https:\/\/verdadeon.com.br\/portal\/#\/schema\/person\/8994718f49ee62ba5610471e29ca1f62"},"breadcrumb":{"@id":"https:\/\/verdadeon.com.br\/portal\/2024\/07\/31\/hospital-do-cancer-de-franca-lanca-campanha-do-mcdia-feliz-2024\/#breadcrumb"},"inLanguage":"pt-BR","potentialAction":[{"@type":"ReadAction","target":["https:\/\/verdadeon.com.br\/portal\/2024\/07\/31\/hospital-do-cancer-de-franca-lanca-campanha-do-mcdia-feliz-2024\/"]}]},{"@type":"ImageObject","inLanguage":"pt-BR","@id":"https:\/\/verdadeon.com.br\/portal\/2024\/07\/31\/hospital-do-cancer-de-franca-lanca-campanha-do-mcdia-feliz-2024\/#primaryimage","url":"https:\/\/i0.wp.com\/verdadeon.com.br\/portal\/wp-content\/uploads\/2024\/07\/WhatsApp-Image-2024-07-31-at-17.53.09.jpeg?fit=1075%2C720&ssl=1","contentUrl":"https:\/\/i0.wp.com\/verdadeon.com.br\/portal\/wp-content\/uploads\/2024\/07\/WhatsApp-Image-2024-07-31-at-17.53.09.jpeg?fit=1075%2C720&ssl=1","width":1075,"height":720},{"@type":"BreadcrumbList","@id":"https:\/\/verdadeon.com.br\/portal\/2024\/07\/31\/hospital-do-cancer-de-franca-lanca-campanha-do-mcdia-feliz-2024\/#breadcrumb","itemListElement":[{"@type":"ListItem","position":1,"name":"In\u00edcio","item":"https:\/\/verdadeon.com.br\/portal\/"},{"@type":"ListItem","position":2,"name":"Hospital do C\u00e2ncer de Franca lan\u00e7a campanha do McDia Feliz 2024"}]},{"@type":"WebSite","@id":"https:\/\/verdadeon.com.br\/portal\/#website","url":"https:\/\/verdadeon.com.br\/portal\/","name":"VerdadeOn","description":"Not\u00edcias di\u00e1rias sobre Franca, Regi\u00e3o, Esporte, Cultura, Cotidiano, Colunas. Cobertura nos principais eventos da cidade \u00e9 aqui - Verdadeon Franca","potentialAction":[{"@type":"SearchAction","target":{"@type":"EntryPoint","urlTemplate":"https:\/\/verdadeon.com.br\/portal\/?s={search_term_string}"},"query-input":{"@type":"PropertyValueSpecification","valueRequired":true,"valueName":"search_term_string"}}],"inLanguage":"pt-BR"},{"@type":"Person","@id":"https:\/\/verdadeon.com.br\/portal\/#\/schema\/person\/8994718f49ee62ba5610471e29ca1f62","name":"Fernando Calixto","image":{"@type":"ImageObject","inLanguage":"pt-BR","@id":"https:\/\/verdadeon.com.br\/portal\/#\/schema\/person\/image\/","url":"https:\/\/secure.gravatar.com\/avatar\/7578910c24966c0316c340f9dbd601e93ee9f9212e1033968b367af9306bd9fb?s=96&d=mm&r=g","contentUrl":"https:\/\/secure.gravatar.com\/avatar\/7578910c24966c0316c340f9dbd601e93ee9f9212e1033968b367af9306bd9fb?s=96&d=mm&r=g","caption":"Fernando Calixto"},"url":"https:\/\/verdadeon.com.br\/portal\/author\/fernando-calixto\/"}]}},"jetpack_publicize_connections":[],"jetpack_featured_media_url":"https:\/\/i0.wp.com\/verdadeon.com.br\/portal\/wp-content\/uploads\/2024\/07\/WhatsApp-Image-2024-07-31-at-17.53.09.jpeg?fit=1075%2C720&ssl=1","jetpack_sharing_enabled":true,"_links":{"self":[{"href":"https:\/\/verdadeon.com.br\/portal\/wp-json\/wp\/v2\/posts\/47870","targetHints":{"allow":["GET"]}}],"collection":[{"href":"https:\/\/verdadeon.com.br\/portal\/wp-json\/wp\/v2\/posts"}],"about":[{"href":"https:\/\/verdadeon.com.br\/portal\/wp-json\/wp\/v2\/types\/post"}],"author":[{"embeddable":true,"href":"https:\/\/verdadeon.com.br\/portal\/wp-json\/wp\/v2\/users\/4"}],"replies":[{"embeddable":true,"href":"https:\/\/verdadeon.com.br\/portal\/wp-json\/wp\/v2\/comments?post=47870"}],"version-history":[{"count":3,"href":"https:\/\/verdadeon.com.br\/portal\/wp-json\/wp\/v2\/posts\/47870\/revisions"}],"predecessor-version":[{"id":47876,"href":"https:\/\/verdadeon.com.br\/portal\/wp-json\/wp\/v2\/posts\/47870\/revisions\/47876"}],"wp:featuredmedia":[{"embeddable":true,"href":"https:\/\/verdadeon.com.br\/portal\/wp-json\/wp\/v2\/media\/47871"}],"wp:attachment":[{"href":"https:\/\/verdadeon.com.br\/portal\/wp-json\/wp\/v2\/media?parent=47870"}],"wp:term":[{"taxonomy":"category","embeddable":true,"href":"https:\/\/verdadeon.com.br\/portal\/wp-json\/wp\/v2\/categories?post=47870"},{"taxonomy":"post_tag","embeddable":true,"href":"https:\/\/verdadeon.com.br\/portal\/wp-json\/wp\/v2\/tags?post=47870"}],"curies":[{"name":"wp","href":"https:\/\/api.w.org\/{rel}","templated":true}]}}