{"id":47757,"date":"2024-07-29T14:40:04","date_gmt":"2024-07-29T17:40:04","guid":{"rendered":"https:\/\/verdadeon.com.br\/portal\/?p=47757"},"modified":"2024-07-29T14:40:04","modified_gmt":"2024-07-29T17:40:04","slug":"deficit-primario-em-junho-e-de-r-409-bi-e-fica-em-244-do-pib","status":"publish","type":"post","link":"https:\/\/verdadeon.com.br\/portal\/2024\/07\/29\/deficit-primario-em-junho-e-de-r-409-bi-e-fica-em-244-do-pib\/","title":{"rendered":"D\u00e9ficit prim\u00e1rio em junho \u00e9 de R$ 40,9 bi e fica em 2,44% do PIB"},"content":{"rendered":"<div class=\"row\">\n<h2 class=\"col-10 offset-1 animated fadeInDown dealy-900 display-8 display-md-8 alt-font font-italic my-1 text-center\">D\u00edvida L\u00edquida do Setor P\u00fablico \u00e9 de 62,2% do PIB (R$ 6,9 trilh\u00f5es)<\/h2>\n<p>O setor p\u00fablico consolidado teve d\u00e9ficit de R$ 40,9 bilh\u00f5es em junho deste ano. O resultado \u00e9 menor que o saldo negativo de R$ 48,9 bilh\u00f5es observado no mesmo m\u00eas de 2023, informou nesta segunda-feira (29), em Bras\u00edlia, o Banco Central (BC).<\/p>\n<p>No acumulado de 12 meses, o d\u00e9ficit do setor p\u00fablico consolidado &#8211; que engloba governo federal, os estados, munic\u00edpios e as empresas estatais &#8211;\u00a0foi de R$ 272,2 bilh\u00f5es. O resultado equivale a 2,44% do Produto Interno Bruto (PIB) e \u00e9 0,08 ponto percentual (p.p) inferior ao d\u00e9ficit acumulado dos doze meses at\u00e9 maio.<\/p>\n<p>Em junho, o governo central &#8211; o Tesouro Nacional, a Previd\u00eancia Social e o pr\u00f3prio BC &#8211; e as empresas estatais tiveram d\u00e9ficits respectivos de R$ 40,2 bilh\u00f5es e R$ 1,7 bilh\u00e3o, e os governos regionais, super\u00e1vit de R$ 1,1 bilh\u00e3o.<\/p>\n<p>Em junho, os juros nominais do setor p\u00fablico n\u00e3o financeiro consolidado, apropriados por compet\u00eancia, somaram R$ 94,9 bilh\u00f5es, ante os R$ 40,7 bilh\u00f5es registrados no mesmo m\u00eas de 2023. Essa evolu\u00e7\u00e3o foi influenciada pelo resultado das opera\u00e7\u00f5es de\u00a0<em>swap\u00a0<\/em>cambial (perda de R$ 28,6 bilh\u00f5es em junho de 2024 e ganho de R$ 20,5 bilh\u00f5es em junho de 2023).<\/p>\n<p><strong>Juros nominais<\/strong><\/p>\n<p>No acumulado em doze meses at\u00e9 junho deste ano, os juros nominais alcan\u00e7aram R$ 835,7 bilh\u00f5es (7,48% do PIB), comparativamente a R$ 638,1 bilh\u00f5es (6,06% do PIB) nos doze meses at\u00e9 junho de 2023.<\/p>\n<p>O resultado nominal do setor p\u00fablico consolidado, que inclui o resultado prim\u00e1rio e os juros nominais apropriados, foi deficit\u00e1rio em R$ 135,7 bilh\u00f5es em junho. No acumulado em doze meses, o d\u00e9ficit nominal alcan\u00e7ou 9,92% do PIB, ficando em R$ 1.108 bilh\u00e3o, ante d\u00e9ficit nominal de R$ 1.061,9 bilh\u00e3o (9,56% do PIB) acumulado at\u00e9 maio de 2024.<\/p>\n<p>O BC informou ainda que a D\u00edvida L\u00edquida do Setor P\u00fablico (DLSP) fechou junho em 62,2% do PIB (R$ 6,9 trilh\u00f5es), um aumento de 0,1 p.p do PIB no m\u00eas.<\/p>\n<p>\u201cEsse resultado refletiu os impactos dos juros nominais apropriados (aumento de 0,8 p.p.), do d\u00e9ficit prim\u00e1rio (+0,4 p.p.), da desvaloriza\u00e7\u00e3o cambial de 6,1% no m\u00eas (-0,7 p.p.), e da varia\u00e7\u00e3o do PIB nominal (-0,3 p.p.)\u201d, disse o BC.<\/p>\n<p>No ano, o impacto dos juros nominais, de +4,1 p.p., do reconhecimento de d\u00edvidas (+0,2 p.p.), do efeito do crescimento do PIB nominal (-1,7 p.p.) e do efeito da desvaloriza\u00e7\u00e3o cambial de 14,8% acumulada no ano (-1,6 p.p.) resultou numa eleva\u00e7\u00e3o da DLSP de 1,3 p.p. do PIB.<\/p>\n<p><strong>D\u00edvida Bruta<\/strong><\/p>\n<p>J\u00e1 a D\u00edvida Bruta (DBGG) \u2013 que abrange Governo Federal, INSS e governos estaduais e municipais \u2013 atingiu 77,8% do PIB (R$ 8,7 trilh\u00f5es) em junho de 2024, aumento de 1,1 p.p. do PIB em rela\u00e7\u00e3o ao m\u00eas anterior.<\/p>\n<p>Segundo o BC, esse aumento decorreu principalmente dos juros nominais apropriados (+0,6 p.p.), das emiss\u00f5es l\u00edquidas (+0,6 p.p.), do efeito da desvaloriza\u00e7\u00e3o cambial (+0,3 p.p.), e da varia\u00e7\u00e3o do PIB nominal (-0,4 p.p.).<\/p>\n<p>\u201cNo ano, o aumento de 3,4 p.p. do PIB resulta, sobretudo, da incorpora\u00e7\u00e3o de juros nominais (+3,8 p.p.), da emiss\u00e3o l\u00edquida de d\u00edvida (+0,9 p.p.), da desvaloriza\u00e7\u00e3o cambial (+0,6 p.p.) e do crescimento do PIB nominal (-2,1 p.p.)\u201d, informou o Banco Central.<\/p>\n<p>Fonte: Ag\u00eancia Brasil<\/p>\n<\/div>\n","protected":false},"excerpt":{"rendered":"<p>D\u00edvida L\u00edquida do Setor P\u00fablico \u00e9 de 62,2% do PIB (R$ 6,9 trilh\u00f5es) O setor p\u00fablico consolidado teve d\u00e9ficit de R$ 40,9 bilh\u00f5es em junho deste<span class=\"excerpt-hellip\"> [\u2026]<\/span><\/p>\n","protected":false},"author":10,"featured_media":47758,"comment_status":"open","ping_status":"open","sticky":false,"template":"","format":"standard","meta":{"_jetpack_memberships_contains_paid_content":false,"footnotes":"","jetpack_publicize_message":"","jetpack_publicize_feature_enabled":true,"jetpack_social_post_already_shared":true,"jetpack_social_options":{"image_generator_settings":{"template":"highway","default_image_id":0,"enabled":false},"version":2}},"categories":[28,44],"tags":[],"class_list":["post-47757","post","type-post","status-publish","format-standard","has-post-thumbnail","hentry","category-cotidiano","category-noticias"],"yoast_head":"<!-- This site is optimized with the Yoast SEO plugin v25.6 - https:\/\/yoast.com\/wordpress\/plugins\/seo\/ -->\n<title>D\u00e9ficit prim\u00e1rio em junho \u00e9 de R$ 40,9 bi e fica em 2,44% do PIB - VerdadeOn<\/title>\n<meta name=\"robots\" content=\"index, follow, max-snippet:-1, max-image-preview:large, max-video-preview:-1\" \/>\n<link rel=\"canonical\" href=\"https:\/\/verdadeon.com.br\/portal\/2024\/07\/29\/deficit-primario-em-junho-e-de-r-409-bi-e-fica-em-244-do-pib\/\" \/>\n<meta property=\"og:locale\" content=\"pt_BR\" \/>\n<meta property=\"og:type\" content=\"article\" \/>\n<meta property=\"og:title\" content=\"D\u00e9ficit prim\u00e1rio em junho \u00e9 de R$ 40,9 bi e fica em 2,44% do PIB - VerdadeOn\" \/>\n<meta property=\"og:description\" content=\"D\u00edvida L\u00edquida do Setor P\u00fablico \u00e9 de 62,2% do PIB (R$ 6,9 trilh\u00f5es) O setor p\u00fablico consolidado teve d\u00e9ficit de R$ 40,9 bilh\u00f5es em junho deste [\u2026]\" \/>\n<meta property=\"og:url\" content=\"https:\/\/verdadeon.com.br\/portal\/2024\/07\/29\/deficit-primario-em-junho-e-de-r-409-bi-e-fica-em-244-do-pib\/\" \/>\n<meta property=\"og:site_name\" content=\"VerdadeOn\" \/>\n<meta property=\"article:published_time\" content=\"2024-07-29T17:40:04+00:00\" \/>\n<meta property=\"og:image\" content=\"https:\/\/verdadeon.com.br\/portal\/wp-content\/uploads\/2024\/07\/AnyConv.com__real_moedadinheiro_jfcrz_abr_1701220049_1.jpg\" \/>\n\t<meta property=\"og:image:width\" content=\"1044\" \/>\n\t<meta property=\"og:image:height\" content=\"700\" \/>\n\t<meta property=\"og:image:type\" content=\"image\/jpeg\" \/>\n<meta name=\"author\" content=\"Redacao VerdadeOn\" \/>\n<meta name=\"twitter:card\" content=\"summary_large_image\" \/>\n<meta name=\"twitter:label1\" content=\"Escrito por\" \/>\n\t<meta name=\"twitter:data1\" content=\"Redacao VerdadeOn\" \/>\n\t<meta name=\"twitter:label2\" content=\"Est. tempo de leitura\" \/>\n\t<meta name=\"twitter:data2\" content=\"3 minutos\" \/>\n<script type=\"application\/ld+json\" class=\"yoast-schema-graph\">{\"@context\":\"https:\/\/schema.org\",\"@graph\":[{\"@type\":\"WebPage\",\"@id\":\"https:\/\/verdadeon.com.br\/portal\/2024\/07\/29\/deficit-primario-em-junho-e-de-r-409-bi-e-fica-em-244-do-pib\/\",\"url\":\"https:\/\/verdadeon.com.br\/portal\/2024\/07\/29\/deficit-primario-em-junho-e-de-r-409-bi-e-fica-em-244-do-pib\/\",\"name\":\"D\u00e9ficit prim\u00e1rio em junho \u00e9 de R$ 40,9 bi e fica em 2,44% do PIB - VerdadeOn\",\"isPartOf\":{\"@id\":\"https:\/\/verdadeon.com.br\/portal\/#website\"},\"primaryImageOfPage\":{\"@id\":\"https:\/\/verdadeon.com.br\/portal\/2024\/07\/29\/deficit-primario-em-junho-e-de-r-409-bi-e-fica-em-244-do-pib\/#primaryimage\"},\"image\":{\"@id\":\"https:\/\/verdadeon.com.br\/portal\/2024\/07\/29\/deficit-primario-em-junho-e-de-r-409-bi-e-fica-em-244-do-pib\/#primaryimage\"},\"thumbnailUrl\":\"https:\/\/i0.wp.com\/verdadeon.com.br\/portal\/wp-content\/uploads\/2024\/07\/AnyConv.com__real_moedadinheiro_jfcrz_abr_1701220049_1.jpg?fit=1044%2C700&ssl=1\",\"datePublished\":\"2024-07-29T17:40:04+00:00\",\"author\":{\"@id\":\"https:\/\/verdadeon.com.br\/portal\/#\/schema\/person\/a5060ad1e9ea3df545188fc93ce43d2f\"},\"breadcrumb\":{\"@id\":\"https:\/\/verdadeon.com.br\/portal\/2024\/07\/29\/deficit-primario-em-junho-e-de-r-409-bi-e-fica-em-244-do-pib\/#breadcrumb\"},\"inLanguage\":\"pt-BR\",\"potentialAction\":[{\"@type\":\"ReadAction\",\"target\":[\"https:\/\/verdadeon.com.br\/portal\/2024\/07\/29\/deficit-primario-em-junho-e-de-r-409-bi-e-fica-em-244-do-pib\/\"]}]},{\"@type\":\"ImageObject\",\"inLanguage\":\"pt-BR\",\"@id\":\"https:\/\/verdadeon.com.br\/portal\/2024\/07\/29\/deficit-primario-em-junho-e-de-r-409-bi-e-fica-em-244-do-pib\/#primaryimage\",\"url\":\"https:\/\/i0.wp.com\/verdadeon.com.br\/portal\/wp-content\/uploads\/2024\/07\/AnyConv.com__real_moedadinheiro_jfcrz_abr_1701220049_1.jpg?fit=1044%2C700&ssl=1\",\"contentUrl\":\"https:\/\/i0.wp.com\/verdadeon.com.br\/portal\/wp-content\/uploads\/2024\/07\/AnyConv.com__real_moedadinheiro_jfcrz_abr_1701220049_1.jpg?fit=1044%2C700&ssl=1\",\"width\":1044,\"height\":700,\"caption\":\"O valor representa aumento de 6,87% em rela\u00e7\u00e3o a 2024 (\u00a9Jos\u00e9 Cruz\/Ag\u00eancia Brasil\/Arquivo)\"},{\"@type\":\"BreadcrumbList\",\"@id\":\"https:\/\/verdadeon.com.br\/portal\/2024\/07\/29\/deficit-primario-em-junho-e-de-r-409-bi-e-fica-em-244-do-pib\/#breadcrumb\",\"itemListElement\":[{\"@type\":\"ListItem\",\"position\":1,\"name\":\"In\u00edcio\",\"item\":\"https:\/\/verdadeon.com.br\/portal\/\"},{\"@type\":\"ListItem\",\"position\":2,\"name\":\"D\u00e9ficit prim\u00e1rio em junho \u00e9 de R$ 40,9 bi e fica em 2,44% do PIB\"}]},{\"@type\":\"WebSite\",\"@id\":\"https:\/\/verdadeon.com.br\/portal\/#website\",\"url\":\"https:\/\/verdadeon.com.br\/portal\/\",\"name\":\"VerdadeOn\",\"description\":\"Not\u00edcias di\u00e1rias sobre Franca, Regi\u00e3o, Esporte, Cultura, Cotidiano, Colunas. Cobertura nos principais eventos da cidade \u00e9 aqui - Verdadeon Franca\",\"potentialAction\":[{\"@type\":\"SearchAction\",\"target\":{\"@type\":\"EntryPoint\",\"urlTemplate\":\"https:\/\/verdadeon.com.br\/portal\/?s={search_term_string}\"},\"query-input\":{\"@type\":\"PropertyValueSpecification\",\"valueRequired\":true,\"valueName\":\"search_term_string\"}}],\"inLanguage\":\"pt-BR\"},{\"@type\":\"Person\",\"@id\":\"https:\/\/verdadeon.com.br\/portal\/#\/schema\/person\/a5060ad1e9ea3df545188fc93ce43d2f\",\"name\":\"Redacao VerdadeOn\",\"image\":{\"@type\":\"ImageObject\",\"inLanguage\":\"pt-BR\",\"@id\":\"https:\/\/verdadeon.com.br\/portal\/#\/schema\/person\/image\/\",\"url\":\"https:\/\/secure.gravatar.com\/avatar\/459a9613caaaf07f582c3d0841eea68bdd66f533e465e6ba8b9cb45619572cf4?s=96&d=mm&r=g\",\"contentUrl\":\"https:\/\/secure.gravatar.com\/avatar\/459a9613caaaf07f582c3d0841eea68bdd66f533e465e6ba8b9cb45619572cf4?s=96&d=mm&r=g\",\"caption\":\"Redacao VerdadeOn\"},\"url\":\"https:\/\/verdadeon.com.br\/portal\/author\/redacao\/\"}]}<\/script>\n<!-- \/ Yoast SEO plugin. -->","yoast_head_json":{"title":"D\u00e9ficit prim\u00e1rio em junho \u00e9 de R$ 40,9 bi e fica em 2,44% do PIB - VerdadeOn","robots":{"index":"index","follow":"follow","max-snippet":"max-snippet:-1","max-image-preview":"max-image-preview:large","max-video-preview":"max-video-preview:-1"},"canonical":"https:\/\/verdadeon.com.br\/portal\/2024\/07\/29\/deficit-primario-em-junho-e-de-r-409-bi-e-fica-em-244-do-pib\/","og_locale":"pt_BR","og_type":"article","og_title":"D\u00e9ficit prim\u00e1rio em junho \u00e9 de R$ 40,9 bi e fica em 2,44% do PIB - VerdadeOn","og_description":"D\u00edvida L\u00edquida do Setor P\u00fablico \u00e9 de 62,2% do PIB (R$ 6,9 trilh\u00f5es) O setor p\u00fablico consolidado teve d\u00e9ficit de R$ 40,9 bilh\u00f5es em junho deste [\u2026]","og_url":"https:\/\/verdadeon.com.br\/portal\/2024\/07\/29\/deficit-primario-em-junho-e-de-r-409-bi-e-fica-em-244-do-pib\/","og_site_name":"VerdadeOn","article_published_time":"2024-07-29T17:40:04+00:00","og_image":[{"width":1044,"height":700,"url":"https:\/\/verdadeon.com.br\/portal\/wp-content\/uploads\/2024\/07\/AnyConv.com__real_moedadinheiro_jfcrz_abr_1701220049_1.jpg","type":"image\/jpeg"}],"author":"Redacao VerdadeOn","twitter_card":"summary_large_image","twitter_misc":{"Escrito por":"Redacao VerdadeOn","Est. tempo de leitura":"3 minutos"},"schema":{"@context":"https:\/\/schema.org","@graph":[{"@type":"WebPage","@id":"https:\/\/verdadeon.com.br\/portal\/2024\/07\/29\/deficit-primario-em-junho-e-de-r-409-bi-e-fica-em-244-do-pib\/","url":"https:\/\/verdadeon.com.br\/portal\/2024\/07\/29\/deficit-primario-em-junho-e-de-r-409-bi-e-fica-em-244-do-pib\/","name":"D\u00e9ficit prim\u00e1rio em junho \u00e9 de R$ 40,9 bi e fica em 2,44% do PIB - VerdadeOn","isPartOf":{"@id":"https:\/\/verdadeon.com.br\/portal\/#website"},"primaryImageOfPage":{"@id":"https:\/\/verdadeon.com.br\/portal\/2024\/07\/29\/deficit-primario-em-junho-e-de-r-409-bi-e-fica-em-244-do-pib\/#primaryimage"},"image":{"@id":"https:\/\/verdadeon.com.br\/portal\/2024\/07\/29\/deficit-primario-em-junho-e-de-r-409-bi-e-fica-em-244-do-pib\/#primaryimage"},"thumbnailUrl":"https:\/\/i0.wp.com\/verdadeon.com.br\/portal\/wp-content\/uploads\/2024\/07\/AnyConv.com__real_moedadinheiro_jfcrz_abr_1701220049_1.jpg?fit=1044%2C700&ssl=1","datePublished":"2024-07-29T17:40:04+00:00","author":{"@id":"https:\/\/verdadeon.com.br\/portal\/#\/schema\/person\/a5060ad1e9ea3df545188fc93ce43d2f"},"breadcrumb":{"@id":"https:\/\/verdadeon.com.br\/portal\/2024\/07\/29\/deficit-primario-em-junho-e-de-r-409-bi-e-fica-em-244-do-pib\/#breadcrumb"},"inLanguage":"pt-BR","potentialAction":[{"@type":"ReadAction","target":["https:\/\/verdadeon.com.br\/portal\/2024\/07\/29\/deficit-primario-em-junho-e-de-r-409-bi-e-fica-em-244-do-pib\/"]}]},{"@type":"ImageObject","inLanguage":"pt-BR","@id":"https:\/\/verdadeon.com.br\/portal\/2024\/07\/29\/deficit-primario-em-junho-e-de-r-409-bi-e-fica-em-244-do-pib\/#primaryimage","url":"https:\/\/i0.wp.com\/verdadeon.com.br\/portal\/wp-content\/uploads\/2024\/07\/AnyConv.com__real_moedadinheiro_jfcrz_abr_1701220049_1.jpg?fit=1044%2C700&ssl=1","contentUrl":"https:\/\/i0.wp.com\/verdadeon.com.br\/portal\/wp-content\/uploads\/2024\/07\/AnyConv.com__real_moedadinheiro_jfcrz_abr_1701220049_1.jpg?fit=1044%2C700&ssl=1","width":1044,"height":700,"caption":"O valor representa aumento de 6,87% em rela\u00e7\u00e3o a 2024 (\u00a9Jos\u00e9 Cruz\/Ag\u00eancia Brasil\/Arquivo)"},{"@type":"BreadcrumbList","@id":"https:\/\/verdadeon.com.br\/portal\/2024\/07\/29\/deficit-primario-em-junho-e-de-r-409-bi-e-fica-em-244-do-pib\/#breadcrumb","itemListElement":[{"@type":"ListItem","position":1,"name":"In\u00edcio","item":"https:\/\/verdadeon.com.br\/portal\/"},{"@type":"ListItem","position":2,"name":"D\u00e9ficit prim\u00e1rio em junho \u00e9 de R$ 40,9 bi e fica em 2,44% do PIB"}]},{"@type":"WebSite","@id":"https:\/\/verdadeon.com.br\/portal\/#website","url":"https:\/\/verdadeon.com.br\/portal\/","name":"VerdadeOn","description":"Not\u00edcias di\u00e1rias sobre Franca, Regi\u00e3o, Esporte, Cultura, Cotidiano, Colunas. Cobertura nos principais eventos da cidade \u00e9 aqui - Verdadeon Franca","potentialAction":[{"@type":"SearchAction","target":{"@type":"EntryPoint","urlTemplate":"https:\/\/verdadeon.com.br\/portal\/?s={search_term_string}"},"query-input":{"@type":"PropertyValueSpecification","valueRequired":true,"valueName":"search_term_string"}}],"inLanguage":"pt-BR"},{"@type":"Person","@id":"https:\/\/verdadeon.com.br\/portal\/#\/schema\/person\/a5060ad1e9ea3df545188fc93ce43d2f","name":"Redacao VerdadeOn","image":{"@type":"ImageObject","inLanguage":"pt-BR","@id":"https:\/\/verdadeon.com.br\/portal\/#\/schema\/person\/image\/","url":"https:\/\/secure.gravatar.com\/avatar\/459a9613caaaf07f582c3d0841eea68bdd66f533e465e6ba8b9cb45619572cf4?s=96&d=mm&r=g","contentUrl":"https:\/\/secure.gravatar.com\/avatar\/459a9613caaaf07f582c3d0841eea68bdd66f533e465e6ba8b9cb45619572cf4?s=96&d=mm&r=g","caption":"Redacao VerdadeOn"},"url":"https:\/\/verdadeon.com.br\/portal\/author\/redacao\/"}]}},"jetpack_publicize_connections":[],"jetpack_featured_media_url":"https:\/\/i0.wp.com\/verdadeon.com.br\/portal\/wp-content\/uploads\/2024\/07\/AnyConv.com__real_moedadinheiro_jfcrz_abr_1701220049_1.jpg?fit=1044%2C700&ssl=1","jetpack_sharing_enabled":true,"_links":{"self":[{"href":"https:\/\/verdadeon.com.br\/portal\/wp-json\/wp\/v2\/posts\/47757","targetHints":{"allow":["GET"]}}],"collection":[{"href":"https:\/\/verdadeon.com.br\/portal\/wp-json\/wp\/v2\/posts"}],"about":[{"href":"https:\/\/verdadeon.com.br\/portal\/wp-json\/wp\/v2\/types\/post"}],"author":[{"embeddable":true,"href":"https:\/\/verdadeon.com.br\/portal\/wp-json\/wp\/v2\/users\/10"}],"replies":[{"embeddable":true,"href":"https:\/\/verdadeon.com.br\/portal\/wp-json\/wp\/v2\/comments?post=47757"}],"version-history":[{"count":1,"href":"https:\/\/verdadeon.com.br\/portal\/wp-json\/wp\/v2\/posts\/47757\/revisions"}],"predecessor-version":[{"id":47759,"href":"https:\/\/verdadeon.com.br\/portal\/wp-json\/wp\/v2\/posts\/47757\/revisions\/47759"}],"wp:featuredmedia":[{"embeddable":true,"href":"https:\/\/verdadeon.com.br\/portal\/wp-json\/wp\/v2\/media\/47758"}],"wp:attachment":[{"href":"https:\/\/verdadeon.com.br\/portal\/wp-json\/wp\/v2\/media?parent=47757"}],"wp:term":[{"taxonomy":"category","embeddable":true,"href":"https:\/\/verdadeon.com.br\/portal\/wp-json\/wp\/v2\/categories?post=47757"},{"taxonomy":"post_tag","embeddable":true,"href":"https:\/\/verdadeon.com.br\/portal\/wp-json\/wp\/v2\/tags?post=47757"}],"curies":[{"name":"wp","href":"https:\/\/api.w.org\/{rel}","templated":true}]}}